{"id":16767,"date":"2018-10-24T15:52:02","date_gmt":"2018-10-24T20:52:02","guid":{"rendered":"http:\/\/vientosur.top\/museo\/?p=16767"},"modified":"2018-10-24T15:52:02","modified_gmt":"2018-10-24T20:52:02","slug":"museo-violeta-parra-rinde-tributo-gabriela-mistral-frida-kahlo-tradicional-altar-muertos","status":"publish","type":"post","link":"http:\/\/vientosur.top\/museo\/museo-violeta-parra-rinde-tributo-gabriela-mistral-frida-kahlo-tradicional-altar-muertos\/","title":{"rendered":"Museo Violeta Parra rinde tributo a Gabriela Mistral y a Frida Kahlo en su tradicional Altar de Muertos"},"content":{"rendered":"<p><em>La instituci\u00f3n realiz\u00f3 el rito mexicano por tercer a\u00f1o consecutivo. Adem\u00e1s, program\u00f3 tres talleres y dos exhibiciones de \u201cCoco\u201d, cinta que recibi\u00f3 el Premio Oscar a la Mejor Pel\u00edcula de Animaci\u00f3n 2018.<br \/>\n<\/em><br \/>\nEl mi\u00e9rcoles 24 de octubre al mediod\u00eda, el Museo Violeta Parra inaugur\u00f3 un altar en honor a tres grandes artistas latinoamericanas: Violeta Parra (1917-1967), Gabriela Mistral (1889-1957) y Frida Kahlo (1907-1954). La actividad fue organizada por el museo en conjunto con la Embajada de M\u00e9xico en Chile y la Organizaci\u00f3n de las Naciones Unidas para la Educaci\u00f3n, la Ciencia y la Cultura (UNESCO).<\/p>\n<p><a href=\"http:\/\/vientosur.top\/museo\/wp-content\/uploads\/2018\/10\/altardemuertos.jpg\"><img fetchpriority=\"high\" decoding=\"async\" class=\"alignnone wp-image-16780 size-large\" src=\"http:\/\/vientosur.top\/museo\/wp-content\/uploads\/2018\/10\/altardemuertos-1024x320.jpg\" alt=\"\" width=\"840\" height=\"263\" \/><\/a><\/p>\n<p>La inauguraci\u00f3n del Altar de Muertos cont\u00f3 con la participaci\u00f3n de Cecilia Garc\u00eda-Huidobro, Directora del Museo Violeta Parra; el Ministro Armando Arriazola Peto Rueda, de la Embajada de M\u00e9xico en Chile; Jaime Quezada, Presidente de la Fundaci\u00f3n Premio Nobel Gabriela Mistral y Nicol\u00e1s del Valle, especialista del programa E2030 de la UNESCO. En la ocasi\u00f3n, el s\u00e9ptimo b\u00e1sico de la Escuela Rep\u00fablica de Francia, de la comuna de Estaci\u00f3n Central, interpret\u00f3 el \u201cRin del angelito\u201d.<\/p>\n<p>El programa Los Pueblos Americanos del museo, inspirado en la visi\u00f3n panamericana de Violeta Parra busca promover el intercambio cultural con las legaciones diplom\u00e1ticas acreditadas en Chile, difundiendo sus expresiones art\u00edsticas en este espacio.<\/p>\n<p>\u201cEl Altar de Muertos es una fiesta mexicana declarada Patrimonio de la Humanidad. Este a\u00f1o, lo dedicamos a tres de las m\u00e1s emblem\u00e1ticas mujeres de Am\u00e9rica: Frida, Violeta y Gabriela. Las tres han sido de las pocas mujeres que tienen un museo enteramente dedicado a su vida y a su obra. Ni Frida ni Violeta conocieron Chile ni M\u00e9xico, respectivamente. Gabriela Mistral, sin embargo, es el puente que las une puesto que su huella fue profunda en ambos pa\u00edses\u201d, se\u00f1al\u00f3 Cecilia Garc\u00eda-Huidobro, Directora del Museo Violeta Parra, sobre el altar que estar\u00e1 en exhibici\u00f3n en el museo desde el martes 24 hasta el domingo 28 de octubre. La entrada al Museo Violeta Parra y el acceso a todas sus actividades son gratuitas.<\/p>\n<p>\u201cEl D\u00eda de Muertos en la cosmovisi\u00f3n ind\u00edgena implica el retorno transitorio de las \u00e1nimas de los difuntos, quienes regresan a casa, al mundo de los vivos, para convivir con los familiares y para nutrirse de la esencia del alimento que se les ofrece en los altares puestos en su honor. Su origen se ubica en el sincretismo entre la celebraci\u00f3n de los rituales religiosos cat\u00f3licos tra\u00eddos por los espa\u00f1oles y la conmemoraci\u00f3n del D\u00eda de Muertos que los ind\u00edgenas realizaban desde los tiempos prehisp\u00e1nicos\u201d, explica el sitio web de la UNESCO.<\/p>\n<p><a href=\"https:\/\/www.facebook.com\/media\/set\/?set=ms.c.eJxFzMkNwEAQAsGMLAbm2vwTs7yXv6UGUmgTHT7CrR8uGK5mZ9sB4yyEAzUnyn~_iCT5uobIkFLeIdbo~%3BiNIHABcUyLJIdb4eDB6H.bps.a.2230811790495563&amp;type=1&amp;__tn__=HH-R\" target=\"_blank\" rel=\"noopener noreferrer\"><strong>Ver galer\u00eda de im\u00e1genes\u00a0<\/strong><\/a><\/p>\n<p><strong><a href=\"http:\/\/vientosur.top\/museo\/wp-content\/uploads\/2018\/10\/peliculacoco.jpg\"><img decoding=\"async\" class=\"alignnone size-large wp-image-16768\" src=\"http:\/\/vientosur.top\/museo\/wp-content\/uploads\/2018\/10\/peliculacoco-1024x576.jpg\" alt=\"\" width=\"840\" height=\"473\" srcset=\"http:\/\/vientosur.top\/museo\/wp-content\/uploads\/2018\/10\/peliculacoco-1024x576.jpg 1024w, http:\/\/vientosur.top\/museo\/wp-content\/uploads\/2018\/10\/peliculacoco-600x338.jpg 600w, http:\/\/vientosur.top\/museo\/wp-content\/uploads\/2018\/10\/peliculacoco-300x169.jpg 300w, http:\/\/vientosur.top\/museo\/wp-content\/uploads\/2018\/10\/peliculacoco-768x432.jpg 768w, http:\/\/vientosur.top\/museo\/wp-content\/uploads\/2018\/10\/peliculacoco-1536x864.jpg 1536w, http:\/\/vientosur.top\/museo\/wp-content\/uploads\/2018\/10\/peliculacoco-1200x675.jpg 1200w, http:\/\/vientosur.top\/museo\/wp-content\/uploads\/2018\/10\/peliculacoco.jpg 1744w\" sizes=\"(max-width: 840px) 100vw, 840px\" \/><\/a><\/strong><\/p>\n<p><strong>Talleres y \u201cCoco\u201d<\/strong><\/p>\n<p>En el marco de la conmemoraci\u00f3n del D\u00eda de Muertos, el museo ofrecer\u00e1 los talleres gratuitos de: <a href=\"http:\/\/vientosur.top\/museo\/actividades\/actividad\/taller-pinta-cara-catrina\/\">Pinta Cara de Catrina<\/a> (mi\u00e9rcoles 24), <a href=\"http:\/\/vientosur.top\/museo\/actividades\/actividad\/taller-guacamole-cafe-olla\/\">Guacamole y Caf\u00e9 de Olla<\/a> (s\u00e1bado 28) y de <a href=\"http:\/\/vientosur.top\/museo\/actividades\/actividad\/taller-milagritos-catrinas\/\">Milagritos y Catrinas<\/a> (domingo 29). Las inscripciones se realizar\u00e1n, desde las 9:30 horas del martes 23 de octubre, a trav\u00e9s del tel\u00e9fono 223554648.<\/p>\n<p>El s\u00e1bado 28 y el domingo 29 a las 16:00 horas, el museo exhibir\u00e1 \u201cCoco\u201d, premiada pel\u00edcula dirigida por Lee Unkrich. El largometraje narra la historia de Miguel, un ni\u00f1o que sue\u00f1a con ser m\u00fasico, pero su familia se lo proh\u00edbe. Por accidente, Miguel entra en la Tierra de los Muertos, de donde s\u00f3lo podr\u00e1 salir si un familiar difunto le concede su bendici\u00f3n. La entrada es liberada, previa inscripci\u00f3n en <a href=\"http:\/\/vientosur.top\/museo\">www.museovioletaparra.cl<\/a>. Cupos limitados.<\/p>\n<p><strong><br \/>\n<\/strong><\/p>\n","protected":false},"excerpt":{"rendered":"<p>La instituci\u00f3n realiz\u00f3 el rito mexicano por tercer a\u00f1o consecutivo. Adem\u00e1s, program\u00f3 tres talleres y dos exhibiciones de \u201cCoco\u201d, cinta que recibi\u00f3 el Premio Oscar a la Mejor Pel\u00edcula de Animaci\u00f3n 2018. El mi\u00e9rcoles 24 de octubre al mediod\u00eda, el Museo Violeta Parra inaugur\u00f3 un altar en honor a tres grandes artistas latinoamericanas: Violeta Parra [&hellip;]<\/p>\n","protected":false},"author":5,"featured_media":16809,"comment_status":"open","ping_status":"open","sticky":false,"template":"","format":"standard","meta":{"site-sidebar-layout":"default","site-content-layout":"","ast-site-content-layout":"default","site-content-style":"default","site-sidebar-style":"default","ast-global-header-display":"","ast-banner-title-visibility":"","ast-main-header-display":"","ast-hfb-above-header-display":"","ast-hfb-below-header-display":"","ast-hfb-mobile-header-display":"","site-post-title":"","ast-breadcrumbs-content":"","ast-featured-img":"","footer-sml-layout":"","theme-transparent-header-meta":"","adv-header-id-meta":"","stick-header-meta":"","header-above-stick-meta":"","header-main-stick-meta":"","header-below-stick-meta":"","astra-migrate-meta-layouts":"default","ast-page-background-enabled":"default","ast-page-background-meta":{"desktop":{"background-color":"var(--ast-global-color-4)","background-image":"","background-repeat":"repeat","background-position":"center center","background-size":"auto","background-attachment":"scroll","background-type":"","background-media":"","overlay-type":"","overlay-color":"","overlay-opacity":"","overlay-gradient":""},"tablet":{"background-color":"","background-image":"","background-repeat":"repeat","background-position":"center center","background-size":"auto","background-attachment":"scroll","background-type":"","background-media":"","overlay-type":"","overlay-color":"","overlay-opacity":"","overlay-gradient":""},"mobile":{"background-color":"","background-image":"","background-repeat":"repeat","background-position":"center center","background-size":"auto","background-attachment":"scroll","background-type":"","background-media":"","overlay-type":"","overlay-color":"","overlay-opacity":"","overlay-gradient":""}},"ast-content-background-meta":{"desktop":{"background-color":"var(--ast-global-color-5)","background-image":"","background-repeat":"repeat","background-position":"center center","background-size":"auto","background-attachment":"scroll","background-type":"","background-media":"","overlay-type":"","overlay-color":"","overlay-opacity":"","overlay-gradient":""},"tablet":{"background-color":"var(--ast-global-color-5)","background-image":"","background-repeat":"repeat","background-position":"center center","background-size":"auto","background-attachment":"scroll","background-type":"","background-media":"","overlay-type":"","overlay-color":"","overlay-opacity":"","overlay-gradient":""},"mobile":{"background-color":"var(--ast-global-color-5)","background-image":"","background-repeat":"repeat","background-position":"center center","background-size":"auto","background-attachment":"scroll","background-type":"","background-media":"","overlay-type":"","overlay-color":"","overlay-opacity":"","overlay-gradient":""}},"footnotes":""},"categories":[59,8,61],"tags":[],"class_list":["post-16767","post","type-post","status-publish","format-standard","has-post-thumbnail","hentry","category-destacado-noticia","category-noticias","category-novedades"],"yoast_head":"<!-- This site is optimized with the Yoast SEO plugin v25.4 - https:\/\/yoast.com\/wordpress\/plugins\/seo\/ -->\n<title>Museo Violeta Parra rinde tributo a Gabriela Mistral y a Frida Kahlo en su tradicional Altar de Muertos - Museo Violeta Parra<\/title>\n<meta name=\"robots\" content=\"index, follow, max-snippet:-1, max-image-preview:large, max-video-preview:-1\" \/>\n<link rel=\"canonical\" href=\"http:\/\/vientosur.top\/museo\/museo-violeta-parra-rinde-tributo-gabriela-mistral-frida-kahlo-tradicional-altar-muertos\/\" \/>\n<meta property=\"og:locale\" content=\"es_ES\" \/>\n<meta property=\"og:type\" content=\"article\" \/>\n<meta property=\"og:title\" content=\"Museo Violeta Parra rinde tributo a Gabriela Mistral y a Frida Kahlo en su tradicional Altar de Muertos - Museo Violeta Parra\" \/>\n<meta property=\"og:description\" content=\"La instituci\u00f3n realiz\u00f3 el rito mexicano por tercer a\u00f1o consecutivo. Adem\u00e1s, program\u00f3 tres talleres y dos exhibiciones de \u201cCoco\u201d, cinta que recibi\u00f3 el Premio Oscar a la Mejor Pel\u00edcula de Animaci\u00f3n 2018. El mi\u00e9rcoles 24 de octubre al mediod\u00eda, el Museo Violeta Parra inaugur\u00f3 un altar en honor a tres grandes artistas latinoamericanas: Violeta Parra [&hellip;]\" \/>\n<meta property=\"og:url\" content=\"http:\/\/vientosur.top\/museo\/museo-violeta-parra-rinde-tributo-gabriela-mistral-frida-kahlo-tradicional-altar-muertos\/\" \/>\n<meta property=\"og:site_name\" content=\"Museo Violeta Parra\" \/>\n<meta property=\"article:published_time\" content=\"2018-10-24T20:52:02+00:00\" \/>\n<meta property=\"og:image\" content=\"http:\/\/vientosur.top\/museo\/wp-content\/uploads\/2018\/10\/DSC_0142-scaled.jpg\" \/>\n\t<meta property=\"og:image:width\" content=\"2560\" \/>\n\t<meta property=\"og:image:height\" content=\"1702\" \/>\n\t<meta property=\"og:image:type\" content=\"image\/jpeg\" \/>\n<meta name=\"author\" content=\"admin\" \/>\n<meta name=\"twitter:card\" content=\"summary_large_image\" \/>\n<meta name=\"twitter:label1\" content=\"Escrito por\" \/>\n\t<meta name=\"twitter:data1\" content=\"admin\" \/>\n\t<meta name=\"twitter:label2\" content=\"Tiempo de lectura\" \/>\n\t<meta name=\"twitter:data2\" content=\"3 minutos\" \/>\n<script type=\"application\/ld+json\" class=\"yoast-schema-graph\">{\"@context\":\"https:\/\/schema.org\",\"@graph\":[{\"@type\":\"WebPage\",\"@id\":\"http:\/\/vientosur.top\/museo\/museo-violeta-parra-rinde-tributo-gabriela-mistral-frida-kahlo-tradicional-altar-muertos\/\",\"url\":\"http:\/\/vientosur.top\/museo\/museo-violeta-parra-rinde-tributo-gabriela-mistral-frida-kahlo-tradicional-altar-muertos\/\",\"name\":\"Museo Violeta Parra rinde tributo a Gabriela Mistral y a Frida Kahlo en su tradicional Altar de Muertos - Museo Violeta Parra\",\"isPartOf\":{\"@id\":\"http:\/\/vientosur.top\/museo\/#website\"},\"primaryImageOfPage\":{\"@id\":\"http:\/\/vientosur.top\/museo\/museo-violeta-parra-rinde-tributo-gabriela-mistral-frida-kahlo-tradicional-altar-muertos\/#primaryimage\"},\"image\":{\"@id\":\"http:\/\/vientosur.top\/museo\/museo-violeta-parra-rinde-tributo-gabriela-mistral-frida-kahlo-tradicional-altar-muertos\/#primaryimage\"},\"thumbnailUrl\":\"http:\/\/vientosur.top\/museo\/wp-content\/uploads\/2018\/10\/DSC_0142-scaled.jpg\",\"datePublished\":\"2018-10-24T20:52:02+00:00\",\"author\":{\"@id\":\"http:\/\/vientosur.top\/museo\/#\/schema\/person\/20c79d3c38800971feec8c2693c3dd9c\"},\"breadcrumb\":{\"@id\":\"http:\/\/vientosur.top\/museo\/museo-violeta-parra-rinde-tributo-gabriela-mistral-frida-kahlo-tradicional-altar-muertos\/#breadcrumb\"},\"inLanguage\":\"es\",\"potentialAction\":[{\"@type\":\"ReadAction\",\"target\":[\"http:\/\/vientosur.top\/museo\/museo-violeta-parra-rinde-tributo-gabriela-mistral-frida-kahlo-tradicional-altar-muertos\/\"]}]},{\"@type\":\"ImageObject\",\"inLanguage\":\"es\",\"@id\":\"http:\/\/vientosur.top\/museo\/museo-violeta-parra-rinde-tributo-gabriela-mistral-frida-kahlo-tradicional-altar-muertos\/#primaryimage\",\"url\":\"http:\/\/vientosur.top\/museo\/wp-content\/uploads\/2018\/10\/DSC_0142-scaled.jpg\",\"contentUrl\":\"http:\/\/vientosur.top\/museo\/wp-content\/uploads\/2018\/10\/DSC_0142-scaled.jpg\",\"width\":2560,\"height\":1702},{\"@type\":\"BreadcrumbList\",\"@id\":\"http:\/\/vientosur.top\/museo\/museo-violeta-parra-rinde-tributo-gabriela-mistral-frida-kahlo-tradicional-altar-muertos\/#breadcrumb\",\"itemListElement\":[{\"@type\":\"ListItem\",\"position\":1,\"name\":\"Portada\",\"item\":\"http:\/\/vientosur.top\/museo\/\"},{\"@type\":\"ListItem\",\"position\":2,\"name\":\"Museo Violeta Parra rinde tributo a Gabriela Mistral y a Frida Kahlo en su tradicional Altar de Muertos\"}]},{\"@type\":\"WebSite\",\"@id\":\"http:\/\/vientosur.top\/museo\/#website\",\"url\":\"http:\/\/vientosur.top\/museo\/\",\"name\":\"Museo Violeta Parra\",\"description\":\"Espacio que alberga tanto la memoria y legado creativo de la artista\",\"potentialAction\":[{\"@type\":\"SearchAction\",\"target\":{\"@type\":\"EntryPoint\",\"urlTemplate\":\"http:\/\/vientosur.top\/museo\/?s={search_term_string}\"},\"query-input\":{\"@type\":\"PropertyValueSpecification\",\"valueRequired\":true,\"valueName\":\"search_term_string\"}}],\"inLanguage\":\"es\"},{\"@type\":\"Person\",\"@id\":\"http:\/\/vientosur.top\/museo\/#\/schema\/person\/20c79d3c38800971feec8c2693c3dd9c\",\"name\":\"admin\",\"image\":{\"@type\":\"ImageObject\",\"inLanguage\":\"es\",\"@id\":\"http:\/\/vientosur.top\/museo\/#\/schema\/person\/image\/\",\"url\":\"https:\/\/secure.gravatar.com\/avatar\/713677ece3ffa642287213a80e5b773bce9ab81c269dd6d95102a990951c922f?s=96&d=mm&r=g\",\"contentUrl\":\"https:\/\/secure.gravatar.com\/avatar\/713677ece3ffa642287213a80e5b773bce9ab81c269dd6d95102a990951c922f?s=96&d=mm&r=g\",\"caption\":\"admin\"},\"sameAs\":[\"http:\/\/vientosur.top\/museo\"],\"url\":\"http:\/\/vientosur.top\/museo\/author\/comunicacionesmvp\/\"}]}<\/script>\n<!-- \/ Yoast SEO plugin. -->","yoast_head_json":{"title":"Museo Violeta Parra rinde tributo a Gabriela Mistral y a Frida Kahlo en su tradicional Altar de Muertos - Museo Violeta Parra","robots":{"index":"index","follow":"follow","max-snippet":"max-snippet:-1","max-image-preview":"max-image-preview:large","max-video-preview":"max-video-preview:-1"},"canonical":"http:\/\/vientosur.top\/museo\/museo-violeta-parra-rinde-tributo-gabriela-mistral-frida-kahlo-tradicional-altar-muertos\/","og_locale":"es_ES","og_type":"article","og_title":"Museo Violeta Parra rinde tributo a Gabriela Mistral y a Frida Kahlo en su tradicional Altar de Muertos - Museo Violeta Parra","og_description":"La instituci\u00f3n realiz\u00f3 el rito mexicano por tercer a\u00f1o consecutivo. Adem\u00e1s, program\u00f3 tres talleres y dos exhibiciones de \u201cCoco\u201d, cinta que recibi\u00f3 el Premio Oscar a la Mejor Pel\u00edcula de Animaci\u00f3n 2018. El mi\u00e9rcoles 24 de octubre al mediod\u00eda, el Museo Violeta Parra inaugur\u00f3 un altar en honor a tres grandes artistas latinoamericanas: Violeta Parra [&hellip;]","og_url":"http:\/\/vientosur.top\/museo\/museo-violeta-parra-rinde-tributo-gabriela-mistral-frida-kahlo-tradicional-altar-muertos\/","og_site_name":"Museo Violeta Parra","article_published_time":"2018-10-24T20:52:02+00:00","og_image":[{"width":2560,"height":1702,"url":"http:\/\/vientosur.top\/museo\/wp-content\/uploads\/2018\/10\/DSC_0142-scaled.jpg","type":"image\/jpeg"}],"author":"admin","twitter_card":"summary_large_image","twitter_misc":{"Escrito por":"admin","Tiempo de lectura":"3 minutos"},"schema":{"@context":"https:\/\/schema.org","@graph":[{"@type":"WebPage","@id":"http:\/\/vientosur.top\/museo\/museo-violeta-parra-rinde-tributo-gabriela-mistral-frida-kahlo-tradicional-altar-muertos\/","url":"http:\/\/vientosur.top\/museo\/museo-violeta-parra-rinde-tributo-gabriela-mistral-frida-kahlo-tradicional-altar-muertos\/","name":"Museo Violeta Parra rinde tributo a Gabriela Mistral y a Frida Kahlo en su tradicional Altar de Muertos - Museo Violeta Parra","isPartOf":{"@id":"http:\/\/vientosur.top\/museo\/#website"},"primaryImageOfPage":{"@id":"http:\/\/vientosur.top\/museo\/museo-violeta-parra-rinde-tributo-gabriela-mistral-frida-kahlo-tradicional-altar-muertos\/#primaryimage"},"image":{"@id":"http:\/\/vientosur.top\/museo\/museo-violeta-parra-rinde-tributo-gabriela-mistral-frida-kahlo-tradicional-altar-muertos\/#primaryimage"},"thumbnailUrl":"http:\/\/vientosur.top\/museo\/wp-content\/uploads\/2018\/10\/DSC_0142-scaled.jpg","datePublished":"2018-10-24T20:52:02+00:00","author":{"@id":"http:\/\/vientosur.top\/museo\/#\/schema\/person\/20c79d3c38800971feec8c2693c3dd9c"},"breadcrumb":{"@id":"http:\/\/vientosur.top\/museo\/museo-violeta-parra-rinde-tributo-gabriela-mistral-frida-kahlo-tradicional-altar-muertos\/#breadcrumb"},"inLanguage":"es","potentialAction":[{"@type":"ReadAction","target":["http:\/\/vientosur.top\/museo\/museo-violeta-parra-rinde-tributo-gabriela-mistral-frida-kahlo-tradicional-altar-muertos\/"]}]},{"@type":"ImageObject","inLanguage":"es","@id":"http:\/\/vientosur.top\/museo\/museo-violeta-parra-rinde-tributo-gabriela-mistral-frida-kahlo-tradicional-altar-muertos\/#primaryimage","url":"http:\/\/vientosur.top\/museo\/wp-content\/uploads\/2018\/10\/DSC_0142-scaled.jpg","contentUrl":"http:\/\/vientosur.top\/museo\/wp-content\/uploads\/2018\/10\/DSC_0142-scaled.jpg","width":2560,"height":1702},{"@type":"BreadcrumbList","@id":"http:\/\/vientosur.top\/museo\/museo-violeta-parra-rinde-tributo-gabriela-mistral-frida-kahlo-tradicional-altar-muertos\/#breadcrumb","itemListElement":[{"@type":"ListItem","position":1,"name":"Portada","item":"http:\/\/vientosur.top\/museo\/"},{"@type":"ListItem","position":2,"name":"Museo Violeta Parra rinde tributo a Gabriela Mistral y a Frida Kahlo en su tradicional Altar de Muertos"}]},{"@type":"WebSite","@id":"http:\/\/vientosur.top\/museo\/#website","url":"http:\/\/vientosur.top\/museo\/","name":"Museo Violeta Parra","description":"Espacio que alberga tanto la memoria y legado creativo de la artista","potentialAction":[{"@type":"SearchAction","target":{"@type":"EntryPoint","urlTemplate":"http:\/\/vientosur.top\/museo\/?s={search_term_string}"},"query-input":{"@type":"PropertyValueSpecification","valueRequired":true,"valueName":"search_term_string"}}],"inLanguage":"es"},{"@type":"Person","@id":"http:\/\/vientosur.top\/museo\/#\/schema\/person\/20c79d3c38800971feec8c2693c3dd9c","name":"admin","image":{"@type":"ImageObject","inLanguage":"es","@id":"http:\/\/vientosur.top\/museo\/#\/schema\/person\/image\/","url":"https:\/\/secure.gravatar.com\/avatar\/713677ece3ffa642287213a80e5b773bce9ab81c269dd6d95102a990951c922f?s=96&d=mm&r=g","contentUrl":"https:\/\/secure.gravatar.com\/avatar\/713677ece3ffa642287213a80e5b773bce9ab81c269dd6d95102a990951c922f?s=96&d=mm&r=g","caption":"admin"},"sameAs":["http:\/\/vientosur.top\/museo"],"url":"http:\/\/vientosur.top\/museo\/author\/comunicacionesmvp\/"}]}},"_links":{"self":[{"href":"http:\/\/vientosur.top\/museo\/wp-json\/wp\/v2\/posts\/16767","targetHints":{"allow":["GET"]}}],"collection":[{"href":"http:\/\/vientosur.top\/museo\/wp-json\/wp\/v2\/posts"}],"about":[{"href":"http:\/\/vientosur.top\/museo\/wp-json\/wp\/v2\/types\/post"}],"author":[{"embeddable":true,"href":"http:\/\/vientosur.top\/museo\/wp-json\/wp\/v2\/users\/5"}],"replies":[{"embeddable":true,"href":"http:\/\/vientosur.top\/museo\/wp-json\/wp\/v2\/comments?post=16767"}],"version-history":[{"count":0,"href":"http:\/\/vientosur.top\/museo\/wp-json\/wp\/v2\/posts\/16767\/revisions"}],"wp:featuredmedia":[{"embeddable":true,"href":"http:\/\/vientosur.top\/museo\/wp-json\/wp\/v2\/media\/16809"}],"wp:attachment":[{"href":"http:\/\/vientosur.top\/museo\/wp-json\/wp\/v2\/media?parent=16767"}],"wp:term":[{"taxonomy":"category","embeddable":true,"href":"http:\/\/vientosur.top\/museo\/wp-json\/wp\/v2\/categories?post=16767"},{"taxonomy":"post_tag","embeddable":true,"href":"http:\/\/vientosur.top\/museo\/wp-json\/wp\/v2\/tags?post=16767"}],"curies":[{"name":"wp","href":"https:\/\/api.w.org\/{rel}","templated":true}]}}