{"id":16839,"date":"2018-10-29T11:51:37","date_gmt":"2018-10-29T16:51:37","guid":{"rendered":"http:\/\/vientosur.top\/museo\/?p=16839"},"modified":"2018-10-29T11:51:37","modified_gmt":"2018-10-29T16:51:37","slug":"taller-teatro-titeres-del-museo-violeta-parra-finalizo-exitosa-presentacion","status":"publish","type":"post","link":"http:\/\/vientosur.top\/museo\/taller-teatro-titeres-del-museo-violeta-parra-finalizo-exitosa-presentacion\/","title":{"rendered":"Taller de teatro de t\u00edteres del Museo Violeta Parra finaliz\u00f3 con exitosa presentaci\u00f3n"},"content":{"rendered":"<p><em>El domingo 28 de octubre se present\u00f3 la obra \u201cUn sue\u00f1o Violeta\u00bb, resultado final del taller que imparti\u00f3 el Tesoro Humano Vivo Sergio \u201cTito\u201d Guzm\u00e1n y su hija Elizabeth. La actividad fue organizada por el museo junto al \u00c1rea de Patrimonio Cultural del Ministerio de las Culturas, las Artes y el Patrimon<\/em>io.<\/p>\n<p>Tres meses dur\u00f3 el Taller de Teatro de T\u00edteres que imparti\u00f3 el Tesoro Humano Vivo Sergio \u201cTito\u201d Guzm\u00e1n y su hija Elizabeth en el Museo Violeta Parra. La actividad, organizada en conjunto con el \u00c1rea de Patrimonio Cultural del Ministerio de las Culturas, las Artes y el Patrimonio, se desarroll\u00f3 en 10 sesiones que comenzaron el domingo 12 de agosto y que finalizaron este 28 de octubre con una presentaci\u00f3n en la Sala Antar del Museo Violeta Parra.<\/p>\n<p>\u201cEs muy importante este taller, debido a que rescata una tradici\u00f3n artesana de muy antigua data. La expresi\u00f3n art\u00edstica a trav\u00e9s de t\u00edteres tiene una raigambre popular que, en el museo, queremos relevar\u201d, explic\u00f3 Cecilia Garc\u00eda-Huidobro, Directora del Museo Violeta Parra.<\/p>\n<p><a href=\"http:\/\/vientosur.top\/museo\/wp-content\/uploads\/2018\/10\/candelilla.jpg\"><img fetchpriority=\"high\" decoding=\"async\" class=\"aligncenter wp-image-16740 size-large\" src=\"http:\/\/vientosur.top\/museo\/wp-content\/uploads\/2018\/10\/candelilla-1024x815.jpg\" alt=\"\" width=\"840\" height=\"669\" \/><\/a><\/p>\n<p>De esta manera, Sergio \u201cTito\u201d Guzm\u00e1n y\u00a0 su hija Eli Guzm\u00e1n trabajaron con las y los participantes acompa\u00f1\u00e1ndolos y gui\u00e1ndolos en el proceso de creaci\u00f3n y comprensi\u00f3n del arte de t\u00edteres tradicional, con el objetivo de crear una pieza teatral.<\/p>\n<p>Las y los integrantes del taller confeccionaron cada personaje de manera artesanal y crearon colectivamente un gui\u00f3n para toda la familia, que narra pasajes de la historia de Violeta Parra. As\u00ed naci\u00f3 \u201cUn sue\u00f1o Violeta\u201d, el montaje que mostraron en la Sala Antar del museo.<\/p>\n<p>Junto con estrenar su creaci\u00f3n, las y los participantes recibieron un certificado de participaci\u00f3n de esta actividad, que el museo organiz\u00f3 en conjunto el Museo Violeta Parra y el \u00c1rea de Patrimonio Cultural del Ministerio de las Culturas, las Artes y el Patrimonio.<\/p>\n<p><iframe style=\"border: none; overflow: hidden;\" src=\"https:\/\/www.facebook.com\/plugins\/video.php?href=https%3A%2F%2Fwww.facebook.com%2FMuseoVioletaParra%2Fvideos%2F2220592331548197%2F&amp;show_text=0&amp;width=560\" width=\"560\" height=\"315\" frameborder=\"0\" scrolling=\"no\" allowfullscreen=\"allowfullscreen\"><\/iframe><\/p>\n","protected":false},"excerpt":{"rendered":"<p>El domingo 28 de octubre se present\u00f3 la obra \u201cUn sue\u00f1o Violeta\u00bb, resultado final del taller que imparti\u00f3 el Tesoro Humano Vivo Sergio \u201cTito\u201d Guzm\u00e1n y su hija Elizabeth. La actividad fue organizada por el museo junto al \u00c1rea de Patrimonio Cultural del Ministerio de las Culturas, las Artes y el Patrimonio. Tres meses dur\u00f3 [&hellip;]<\/p>\n","protected":false},"author":5,"featured_media":16840,"comment_status":"open","ping_status":"open","sticky":false,"template":"","format":"standard","meta":{"site-sidebar-layout":"default","site-content-layout":"","ast-site-content-layout":"default","site-content-style":"default","site-sidebar-style":"default","ast-global-header-display":"","ast-banner-title-visibility":"","ast-main-header-display":"","ast-hfb-above-header-display":"","ast-hfb-below-header-display":"","ast-hfb-mobile-header-display":"","site-post-title":"","ast-breadcrumbs-content":"","ast-featured-img":"","footer-sml-layout":"","theme-transparent-header-meta":"","adv-header-id-meta":"","stick-header-meta":"","header-above-stick-meta":"","header-main-stick-meta":"","header-below-stick-meta":"","astra-migrate-meta-layouts":"default","ast-page-background-enabled":"default","ast-page-background-meta":{"desktop":{"background-color":"var(--ast-global-color-4)","background-image":"","background-repeat":"repeat","background-position":"center center","background-size":"auto","background-attachment":"scroll","background-type":"","background-media":"","overlay-type":"","overlay-color":"","overlay-opacity":"","overlay-gradient":""},"tablet":{"background-color":"","background-image":"","background-repeat":"repeat","background-position":"center center","background-size":"auto","background-attachment":"scroll","background-type":"","background-media":"","overlay-type":"","overlay-color":"","overlay-opacity":"","overlay-gradient":""},"mobile":{"background-color":"","background-image":"","background-repeat":"repeat","background-position":"center center","background-size":"auto","background-attachment":"scroll","background-type":"","background-media":"","overlay-type":"","overlay-color":"","overlay-opacity":"","overlay-gradient":""}},"ast-content-background-meta":{"desktop":{"background-color":"var(--ast-global-color-5)","background-image":"","background-repeat":"repeat","background-position":"center center","background-size":"auto","background-attachment":"scroll","background-type":"","background-media":"","overlay-type":"","overlay-color":"","overlay-opacity":"","overlay-gradient":""},"tablet":{"background-color":"var(--ast-global-color-5)","background-image":"","background-repeat":"repeat","background-position":"center center","background-size":"auto","background-attachment":"scroll","background-type":"","background-media":"","overlay-type":"","overlay-color":"","overlay-opacity":"","overlay-gradient":""},"mobile":{"background-color":"var(--ast-global-color-5)","background-image":"","background-repeat":"repeat","background-position":"center center","background-size":"auto","background-attachment":"scroll","background-type":"","background-media":"","overlay-type":"","overlay-color":"","overlay-opacity":"","overlay-gradient":""}},"footnotes":""},"categories":[59,8,61],"tags":[],"class_list":["post-16839","post","type-post","status-publish","format-standard","has-post-thumbnail","hentry","category-destacado-noticia","category-noticias","category-novedades"],"yoast_head":"<!-- This site is optimized with the Yoast SEO plugin v25.4 - https:\/\/yoast.com\/wordpress\/plugins\/seo\/ -->\n<title>Taller de teatro de t\u00edteres del Museo Violeta Parra finaliz\u00f3 con exitosa presentaci\u00f3n - Museo Violeta Parra<\/title>\n<meta name=\"robots\" content=\"index, follow, max-snippet:-1, max-image-preview:large, max-video-preview:-1\" \/>\n<link rel=\"canonical\" href=\"http:\/\/vientosur.top\/museo\/taller-teatro-titeres-del-museo-violeta-parra-finalizo-exitosa-presentacion\/\" \/>\n<meta property=\"og:locale\" content=\"es_ES\" \/>\n<meta property=\"og:type\" content=\"article\" \/>\n<meta property=\"og:title\" content=\"Taller de teatro de t\u00edteres del Museo Violeta Parra finaliz\u00f3 con exitosa presentaci\u00f3n - Museo Violeta Parra\" \/>\n<meta property=\"og:description\" content=\"El domingo 28 de octubre se present\u00f3 la obra \u201cUn sue\u00f1o Violeta\u00bb, resultado final del taller que imparti\u00f3 el Tesoro Humano Vivo Sergio \u201cTito\u201d Guzm\u00e1n y su hija Elizabeth. La actividad fue organizada por el museo junto al \u00c1rea de Patrimonio Cultural del Ministerio de las Culturas, las Artes y el Patrimonio. Tres meses dur\u00f3 [&hellip;]\" \/>\n<meta property=\"og:url\" content=\"http:\/\/vientosur.top\/museo\/taller-teatro-titeres-del-museo-violeta-parra-finalizo-exitosa-presentacion\/\" \/>\n<meta property=\"og:site_name\" content=\"Museo Violeta Parra\" \/>\n<meta property=\"article:published_time\" content=\"2018-10-29T16:51:37+00:00\" \/>\n<meta property=\"og:image\" content=\"http:\/\/vientosur.top\/museo\/wp-content\/uploads\/2018\/10\/IMG_1033.jpg\" \/>\n\t<meta property=\"og:image:width\" content=\"1920\" \/>\n\t<meta property=\"og:image:height\" content=\"1080\" \/>\n\t<meta property=\"og:image:type\" content=\"image\/jpeg\" \/>\n<meta name=\"author\" content=\"admin\" \/>\n<meta name=\"twitter:card\" content=\"summary_large_image\" \/>\n<meta name=\"twitter:label1\" content=\"Escrito por\" \/>\n\t<meta name=\"twitter:data1\" content=\"admin\" \/>\n\t<meta name=\"twitter:label2\" content=\"Tiempo de lectura\" \/>\n\t<meta name=\"twitter:data2\" content=\"2 minutos\" \/>\n<script type=\"application\/ld+json\" class=\"yoast-schema-graph\">{\"@context\":\"https:\/\/schema.org\",\"@graph\":[{\"@type\":\"WebPage\",\"@id\":\"http:\/\/vientosur.top\/museo\/taller-teatro-titeres-del-museo-violeta-parra-finalizo-exitosa-presentacion\/\",\"url\":\"http:\/\/vientosur.top\/museo\/taller-teatro-titeres-del-museo-violeta-parra-finalizo-exitosa-presentacion\/\",\"name\":\"Taller de teatro de t\u00edteres del Museo Violeta Parra finaliz\u00f3 con exitosa presentaci\u00f3n - Museo Violeta Parra\",\"isPartOf\":{\"@id\":\"http:\/\/vientosur.top\/museo\/#website\"},\"primaryImageOfPage\":{\"@id\":\"http:\/\/vientosur.top\/museo\/taller-teatro-titeres-del-museo-violeta-parra-finalizo-exitosa-presentacion\/#primaryimage\"},\"image\":{\"@id\":\"http:\/\/vientosur.top\/museo\/taller-teatro-titeres-del-museo-violeta-parra-finalizo-exitosa-presentacion\/#primaryimage\"},\"thumbnailUrl\":\"http:\/\/vientosur.top\/museo\/wp-content\/uploads\/2018\/10\/IMG_1033.jpg\",\"datePublished\":\"2018-10-29T16:51:37+00:00\",\"author\":{\"@id\":\"http:\/\/vientosur.top\/museo\/#\/schema\/person\/20c79d3c38800971feec8c2693c3dd9c\"},\"breadcrumb\":{\"@id\":\"http:\/\/vientosur.top\/museo\/taller-teatro-titeres-del-museo-violeta-parra-finalizo-exitosa-presentacion\/#breadcrumb\"},\"inLanguage\":\"es\",\"potentialAction\":[{\"@type\":\"ReadAction\",\"target\":[\"http:\/\/vientosur.top\/museo\/taller-teatro-titeres-del-museo-violeta-parra-finalizo-exitosa-presentacion\/\"]}]},{\"@type\":\"ImageObject\",\"inLanguage\":\"es\",\"@id\":\"http:\/\/vientosur.top\/museo\/taller-teatro-titeres-del-museo-violeta-parra-finalizo-exitosa-presentacion\/#primaryimage\",\"url\":\"http:\/\/vientosur.top\/museo\/wp-content\/uploads\/2018\/10\/IMG_1033.jpg\",\"contentUrl\":\"http:\/\/vientosur.top\/museo\/wp-content\/uploads\/2018\/10\/IMG_1033.jpg\",\"width\":1920,\"height\":1080},{\"@type\":\"BreadcrumbList\",\"@id\":\"http:\/\/vientosur.top\/museo\/taller-teatro-titeres-del-museo-violeta-parra-finalizo-exitosa-presentacion\/#breadcrumb\",\"itemListElement\":[{\"@type\":\"ListItem\",\"position\":1,\"name\":\"Portada\",\"item\":\"http:\/\/vientosur.top\/museo\/\"},{\"@type\":\"ListItem\",\"position\":2,\"name\":\"Taller de teatro de t\u00edteres del Museo Violeta Parra finaliz\u00f3 con exitosa presentaci\u00f3n\"}]},{\"@type\":\"WebSite\",\"@id\":\"http:\/\/vientosur.top\/museo\/#website\",\"url\":\"http:\/\/vientosur.top\/museo\/\",\"name\":\"Museo Violeta Parra\",\"description\":\"Espacio que alberga tanto la memoria y legado creativo de la artista\",\"potentialAction\":[{\"@type\":\"SearchAction\",\"target\":{\"@type\":\"EntryPoint\",\"urlTemplate\":\"http:\/\/vientosur.top\/museo\/?s={search_term_string}\"},\"query-input\":{\"@type\":\"PropertyValueSpecification\",\"valueRequired\":true,\"valueName\":\"search_term_string\"}}],\"inLanguage\":\"es\"},{\"@type\":\"Person\",\"@id\":\"http:\/\/vientosur.top\/museo\/#\/schema\/person\/20c79d3c38800971feec8c2693c3dd9c\",\"name\":\"admin\",\"image\":{\"@type\":\"ImageObject\",\"inLanguage\":\"es\",\"@id\":\"http:\/\/vientosur.top\/museo\/#\/schema\/person\/image\/\",\"url\":\"https:\/\/secure.gravatar.com\/avatar\/713677ece3ffa642287213a80e5b773bce9ab81c269dd6d95102a990951c922f?s=96&d=mm&r=g\",\"contentUrl\":\"https:\/\/secure.gravatar.com\/avatar\/713677ece3ffa642287213a80e5b773bce9ab81c269dd6d95102a990951c922f?s=96&d=mm&r=g\",\"caption\":\"admin\"},\"sameAs\":[\"http:\/\/vientosur.top\/museo\"],\"url\":\"http:\/\/vientosur.top\/museo\/author\/comunicacionesmvp\/\"}]}<\/script>\n<!-- \/ Yoast SEO plugin. -->","yoast_head_json":{"title":"Taller de teatro de t\u00edteres del Museo Violeta Parra finaliz\u00f3 con exitosa presentaci\u00f3n - Museo Violeta Parra","robots":{"index":"index","follow":"follow","max-snippet":"max-snippet:-1","max-image-preview":"max-image-preview:large","max-video-preview":"max-video-preview:-1"},"canonical":"http:\/\/vientosur.top\/museo\/taller-teatro-titeres-del-museo-violeta-parra-finalizo-exitosa-presentacion\/","og_locale":"es_ES","og_type":"article","og_title":"Taller de teatro de t\u00edteres del Museo Violeta Parra finaliz\u00f3 con exitosa presentaci\u00f3n - Museo Violeta Parra","og_description":"El domingo 28 de octubre se present\u00f3 la obra \u201cUn sue\u00f1o Violeta\u00bb, resultado final del taller que imparti\u00f3 el Tesoro Humano Vivo Sergio \u201cTito\u201d Guzm\u00e1n y su hija Elizabeth. La actividad fue organizada por el museo junto al \u00c1rea de Patrimonio Cultural del Ministerio de las Culturas, las Artes y el Patrimonio. Tres meses dur\u00f3 [&hellip;]","og_url":"http:\/\/vientosur.top\/museo\/taller-teatro-titeres-del-museo-violeta-parra-finalizo-exitosa-presentacion\/","og_site_name":"Museo Violeta Parra","article_published_time":"2018-10-29T16:51:37+00:00","og_image":[{"width":1920,"height":1080,"url":"http:\/\/vientosur.top\/museo\/wp-content\/uploads\/2018\/10\/IMG_1033.jpg","type":"image\/jpeg"}],"author":"admin","twitter_card":"summary_large_image","twitter_misc":{"Escrito por":"admin","Tiempo de lectura":"2 minutos"},"schema":{"@context":"https:\/\/schema.org","@graph":[{"@type":"WebPage","@id":"http:\/\/vientosur.top\/museo\/taller-teatro-titeres-del-museo-violeta-parra-finalizo-exitosa-presentacion\/","url":"http:\/\/vientosur.top\/museo\/taller-teatro-titeres-del-museo-violeta-parra-finalizo-exitosa-presentacion\/","name":"Taller de teatro de t\u00edteres del Museo Violeta Parra finaliz\u00f3 con exitosa presentaci\u00f3n - Museo Violeta Parra","isPartOf":{"@id":"http:\/\/vientosur.top\/museo\/#website"},"primaryImageOfPage":{"@id":"http:\/\/vientosur.top\/museo\/taller-teatro-titeres-del-museo-violeta-parra-finalizo-exitosa-presentacion\/#primaryimage"},"image":{"@id":"http:\/\/vientosur.top\/museo\/taller-teatro-titeres-del-museo-violeta-parra-finalizo-exitosa-presentacion\/#primaryimage"},"thumbnailUrl":"http:\/\/vientosur.top\/museo\/wp-content\/uploads\/2018\/10\/IMG_1033.jpg","datePublished":"2018-10-29T16:51:37+00:00","author":{"@id":"http:\/\/vientosur.top\/museo\/#\/schema\/person\/20c79d3c38800971feec8c2693c3dd9c"},"breadcrumb":{"@id":"http:\/\/vientosur.top\/museo\/taller-teatro-titeres-del-museo-violeta-parra-finalizo-exitosa-presentacion\/#breadcrumb"},"inLanguage":"es","potentialAction":[{"@type":"ReadAction","target":["http:\/\/vientosur.top\/museo\/taller-teatro-titeres-del-museo-violeta-parra-finalizo-exitosa-presentacion\/"]}]},{"@type":"ImageObject","inLanguage":"es","@id":"http:\/\/vientosur.top\/museo\/taller-teatro-titeres-del-museo-violeta-parra-finalizo-exitosa-presentacion\/#primaryimage","url":"http:\/\/vientosur.top\/museo\/wp-content\/uploads\/2018\/10\/IMG_1033.jpg","contentUrl":"http:\/\/vientosur.top\/museo\/wp-content\/uploads\/2018\/10\/IMG_1033.jpg","width":1920,"height":1080},{"@type":"BreadcrumbList","@id":"http:\/\/vientosur.top\/museo\/taller-teatro-titeres-del-museo-violeta-parra-finalizo-exitosa-presentacion\/#breadcrumb","itemListElement":[{"@type":"ListItem","position":1,"name":"Portada","item":"http:\/\/vientosur.top\/museo\/"},{"@type":"ListItem","position":2,"name":"Taller de teatro de t\u00edteres del Museo Violeta Parra finaliz\u00f3 con exitosa presentaci\u00f3n"}]},{"@type":"WebSite","@id":"http:\/\/vientosur.top\/museo\/#website","url":"http:\/\/vientosur.top\/museo\/","name":"Museo Violeta Parra","description":"Espacio que alberga tanto la memoria y legado creativo de la artista","potentialAction":[{"@type":"SearchAction","target":{"@type":"EntryPoint","urlTemplate":"http:\/\/vientosur.top\/museo\/?s={search_term_string}"},"query-input":{"@type":"PropertyValueSpecification","valueRequired":true,"valueName":"search_term_string"}}],"inLanguage":"es"},{"@type":"Person","@id":"http:\/\/vientosur.top\/museo\/#\/schema\/person\/20c79d3c38800971feec8c2693c3dd9c","name":"admin","image":{"@type":"ImageObject","inLanguage":"es","@id":"http:\/\/vientosur.top\/museo\/#\/schema\/person\/image\/","url":"https:\/\/secure.gravatar.com\/avatar\/713677ece3ffa642287213a80e5b773bce9ab81c269dd6d95102a990951c922f?s=96&d=mm&r=g","contentUrl":"https:\/\/secure.gravatar.com\/avatar\/713677ece3ffa642287213a80e5b773bce9ab81c269dd6d95102a990951c922f?s=96&d=mm&r=g","caption":"admin"},"sameAs":["http:\/\/vientosur.top\/museo"],"url":"http:\/\/vientosur.top\/museo\/author\/comunicacionesmvp\/"}]}},"_links":{"self":[{"href":"http:\/\/vientosur.top\/museo\/wp-json\/wp\/v2\/posts\/16839","targetHints":{"allow":["GET"]}}],"collection":[{"href":"http:\/\/vientosur.top\/museo\/wp-json\/wp\/v2\/posts"}],"about":[{"href":"http:\/\/vientosur.top\/museo\/wp-json\/wp\/v2\/types\/post"}],"author":[{"embeddable":true,"href":"http:\/\/vientosur.top\/museo\/wp-json\/wp\/v2\/users\/5"}],"replies":[{"embeddable":true,"href":"http:\/\/vientosur.top\/museo\/wp-json\/wp\/v2\/comments?post=16839"}],"version-history":[{"count":0,"href":"http:\/\/vientosur.top\/museo\/wp-json\/wp\/v2\/posts\/16839\/revisions"}],"wp:featuredmedia":[{"embeddable":true,"href":"http:\/\/vientosur.top\/museo\/wp-json\/wp\/v2\/media\/16840"}],"wp:attachment":[{"href":"http:\/\/vientosur.top\/museo\/wp-json\/wp\/v2\/media?parent=16839"}],"wp:term":[{"taxonomy":"category","embeddable":true,"href":"http:\/\/vientosur.top\/museo\/wp-json\/wp\/v2\/categories?post=16839"},{"taxonomy":"post_tag","embeddable":true,"href":"http:\/\/vientosur.top\/museo\/wp-json\/wp\/v2\/tags?post=16839"}],"curies":[{"name":"wp","href":"https:\/\/api.w.org\/{rel}","templated":true}]}}