{"id":16893,"date":"2018-10-31T08:09:02","date_gmt":"2018-10-31T13:09:02","guid":{"rendered":"http:\/\/vientosur.top\/museo\/?p=16893"},"modified":"2018-10-31T08:09:02","modified_gmt":"2018-10-31T13:09:02","slug":"museo-violeta-parra-presenta-las-cuecas-del-grupo-caramba-documentales-regionales-del-festival-cinelebu-este-fin-semana-largo","status":"publish","type":"post","link":"http:\/\/vientosur.top\/museo\/museo-violeta-parra-presenta-las-cuecas-del-grupo-caramba-documentales-regionales-del-festival-cinelebu-este-fin-semana-largo\/","title":{"rendered":"Museo Violeta Parra recibi\u00f3 noviembre con cuecas del grupo De Caramba y documentales regionales del Festival CINELEBU"},"content":{"rendered":"<p><em>El cuarteto se present\u00f3 en el Ciclo de Cuecas el s\u00e1bado 3 de noviembre a las 16:00 horas. Los panoramas gratuitos en el museo seguieron el domingo 4 de noviembre con la exhibici\u00f3n de una selecci\u00f3n de documentales regionales del\u00a0<\/em>Festival Internacional de Cine de Lebu.<\/p>\n<p>El 2018 De Caramba est\u00e1 de fiesta. La agrupaci\u00f3n cumple una d\u00e9cada de trayectoria, en la que ha concentrado su trabajo en la interpretaci\u00f3n y composici\u00f3n de cuecas que conservan el esp\u00edritu chilenero.<\/p>\n<p>Todo el \u00e1nimo festivo de este cuarteto se hizo presente el s\u00e1bado 3 de noviembre a las 16:00 horas en la explanada del museo ubicado en\u00a0<a href=\"https:\/\/maps.google.com\/?q=Vicu%C3%B1a+Mackenna+37&amp;entry=gmail&amp;source=g\">Vicu\u00f1a Mackenna 37<\/a>, metro Baquedano. D\u00eda en que se vivi\u00f3 una nueva fecha del tradicional Ciclo de Cuecas, que cada primer s\u00e1bado del mes re\u00fane a cientos de visitantes a disfrutar con una jornada de m\u00fasica y baile.<\/p>\n<p>\u201cTocar en el museo para nosotros es muy importante, principalmente porque Violeta es una de las principales influencias para nosotros, y adem\u00e1s\u00a0 el museo acoge todo el a\u00f1o a importantes artistas, \u00a0es un honor poder presentar nuestro\u00a0 trabajo en tan especial lugar\u201d, explic\u00f3 Diego Cabello.<\/p>\n<p>La banda, integrada tambi\u00e9n por Ignacio Andrade, Daniel Bertin y Gustavo San Mart\u00edn, hizo un repaso por sus dos trabajos discogr\u00e1ficos editados: \u201cBajo el cemento\u201d (2013) y \u201cFrente a frente\u201d (2018).<\/p>\n<p><a href=\"http:\/\/vientosur.top\/museo\/wp-content\/uploads\/2018\/10\/Republica-Independiente-de-Malalhue-2.png\"><img fetchpriority=\"high\" decoding=\"async\" class=\"alignnone wp-image-16855 size-large\" src=\"http:\/\/vientosur.top\/museo\/wp-content\/uploads\/2018\/10\/Republica-Independiente-de-Malalhue-2-1024x581.png\" alt=\"\" width=\"840\" height=\"477\" \/><\/a><\/p>\n<p><strong><br \/>\nM\u00e1s panoramas gratuitos<\/strong><\/p>\n<p>Junto con disfrutar del Ciclo de Cuecas, quienes visitaron el museo durante el fin de semana largo tambi\u00e9n pudieron ver una selecci\u00f3n de cortometrajes documentales que fueron parte de\u00a0Festival Internacional CINELEBU.<\/p>\n<p>El domingo 4 de noviembre, a las 16:00 horas, se proyectaron cinco\u00a0pel\u00edculas de creadores y creadoras de diferentes puntos del pa\u00eds. La muestra incluy\u00f3 \u00abMateria prima\u00bb,\u00a0un retrato observacional a la ciudad minera de Curanilahue a trav\u00e9s de los trabajadores artesanales del carb\u00f3n que conviven con malas condiciones de seguridad, realizado por Cristi\u00e1n Mellado Ibeas.<\/p>\n<p>\u00abRep\u00fablica independiente de Malahue\u00bb,\u00a0filme realizado de manera colectiva por el Taller Audiovisual Campamento Pichikeche, fue otro de los trabajos que se exhibi\u00f3.\u00a0Un grupo de ni\u00f1os de la comunidad de Lanco y Malalhue sale a las calles de su comunidad a preguntar \u00bfpor qu\u00e9 se dice que Malalhue es una rep\u00fablica independiente? Con esta pregunta los ni\u00f1os comenzaran su investigaci\u00f3n para conocer m\u00e1s sobre su comunidad.<\/p>\n<p>Desde San Jos\u00e9 de Maipo, y bajo la direcci\u00f3n de\u00a0<strong>\u00a0<\/strong>Laura Skewes, se present\u00f3 \u00abCrianza An\u00f3nima\u00bb, que cuenta la historia de\u00a0V\u00edctor, el cuidador de los animales del Centro de Rehabilitaci\u00f3n de Fauna Silvestre, a los que debe criar por un largo tiempo para luego dejarlos ir.<\/p>\n<p>Dos trabajos abordaron el tema de la vejez y la memoria. Mat\u00edas Burgos\u00a0dirige \u201cIris\u201d, cortometraje de la ciudad de Talca que muestra la historia de una mujer que se ve envuelta en los cuidados de su madre de 100 a\u00f1os, que padece de demencia senil.\u00a0 Por otro lado \u201cLas Horas Quietas\u201d, de Arm\u00edn Fonseca\u00a0 y El\u00edas Rodr\u00edguez, cuenta la historia de\u00a0Juan Solar, quien trabaj\u00f3 toda su vida en la f\u00e1brica de Pa\u00f1os Bellavista Oveja Tom\u00e9. Hoy, jubilado, sufre de Alzheimer y\u00a0 se esfuerza por conservar recuerdos que le van quedando. Al mismo tiempo, aquella antigua f\u00e1brica lucha por no desaparecer.<\/p>\n<p>La muestra se realiz\u00f3 en la Sala Antar del museo, con entrada es liberada.<\/p>\n<p>&nbsp;<\/p>\n<p>&nbsp;<\/p>\n","protected":false},"excerpt":{"rendered":"<p>El cuarteto se present\u00f3 en el Ciclo de Cuecas el s\u00e1bado 3 de noviembre a las 16:00 horas. Los panoramas gratuitos en el museo seguieron el domingo 4 de noviembre con la exhibici\u00f3n de una selecci\u00f3n de documentales regionales del\u00a0Festival Internacional de Cine de Lebu. El 2018 De Caramba est\u00e1 de fiesta. La agrupaci\u00f3n cumple [&hellip;]<\/p>\n","protected":false},"author":5,"featured_media":17003,"comment_status":"open","ping_status":"open","sticky":false,"template":"","format":"standard","meta":{"site-sidebar-layout":"default","site-content-layout":"","ast-site-content-layout":"default","site-content-style":"default","site-sidebar-style":"default","ast-global-header-display":"","ast-banner-title-visibility":"","ast-main-header-display":"","ast-hfb-above-header-display":"","ast-hfb-below-header-display":"","ast-hfb-mobile-header-display":"","site-post-title":"","ast-breadcrumbs-content":"","ast-featured-img":"","footer-sml-layout":"","theme-transparent-header-meta":"","adv-header-id-meta":"","stick-header-meta":"","header-above-stick-meta":"","header-main-stick-meta":"","header-below-stick-meta":"","astra-migrate-meta-layouts":"default","ast-page-background-enabled":"default","ast-page-background-meta":{"desktop":{"background-color":"var(--ast-global-color-4)","background-image":"","background-repeat":"repeat","background-position":"center center","background-size":"auto","background-attachment":"scroll","background-type":"","background-media":"","overlay-type":"","overlay-color":"","overlay-opacity":"","overlay-gradient":""},"tablet":{"background-color":"","background-image":"","background-repeat":"repeat","background-position":"center center","background-size":"auto","background-attachment":"scroll","background-type":"","background-media":"","overlay-type":"","overlay-color":"","overlay-opacity":"","overlay-gradient":""},"mobile":{"background-color":"","background-image":"","background-repeat":"repeat","background-position":"center center","background-size":"auto","background-attachment":"scroll","background-type":"","background-media":"","overlay-type":"","overlay-color":"","overlay-opacity":"","overlay-gradient":""}},"ast-content-background-meta":{"desktop":{"background-color":"var(--ast-global-color-5)","background-image":"","background-repeat":"repeat","background-position":"center center","background-size":"auto","background-attachment":"scroll","background-type":"","background-media":"","overlay-type":"","overlay-color":"","overlay-opacity":"","overlay-gradient":""},"tablet":{"background-color":"var(--ast-global-color-5)","background-image":"","background-repeat":"repeat","background-position":"center center","background-size":"auto","background-attachment":"scroll","background-type":"","background-media":"","overlay-type":"","overlay-color":"","overlay-opacity":"","overlay-gradient":""},"mobile":{"background-color":"var(--ast-global-color-5)","background-image":"","background-repeat":"repeat","background-position":"center center","background-size":"auto","background-attachment":"scroll","background-type":"","background-media":"","overlay-type":"","overlay-color":"","overlay-opacity":"","overlay-gradient":""}},"footnotes":""},"categories":[59,8,61],"tags":[],"class_list":["post-16893","post","type-post","status-publish","format-standard","has-post-thumbnail","hentry","category-destacado-noticia","category-noticias","category-novedades"],"yoast_head":"<!-- This site is optimized with the Yoast SEO plugin v25.4 - https:\/\/yoast.com\/wordpress\/plugins\/seo\/ -->\n<title>Museo Violeta Parra recibi\u00f3 noviembre con cuecas del grupo De Caramba y documentales regionales del Festival CINELEBU - Museo Violeta Parra<\/title>\n<meta name=\"robots\" content=\"index, follow, max-snippet:-1, max-image-preview:large, max-video-preview:-1\" \/>\n<link rel=\"canonical\" href=\"http:\/\/vientosur.top\/museo\/museo-violeta-parra-presenta-las-cuecas-del-grupo-caramba-documentales-regionales-del-festival-cinelebu-este-fin-semana-largo\/\" \/>\n<meta property=\"og:locale\" content=\"es_ES\" \/>\n<meta property=\"og:type\" content=\"article\" \/>\n<meta property=\"og:title\" content=\"Museo Violeta Parra recibi\u00f3 noviembre con cuecas del grupo De Caramba y documentales regionales del Festival CINELEBU - Museo Violeta Parra\" \/>\n<meta property=\"og:description\" content=\"El cuarteto se present\u00f3 en el Ciclo de Cuecas el s\u00e1bado 3 de noviembre a las 16:00 horas. Los panoramas gratuitos en el museo seguieron el domingo 4 de noviembre con la exhibici\u00f3n de una selecci\u00f3n de documentales regionales del\u00a0Festival Internacional de Cine de Lebu. El 2018 De Caramba est\u00e1 de fiesta. La agrupaci\u00f3n cumple [&hellip;]\" \/>\n<meta property=\"og:url\" content=\"http:\/\/vientosur.top\/museo\/museo-violeta-parra-presenta-las-cuecas-del-grupo-caramba-documentales-regionales-del-festival-cinelebu-este-fin-semana-largo\/\" \/>\n<meta property=\"og:site_name\" content=\"Museo Violeta Parra\" \/>\n<meta property=\"article:published_time\" content=\"2018-10-31T13:09:02+00:00\" \/>\n<meta property=\"og:image\" content=\"http:\/\/vientosur.top\/museo\/wp-content\/uploads\/2018\/10\/DSC_0398-scaled.jpg\" \/>\n\t<meta property=\"og:image:width\" content=\"2560\" \/>\n\t<meta property=\"og:image:height\" content=\"1440\" \/>\n\t<meta property=\"og:image:type\" content=\"image\/jpeg\" \/>\n<meta name=\"author\" content=\"admin\" \/>\n<meta name=\"twitter:card\" content=\"summary_large_image\" \/>\n<meta name=\"twitter:label1\" content=\"Escrito por\" \/>\n\t<meta name=\"twitter:data1\" content=\"admin\" \/>\n\t<meta name=\"twitter:label2\" content=\"Tiempo de lectura\" \/>\n\t<meta name=\"twitter:data2\" content=\"3 minutos\" \/>\n<script type=\"application\/ld+json\" class=\"yoast-schema-graph\">{\"@context\":\"https:\/\/schema.org\",\"@graph\":[{\"@type\":\"WebPage\",\"@id\":\"http:\/\/vientosur.top\/museo\/museo-violeta-parra-presenta-las-cuecas-del-grupo-caramba-documentales-regionales-del-festival-cinelebu-este-fin-semana-largo\/\",\"url\":\"http:\/\/vientosur.top\/museo\/museo-violeta-parra-presenta-las-cuecas-del-grupo-caramba-documentales-regionales-del-festival-cinelebu-este-fin-semana-largo\/\",\"name\":\"Museo Violeta Parra recibi\u00f3 noviembre con cuecas del grupo De Caramba y documentales regionales del Festival CINELEBU - Museo Violeta Parra\",\"isPartOf\":{\"@id\":\"http:\/\/vientosur.top\/museo\/#website\"},\"primaryImageOfPage\":{\"@id\":\"http:\/\/vientosur.top\/museo\/museo-violeta-parra-presenta-las-cuecas-del-grupo-caramba-documentales-regionales-del-festival-cinelebu-este-fin-semana-largo\/#primaryimage\"},\"image\":{\"@id\":\"http:\/\/vientosur.top\/museo\/museo-violeta-parra-presenta-las-cuecas-del-grupo-caramba-documentales-regionales-del-festival-cinelebu-este-fin-semana-largo\/#primaryimage\"},\"thumbnailUrl\":\"http:\/\/vientosur.top\/museo\/wp-content\/uploads\/2018\/10\/DSC_0398-scaled.jpg\",\"datePublished\":\"2018-10-31T13:09:02+00:00\",\"author\":{\"@id\":\"http:\/\/vientosur.top\/museo\/#\/schema\/person\/20c79d3c38800971feec8c2693c3dd9c\"},\"breadcrumb\":{\"@id\":\"http:\/\/vientosur.top\/museo\/museo-violeta-parra-presenta-las-cuecas-del-grupo-caramba-documentales-regionales-del-festival-cinelebu-este-fin-semana-largo\/#breadcrumb\"},\"inLanguage\":\"es\",\"potentialAction\":[{\"@type\":\"ReadAction\",\"target\":[\"http:\/\/vientosur.top\/museo\/museo-violeta-parra-presenta-las-cuecas-del-grupo-caramba-documentales-regionales-del-festival-cinelebu-este-fin-semana-largo\/\"]}]},{\"@type\":\"ImageObject\",\"inLanguage\":\"es\",\"@id\":\"http:\/\/vientosur.top\/museo\/museo-violeta-parra-presenta-las-cuecas-del-grupo-caramba-documentales-regionales-del-festival-cinelebu-este-fin-semana-largo\/#primaryimage\",\"url\":\"http:\/\/vientosur.top\/museo\/wp-content\/uploads\/2018\/10\/DSC_0398-scaled.jpg\",\"contentUrl\":\"http:\/\/vientosur.top\/museo\/wp-content\/uploads\/2018\/10\/DSC_0398-scaled.jpg\",\"width\":2560,\"height\":1440},{\"@type\":\"BreadcrumbList\",\"@id\":\"http:\/\/vientosur.top\/museo\/museo-violeta-parra-presenta-las-cuecas-del-grupo-caramba-documentales-regionales-del-festival-cinelebu-este-fin-semana-largo\/#breadcrumb\",\"itemListElement\":[{\"@type\":\"ListItem\",\"position\":1,\"name\":\"Portada\",\"item\":\"http:\/\/vientosur.top\/museo\/\"},{\"@type\":\"ListItem\",\"position\":2,\"name\":\"Museo Violeta Parra recibi\u00f3 noviembre con cuecas del grupo De Caramba y documentales regionales del Festival CINELEBU\"}]},{\"@type\":\"WebSite\",\"@id\":\"http:\/\/vientosur.top\/museo\/#website\",\"url\":\"http:\/\/vientosur.top\/museo\/\",\"name\":\"Museo Violeta Parra\",\"description\":\"Espacio que alberga tanto la memoria y legado creativo de la artista\",\"potentialAction\":[{\"@type\":\"SearchAction\",\"target\":{\"@type\":\"EntryPoint\",\"urlTemplate\":\"http:\/\/vientosur.top\/museo\/?s={search_term_string}\"},\"query-input\":{\"@type\":\"PropertyValueSpecification\",\"valueRequired\":true,\"valueName\":\"search_term_string\"}}],\"inLanguage\":\"es\"},{\"@type\":\"Person\",\"@id\":\"http:\/\/vientosur.top\/museo\/#\/schema\/person\/20c79d3c38800971feec8c2693c3dd9c\",\"name\":\"admin\",\"image\":{\"@type\":\"ImageObject\",\"inLanguage\":\"es\",\"@id\":\"http:\/\/vientosur.top\/museo\/#\/schema\/person\/image\/\",\"url\":\"https:\/\/secure.gravatar.com\/avatar\/713677ece3ffa642287213a80e5b773bce9ab81c269dd6d95102a990951c922f?s=96&d=mm&r=g\",\"contentUrl\":\"https:\/\/secure.gravatar.com\/avatar\/713677ece3ffa642287213a80e5b773bce9ab81c269dd6d95102a990951c922f?s=96&d=mm&r=g\",\"caption\":\"admin\"},\"sameAs\":[\"http:\/\/vientosur.top\/museo\"],\"url\":\"http:\/\/vientosur.top\/museo\/author\/comunicacionesmvp\/\"}]}<\/script>\n<!-- \/ Yoast SEO plugin. -->","yoast_head_json":{"title":"Museo Violeta Parra recibi\u00f3 noviembre con cuecas del grupo De Caramba y documentales regionales del Festival CINELEBU - Museo Violeta Parra","robots":{"index":"index","follow":"follow","max-snippet":"max-snippet:-1","max-image-preview":"max-image-preview:large","max-video-preview":"max-video-preview:-1"},"canonical":"http:\/\/vientosur.top\/museo\/museo-violeta-parra-presenta-las-cuecas-del-grupo-caramba-documentales-regionales-del-festival-cinelebu-este-fin-semana-largo\/","og_locale":"es_ES","og_type":"article","og_title":"Museo Violeta Parra recibi\u00f3 noviembre con cuecas del grupo De Caramba y documentales regionales del Festival CINELEBU - Museo Violeta Parra","og_description":"El cuarteto se present\u00f3 en el Ciclo de Cuecas el s\u00e1bado 3 de noviembre a las 16:00 horas. Los panoramas gratuitos en el museo seguieron el domingo 4 de noviembre con la exhibici\u00f3n de una selecci\u00f3n de documentales regionales del\u00a0Festival Internacional de Cine de Lebu. El 2018 De Caramba est\u00e1 de fiesta. La agrupaci\u00f3n cumple [&hellip;]","og_url":"http:\/\/vientosur.top\/museo\/museo-violeta-parra-presenta-las-cuecas-del-grupo-caramba-documentales-regionales-del-festival-cinelebu-este-fin-semana-largo\/","og_site_name":"Museo Violeta Parra","article_published_time":"2018-10-31T13:09:02+00:00","og_image":[{"width":2560,"height":1440,"url":"http:\/\/vientosur.top\/museo\/wp-content\/uploads\/2018\/10\/DSC_0398-scaled.jpg","type":"image\/jpeg"}],"author":"admin","twitter_card":"summary_large_image","twitter_misc":{"Escrito por":"admin","Tiempo de lectura":"3 minutos"},"schema":{"@context":"https:\/\/schema.org","@graph":[{"@type":"WebPage","@id":"http:\/\/vientosur.top\/museo\/museo-violeta-parra-presenta-las-cuecas-del-grupo-caramba-documentales-regionales-del-festival-cinelebu-este-fin-semana-largo\/","url":"http:\/\/vientosur.top\/museo\/museo-violeta-parra-presenta-las-cuecas-del-grupo-caramba-documentales-regionales-del-festival-cinelebu-este-fin-semana-largo\/","name":"Museo Violeta Parra recibi\u00f3 noviembre con cuecas del grupo De Caramba y documentales regionales del Festival CINELEBU - Museo Violeta Parra","isPartOf":{"@id":"http:\/\/vientosur.top\/museo\/#website"},"primaryImageOfPage":{"@id":"http:\/\/vientosur.top\/museo\/museo-violeta-parra-presenta-las-cuecas-del-grupo-caramba-documentales-regionales-del-festival-cinelebu-este-fin-semana-largo\/#primaryimage"},"image":{"@id":"http:\/\/vientosur.top\/museo\/museo-violeta-parra-presenta-las-cuecas-del-grupo-caramba-documentales-regionales-del-festival-cinelebu-este-fin-semana-largo\/#primaryimage"},"thumbnailUrl":"http:\/\/vientosur.top\/museo\/wp-content\/uploads\/2018\/10\/DSC_0398-scaled.jpg","datePublished":"2018-10-31T13:09:02+00:00","author":{"@id":"http:\/\/vientosur.top\/museo\/#\/schema\/person\/20c79d3c38800971feec8c2693c3dd9c"},"breadcrumb":{"@id":"http:\/\/vientosur.top\/museo\/museo-violeta-parra-presenta-las-cuecas-del-grupo-caramba-documentales-regionales-del-festival-cinelebu-este-fin-semana-largo\/#breadcrumb"},"inLanguage":"es","potentialAction":[{"@type":"ReadAction","target":["http:\/\/vientosur.top\/museo\/museo-violeta-parra-presenta-las-cuecas-del-grupo-caramba-documentales-regionales-del-festival-cinelebu-este-fin-semana-largo\/"]}]},{"@type":"ImageObject","inLanguage":"es","@id":"http:\/\/vientosur.top\/museo\/museo-violeta-parra-presenta-las-cuecas-del-grupo-caramba-documentales-regionales-del-festival-cinelebu-este-fin-semana-largo\/#primaryimage","url":"http:\/\/vientosur.top\/museo\/wp-content\/uploads\/2018\/10\/DSC_0398-scaled.jpg","contentUrl":"http:\/\/vientosur.top\/museo\/wp-content\/uploads\/2018\/10\/DSC_0398-scaled.jpg","width":2560,"height":1440},{"@type":"BreadcrumbList","@id":"http:\/\/vientosur.top\/museo\/museo-violeta-parra-presenta-las-cuecas-del-grupo-caramba-documentales-regionales-del-festival-cinelebu-este-fin-semana-largo\/#breadcrumb","itemListElement":[{"@type":"ListItem","position":1,"name":"Portada","item":"http:\/\/vientosur.top\/museo\/"},{"@type":"ListItem","position":2,"name":"Museo Violeta Parra recibi\u00f3 noviembre con cuecas del grupo De Caramba y documentales regionales del Festival CINELEBU"}]},{"@type":"WebSite","@id":"http:\/\/vientosur.top\/museo\/#website","url":"http:\/\/vientosur.top\/museo\/","name":"Museo Violeta Parra","description":"Espacio que alberga tanto la memoria y legado creativo de la artista","potentialAction":[{"@type":"SearchAction","target":{"@type":"EntryPoint","urlTemplate":"http:\/\/vientosur.top\/museo\/?s={search_term_string}"},"query-input":{"@type":"PropertyValueSpecification","valueRequired":true,"valueName":"search_term_string"}}],"inLanguage":"es"},{"@type":"Person","@id":"http:\/\/vientosur.top\/museo\/#\/schema\/person\/20c79d3c38800971feec8c2693c3dd9c","name":"admin","image":{"@type":"ImageObject","inLanguage":"es","@id":"http:\/\/vientosur.top\/museo\/#\/schema\/person\/image\/","url":"https:\/\/secure.gravatar.com\/avatar\/713677ece3ffa642287213a80e5b773bce9ab81c269dd6d95102a990951c922f?s=96&d=mm&r=g","contentUrl":"https:\/\/secure.gravatar.com\/avatar\/713677ece3ffa642287213a80e5b773bce9ab81c269dd6d95102a990951c922f?s=96&d=mm&r=g","caption":"admin"},"sameAs":["http:\/\/vientosur.top\/museo"],"url":"http:\/\/vientosur.top\/museo\/author\/comunicacionesmvp\/"}]}},"_links":{"self":[{"href":"http:\/\/vientosur.top\/museo\/wp-json\/wp\/v2\/posts\/16893","targetHints":{"allow":["GET"]}}],"collection":[{"href":"http:\/\/vientosur.top\/museo\/wp-json\/wp\/v2\/posts"}],"about":[{"href":"http:\/\/vientosur.top\/museo\/wp-json\/wp\/v2\/types\/post"}],"author":[{"embeddable":true,"href":"http:\/\/vientosur.top\/museo\/wp-json\/wp\/v2\/users\/5"}],"replies":[{"embeddable":true,"href":"http:\/\/vientosur.top\/museo\/wp-json\/wp\/v2\/comments?post=16893"}],"version-history":[{"count":0,"href":"http:\/\/vientosur.top\/museo\/wp-json\/wp\/v2\/posts\/16893\/revisions"}],"wp:featuredmedia":[{"embeddable":true,"href":"http:\/\/vientosur.top\/museo\/wp-json\/wp\/v2\/media\/17003"}],"wp:attachment":[{"href":"http:\/\/vientosur.top\/museo\/wp-json\/wp\/v2\/media?parent=16893"}],"wp:term":[{"taxonomy":"category","embeddable":true,"href":"http:\/\/vientosur.top\/museo\/wp-json\/wp\/v2\/categories?post=16893"},{"taxonomy":"post_tag","embeddable":true,"href":"http:\/\/vientosur.top\/museo\/wp-json\/wp\/v2\/tags?post=16893"}],"curies":[{"name":"wp","href":"https:\/\/api.w.org\/{rel}","templated":true}]}}