{"id":1695,"date":"2016-10-20T21:00:52","date_gmt":"2016-10-20T21:00:52","guid":{"rendered":"http:\/\/vientosur.top\/museo\/\/?p=1695"},"modified":"2016-10-20T21:00:52","modified_gmt":"2016-10-20T21:00:52","slug":"la-maleta-de-violeta-visita-escuela-cirujano-videla-de-valparaiso","status":"publish","type":"post","link":"http:\/\/vientosur.top\/museo\/la-maleta-de-violeta-visita-escuela-cirujano-videla-de-valparaiso\/","title":{"rendered":"La \u00abMaleta de Violeta\u00bb visit\u00f3 escuela Cirujano Videla de Valpara\u00edso"},"content":{"rendered":"<p>La actividad cont\u00f3 con la presencia del ministro de Cultura, Ernesto Ottone, quien vio in situ el trabajo realizado por el equipo de Educaci\u00f3n del Museo Violeta Parra.<\/p>\n<p><!--more--><\/p>\n<p>Contin\u00faa el viaje de la \u00abMaleta de Violeta\u00bb. Esta jornada, el equipo de Educaci\u00f3n se traslad\u00f3 nuevamente a la Quinta Regi\u00f3n, espec\u00edficamente a la escuela Cirujano Videla de Valpara\u00edso, donde m\u00e1s de 300 estudiantes de ense\u00f1anza b\u00e1sica lograron conocer m\u00e1s de la vida y obra de Violeta Parra a trav\u00e9s de los elementos\u00a0presentes en la maleta.<\/p>\n<p>La actividad cont\u00f3 con la presencia del ministro de Cultura, Ernesto Ottone, quien anunci\u00f3 40 nuevas iniciativas que homenajear\u00e1n a la multifac\u00e9tica artista en las distintas regiones del pa\u00eds.<\/p>\n<p>Como ha sido habitual, el equipo de Educaci\u00f3n, encabezado por Esteban Torres, don\u00f3 al establecimiento tres cat\u00e1logos del Museo que ser\u00e1n dispuestos en la biblioteca, adem\u00e1s de reproducciones de arpilleras, \u00f3leos y papel mach\u00e9. El aporte fue recibido por la jefa de UTP, Mar\u00eda Loreto Iturrieta.<\/p>\n<p><iframe src=\"\/\/embedsocial.com\/facebook_album\/album_photos\/1824113804498699\" width=\"900\" height=\"1500\" frameborder=\"0\" marginwidth=\"0\" marginheight=\"0\" scrolling=\"no\"><\/iframe><\/p>\n","protected":false},"excerpt":{"rendered":"<p>La actividad cont\u00f3 con la presencia del ministro de Cultura, Ernesto Ottone, quien vio in situ el trabajo realizado por el equipo de Educaci\u00f3n del Museo Violeta Parra.<\/p>\n","protected":false},"author":5,"featured_media":1696,"comment_status":"open","ping_status":"open","sticky":false,"template":"","format":"standard","meta":{"site-sidebar-layout":"default","site-content-layout":"","ast-site-content-layout":"default","site-content-style":"default","site-sidebar-style":"default","ast-global-header-display":"","ast-banner-title-visibility":"","ast-main-header-display":"","ast-hfb-above-header-display":"","ast-hfb-below-header-display":"","ast-hfb-mobile-header-display":"","site-post-title":"","ast-breadcrumbs-content":"","ast-featured-img":"","footer-sml-layout":"","theme-transparent-header-meta":"","adv-header-id-meta":"","stick-header-meta":"","header-above-stick-meta":"","header-main-stick-meta":"","header-below-stick-meta":"","astra-migrate-meta-layouts":"default","ast-page-background-enabled":"default","ast-page-background-meta":{"desktop":{"background-color":"var(--ast-global-color-4)","background-image":"","background-repeat":"repeat","background-position":"center center","background-size":"auto","background-attachment":"scroll","background-type":"","background-media":"","overlay-type":"","overlay-color":"","overlay-opacity":"","overlay-gradient":""},"tablet":{"background-color":"","background-image":"","background-repeat":"repeat","background-position":"center center","background-size":"auto","background-attachment":"scroll","background-type":"","background-media":"","overlay-type":"","overlay-color":"","overlay-opacity":"","overlay-gradient":""},"mobile":{"background-color":"","background-image":"","background-repeat":"repeat","background-position":"center center","background-size":"auto","background-attachment":"scroll","background-type":"","background-media":"","overlay-type":"","overlay-color":"","overlay-opacity":"","overlay-gradient":""}},"ast-content-background-meta":{"desktop":{"background-color":"var(--ast-global-color-5)","background-image":"","background-repeat":"repeat","background-position":"center center","background-size":"auto","background-attachment":"scroll","background-type":"","background-media":"","overlay-type":"","overlay-color":"","overlay-opacity":"","overlay-gradient":""},"tablet":{"background-color":"var(--ast-global-color-5)","background-image":"","background-repeat":"repeat","background-position":"center center","background-size":"auto","background-attachment":"scroll","background-type":"","background-media":"","overlay-type":"","overlay-color":"","overlay-opacity":"","overlay-gradient":""},"mobile":{"background-color":"var(--ast-global-color-5)","background-image":"","background-repeat":"repeat","background-position":"center center","background-size":"auto","background-attachment":"scroll","background-type":"","background-media":"","overlay-type":"","overlay-color":"","overlay-opacity":"","overlay-gradient":""}},"footnotes":""},"categories":[59,8,61],"tags":[],"class_list":["post-1695","post","type-post","status-publish","format-standard","has-post-thumbnail","hentry","category-destacado-noticia","category-noticias","category-novedades"],"yoast_head":"<!-- This site is optimized with the Yoast SEO plugin v25.4 - https:\/\/yoast.com\/wordpress\/plugins\/seo\/ -->\n<title>La &quot;Maleta de Violeta&quot; visit\u00f3 escuela Cirujano Videla de Valpara\u00edso - Museo Violeta Parra<\/title>\n<meta name=\"robots\" content=\"index, follow, max-snippet:-1, max-image-preview:large, max-video-preview:-1\" \/>\n<link rel=\"canonical\" href=\"http:\/\/vientosur.top\/museo\/la-maleta-de-violeta-visita-escuela-cirujano-videla-de-valparaiso\/\" \/>\n<meta property=\"og:locale\" content=\"es_ES\" \/>\n<meta property=\"og:type\" content=\"article\" \/>\n<meta property=\"og:title\" content=\"La &quot;Maleta de Violeta&quot; visit\u00f3 escuela Cirujano Videla de Valpara\u00edso - Museo Violeta Parra\" \/>\n<meta property=\"og:description\" content=\"La actividad cont\u00f3 con la presencia del ministro de Cultura, Ernesto Ottone, quien vio in situ el trabajo realizado por el equipo de Educaci\u00f3n del Museo Violeta Parra.\" \/>\n<meta property=\"og:url\" content=\"http:\/\/vientosur.top\/museo\/la-maleta-de-violeta-visita-escuela-cirujano-videla-de-valparaiso\/\" \/>\n<meta property=\"og:site_name\" content=\"Museo Violeta Parra\" \/>\n<meta property=\"article:published_time\" content=\"2016-10-20T21:00:52+00:00\" \/>\n<meta property=\"og:image\" content=\"http:\/\/vientosur.top\/museo\/wp-content\/uploads\/2016\/10\/IMG_7983.jpg\" \/>\n\t<meta property=\"og:image:width\" content=\"2000\" \/>\n\t<meta property=\"og:image:height\" content=\"1333\" \/>\n\t<meta property=\"og:image:type\" content=\"image\/jpeg\" \/>\n<meta name=\"author\" content=\"admin\" \/>\n<meta name=\"twitter:card\" content=\"summary_large_image\" \/>\n<meta name=\"twitter:label1\" content=\"Escrito por\" \/>\n\t<meta name=\"twitter:data1\" content=\"admin\" \/>\n\t<meta name=\"twitter:label2\" content=\"Tiempo de lectura\" \/>\n\t<meta name=\"twitter:data2\" content=\"1 minuto\" \/>\n<script type=\"application\/ld+json\" class=\"yoast-schema-graph\">{\"@context\":\"https:\/\/schema.org\",\"@graph\":[{\"@type\":\"WebPage\",\"@id\":\"http:\/\/vientosur.top\/museo\/la-maleta-de-violeta-visita-escuela-cirujano-videla-de-valparaiso\/\",\"url\":\"http:\/\/vientosur.top\/museo\/la-maleta-de-violeta-visita-escuela-cirujano-videla-de-valparaiso\/\",\"name\":\"La \\\"Maleta de Violeta\\\" visit\u00f3 escuela Cirujano Videla de Valpara\u00edso - Museo Violeta Parra\",\"isPartOf\":{\"@id\":\"http:\/\/vientosur.top\/museo\/#website\"},\"primaryImageOfPage\":{\"@id\":\"http:\/\/vientosur.top\/museo\/la-maleta-de-violeta-visita-escuela-cirujano-videla-de-valparaiso\/#primaryimage\"},\"image\":{\"@id\":\"http:\/\/vientosur.top\/museo\/la-maleta-de-violeta-visita-escuela-cirujano-videla-de-valparaiso\/#primaryimage\"},\"thumbnailUrl\":\"http:\/\/vientosur.top\/museo\/wp-content\/uploads\/2016\/10\/IMG_7983.jpg\",\"datePublished\":\"2016-10-20T21:00:52+00:00\",\"author\":{\"@id\":\"http:\/\/vientosur.top\/museo\/#\/schema\/person\/20c79d3c38800971feec8c2693c3dd9c\"},\"breadcrumb\":{\"@id\":\"http:\/\/vientosur.top\/museo\/la-maleta-de-violeta-visita-escuela-cirujano-videla-de-valparaiso\/#breadcrumb\"},\"inLanguage\":\"es\",\"potentialAction\":[{\"@type\":\"ReadAction\",\"target\":[\"http:\/\/vientosur.top\/museo\/la-maleta-de-violeta-visita-escuela-cirujano-videla-de-valparaiso\/\"]}]},{\"@type\":\"ImageObject\",\"inLanguage\":\"es\",\"@id\":\"http:\/\/vientosur.top\/museo\/la-maleta-de-violeta-visita-escuela-cirujano-videla-de-valparaiso\/#primaryimage\",\"url\":\"http:\/\/vientosur.top\/museo\/wp-content\/uploads\/2016\/10\/IMG_7983.jpg\",\"contentUrl\":\"http:\/\/vientosur.top\/museo\/wp-content\/uploads\/2016\/10\/IMG_7983.jpg\",\"width\":2000,\"height\":1333},{\"@type\":\"BreadcrumbList\",\"@id\":\"http:\/\/vientosur.top\/museo\/la-maleta-de-violeta-visita-escuela-cirujano-videla-de-valparaiso\/#breadcrumb\",\"itemListElement\":[{\"@type\":\"ListItem\",\"position\":1,\"name\":\"Portada\",\"item\":\"http:\/\/vientosur.top\/museo\/\"},{\"@type\":\"ListItem\",\"position\":2,\"name\":\"La \u00abMaleta de Violeta\u00bb visit\u00f3 escuela Cirujano Videla de Valpara\u00edso\"}]},{\"@type\":\"WebSite\",\"@id\":\"http:\/\/vientosur.top\/museo\/#website\",\"url\":\"http:\/\/vientosur.top\/museo\/\",\"name\":\"Museo Violeta Parra\",\"description\":\"Espacio que alberga tanto la memoria y legado creativo de la artista\",\"potentialAction\":[{\"@type\":\"SearchAction\",\"target\":{\"@type\":\"EntryPoint\",\"urlTemplate\":\"http:\/\/vientosur.top\/museo\/?s={search_term_string}\"},\"query-input\":{\"@type\":\"PropertyValueSpecification\",\"valueRequired\":true,\"valueName\":\"search_term_string\"}}],\"inLanguage\":\"es\"},{\"@type\":\"Person\",\"@id\":\"http:\/\/vientosur.top\/museo\/#\/schema\/person\/20c79d3c38800971feec8c2693c3dd9c\",\"name\":\"admin\",\"image\":{\"@type\":\"ImageObject\",\"inLanguage\":\"es\",\"@id\":\"http:\/\/vientosur.top\/museo\/#\/schema\/person\/image\/\",\"url\":\"https:\/\/secure.gravatar.com\/avatar\/713677ece3ffa642287213a80e5b773bce9ab81c269dd6d95102a990951c922f?s=96&d=mm&r=g\",\"contentUrl\":\"https:\/\/secure.gravatar.com\/avatar\/713677ece3ffa642287213a80e5b773bce9ab81c269dd6d95102a990951c922f?s=96&d=mm&r=g\",\"caption\":\"admin\"},\"sameAs\":[\"http:\/\/vientosur.top\/museo\"],\"url\":\"http:\/\/vientosur.top\/museo\/author\/comunicacionesmvp\/\"}]}<\/script>\n<!-- \/ Yoast SEO plugin. -->","yoast_head_json":{"title":"La \"Maleta de Violeta\" visit\u00f3 escuela Cirujano Videla de Valpara\u00edso - Museo Violeta Parra","robots":{"index":"index","follow":"follow","max-snippet":"max-snippet:-1","max-image-preview":"max-image-preview:large","max-video-preview":"max-video-preview:-1"},"canonical":"http:\/\/vientosur.top\/museo\/la-maleta-de-violeta-visita-escuela-cirujano-videla-de-valparaiso\/","og_locale":"es_ES","og_type":"article","og_title":"La \"Maleta de Violeta\" visit\u00f3 escuela Cirujano Videla de Valpara\u00edso - Museo Violeta Parra","og_description":"La actividad cont\u00f3 con la presencia del ministro de Cultura, Ernesto Ottone, quien vio in situ el trabajo realizado por el equipo de Educaci\u00f3n del Museo Violeta Parra.","og_url":"http:\/\/vientosur.top\/museo\/la-maleta-de-violeta-visita-escuela-cirujano-videla-de-valparaiso\/","og_site_name":"Museo Violeta Parra","article_published_time":"2016-10-20T21:00:52+00:00","og_image":[{"width":2000,"height":1333,"url":"http:\/\/vientosur.top\/museo\/wp-content\/uploads\/2016\/10\/IMG_7983.jpg","type":"image\/jpeg"}],"author":"admin","twitter_card":"summary_large_image","twitter_misc":{"Escrito por":"admin","Tiempo de lectura":"1 minuto"},"schema":{"@context":"https:\/\/schema.org","@graph":[{"@type":"WebPage","@id":"http:\/\/vientosur.top\/museo\/la-maleta-de-violeta-visita-escuela-cirujano-videla-de-valparaiso\/","url":"http:\/\/vientosur.top\/museo\/la-maleta-de-violeta-visita-escuela-cirujano-videla-de-valparaiso\/","name":"La \"Maleta de Violeta\" visit\u00f3 escuela Cirujano Videla de Valpara\u00edso - Museo Violeta Parra","isPartOf":{"@id":"http:\/\/vientosur.top\/museo\/#website"},"primaryImageOfPage":{"@id":"http:\/\/vientosur.top\/museo\/la-maleta-de-violeta-visita-escuela-cirujano-videla-de-valparaiso\/#primaryimage"},"image":{"@id":"http:\/\/vientosur.top\/museo\/la-maleta-de-violeta-visita-escuela-cirujano-videla-de-valparaiso\/#primaryimage"},"thumbnailUrl":"http:\/\/vientosur.top\/museo\/wp-content\/uploads\/2016\/10\/IMG_7983.jpg","datePublished":"2016-10-20T21:00:52+00:00","author":{"@id":"http:\/\/vientosur.top\/museo\/#\/schema\/person\/20c79d3c38800971feec8c2693c3dd9c"},"breadcrumb":{"@id":"http:\/\/vientosur.top\/museo\/la-maleta-de-violeta-visita-escuela-cirujano-videla-de-valparaiso\/#breadcrumb"},"inLanguage":"es","potentialAction":[{"@type":"ReadAction","target":["http:\/\/vientosur.top\/museo\/la-maleta-de-violeta-visita-escuela-cirujano-videla-de-valparaiso\/"]}]},{"@type":"ImageObject","inLanguage":"es","@id":"http:\/\/vientosur.top\/museo\/la-maleta-de-violeta-visita-escuela-cirujano-videla-de-valparaiso\/#primaryimage","url":"http:\/\/vientosur.top\/museo\/wp-content\/uploads\/2016\/10\/IMG_7983.jpg","contentUrl":"http:\/\/vientosur.top\/museo\/wp-content\/uploads\/2016\/10\/IMG_7983.jpg","width":2000,"height":1333},{"@type":"BreadcrumbList","@id":"http:\/\/vientosur.top\/museo\/la-maleta-de-violeta-visita-escuela-cirujano-videla-de-valparaiso\/#breadcrumb","itemListElement":[{"@type":"ListItem","position":1,"name":"Portada","item":"http:\/\/vientosur.top\/museo\/"},{"@type":"ListItem","position":2,"name":"La \u00abMaleta de Violeta\u00bb visit\u00f3 escuela Cirujano Videla de Valpara\u00edso"}]},{"@type":"WebSite","@id":"http:\/\/vientosur.top\/museo\/#website","url":"http:\/\/vientosur.top\/museo\/","name":"Museo Violeta Parra","description":"Espacio que alberga tanto la memoria y legado creativo de la artista","potentialAction":[{"@type":"SearchAction","target":{"@type":"EntryPoint","urlTemplate":"http:\/\/vientosur.top\/museo\/?s={search_term_string}"},"query-input":{"@type":"PropertyValueSpecification","valueRequired":true,"valueName":"search_term_string"}}],"inLanguage":"es"},{"@type":"Person","@id":"http:\/\/vientosur.top\/museo\/#\/schema\/person\/20c79d3c38800971feec8c2693c3dd9c","name":"admin","image":{"@type":"ImageObject","inLanguage":"es","@id":"http:\/\/vientosur.top\/museo\/#\/schema\/person\/image\/","url":"https:\/\/secure.gravatar.com\/avatar\/713677ece3ffa642287213a80e5b773bce9ab81c269dd6d95102a990951c922f?s=96&d=mm&r=g","contentUrl":"https:\/\/secure.gravatar.com\/avatar\/713677ece3ffa642287213a80e5b773bce9ab81c269dd6d95102a990951c922f?s=96&d=mm&r=g","caption":"admin"},"sameAs":["http:\/\/vientosur.top\/museo"],"url":"http:\/\/vientosur.top\/museo\/author\/comunicacionesmvp\/"}]}},"_links":{"self":[{"href":"http:\/\/vientosur.top\/museo\/wp-json\/wp\/v2\/posts\/1695","targetHints":{"allow":["GET"]}}],"collection":[{"href":"http:\/\/vientosur.top\/museo\/wp-json\/wp\/v2\/posts"}],"about":[{"href":"http:\/\/vientosur.top\/museo\/wp-json\/wp\/v2\/types\/post"}],"author":[{"embeddable":true,"href":"http:\/\/vientosur.top\/museo\/wp-json\/wp\/v2\/users\/5"}],"replies":[{"embeddable":true,"href":"http:\/\/vientosur.top\/museo\/wp-json\/wp\/v2\/comments?post=1695"}],"version-history":[{"count":0,"href":"http:\/\/vientosur.top\/museo\/wp-json\/wp\/v2\/posts\/1695\/revisions"}],"wp:featuredmedia":[{"embeddable":true,"href":"http:\/\/vientosur.top\/museo\/wp-json\/wp\/v2\/media\/1696"}],"wp:attachment":[{"href":"http:\/\/vientosur.top\/museo\/wp-json\/wp\/v2\/media?parent=1695"}],"wp:term":[{"taxonomy":"category","embeddable":true,"href":"http:\/\/vientosur.top\/museo\/wp-json\/wp\/v2\/categories?post=1695"},{"taxonomy":"post_tag","embeddable":true,"href":"http:\/\/vientosur.top\/museo\/wp-json\/wp\/v2\/tags?post=1695"}],"curies":[{"name":"wp","href":"https:\/\/api.w.org\/{rel}","templated":true}]}}