{"id":16994,"date":"2018-11-05T07:27:07","date_gmt":"2018-11-05T12:27:07","guid":{"rendered":"http:\/\/vientosur.top\/museo\/?p=16994"},"modified":"2018-11-05T07:27:07","modified_gmt":"2018-11-05T12:27:07","slug":"agradecimientos-isabel-parra-apoyo-postulacion-al-premio-nacional-artes-musicales","status":"publish","type":"post","link":"http:\/\/vientosur.top\/museo\/agradecimientos-isabel-parra-apoyo-postulacion-al-premio-nacional-artes-musicales\/","title":{"rendered":"Agradecimientos de Isabel Parra por apoyo a su postulaci\u00f3n al Premio Nacional de Artes Musicales"},"content":{"rendered":"<p style=\"font-weight: 400;\">ESTIMADOS AMIGAS Y AMIGOS.<\/p>\n<p style=\"font-weight: 400;\">QUIERO EXPRESAR MIS M\u00c1S SINCEROS AGRADECIMIENTOS A LAS PERSONAS Y ENTIDADES QUE SE COMPROMETIERON CONMIGO A AYUDAR EN ESTAS JORNADAS DE POSTULACI\u00d3N AL PREMIO NACIONAL DE ARTES MUSICALES DEL PRESENTE\u00a0A\u00d1O.<\/p>\n<p style=\"font-weight: 400;\">EN PRIMER LUGAR A NUESTRA DIRECTORA EJECUTIVA DEL MUSEO VIOLETA PARRA,\u00a0SRA. CECILIA GARC\u00cdA-HUIDOBRO,\u00a0QUE ME PROPUSO ESTA POSTULACI\u00d3N COMPROMETIENDO AL MUSEO Y SU DIRECTORIO.<\/p>\n<p style=\"font-weight: 400;\">ME HA IMPACTADO,\u00a0EMOCIONADO LA RESPUESTA CARI\u00d1OSA Y MASIVA DE LAS PERSONAS QUE VOTARON POR M\u00cd EN LAS REDES DEL MUSEO DESDE LEJANOS PA\u00cdSES Y PERSONALMENTE\u00a0EN SU PASO POR EL MUSEO.<\/p>\n<p style=\"font-weight: 400;\">A LOS\u00a0ARTISTAS, PREMIOS NACIONALES DE DIVERSAS \u00c1REAS Y CREADORES DE NUESTRA CULTURA QUE ME ENTREGARON SUS CARTAS DE APOYO. CONTUNDENTES, ESTIMULANTES. A PERIODISTAS Y COMUNICADORES.<\/p>\n<p style=\"font-weight: 400;\">PARA UNA MUJER COMO YO,\u00a0QUE HE DEDICADO MI VIDA A LA M\u00daSICA,\u00a0EL CANTO,\u00a0LA CREACI\u00d3N DE CANCIONES Y EL APRENDIZAJE\u00a0DE LAS RA\u00cdCES,\u00a0TRADICIONES Y RITMOS DE NUESTRO PA\u00cdS Y NUESTRO CONTINENTE ES UN PREMIO TREMENDAMENTE VALIOSO QUE HE RECIBIDO DE PARTE DE TODOS.<\/p>\n<p style=\"font-weight: 400;\">AL GRUPO DE TRABAJADORES DE COMUNICACIONES DEL MUSEO,QUE SE HICIERON EL TIEMPO PARA\u00a0COLABORAR EN TODO LO QUE SIGNIFICA PREPARACI\u00d3N DE ARCHIVOS Y DOCUMENTACI\u00d3N .<\/p>\n<p style=\"font-weight: 400;\">FINALMENTE QUIERO INFORMARLES QUE MI POSTULACI\u00d3N ME HA SERVIDO PARA PONER EN CUESTI\u00d3N Y ENTREGAR INFORMACI\u00d3N REFERENTE AL HECHO DE QUE ESTE PREMIO FUE\u00a0CREADO POR HOMBRES Y PARA HOMBRES DE LA ACADEMIA, QUE SISTEM\u00c1TICAMENTE HA NEGADO LA PREMIACI\u00d3N A LA MUJER CON EJEMPLOS DE EXCEPCI\u00d3N RECIENTEMENTE\u00a0Y,\u00a0M\u00c1S GRAVE A\u00daN,\u00a0NO CONSIDERA LA EXISTENCIA DE LA M\u00daSICA POPULAR A QUIENES NOS HEMOS DEDICADO LA VIDA ENTERA A CREARLA Y DIFUNDIRLA.<\/p>\n<p style=\"font-weight: 400;\">TENGO ENTENDIDO QUE A PARTIR DE AHORA Y SEG\u00daN DECLARACIONES DE LA PROPIA MINISTRA DE LAS\u00a0CULTURAS, LAS\u00a0ARTES\u00a0Y EL PATRIMONIO, SE ORDENAR\u00c1N LAS POSTULACIONES Y\u00a0SE DETERMINAR\u00c1N LOS ESPACIOS SIN TRUCOS NI DISCRIMINACI\u00d3N A LA M\u00daSICA POPULAR Y DOCTA.<\/p>\n<p style=\"font-weight: 400;\">SEGUIR\u00c9 CON M\u00c1S FUERZA QUE NUNCA APORTANDO CON MIS NUEVAS M\u00daSICAS Y CANTOS,\u00a0SEGURA\u00a0DE\u00a0QUE LAS GENERACIONES DE ARTISTAS DEL FUTURO EN EL ARTE Y LA CREACI\u00d3N TENDR\u00c1N SU LUGAR SIN OBST\u00c1CULOS NI\u00a0MARGINALIZACI\u00d3N DE G\u00c9NERO EN SUS POSTULACIONES.<\/p>\n<p style=\"font-weight: 400;\">SIEMPRE AGRADECIDA. ISABEL PARRA.<br \/>\n2 DE NOVIEMBRE 2018.<\/p>\n","protected":false},"excerpt":{"rendered":"<p>ESTIMADOS AMIGAS Y AMIGOS. QUIERO EXPRESAR MIS M\u00c1S SINCEROS AGRADECIMIENTOS A LAS PERSONAS Y ENTIDADES QUE SE COMPROMETIERON CONMIGO A AYUDAR EN ESTAS JORNADAS DE POSTULACI\u00d3N AL PREMIO NACIONAL DE ARTES MUSICALES DEL PRESENTE\u00a0A\u00d1O. EN PRIMER LUGAR A NUESTRA DIRECTORA EJECUTIVA DEL MUSEO VIOLETA PARRA,\u00a0SRA. CECILIA GARC\u00cdA-HUIDOBRO,\u00a0QUE ME PROPUSO ESTA POSTULACI\u00d3N COMPROMETIENDO AL MUSEO Y [&hellip;]<\/p>\n","protected":false},"author":5,"featured_media":5420,"comment_status":"open","ping_status":"open","sticky":false,"template":"","format":"standard","meta":{"site-sidebar-layout":"default","site-content-layout":"","ast-site-content-layout":"default","site-content-style":"default","site-sidebar-style":"default","ast-global-header-display":"","ast-banner-title-visibility":"","ast-main-header-display":"","ast-hfb-above-header-display":"","ast-hfb-below-header-display":"","ast-hfb-mobile-header-display":"","site-post-title":"","ast-breadcrumbs-content":"","ast-featured-img":"","footer-sml-layout":"","theme-transparent-header-meta":"","adv-header-id-meta":"","stick-header-meta":"","header-above-stick-meta":"","header-main-stick-meta":"","header-below-stick-meta":"","astra-migrate-meta-layouts":"default","ast-page-background-enabled":"default","ast-page-background-meta":{"desktop":{"background-color":"var(--ast-global-color-4)","background-image":"","background-repeat":"repeat","background-position":"center center","background-size":"auto","background-attachment":"scroll","background-type":"","background-media":"","overlay-type":"","overlay-color":"","overlay-opacity":"","overlay-gradient":""},"tablet":{"background-color":"","background-image":"","background-repeat":"repeat","background-position":"center center","background-size":"auto","background-attachment":"scroll","background-type":"","background-media":"","overlay-type":"","overlay-color":"","overlay-opacity":"","overlay-gradient":""},"mobile":{"background-color":"","background-image":"","background-repeat":"repeat","background-position":"center center","background-size":"auto","background-attachment":"scroll","background-type":"","background-media":"","overlay-type":"","overlay-color":"","overlay-opacity":"","overlay-gradient":""}},"ast-content-background-meta":{"desktop":{"background-color":"var(--ast-global-color-5)","background-image":"","background-repeat":"repeat","background-position":"center center","background-size":"auto","background-attachment":"scroll","background-type":"","background-media":"","overlay-type":"","overlay-color":"","overlay-opacity":"","overlay-gradient":""},"tablet":{"background-color":"var(--ast-global-color-5)","background-image":"","background-repeat":"repeat","background-position":"center center","background-size":"auto","background-attachment":"scroll","background-type":"","background-media":"","overlay-type":"","overlay-color":"","overlay-opacity":"","overlay-gradient":""},"mobile":{"background-color":"var(--ast-global-color-5)","background-image":"","background-repeat":"repeat","background-position":"center center","background-size":"auto","background-attachment":"scroll","background-type":"","background-media":"","overlay-type":"","overlay-color":"","overlay-opacity":"","overlay-gradient":""}},"footnotes":""},"categories":[59,8,61],"tags":[43],"class_list":["post-16994","post","type-post","status-publish","format-standard","has-post-thumbnail","hentry","category-destacado-noticia","category-noticias","category-novedades","tag-isabel-parra"],"yoast_head":"<!-- This site is optimized with the Yoast SEO plugin v25.4 - https:\/\/yoast.com\/wordpress\/plugins\/seo\/ -->\n<title>Agradecimientos de Isabel Parra por apoyo a su postulaci\u00f3n al Premio Nacional de Artes Musicales - Museo Violeta Parra<\/title>\n<meta name=\"robots\" content=\"index, follow, max-snippet:-1, max-image-preview:large, max-video-preview:-1\" \/>\n<link rel=\"canonical\" href=\"http:\/\/vientosur.top\/museo\/agradecimientos-isabel-parra-apoyo-postulacion-al-premio-nacional-artes-musicales\/\" \/>\n<meta property=\"og:locale\" content=\"es_ES\" \/>\n<meta property=\"og:type\" content=\"article\" \/>\n<meta property=\"og:title\" content=\"Agradecimientos de Isabel Parra por apoyo a su postulaci\u00f3n al Premio Nacional de Artes Musicales - Museo Violeta Parra\" \/>\n<meta property=\"og:description\" content=\"ESTIMADOS AMIGAS Y AMIGOS. QUIERO EXPRESAR MIS M\u00c1S SINCEROS AGRADECIMIENTOS A LAS PERSONAS Y ENTIDADES QUE SE COMPROMETIERON CONMIGO A AYUDAR EN ESTAS JORNADAS DE POSTULACI\u00d3N AL PREMIO NACIONAL DE ARTES MUSICALES DEL PRESENTE\u00a0A\u00d1O. EN PRIMER LUGAR A NUESTRA DIRECTORA EJECUTIVA DEL MUSEO VIOLETA PARRA,\u00a0SRA. CECILIA GARC\u00cdA-HUIDOBRO,\u00a0QUE ME PROPUSO ESTA POSTULACI\u00d3N COMPROMETIENDO AL MUSEO Y [&hellip;]\" \/>\n<meta property=\"og:url\" content=\"http:\/\/vientosur.top\/museo\/agradecimientos-isabel-parra-apoyo-postulacion-al-premio-nacional-artes-musicales\/\" \/>\n<meta property=\"og:site_name\" content=\"Museo Violeta Parra\" \/>\n<meta property=\"article:published_time\" content=\"2018-11-05T12:27:07+00:00\" \/>\n<meta property=\"og:image\" content=\"http:\/\/vientosur.top\/museo\/wp-content\/uploads\/2017\/10\/isabel.jpg\" \/>\n\t<meta property=\"og:image:width\" content=\"1063\" \/>\n\t<meta property=\"og:image:height\" content=\"709\" \/>\n\t<meta property=\"og:image:type\" content=\"image\/jpeg\" \/>\n<meta name=\"author\" content=\"admin\" \/>\n<meta name=\"twitter:card\" content=\"summary_large_image\" \/>\n<meta name=\"twitter:label1\" content=\"Escrito por\" \/>\n\t<meta name=\"twitter:data1\" content=\"admin\" \/>\n\t<meta name=\"twitter:label2\" content=\"Tiempo de lectura\" \/>\n\t<meta name=\"twitter:data2\" content=\"2 minutos\" \/>\n<script type=\"application\/ld+json\" class=\"yoast-schema-graph\">{\"@context\":\"https:\/\/schema.org\",\"@graph\":[{\"@type\":\"WebPage\",\"@id\":\"http:\/\/vientosur.top\/museo\/agradecimientos-isabel-parra-apoyo-postulacion-al-premio-nacional-artes-musicales\/\",\"url\":\"http:\/\/vientosur.top\/museo\/agradecimientos-isabel-parra-apoyo-postulacion-al-premio-nacional-artes-musicales\/\",\"name\":\"Agradecimientos de Isabel Parra por apoyo a su postulaci\u00f3n al Premio Nacional de Artes Musicales - Museo Violeta Parra\",\"isPartOf\":{\"@id\":\"http:\/\/vientosur.top\/museo\/#website\"},\"primaryImageOfPage\":{\"@id\":\"http:\/\/vientosur.top\/museo\/agradecimientos-isabel-parra-apoyo-postulacion-al-premio-nacional-artes-musicales\/#primaryimage\"},\"image\":{\"@id\":\"http:\/\/vientosur.top\/museo\/agradecimientos-isabel-parra-apoyo-postulacion-al-premio-nacional-artes-musicales\/#primaryimage\"},\"thumbnailUrl\":\"http:\/\/vientosur.top\/museo\/wp-content\/uploads\/2017\/10\/isabel.jpg\",\"datePublished\":\"2018-11-05T12:27:07+00:00\",\"author\":{\"@id\":\"http:\/\/vientosur.top\/museo\/#\/schema\/person\/20c79d3c38800971feec8c2693c3dd9c\"},\"breadcrumb\":{\"@id\":\"http:\/\/vientosur.top\/museo\/agradecimientos-isabel-parra-apoyo-postulacion-al-premio-nacional-artes-musicales\/#breadcrumb\"},\"inLanguage\":\"es\",\"potentialAction\":[{\"@type\":\"ReadAction\",\"target\":[\"http:\/\/vientosur.top\/museo\/agradecimientos-isabel-parra-apoyo-postulacion-al-premio-nacional-artes-musicales\/\"]}]},{\"@type\":\"ImageObject\",\"inLanguage\":\"es\",\"@id\":\"http:\/\/vientosur.top\/museo\/agradecimientos-isabel-parra-apoyo-postulacion-al-premio-nacional-artes-musicales\/#primaryimage\",\"url\":\"http:\/\/vientosur.top\/museo\/wp-content\/uploads\/2017\/10\/isabel.jpg\",\"contentUrl\":\"http:\/\/vientosur.top\/museo\/wp-content\/uploads\/2017\/10\/isabel.jpg\",\"width\":1063,\"height\":709},{\"@type\":\"BreadcrumbList\",\"@id\":\"http:\/\/vientosur.top\/museo\/agradecimientos-isabel-parra-apoyo-postulacion-al-premio-nacional-artes-musicales\/#breadcrumb\",\"itemListElement\":[{\"@type\":\"ListItem\",\"position\":1,\"name\":\"Portada\",\"item\":\"http:\/\/vientosur.top\/museo\/\"},{\"@type\":\"ListItem\",\"position\":2,\"name\":\"Agradecimientos de Isabel Parra por apoyo a su postulaci\u00f3n al Premio Nacional de Artes Musicales\"}]},{\"@type\":\"WebSite\",\"@id\":\"http:\/\/vientosur.top\/museo\/#website\",\"url\":\"http:\/\/vientosur.top\/museo\/\",\"name\":\"Museo Violeta Parra\",\"description\":\"Espacio que alberga tanto la memoria y legado creativo de la artista\",\"potentialAction\":[{\"@type\":\"SearchAction\",\"target\":{\"@type\":\"EntryPoint\",\"urlTemplate\":\"http:\/\/vientosur.top\/museo\/?s={search_term_string}\"},\"query-input\":{\"@type\":\"PropertyValueSpecification\",\"valueRequired\":true,\"valueName\":\"search_term_string\"}}],\"inLanguage\":\"es\"},{\"@type\":\"Person\",\"@id\":\"http:\/\/vientosur.top\/museo\/#\/schema\/person\/20c79d3c38800971feec8c2693c3dd9c\",\"name\":\"admin\",\"image\":{\"@type\":\"ImageObject\",\"inLanguage\":\"es\",\"@id\":\"http:\/\/vientosur.top\/museo\/#\/schema\/person\/image\/\",\"url\":\"https:\/\/secure.gravatar.com\/avatar\/713677ece3ffa642287213a80e5b773bce9ab81c269dd6d95102a990951c922f?s=96&d=mm&r=g\",\"contentUrl\":\"https:\/\/secure.gravatar.com\/avatar\/713677ece3ffa642287213a80e5b773bce9ab81c269dd6d95102a990951c922f?s=96&d=mm&r=g\",\"caption\":\"admin\"},\"sameAs\":[\"http:\/\/vientosur.top\/museo\"],\"url\":\"http:\/\/vientosur.top\/museo\/author\/comunicacionesmvp\/\"}]}<\/script>\n<!-- \/ Yoast SEO plugin. -->","yoast_head_json":{"title":"Agradecimientos de Isabel Parra por apoyo a su postulaci\u00f3n al Premio Nacional de Artes Musicales - Museo Violeta Parra","robots":{"index":"index","follow":"follow","max-snippet":"max-snippet:-1","max-image-preview":"max-image-preview:large","max-video-preview":"max-video-preview:-1"},"canonical":"http:\/\/vientosur.top\/museo\/agradecimientos-isabel-parra-apoyo-postulacion-al-premio-nacional-artes-musicales\/","og_locale":"es_ES","og_type":"article","og_title":"Agradecimientos de Isabel Parra por apoyo a su postulaci\u00f3n al Premio Nacional de Artes Musicales - Museo Violeta Parra","og_description":"ESTIMADOS AMIGAS Y AMIGOS. QUIERO EXPRESAR MIS M\u00c1S SINCEROS AGRADECIMIENTOS A LAS PERSONAS Y ENTIDADES QUE SE COMPROMETIERON CONMIGO A AYUDAR EN ESTAS JORNADAS DE POSTULACI\u00d3N AL PREMIO NACIONAL DE ARTES MUSICALES DEL PRESENTE\u00a0A\u00d1O. EN PRIMER LUGAR A NUESTRA DIRECTORA EJECUTIVA DEL MUSEO VIOLETA PARRA,\u00a0SRA. CECILIA GARC\u00cdA-HUIDOBRO,\u00a0QUE ME PROPUSO ESTA POSTULACI\u00d3N COMPROMETIENDO AL MUSEO Y [&hellip;]","og_url":"http:\/\/vientosur.top\/museo\/agradecimientos-isabel-parra-apoyo-postulacion-al-premio-nacional-artes-musicales\/","og_site_name":"Museo Violeta Parra","article_published_time":"2018-11-05T12:27:07+00:00","og_image":[{"width":1063,"height":709,"url":"http:\/\/vientosur.top\/museo\/wp-content\/uploads\/2017\/10\/isabel.jpg","type":"image\/jpeg"}],"author":"admin","twitter_card":"summary_large_image","twitter_misc":{"Escrito por":"admin","Tiempo de lectura":"2 minutos"},"schema":{"@context":"https:\/\/schema.org","@graph":[{"@type":"WebPage","@id":"http:\/\/vientosur.top\/museo\/agradecimientos-isabel-parra-apoyo-postulacion-al-premio-nacional-artes-musicales\/","url":"http:\/\/vientosur.top\/museo\/agradecimientos-isabel-parra-apoyo-postulacion-al-premio-nacional-artes-musicales\/","name":"Agradecimientos de Isabel Parra por apoyo a su postulaci\u00f3n al Premio Nacional de Artes Musicales - Museo Violeta Parra","isPartOf":{"@id":"http:\/\/vientosur.top\/museo\/#website"},"primaryImageOfPage":{"@id":"http:\/\/vientosur.top\/museo\/agradecimientos-isabel-parra-apoyo-postulacion-al-premio-nacional-artes-musicales\/#primaryimage"},"image":{"@id":"http:\/\/vientosur.top\/museo\/agradecimientos-isabel-parra-apoyo-postulacion-al-premio-nacional-artes-musicales\/#primaryimage"},"thumbnailUrl":"http:\/\/vientosur.top\/museo\/wp-content\/uploads\/2017\/10\/isabel.jpg","datePublished":"2018-11-05T12:27:07+00:00","author":{"@id":"http:\/\/vientosur.top\/museo\/#\/schema\/person\/20c79d3c38800971feec8c2693c3dd9c"},"breadcrumb":{"@id":"http:\/\/vientosur.top\/museo\/agradecimientos-isabel-parra-apoyo-postulacion-al-premio-nacional-artes-musicales\/#breadcrumb"},"inLanguage":"es","potentialAction":[{"@type":"ReadAction","target":["http:\/\/vientosur.top\/museo\/agradecimientos-isabel-parra-apoyo-postulacion-al-premio-nacional-artes-musicales\/"]}]},{"@type":"ImageObject","inLanguage":"es","@id":"http:\/\/vientosur.top\/museo\/agradecimientos-isabel-parra-apoyo-postulacion-al-premio-nacional-artes-musicales\/#primaryimage","url":"http:\/\/vientosur.top\/museo\/wp-content\/uploads\/2017\/10\/isabel.jpg","contentUrl":"http:\/\/vientosur.top\/museo\/wp-content\/uploads\/2017\/10\/isabel.jpg","width":1063,"height":709},{"@type":"BreadcrumbList","@id":"http:\/\/vientosur.top\/museo\/agradecimientos-isabel-parra-apoyo-postulacion-al-premio-nacional-artes-musicales\/#breadcrumb","itemListElement":[{"@type":"ListItem","position":1,"name":"Portada","item":"http:\/\/vientosur.top\/museo\/"},{"@type":"ListItem","position":2,"name":"Agradecimientos de Isabel Parra por apoyo a su postulaci\u00f3n al Premio Nacional de Artes Musicales"}]},{"@type":"WebSite","@id":"http:\/\/vientosur.top\/museo\/#website","url":"http:\/\/vientosur.top\/museo\/","name":"Museo Violeta Parra","description":"Espacio que alberga tanto la memoria y legado creativo de la artista","potentialAction":[{"@type":"SearchAction","target":{"@type":"EntryPoint","urlTemplate":"http:\/\/vientosur.top\/museo\/?s={search_term_string}"},"query-input":{"@type":"PropertyValueSpecification","valueRequired":true,"valueName":"search_term_string"}}],"inLanguage":"es"},{"@type":"Person","@id":"http:\/\/vientosur.top\/museo\/#\/schema\/person\/20c79d3c38800971feec8c2693c3dd9c","name":"admin","image":{"@type":"ImageObject","inLanguage":"es","@id":"http:\/\/vientosur.top\/museo\/#\/schema\/person\/image\/","url":"https:\/\/secure.gravatar.com\/avatar\/713677ece3ffa642287213a80e5b773bce9ab81c269dd6d95102a990951c922f?s=96&d=mm&r=g","contentUrl":"https:\/\/secure.gravatar.com\/avatar\/713677ece3ffa642287213a80e5b773bce9ab81c269dd6d95102a990951c922f?s=96&d=mm&r=g","caption":"admin"},"sameAs":["http:\/\/vientosur.top\/museo"],"url":"http:\/\/vientosur.top\/museo\/author\/comunicacionesmvp\/"}]}},"_links":{"self":[{"href":"http:\/\/vientosur.top\/museo\/wp-json\/wp\/v2\/posts\/16994","targetHints":{"allow":["GET"]}}],"collection":[{"href":"http:\/\/vientosur.top\/museo\/wp-json\/wp\/v2\/posts"}],"about":[{"href":"http:\/\/vientosur.top\/museo\/wp-json\/wp\/v2\/types\/post"}],"author":[{"embeddable":true,"href":"http:\/\/vientosur.top\/museo\/wp-json\/wp\/v2\/users\/5"}],"replies":[{"embeddable":true,"href":"http:\/\/vientosur.top\/museo\/wp-json\/wp\/v2\/comments?post=16994"}],"version-history":[{"count":0,"href":"http:\/\/vientosur.top\/museo\/wp-json\/wp\/v2\/posts\/16994\/revisions"}],"wp:featuredmedia":[{"embeddable":true,"href":"http:\/\/vientosur.top\/museo\/wp-json\/wp\/v2\/media\/5420"}],"wp:attachment":[{"href":"http:\/\/vientosur.top\/museo\/wp-json\/wp\/v2\/media?parent=16994"}],"wp:term":[{"taxonomy":"category","embeddable":true,"href":"http:\/\/vientosur.top\/museo\/wp-json\/wp\/v2\/categories?post=16994"},{"taxonomy":"post_tag","embeddable":true,"href":"http:\/\/vientosur.top\/museo\/wp-json\/wp\/v2\/tags?post=16994"}],"curies":[{"name":"wp","href":"https:\/\/api.w.org\/{rel}","templated":true}]}}