{"id":17015,"date":"2018-11-08T09:50:27","date_gmt":"2018-11-08T14:50:27","guid":{"rendered":"http:\/\/vientosur.top\/museo\/?p=17015"},"modified":"2018-11-08T09:50:27","modified_gmt":"2018-11-08T14:50:27","slug":"escritor-panameno-javier-alvarado-ofrecera-recital-poetico-este-jueves","status":"publish","type":"post","link":"http:\/\/vientosur.top\/museo\/escritor-panameno-javier-alvarado-ofrecera-recital-poetico-este-jueves\/","title":{"rendered":"Poeta paname\u00f1o Javier Alvarado present\u00f3 su obra literaria en el Ciclo Los Pueblos Americanos"},"content":{"rendered":"<p>En el marco del mes de la Independencia de Panam\u00e1, el autor de los libros \u201cTiempos de vida y muerte\u201d, \u201cPoemas para caminar bajo un paraguas\u201d y \u201cEl mar que me habita\u201d ley\u00f3 parte de su obra en la tercera sesi\u00f3n del Ciclo Los Pueblos Americanos del museo.<\/p>\n<p>El vate fue presentado por Cecilia Garc\u00eda-Huidobro, Directora del Museo Violeta Parra, y por Marcela Paredes de V\u00e1squez, Embajadora de Panam\u00e1 en Chile. La actividad cont\u00f3 con la participaci\u00f3n de los estudiantes de la Escuela Rep\u00fablica de Panam\u00e1.<\/p>\n<p><iframe style=\"border: none; overflow: hidden;\" src=\"https:\/\/www.facebook.com\/plugins\/video.php?href=https%3A%2F%2Fwww.facebook.com%2FMuseoVioletaParra%2Fvideos%2F2269830129717748%2F&amp;show_text=0&amp;width=560\" width=\"560\" height=\"315\" frameborder=\"0\" scrolling=\"no\" allowfullscreen=\"allowfullscreen\"><\/iframe><\/p>\n<p><strong>Sobre el autor<br \/>\n<\/strong><br \/>\nJavier Alvarado (1982) ha recibido el Premio Nacional de Poes\u00eda Joven de Panam\u00e1 y el Premio Internacional de Poes\u00eda Rub\u00e9n Dar\u00edo de Nicaragua, entre otros galardones.<\/p>\n<p><a href=\"https:\/\/www.facebook.com\/pg\/MuseoVioletaParra\/photos\/?tab=album&amp;album_id=2239120219664720\" target=\"_blank\" rel=\"noopener noreferrer\"><strong><br \/>\nVer galer\u00eda de im\u00e1genes\u00a0<\/strong><\/a><\/p>\n<p>&nbsp;<\/p>\n","protected":false},"excerpt":{"rendered":"<p>En el marco del mes de la Independencia de Panam\u00e1, el autor de los libros \u201cTiempos de vida y muerte\u201d, \u201cPoemas para caminar bajo un paraguas\u201d y \u201cEl mar que me habita\u201d ley\u00f3 parte de su obra en la tercera sesi\u00f3n del Ciclo Los Pueblos Americanos del museo. El vate fue presentado por Cecilia Garc\u00eda-Huidobro, [&hellip;]<\/p>\n","protected":false},"author":5,"featured_media":17046,"comment_status":"open","ping_status":"open","sticky":false,"template":"","format":"standard","meta":{"site-sidebar-layout":"default","site-content-layout":"","ast-site-content-layout":"default","site-content-style":"default","site-sidebar-style":"default","ast-global-header-display":"","ast-banner-title-visibility":"","ast-main-header-display":"","ast-hfb-above-header-display":"","ast-hfb-below-header-display":"","ast-hfb-mobile-header-display":"","site-post-title":"","ast-breadcrumbs-content":"","ast-featured-img":"","footer-sml-layout":"","theme-transparent-header-meta":"","adv-header-id-meta":"","stick-header-meta":"","header-above-stick-meta":"","header-main-stick-meta":"","header-below-stick-meta":"","astra-migrate-meta-layouts":"default","ast-page-background-enabled":"default","ast-page-background-meta":{"desktop":{"background-color":"var(--ast-global-color-4)","background-image":"","background-repeat":"repeat","background-position":"center center","background-size":"auto","background-attachment":"scroll","background-type":"","background-media":"","overlay-type":"","overlay-color":"","overlay-opacity":"","overlay-gradient":""},"tablet":{"background-color":"","background-image":"","background-repeat":"repeat","background-position":"center center","background-size":"auto","background-attachment":"scroll","background-type":"","background-media":"","overlay-type":"","overlay-color":"","overlay-opacity":"","overlay-gradient":""},"mobile":{"background-color":"","background-image":"","background-repeat":"repeat","background-position":"center center","background-size":"auto","background-attachment":"scroll","background-type":"","background-media":"","overlay-type":"","overlay-color":"","overlay-opacity":"","overlay-gradient":""}},"ast-content-background-meta":{"desktop":{"background-color":"var(--ast-global-color-5)","background-image":"","background-repeat":"repeat","background-position":"center center","background-size":"auto","background-attachment":"scroll","background-type":"","background-media":"","overlay-type":"","overlay-color":"","overlay-opacity":"","overlay-gradient":""},"tablet":{"background-color":"var(--ast-global-color-5)","background-image":"","background-repeat":"repeat","background-position":"center center","background-size":"auto","background-attachment":"scroll","background-type":"","background-media":"","overlay-type":"","overlay-color":"","overlay-opacity":"","overlay-gradient":""},"mobile":{"background-color":"var(--ast-global-color-5)","background-image":"","background-repeat":"repeat","background-position":"center center","background-size":"auto","background-attachment":"scroll","background-type":"","background-media":"","overlay-type":"","overlay-color":"","overlay-opacity":"","overlay-gradient":""}},"footnotes":""},"categories":[59,8,61],"tags":[],"class_list":["post-17015","post","type-post","status-publish","format-standard","has-post-thumbnail","hentry","category-destacado-noticia","category-noticias","category-novedades"],"yoast_head":"<!-- This site is optimized with the Yoast SEO plugin v25.4 - https:\/\/yoast.com\/wordpress\/plugins\/seo\/ -->\n<title>Poeta paname\u00f1o Javier Alvarado present\u00f3 su obra literaria en el Ciclo Los Pueblos Americanos - Museo Violeta Parra<\/title>\n<meta name=\"robots\" content=\"index, follow, max-snippet:-1, max-image-preview:large, max-video-preview:-1\" \/>\n<link rel=\"canonical\" href=\"http:\/\/vientosur.top\/museo\/escritor-panameno-javier-alvarado-ofrecera-recital-poetico-este-jueves\/\" \/>\n<meta property=\"og:locale\" content=\"es_ES\" \/>\n<meta property=\"og:type\" content=\"article\" \/>\n<meta property=\"og:title\" content=\"Poeta paname\u00f1o Javier Alvarado present\u00f3 su obra literaria en el Ciclo Los Pueblos Americanos - Museo Violeta Parra\" \/>\n<meta property=\"og:description\" content=\"En el marco del mes de la Independencia de Panam\u00e1, el autor de los libros \u201cTiempos de vida y muerte\u201d, \u201cPoemas para caminar bajo un paraguas\u201d y \u201cEl mar que me habita\u201d ley\u00f3 parte de su obra en la tercera sesi\u00f3n del Ciclo Los Pueblos Americanos del museo. El vate fue presentado por Cecilia Garc\u00eda-Huidobro, [&hellip;]\" \/>\n<meta property=\"og:url\" content=\"http:\/\/vientosur.top\/museo\/escritor-panameno-javier-alvarado-ofrecera-recital-poetico-este-jueves\/\" \/>\n<meta property=\"og:site_name\" content=\"Museo Violeta Parra\" \/>\n<meta property=\"article:published_time\" content=\"2018-11-08T14:50:27+00:00\" \/>\n<meta property=\"og:image\" content=\"http:\/\/vientosur.top\/museo\/wp-content\/uploads\/2018\/11\/DSC_0687-scaled.jpg\" \/>\n\t<meta property=\"og:image:width\" content=\"2560\" \/>\n\t<meta property=\"og:image:height\" content=\"1614\" \/>\n\t<meta property=\"og:image:type\" content=\"image\/jpeg\" \/>\n<meta name=\"author\" content=\"admin\" \/>\n<meta name=\"twitter:card\" content=\"summary_large_image\" \/>\n<meta name=\"twitter:label1\" content=\"Escrito por\" \/>\n\t<meta name=\"twitter:data1\" content=\"admin\" \/>\n\t<meta name=\"twitter:label2\" content=\"Tiempo de lectura\" \/>\n\t<meta name=\"twitter:data2\" content=\"1 minuto\" \/>\n<script type=\"application\/ld+json\" class=\"yoast-schema-graph\">{\"@context\":\"https:\/\/schema.org\",\"@graph\":[{\"@type\":\"WebPage\",\"@id\":\"http:\/\/vientosur.top\/museo\/escritor-panameno-javier-alvarado-ofrecera-recital-poetico-este-jueves\/\",\"url\":\"http:\/\/vientosur.top\/museo\/escritor-panameno-javier-alvarado-ofrecera-recital-poetico-este-jueves\/\",\"name\":\"Poeta paname\u00f1o Javier Alvarado present\u00f3 su obra literaria en el Ciclo Los Pueblos Americanos - Museo Violeta Parra\",\"isPartOf\":{\"@id\":\"http:\/\/vientosur.top\/museo\/#website\"},\"primaryImageOfPage\":{\"@id\":\"http:\/\/vientosur.top\/museo\/escritor-panameno-javier-alvarado-ofrecera-recital-poetico-este-jueves\/#primaryimage\"},\"image\":{\"@id\":\"http:\/\/vientosur.top\/museo\/escritor-panameno-javier-alvarado-ofrecera-recital-poetico-este-jueves\/#primaryimage\"},\"thumbnailUrl\":\"http:\/\/vientosur.top\/museo\/wp-content\/uploads\/2018\/11\/DSC_0687-scaled.jpg\",\"datePublished\":\"2018-11-08T14:50:27+00:00\",\"author\":{\"@id\":\"http:\/\/vientosur.top\/museo\/#\/schema\/person\/20c79d3c38800971feec8c2693c3dd9c\"},\"breadcrumb\":{\"@id\":\"http:\/\/vientosur.top\/museo\/escritor-panameno-javier-alvarado-ofrecera-recital-poetico-este-jueves\/#breadcrumb\"},\"inLanguage\":\"es\",\"potentialAction\":[{\"@type\":\"ReadAction\",\"target\":[\"http:\/\/vientosur.top\/museo\/escritor-panameno-javier-alvarado-ofrecera-recital-poetico-este-jueves\/\"]}]},{\"@type\":\"ImageObject\",\"inLanguage\":\"es\",\"@id\":\"http:\/\/vientosur.top\/museo\/escritor-panameno-javier-alvarado-ofrecera-recital-poetico-este-jueves\/#primaryimage\",\"url\":\"http:\/\/vientosur.top\/museo\/wp-content\/uploads\/2018\/11\/DSC_0687-scaled.jpg\",\"contentUrl\":\"http:\/\/vientosur.top\/museo\/wp-content\/uploads\/2018\/11\/DSC_0687-scaled.jpg\",\"width\":2560,\"height\":1614},{\"@type\":\"BreadcrumbList\",\"@id\":\"http:\/\/vientosur.top\/museo\/escritor-panameno-javier-alvarado-ofrecera-recital-poetico-este-jueves\/#breadcrumb\",\"itemListElement\":[{\"@type\":\"ListItem\",\"position\":1,\"name\":\"Portada\",\"item\":\"http:\/\/vientosur.top\/museo\/\"},{\"@type\":\"ListItem\",\"position\":2,\"name\":\"Poeta paname\u00f1o Javier Alvarado present\u00f3 su obra literaria en el Ciclo Los Pueblos Americanos\"}]},{\"@type\":\"WebSite\",\"@id\":\"http:\/\/vientosur.top\/museo\/#website\",\"url\":\"http:\/\/vientosur.top\/museo\/\",\"name\":\"Museo Violeta Parra\",\"description\":\"Espacio que alberga tanto la memoria y legado creativo de la artista\",\"potentialAction\":[{\"@type\":\"SearchAction\",\"target\":{\"@type\":\"EntryPoint\",\"urlTemplate\":\"http:\/\/vientosur.top\/museo\/?s={search_term_string}\"},\"query-input\":{\"@type\":\"PropertyValueSpecification\",\"valueRequired\":true,\"valueName\":\"search_term_string\"}}],\"inLanguage\":\"es\"},{\"@type\":\"Person\",\"@id\":\"http:\/\/vientosur.top\/museo\/#\/schema\/person\/20c79d3c38800971feec8c2693c3dd9c\",\"name\":\"admin\",\"image\":{\"@type\":\"ImageObject\",\"inLanguage\":\"es\",\"@id\":\"http:\/\/vientosur.top\/museo\/#\/schema\/person\/image\/\",\"url\":\"https:\/\/secure.gravatar.com\/avatar\/713677ece3ffa642287213a80e5b773bce9ab81c269dd6d95102a990951c922f?s=96&d=mm&r=g\",\"contentUrl\":\"https:\/\/secure.gravatar.com\/avatar\/713677ece3ffa642287213a80e5b773bce9ab81c269dd6d95102a990951c922f?s=96&d=mm&r=g\",\"caption\":\"admin\"},\"sameAs\":[\"http:\/\/vientosur.top\/museo\"],\"url\":\"http:\/\/vientosur.top\/museo\/author\/comunicacionesmvp\/\"}]}<\/script>\n<!-- \/ Yoast SEO plugin. -->","yoast_head_json":{"title":"Poeta paname\u00f1o Javier Alvarado present\u00f3 su obra literaria en el Ciclo Los Pueblos Americanos - Museo Violeta Parra","robots":{"index":"index","follow":"follow","max-snippet":"max-snippet:-1","max-image-preview":"max-image-preview:large","max-video-preview":"max-video-preview:-1"},"canonical":"http:\/\/vientosur.top\/museo\/escritor-panameno-javier-alvarado-ofrecera-recital-poetico-este-jueves\/","og_locale":"es_ES","og_type":"article","og_title":"Poeta paname\u00f1o Javier Alvarado present\u00f3 su obra literaria en el Ciclo Los Pueblos Americanos - Museo Violeta Parra","og_description":"En el marco del mes de la Independencia de Panam\u00e1, el autor de los libros \u201cTiempos de vida y muerte\u201d, \u201cPoemas para caminar bajo un paraguas\u201d y \u201cEl mar que me habita\u201d ley\u00f3 parte de su obra en la tercera sesi\u00f3n del Ciclo Los Pueblos Americanos del museo. El vate fue presentado por Cecilia Garc\u00eda-Huidobro, [&hellip;]","og_url":"http:\/\/vientosur.top\/museo\/escritor-panameno-javier-alvarado-ofrecera-recital-poetico-este-jueves\/","og_site_name":"Museo Violeta Parra","article_published_time":"2018-11-08T14:50:27+00:00","og_image":[{"width":2560,"height":1614,"url":"http:\/\/vientosur.top\/museo\/wp-content\/uploads\/2018\/11\/DSC_0687-scaled.jpg","type":"image\/jpeg"}],"author":"admin","twitter_card":"summary_large_image","twitter_misc":{"Escrito por":"admin","Tiempo de lectura":"1 minuto"},"schema":{"@context":"https:\/\/schema.org","@graph":[{"@type":"WebPage","@id":"http:\/\/vientosur.top\/museo\/escritor-panameno-javier-alvarado-ofrecera-recital-poetico-este-jueves\/","url":"http:\/\/vientosur.top\/museo\/escritor-panameno-javier-alvarado-ofrecera-recital-poetico-este-jueves\/","name":"Poeta paname\u00f1o Javier Alvarado present\u00f3 su obra literaria en el Ciclo Los Pueblos Americanos - Museo Violeta Parra","isPartOf":{"@id":"http:\/\/vientosur.top\/museo\/#website"},"primaryImageOfPage":{"@id":"http:\/\/vientosur.top\/museo\/escritor-panameno-javier-alvarado-ofrecera-recital-poetico-este-jueves\/#primaryimage"},"image":{"@id":"http:\/\/vientosur.top\/museo\/escritor-panameno-javier-alvarado-ofrecera-recital-poetico-este-jueves\/#primaryimage"},"thumbnailUrl":"http:\/\/vientosur.top\/museo\/wp-content\/uploads\/2018\/11\/DSC_0687-scaled.jpg","datePublished":"2018-11-08T14:50:27+00:00","author":{"@id":"http:\/\/vientosur.top\/museo\/#\/schema\/person\/20c79d3c38800971feec8c2693c3dd9c"},"breadcrumb":{"@id":"http:\/\/vientosur.top\/museo\/escritor-panameno-javier-alvarado-ofrecera-recital-poetico-este-jueves\/#breadcrumb"},"inLanguage":"es","potentialAction":[{"@type":"ReadAction","target":["http:\/\/vientosur.top\/museo\/escritor-panameno-javier-alvarado-ofrecera-recital-poetico-este-jueves\/"]}]},{"@type":"ImageObject","inLanguage":"es","@id":"http:\/\/vientosur.top\/museo\/escritor-panameno-javier-alvarado-ofrecera-recital-poetico-este-jueves\/#primaryimage","url":"http:\/\/vientosur.top\/museo\/wp-content\/uploads\/2018\/11\/DSC_0687-scaled.jpg","contentUrl":"http:\/\/vientosur.top\/museo\/wp-content\/uploads\/2018\/11\/DSC_0687-scaled.jpg","width":2560,"height":1614},{"@type":"BreadcrumbList","@id":"http:\/\/vientosur.top\/museo\/escritor-panameno-javier-alvarado-ofrecera-recital-poetico-este-jueves\/#breadcrumb","itemListElement":[{"@type":"ListItem","position":1,"name":"Portada","item":"http:\/\/vientosur.top\/museo\/"},{"@type":"ListItem","position":2,"name":"Poeta paname\u00f1o Javier Alvarado present\u00f3 su obra literaria en el Ciclo Los Pueblos Americanos"}]},{"@type":"WebSite","@id":"http:\/\/vientosur.top\/museo\/#website","url":"http:\/\/vientosur.top\/museo\/","name":"Museo Violeta Parra","description":"Espacio que alberga tanto la memoria y legado creativo de la artista","potentialAction":[{"@type":"SearchAction","target":{"@type":"EntryPoint","urlTemplate":"http:\/\/vientosur.top\/museo\/?s={search_term_string}"},"query-input":{"@type":"PropertyValueSpecification","valueRequired":true,"valueName":"search_term_string"}}],"inLanguage":"es"},{"@type":"Person","@id":"http:\/\/vientosur.top\/museo\/#\/schema\/person\/20c79d3c38800971feec8c2693c3dd9c","name":"admin","image":{"@type":"ImageObject","inLanguage":"es","@id":"http:\/\/vientosur.top\/museo\/#\/schema\/person\/image\/","url":"https:\/\/secure.gravatar.com\/avatar\/713677ece3ffa642287213a80e5b773bce9ab81c269dd6d95102a990951c922f?s=96&d=mm&r=g","contentUrl":"https:\/\/secure.gravatar.com\/avatar\/713677ece3ffa642287213a80e5b773bce9ab81c269dd6d95102a990951c922f?s=96&d=mm&r=g","caption":"admin"},"sameAs":["http:\/\/vientosur.top\/museo"],"url":"http:\/\/vientosur.top\/museo\/author\/comunicacionesmvp\/"}]}},"_links":{"self":[{"href":"http:\/\/vientosur.top\/museo\/wp-json\/wp\/v2\/posts\/17015","targetHints":{"allow":["GET"]}}],"collection":[{"href":"http:\/\/vientosur.top\/museo\/wp-json\/wp\/v2\/posts"}],"about":[{"href":"http:\/\/vientosur.top\/museo\/wp-json\/wp\/v2\/types\/post"}],"author":[{"embeddable":true,"href":"http:\/\/vientosur.top\/museo\/wp-json\/wp\/v2\/users\/5"}],"replies":[{"embeddable":true,"href":"http:\/\/vientosur.top\/museo\/wp-json\/wp\/v2\/comments?post=17015"}],"version-history":[{"count":0,"href":"http:\/\/vientosur.top\/museo\/wp-json\/wp\/v2\/posts\/17015\/revisions"}],"wp:featuredmedia":[{"embeddable":true,"href":"http:\/\/vientosur.top\/museo\/wp-json\/wp\/v2\/media\/17046"}],"wp:attachment":[{"href":"http:\/\/vientosur.top\/museo\/wp-json\/wp\/v2\/media?parent=17015"}],"wp:term":[{"taxonomy":"category","embeddable":true,"href":"http:\/\/vientosur.top\/museo\/wp-json\/wp\/v2\/categories?post=17015"},{"taxonomy":"post_tag","embeddable":true,"href":"http:\/\/vientosur.top\/museo\/wp-json\/wp\/v2\/tags?post=17015"}],"curies":[{"name":"wp","href":"https:\/\/api.w.org\/{rel}","templated":true}]}}