{"id":17020,"date":"2018-11-06T09:53:50","date_gmt":"2018-11-06T14:53:50","guid":{"rendered":"http:\/\/vientosur.top\/museo\/?p=17020"},"modified":"2018-11-06T09:53:50","modified_gmt":"2018-11-06T14:53:50","slug":"reserva-gratis-entrada-recital-la-cancion-brasilena-socorro-lira","status":"publish","type":"post","link":"http:\/\/vientosur.top\/museo\/reserva-gratis-entrada-recital-la-cancion-brasilena-socorro-lira\/","title":{"rendered":"Socorro Lira present\u00f3 \u00abLa canci\u00f3n brasile\u00f1a\u00bb en Sala Antar"},"content":{"rendered":"<p>Socorro\u00a0Lira\u00a0es una cantautora, poeta-escritora y productora cultural brasile\u00f1a. La artista llega al Museo Violeta Parra precedida por una premiada carrera que incluye presentaciones en pa\u00edses de Europa, \u00c1frica, Am\u00e9rica Latina y Asia.<\/p>\n<p>\u00abLa canci\u00f3n brasile\u00f1a\u00bb, con canciones de autor\u00eda de la cantante y compositora ganadora del Premio de la M\u00fasica Brasile\u00f1a en 2012, est\u00e1 compuesto por un repertorio que aborda temas reveladores del paisaje natural, humano y social; que se refiere a la cultura brasile\u00f1a, a la existencia y a la fragilidad con que la vida se presenta en el cotidiano de la gran ciudad.<\/p>\n<p>En el repertorio se incluyen las canciones \u00abDelicado\u00bb (Socorro Lira), \u00abPoema did\u00e1ctico\u00bb (Socorro Lira \/ Mia Couto), \u00abVoces en el tiempo\u00bb (Socorro Lira) y \u00abDeja entrar Violeta\u00bb (Socorro Lira \/ Pen\u00e9lope Martins), en homenaje a Violeta Parra.<\/p>\n<p>En el recital, realizado el s\u00e1bado 10 de noviembre en la Sala Antar del Museo Violeta Parra, Socorro Lira se present\u00f3 junto a la cantautora chilena Cecilia Concha Laborde.<\/p>\n<p>&nbsp;<\/p>\n<p><iframe src=\"https:\/\/www.youtube.com\/embed\/4B8q5xoVl_I\" width=\"560\" height=\"315\" frameborder=\"0\" allowfullscreen=\"allowfullscreen\"><\/iframe><\/p>\n<p style=\"font-weight: 400;\"><strong>\u00a0<\/strong><\/p>\n","protected":false},"excerpt":{"rendered":"<p>Socorro\u00a0Lira\u00a0es una cantautora, poeta-escritora y productora cultural brasile\u00f1a. La artista llega al Museo Violeta Parra precedida por una premiada carrera que incluye presentaciones en pa\u00edses de Europa, \u00c1frica, Am\u00e9rica Latina y Asia. \u00abLa canci\u00f3n brasile\u00f1a\u00bb, con canciones de autor\u00eda de la cantante y compositora ganadora del Premio de la M\u00fasica Brasile\u00f1a en 2012, est\u00e1 compuesto [&hellip;]<\/p>\n","protected":false},"author":5,"featured_media":17069,"comment_status":"open","ping_status":"open","sticky":false,"template":"","format":"standard","meta":{"site-sidebar-layout":"default","site-content-layout":"","ast-site-content-layout":"default","site-content-style":"default","site-sidebar-style":"default","ast-global-header-display":"","ast-banner-title-visibility":"","ast-main-header-display":"","ast-hfb-above-header-display":"","ast-hfb-below-header-display":"","ast-hfb-mobile-header-display":"","site-post-title":"","ast-breadcrumbs-content":"","ast-featured-img":"","footer-sml-layout":"","theme-transparent-header-meta":"","adv-header-id-meta":"","stick-header-meta":"","header-above-stick-meta":"","header-main-stick-meta":"","header-below-stick-meta":"","astra-migrate-meta-layouts":"default","ast-page-background-enabled":"default","ast-page-background-meta":{"desktop":{"background-color":"var(--ast-global-color-4)","background-image":"","background-repeat":"repeat","background-position":"center center","background-size":"auto","background-attachment":"scroll","background-type":"","background-media":"","overlay-type":"","overlay-color":"","overlay-opacity":"","overlay-gradient":""},"tablet":{"background-color":"","background-image":"","background-repeat":"repeat","background-position":"center center","background-size":"auto","background-attachment":"scroll","background-type":"","background-media":"","overlay-type":"","overlay-color":"","overlay-opacity":"","overlay-gradient":""},"mobile":{"background-color":"","background-image":"","background-repeat":"repeat","background-position":"center center","background-size":"auto","background-attachment":"scroll","background-type":"","background-media":"","overlay-type":"","overlay-color":"","overlay-opacity":"","overlay-gradient":""}},"ast-content-background-meta":{"desktop":{"background-color":"var(--ast-global-color-5)","background-image":"","background-repeat":"repeat","background-position":"center center","background-size":"auto","background-attachment":"scroll","background-type":"","background-media":"","overlay-type":"","overlay-color":"","overlay-opacity":"","overlay-gradient":""},"tablet":{"background-color":"var(--ast-global-color-5)","background-image":"","background-repeat":"repeat","background-position":"center center","background-size":"auto","background-attachment":"scroll","background-type":"","background-media":"","overlay-type":"","overlay-color":"","overlay-opacity":"","overlay-gradient":""},"mobile":{"background-color":"var(--ast-global-color-5)","background-image":"","background-repeat":"repeat","background-position":"center center","background-size":"auto","background-attachment":"scroll","background-type":"","background-media":"","overlay-type":"","overlay-color":"","overlay-opacity":"","overlay-gradient":""}},"footnotes":""},"categories":[59,8,61],"tags":[],"class_list":["post-17020","post","type-post","status-publish","format-standard","has-post-thumbnail","hentry","category-destacado-noticia","category-noticias","category-novedades"],"yoast_head":"<!-- This site is optimized with the Yoast SEO plugin v25.4 - https:\/\/yoast.com\/wordpress\/plugins\/seo\/ -->\n<title>Socorro Lira present\u00f3 &quot;La canci\u00f3n brasile\u00f1a&quot; en Sala Antar - Museo Violeta Parra<\/title>\n<meta name=\"robots\" content=\"index, follow, max-snippet:-1, max-image-preview:large, max-video-preview:-1\" \/>\n<link rel=\"canonical\" href=\"http:\/\/vientosur.top\/museo\/reserva-gratis-entrada-recital-la-cancion-brasilena-socorro-lira\/\" \/>\n<meta property=\"og:locale\" content=\"es_ES\" \/>\n<meta property=\"og:type\" content=\"article\" \/>\n<meta property=\"og:title\" content=\"Socorro Lira present\u00f3 &quot;La canci\u00f3n brasile\u00f1a&quot; en Sala Antar - Museo Violeta Parra\" \/>\n<meta property=\"og:description\" content=\"Socorro\u00a0Lira\u00a0es una cantautora, poeta-escritora y productora cultural brasile\u00f1a. La artista llega al Museo Violeta Parra precedida por una premiada carrera que incluye presentaciones en pa\u00edses de Europa, \u00c1frica, Am\u00e9rica Latina y Asia. \u00abLa canci\u00f3n brasile\u00f1a\u00bb, con canciones de autor\u00eda de la cantante y compositora ganadora del Premio de la M\u00fasica Brasile\u00f1a en 2012, est\u00e1 compuesto [&hellip;]\" \/>\n<meta property=\"og:url\" content=\"http:\/\/vientosur.top\/museo\/reserva-gratis-entrada-recital-la-cancion-brasilena-socorro-lira\/\" \/>\n<meta property=\"og:site_name\" content=\"Museo Violeta Parra\" \/>\n<meta property=\"article:published_time\" content=\"2018-11-06T14:53:50+00:00\" \/>\n<meta property=\"og:image\" content=\"http:\/\/vientosur.top\/museo\/wp-content\/uploads\/2018\/11\/DSC_0773-scaled.jpg\" \/>\n\t<meta property=\"og:image:width\" content=\"2560\" \/>\n\t<meta property=\"og:image:height\" content=\"1702\" \/>\n\t<meta property=\"og:image:type\" content=\"image\/jpeg\" \/>\n<meta name=\"author\" content=\"admin\" \/>\n<meta name=\"twitter:card\" content=\"summary_large_image\" \/>\n<meta name=\"twitter:label1\" content=\"Escrito por\" \/>\n\t<meta name=\"twitter:data1\" content=\"admin\" \/>\n\t<meta name=\"twitter:label2\" content=\"Tiempo de lectura\" \/>\n\t<meta name=\"twitter:data2\" content=\"1 minuto\" \/>\n<script type=\"application\/ld+json\" class=\"yoast-schema-graph\">{\"@context\":\"https:\/\/schema.org\",\"@graph\":[{\"@type\":\"WebPage\",\"@id\":\"http:\/\/vientosur.top\/museo\/reserva-gratis-entrada-recital-la-cancion-brasilena-socorro-lira\/\",\"url\":\"http:\/\/vientosur.top\/museo\/reserva-gratis-entrada-recital-la-cancion-brasilena-socorro-lira\/\",\"name\":\"Socorro Lira present\u00f3 \\\"La canci\u00f3n brasile\u00f1a\\\" en Sala Antar - Museo Violeta Parra\",\"isPartOf\":{\"@id\":\"http:\/\/vientosur.top\/museo\/#website\"},\"primaryImageOfPage\":{\"@id\":\"http:\/\/vientosur.top\/museo\/reserva-gratis-entrada-recital-la-cancion-brasilena-socorro-lira\/#primaryimage\"},\"image\":{\"@id\":\"http:\/\/vientosur.top\/museo\/reserva-gratis-entrada-recital-la-cancion-brasilena-socorro-lira\/#primaryimage\"},\"thumbnailUrl\":\"http:\/\/vientosur.top\/museo\/wp-content\/uploads\/2018\/11\/DSC_0773-scaled.jpg\",\"datePublished\":\"2018-11-06T14:53:50+00:00\",\"author\":{\"@id\":\"http:\/\/vientosur.top\/museo\/#\/schema\/person\/20c79d3c38800971feec8c2693c3dd9c\"},\"breadcrumb\":{\"@id\":\"http:\/\/vientosur.top\/museo\/reserva-gratis-entrada-recital-la-cancion-brasilena-socorro-lira\/#breadcrumb\"},\"inLanguage\":\"es\",\"potentialAction\":[{\"@type\":\"ReadAction\",\"target\":[\"http:\/\/vientosur.top\/museo\/reserva-gratis-entrada-recital-la-cancion-brasilena-socorro-lira\/\"]}]},{\"@type\":\"ImageObject\",\"inLanguage\":\"es\",\"@id\":\"http:\/\/vientosur.top\/museo\/reserva-gratis-entrada-recital-la-cancion-brasilena-socorro-lira\/#primaryimage\",\"url\":\"http:\/\/vientosur.top\/museo\/wp-content\/uploads\/2018\/11\/DSC_0773-scaled.jpg\",\"contentUrl\":\"http:\/\/vientosur.top\/museo\/wp-content\/uploads\/2018\/11\/DSC_0773-scaled.jpg\",\"width\":2560,\"height\":1702},{\"@type\":\"BreadcrumbList\",\"@id\":\"http:\/\/vientosur.top\/museo\/reserva-gratis-entrada-recital-la-cancion-brasilena-socorro-lira\/#breadcrumb\",\"itemListElement\":[{\"@type\":\"ListItem\",\"position\":1,\"name\":\"Portada\",\"item\":\"http:\/\/vientosur.top\/museo\/\"},{\"@type\":\"ListItem\",\"position\":2,\"name\":\"Socorro Lira present\u00f3 \u00abLa canci\u00f3n brasile\u00f1a\u00bb en Sala Antar\"}]},{\"@type\":\"WebSite\",\"@id\":\"http:\/\/vientosur.top\/museo\/#website\",\"url\":\"http:\/\/vientosur.top\/museo\/\",\"name\":\"Museo Violeta Parra\",\"description\":\"Espacio que alberga tanto la memoria y legado creativo de la artista\",\"potentialAction\":[{\"@type\":\"SearchAction\",\"target\":{\"@type\":\"EntryPoint\",\"urlTemplate\":\"http:\/\/vientosur.top\/museo\/?s={search_term_string}\"},\"query-input\":{\"@type\":\"PropertyValueSpecification\",\"valueRequired\":true,\"valueName\":\"search_term_string\"}}],\"inLanguage\":\"es\"},{\"@type\":\"Person\",\"@id\":\"http:\/\/vientosur.top\/museo\/#\/schema\/person\/20c79d3c38800971feec8c2693c3dd9c\",\"name\":\"admin\",\"image\":{\"@type\":\"ImageObject\",\"inLanguage\":\"es\",\"@id\":\"http:\/\/vientosur.top\/museo\/#\/schema\/person\/image\/\",\"url\":\"https:\/\/secure.gravatar.com\/avatar\/713677ece3ffa642287213a80e5b773bce9ab81c269dd6d95102a990951c922f?s=96&d=mm&r=g\",\"contentUrl\":\"https:\/\/secure.gravatar.com\/avatar\/713677ece3ffa642287213a80e5b773bce9ab81c269dd6d95102a990951c922f?s=96&d=mm&r=g\",\"caption\":\"admin\"},\"sameAs\":[\"http:\/\/vientosur.top\/museo\"],\"url\":\"http:\/\/vientosur.top\/museo\/author\/comunicacionesmvp\/\"}]}<\/script>\n<!-- \/ Yoast SEO plugin. -->","yoast_head_json":{"title":"Socorro Lira present\u00f3 \"La canci\u00f3n brasile\u00f1a\" en Sala Antar - Museo Violeta Parra","robots":{"index":"index","follow":"follow","max-snippet":"max-snippet:-1","max-image-preview":"max-image-preview:large","max-video-preview":"max-video-preview:-1"},"canonical":"http:\/\/vientosur.top\/museo\/reserva-gratis-entrada-recital-la-cancion-brasilena-socorro-lira\/","og_locale":"es_ES","og_type":"article","og_title":"Socorro Lira present\u00f3 \"La canci\u00f3n brasile\u00f1a\" en Sala Antar - Museo Violeta Parra","og_description":"Socorro\u00a0Lira\u00a0es una cantautora, poeta-escritora y productora cultural brasile\u00f1a. La artista llega al Museo Violeta Parra precedida por una premiada carrera que incluye presentaciones en pa\u00edses de Europa, \u00c1frica, Am\u00e9rica Latina y Asia. \u00abLa canci\u00f3n brasile\u00f1a\u00bb, con canciones de autor\u00eda de la cantante y compositora ganadora del Premio de la M\u00fasica Brasile\u00f1a en 2012, est\u00e1 compuesto [&hellip;]","og_url":"http:\/\/vientosur.top\/museo\/reserva-gratis-entrada-recital-la-cancion-brasilena-socorro-lira\/","og_site_name":"Museo Violeta Parra","article_published_time":"2018-11-06T14:53:50+00:00","og_image":[{"width":2560,"height":1702,"url":"http:\/\/vientosur.top\/museo\/wp-content\/uploads\/2018\/11\/DSC_0773-scaled.jpg","type":"image\/jpeg"}],"author":"admin","twitter_card":"summary_large_image","twitter_misc":{"Escrito por":"admin","Tiempo de lectura":"1 minuto"},"schema":{"@context":"https:\/\/schema.org","@graph":[{"@type":"WebPage","@id":"http:\/\/vientosur.top\/museo\/reserva-gratis-entrada-recital-la-cancion-brasilena-socorro-lira\/","url":"http:\/\/vientosur.top\/museo\/reserva-gratis-entrada-recital-la-cancion-brasilena-socorro-lira\/","name":"Socorro Lira present\u00f3 \"La canci\u00f3n brasile\u00f1a\" en Sala Antar - Museo Violeta Parra","isPartOf":{"@id":"http:\/\/vientosur.top\/museo\/#website"},"primaryImageOfPage":{"@id":"http:\/\/vientosur.top\/museo\/reserva-gratis-entrada-recital-la-cancion-brasilena-socorro-lira\/#primaryimage"},"image":{"@id":"http:\/\/vientosur.top\/museo\/reserva-gratis-entrada-recital-la-cancion-brasilena-socorro-lira\/#primaryimage"},"thumbnailUrl":"http:\/\/vientosur.top\/museo\/wp-content\/uploads\/2018\/11\/DSC_0773-scaled.jpg","datePublished":"2018-11-06T14:53:50+00:00","author":{"@id":"http:\/\/vientosur.top\/museo\/#\/schema\/person\/20c79d3c38800971feec8c2693c3dd9c"},"breadcrumb":{"@id":"http:\/\/vientosur.top\/museo\/reserva-gratis-entrada-recital-la-cancion-brasilena-socorro-lira\/#breadcrumb"},"inLanguage":"es","potentialAction":[{"@type":"ReadAction","target":["http:\/\/vientosur.top\/museo\/reserva-gratis-entrada-recital-la-cancion-brasilena-socorro-lira\/"]}]},{"@type":"ImageObject","inLanguage":"es","@id":"http:\/\/vientosur.top\/museo\/reserva-gratis-entrada-recital-la-cancion-brasilena-socorro-lira\/#primaryimage","url":"http:\/\/vientosur.top\/museo\/wp-content\/uploads\/2018\/11\/DSC_0773-scaled.jpg","contentUrl":"http:\/\/vientosur.top\/museo\/wp-content\/uploads\/2018\/11\/DSC_0773-scaled.jpg","width":2560,"height":1702},{"@type":"BreadcrumbList","@id":"http:\/\/vientosur.top\/museo\/reserva-gratis-entrada-recital-la-cancion-brasilena-socorro-lira\/#breadcrumb","itemListElement":[{"@type":"ListItem","position":1,"name":"Portada","item":"http:\/\/vientosur.top\/museo\/"},{"@type":"ListItem","position":2,"name":"Socorro Lira present\u00f3 \u00abLa canci\u00f3n brasile\u00f1a\u00bb en Sala Antar"}]},{"@type":"WebSite","@id":"http:\/\/vientosur.top\/museo\/#website","url":"http:\/\/vientosur.top\/museo\/","name":"Museo Violeta Parra","description":"Espacio que alberga tanto la memoria y legado creativo de la artista","potentialAction":[{"@type":"SearchAction","target":{"@type":"EntryPoint","urlTemplate":"http:\/\/vientosur.top\/museo\/?s={search_term_string}"},"query-input":{"@type":"PropertyValueSpecification","valueRequired":true,"valueName":"search_term_string"}}],"inLanguage":"es"},{"@type":"Person","@id":"http:\/\/vientosur.top\/museo\/#\/schema\/person\/20c79d3c38800971feec8c2693c3dd9c","name":"admin","image":{"@type":"ImageObject","inLanguage":"es","@id":"http:\/\/vientosur.top\/museo\/#\/schema\/person\/image\/","url":"https:\/\/secure.gravatar.com\/avatar\/713677ece3ffa642287213a80e5b773bce9ab81c269dd6d95102a990951c922f?s=96&d=mm&r=g","contentUrl":"https:\/\/secure.gravatar.com\/avatar\/713677ece3ffa642287213a80e5b773bce9ab81c269dd6d95102a990951c922f?s=96&d=mm&r=g","caption":"admin"},"sameAs":["http:\/\/vientosur.top\/museo"],"url":"http:\/\/vientosur.top\/museo\/author\/comunicacionesmvp\/"}]}},"_links":{"self":[{"href":"http:\/\/vientosur.top\/museo\/wp-json\/wp\/v2\/posts\/17020","targetHints":{"allow":["GET"]}}],"collection":[{"href":"http:\/\/vientosur.top\/museo\/wp-json\/wp\/v2\/posts"}],"about":[{"href":"http:\/\/vientosur.top\/museo\/wp-json\/wp\/v2\/types\/post"}],"author":[{"embeddable":true,"href":"http:\/\/vientosur.top\/museo\/wp-json\/wp\/v2\/users\/5"}],"replies":[{"embeddable":true,"href":"http:\/\/vientosur.top\/museo\/wp-json\/wp\/v2\/comments?post=17020"}],"version-history":[{"count":0,"href":"http:\/\/vientosur.top\/museo\/wp-json\/wp\/v2\/posts\/17020\/revisions"}],"wp:featuredmedia":[{"embeddable":true,"href":"http:\/\/vientosur.top\/museo\/wp-json\/wp\/v2\/media\/17069"}],"wp:attachment":[{"href":"http:\/\/vientosur.top\/museo\/wp-json\/wp\/v2\/media?parent=17020"}],"wp:term":[{"taxonomy":"category","embeddable":true,"href":"http:\/\/vientosur.top\/museo\/wp-json\/wp\/v2\/categories?post=17020"},{"taxonomy":"post_tag","embeddable":true,"href":"http:\/\/vientosur.top\/museo\/wp-json\/wp\/v2\/tags?post=17020"}],"curies":[{"name":"wp","href":"https:\/\/api.w.org\/{rel}","templated":true}]}}