{"id":17028,"date":"2018-11-11T10:31:04","date_gmt":"2018-11-11T15:31:04","guid":{"rendered":"http:\/\/vientosur.top\/museo\/?p=17028"},"modified":"2018-11-11T10:31:04","modified_gmt":"2018-11-11T15:31:04","slug":"documental-margot-loyola-los-pieles-rojas-la-tirana-sera-exhibido-este-domingo-museo-violeta-parra","status":"publish","type":"post","link":"http:\/\/vientosur.top\/museo\/documental-margot-loyola-los-pieles-rojas-la-tirana-sera-exhibido-este-domingo-museo-violeta-parra\/","title":{"rendered":"Museo Violeta Parra estren\u00f3 documental sobre Margot Loyola y los Pieles Rojas en La Tirana"},"content":{"rendered":"<p style=\"font-weight: 400;\"><em>\u201cBuscando a Aniceto Palza. Pieles Rojas en La Tirana\u201d, dirigido por Bernardo Guerrero y Mar\u00eda Francisca Basaure, se exhibi\u00f3 por primera vez en Santiago el domingo 11 de noviembre. La actividad, que incluy\u00f3 un conversatorio con los directores, se desarroll\u00f3 en la Sala Antar del museo.<\/em><\/p>\n<p style=\"font-weight: 400;\">El 2018 se celebran los 100 a\u00f1os del natalicio de la folklorista e investigadora Margot Loyola Palacios. En ese contexto, y como una forma de reconocer todo su legado, se estren\u00f3 \u201cBuscando a Aniceto Palza. Pieles Rojas en La Tirana\u201d, ficci\u00f3n documental que recrea la amistad entre la artista y Palza, quien hace 80 a\u00f1os fue uno de los creadores de los bailes Pieles Rojas Rojas, de La Tirana.<\/p>\n<p>Seg\u00fan sus directores, este documental tiene tres prop\u00f3sitos: primero, visibilizar la religiosidad popular del Norte Grande, a trav\u00e9s de los bailes Pieles Rojas. Segundo, conocer mejor a Margot Loyola y su trabajo en la Regi\u00f3n de Tarapac\u00e1. Y, tercero, conocer y reconocer a Aniceto Palza, sastre nacido en Pisagua el 4 de junio de 1907 y que, en 1938, fund\u00f3 el primer baile Pieles Rojas.<\/p>\n<p>El filme se basa en el art\u00edculo \u201cPieles Rojas en la fiesta de La Tirana: El baile de Aniceto Palza\u201d escrito por Bernardo Guerrero (2018), publicado en la revista Estudios Atacame\u00f1os en el cual se menciona la estrecha relaci\u00f3n de amistad que ten\u00eda Margot y Aniceto, y en donde se cita la entrevista en la que Margot le pregunta a Aniceto acerca de las razones que tuvo para elegir las vestimentas del baile, y donde \u00e9l responde: \u201cPorque era bonita, porque era distinta y me gustaba\u201d.<\/p>\n<p>El registro fue desarrollado por el equipo de \u00abTarapac\u00e1 en el Mundo\u00bb del Instituto de Estudios Andinos Isluga de la Universidad Arturo Prat. El rodaje y montaje se realiz\u00f3 durante un a\u00f1o, en el que el equipo acompa\u00f1\u00f3 y comparti\u00f3 con los bailes Pieles Rojas, durante la celebraci\u00f3n de la fiesta de La Tirana 2017 y 2018. Participan de este documental: Vicenta D\u00e1vila, V\u00edctor Palape, Ra\u00fal Salinas, Arturo Barahona, Marcela Lamilla. Y los bailes: Indios Pieles Rojas Nube Blanca de Palza y Jos\u00e9 Lamilla, Pieles Rojas Cruzados y Danzantes y Pieles Rojos Dami\u00e1n Mercado.<\/p>\n<p>Los profesionales que realizaron este registro documental son: Bernardo Guerrero, soci\u00f3logo; Ma. Francisca Basaure, antrop\u00f3loga; Gabriel Bravo, audiovisualista; Rodrigo Orchard, t\u00e9cnico audiovisual. Adem\u00e1s de los actores\u00a0Francisco Pinto, Lola Barraza, Mart\u00edn Larco, Josu\u00e9 P\u00e9rez, Juan Carlos Rocha.\u00a0Se rodaron escenas en La Tirana, Iquique y Pisagua. En junio de 2010, la Universidad Arturo Prat le otorg\u00f3 el grado de Doctora Honoris Causa a Margot Loyola. Im\u00e1genes de esta ceremonia, capturadas por Sergio Ch\u00e1vez, est\u00e1n incluidas en este registro audiovisual.<\/p>\n<p>El estreno en Santiago de este documental se realiz\u00f3 el domingo 11 de noviembre a las 16:00 horas en la Sala Antar del Museo Violeta Parra, ubicado en avenida Vicu\u00f1a Mackenna 37, metro Baquedano. Bernardo Guerrero, co director del film, convers\u00f3 con el p\u00fablico y con Cecilia Garc\u00eda-Huidobro, Directora del museo, al finalizar la proyecci\u00f3n.<\/p>\n<p>&nbsp;<\/p>\n<p><iframe src=\"https:\/\/www.youtube.com\/embed\/plxxCB7e7yQ\" width=\"560\" height=\"315\" frameborder=\"0\" allowfullscreen=\"allowfullscreen\"><\/iframe><\/p>\n<p>&nbsp;<\/p>\n<p><a href=\"http:\/\/vientosur.top\/museo\/wp-content\/uploads\/2018\/10\/aniceto-1.jpg\"><img fetchpriority=\"high\" decoding=\"async\" class=\"alignnone wp-image-16942 size-large\" src=\"http:\/\/vientosur.top\/museo\/wp-content\/uploads\/2018\/10\/aniceto-1-792x1024.jpg\" alt=\"\" width=\"792\" height=\"1024\" \/><\/a><\/p>\n","protected":false},"excerpt":{"rendered":"<p>\u201cBuscando a Aniceto Palza. Pieles Rojas en La Tirana\u201d, dirigido por Bernardo Guerrero y Mar\u00eda Francisca Basaure, se exhibi\u00f3 por primera vez en Santiago el domingo 11 de noviembre. La actividad, que incluy\u00f3 un conversatorio con los directores, se desarroll\u00f3 en la Sala Antar del museo. El 2018 se celebran los 100 a\u00f1os del natalicio [&hellip;]<\/p>\n","protected":false},"author":5,"featured_media":17073,"comment_status":"open","ping_status":"open","sticky":false,"template":"","format":"standard","meta":{"site-sidebar-layout":"default","site-content-layout":"","ast-site-content-layout":"default","site-content-style":"default","site-sidebar-style":"default","ast-global-header-display":"","ast-banner-title-visibility":"","ast-main-header-display":"","ast-hfb-above-header-display":"","ast-hfb-below-header-display":"","ast-hfb-mobile-header-display":"","site-post-title":"","ast-breadcrumbs-content":"","ast-featured-img":"","footer-sml-layout":"","theme-transparent-header-meta":"","adv-header-id-meta":"","stick-header-meta":"","header-above-stick-meta":"","header-main-stick-meta":"","header-below-stick-meta":"","astra-migrate-meta-layouts":"default","ast-page-background-enabled":"default","ast-page-background-meta":{"desktop":{"background-color":"var(--ast-global-color-4)","background-image":"","background-repeat":"repeat","background-position":"center center","background-size":"auto","background-attachment":"scroll","background-type":"","background-media":"","overlay-type":"","overlay-color":"","overlay-opacity":"","overlay-gradient":""},"tablet":{"background-color":"","background-image":"","background-repeat":"repeat","background-position":"center center","background-size":"auto","background-attachment":"scroll","background-type":"","background-media":"","overlay-type":"","overlay-color":"","overlay-opacity":"","overlay-gradient":""},"mobile":{"background-color":"","background-image":"","background-repeat":"repeat","background-position":"center center","background-size":"auto","background-attachment":"scroll","background-type":"","background-media":"","overlay-type":"","overlay-color":"","overlay-opacity":"","overlay-gradient":""}},"ast-content-background-meta":{"desktop":{"background-color":"var(--ast-global-color-5)","background-image":"","background-repeat":"repeat","background-position":"center center","background-size":"auto","background-attachment":"scroll","background-type":"","background-media":"","overlay-type":"","overlay-color":"","overlay-opacity":"","overlay-gradient":""},"tablet":{"background-color":"var(--ast-global-color-5)","background-image":"","background-repeat":"repeat","background-position":"center center","background-size":"auto","background-attachment":"scroll","background-type":"","background-media":"","overlay-type":"","overlay-color":"","overlay-opacity":"","overlay-gradient":""},"mobile":{"background-color":"var(--ast-global-color-5)","background-image":"","background-repeat":"repeat","background-position":"center center","background-size":"auto","background-attachment":"scroll","background-type":"","background-media":"","overlay-type":"","overlay-color":"","overlay-opacity":"","overlay-gradient":""}},"footnotes":""},"categories":[59,8,61],"tags":[],"class_list":["post-17028","post","type-post","status-publish","format-standard","has-post-thumbnail","hentry","category-destacado-noticia","category-noticias","category-novedades"],"yoast_head":"<!-- This site is optimized with the Yoast SEO plugin v25.4 - https:\/\/yoast.com\/wordpress\/plugins\/seo\/ -->\n<title>Museo Violeta Parra estren\u00f3 documental sobre Margot Loyola y los Pieles Rojas en La Tirana - Museo Violeta Parra<\/title>\n<meta name=\"robots\" content=\"index, follow, max-snippet:-1, max-image-preview:large, max-video-preview:-1\" \/>\n<link rel=\"canonical\" href=\"http:\/\/vientosur.top\/museo\/documental-margot-loyola-los-pieles-rojas-la-tirana-sera-exhibido-este-domingo-museo-violeta-parra\/\" \/>\n<meta property=\"og:locale\" content=\"es_ES\" \/>\n<meta property=\"og:type\" content=\"article\" \/>\n<meta property=\"og:title\" content=\"Museo Violeta Parra estren\u00f3 documental sobre Margot Loyola y los Pieles Rojas en La Tirana - Museo Violeta Parra\" \/>\n<meta property=\"og:description\" content=\"\u201cBuscando a Aniceto Palza. Pieles Rojas en La Tirana\u201d, dirigido por Bernardo Guerrero y Mar\u00eda Francisca Basaure, se exhibi\u00f3 por primera vez en Santiago el domingo 11 de noviembre. La actividad, que incluy\u00f3 un conversatorio con los directores, se desarroll\u00f3 en la Sala Antar del museo. El 2018 se celebran los 100 a\u00f1os del natalicio [&hellip;]\" \/>\n<meta property=\"og:url\" content=\"http:\/\/vientosur.top\/museo\/documental-margot-loyola-los-pieles-rojas-la-tirana-sera-exhibido-este-domingo-museo-violeta-parra\/\" \/>\n<meta property=\"og:site_name\" content=\"Museo Violeta Parra\" \/>\n<meta property=\"article:published_time\" content=\"2018-11-11T15:31:04+00:00\" \/>\n<meta property=\"og:image\" content=\"http:\/\/vientosur.top\/museo\/wp-content\/uploads\/2018\/11\/DSC_0841-scaled.jpg\" \/>\n\t<meta property=\"og:image:width\" content=\"2560\" \/>\n\t<meta property=\"og:image:height\" content=\"1702\" \/>\n\t<meta property=\"og:image:type\" content=\"image\/jpeg\" \/>\n<meta name=\"author\" content=\"admin\" \/>\n<meta name=\"twitter:card\" content=\"summary_large_image\" \/>\n<meta name=\"twitter:label1\" content=\"Escrito por\" \/>\n\t<meta name=\"twitter:data1\" content=\"admin\" \/>\n\t<meta name=\"twitter:label2\" content=\"Tiempo de lectura\" \/>\n\t<meta name=\"twitter:data2\" content=\"3 minutos\" \/>\n<script type=\"application\/ld+json\" class=\"yoast-schema-graph\">{\"@context\":\"https:\/\/schema.org\",\"@graph\":[{\"@type\":\"WebPage\",\"@id\":\"http:\/\/vientosur.top\/museo\/documental-margot-loyola-los-pieles-rojas-la-tirana-sera-exhibido-este-domingo-museo-violeta-parra\/\",\"url\":\"http:\/\/vientosur.top\/museo\/documental-margot-loyola-los-pieles-rojas-la-tirana-sera-exhibido-este-domingo-museo-violeta-parra\/\",\"name\":\"Museo Violeta Parra estren\u00f3 documental sobre Margot Loyola y los Pieles Rojas en La Tirana - Museo Violeta Parra\",\"isPartOf\":{\"@id\":\"http:\/\/vientosur.top\/museo\/#website\"},\"primaryImageOfPage\":{\"@id\":\"http:\/\/vientosur.top\/museo\/documental-margot-loyola-los-pieles-rojas-la-tirana-sera-exhibido-este-domingo-museo-violeta-parra\/#primaryimage\"},\"image\":{\"@id\":\"http:\/\/vientosur.top\/museo\/documental-margot-loyola-los-pieles-rojas-la-tirana-sera-exhibido-este-domingo-museo-violeta-parra\/#primaryimage\"},\"thumbnailUrl\":\"http:\/\/vientosur.top\/museo\/wp-content\/uploads\/2018\/11\/DSC_0841-scaled.jpg\",\"datePublished\":\"2018-11-11T15:31:04+00:00\",\"author\":{\"@id\":\"http:\/\/vientosur.top\/museo\/#\/schema\/person\/20c79d3c38800971feec8c2693c3dd9c\"},\"breadcrumb\":{\"@id\":\"http:\/\/vientosur.top\/museo\/documental-margot-loyola-los-pieles-rojas-la-tirana-sera-exhibido-este-domingo-museo-violeta-parra\/#breadcrumb\"},\"inLanguage\":\"es\",\"potentialAction\":[{\"@type\":\"ReadAction\",\"target\":[\"http:\/\/vientosur.top\/museo\/documental-margot-loyola-los-pieles-rojas-la-tirana-sera-exhibido-este-domingo-museo-violeta-parra\/\"]}]},{\"@type\":\"ImageObject\",\"inLanguage\":\"es\",\"@id\":\"http:\/\/vientosur.top\/museo\/documental-margot-loyola-los-pieles-rojas-la-tirana-sera-exhibido-este-domingo-museo-violeta-parra\/#primaryimage\",\"url\":\"http:\/\/vientosur.top\/museo\/wp-content\/uploads\/2018\/11\/DSC_0841-scaled.jpg\",\"contentUrl\":\"http:\/\/vientosur.top\/museo\/wp-content\/uploads\/2018\/11\/DSC_0841-scaled.jpg\",\"width\":2560,\"height\":1702},{\"@type\":\"BreadcrumbList\",\"@id\":\"http:\/\/vientosur.top\/museo\/documental-margot-loyola-los-pieles-rojas-la-tirana-sera-exhibido-este-domingo-museo-violeta-parra\/#breadcrumb\",\"itemListElement\":[{\"@type\":\"ListItem\",\"position\":1,\"name\":\"Portada\",\"item\":\"http:\/\/vientosur.top\/museo\/\"},{\"@type\":\"ListItem\",\"position\":2,\"name\":\"Museo Violeta Parra estren\u00f3 documental sobre Margot Loyola y los Pieles Rojas en La Tirana\"}]},{\"@type\":\"WebSite\",\"@id\":\"http:\/\/vientosur.top\/museo\/#website\",\"url\":\"http:\/\/vientosur.top\/museo\/\",\"name\":\"Museo Violeta Parra\",\"description\":\"Espacio que alberga tanto la memoria y legado creativo de la artista\",\"potentialAction\":[{\"@type\":\"SearchAction\",\"target\":{\"@type\":\"EntryPoint\",\"urlTemplate\":\"http:\/\/vientosur.top\/museo\/?s={search_term_string}\"},\"query-input\":{\"@type\":\"PropertyValueSpecification\",\"valueRequired\":true,\"valueName\":\"search_term_string\"}}],\"inLanguage\":\"es\"},{\"@type\":\"Person\",\"@id\":\"http:\/\/vientosur.top\/museo\/#\/schema\/person\/20c79d3c38800971feec8c2693c3dd9c\",\"name\":\"admin\",\"image\":{\"@type\":\"ImageObject\",\"inLanguage\":\"es\",\"@id\":\"http:\/\/vientosur.top\/museo\/#\/schema\/person\/image\/\",\"url\":\"https:\/\/secure.gravatar.com\/avatar\/713677ece3ffa642287213a80e5b773bce9ab81c269dd6d95102a990951c922f?s=96&d=mm&r=g\",\"contentUrl\":\"https:\/\/secure.gravatar.com\/avatar\/713677ece3ffa642287213a80e5b773bce9ab81c269dd6d95102a990951c922f?s=96&d=mm&r=g\",\"caption\":\"admin\"},\"sameAs\":[\"http:\/\/vientosur.top\/museo\"],\"url\":\"http:\/\/vientosur.top\/museo\/author\/comunicacionesmvp\/\"}]}<\/script>\n<!-- \/ Yoast SEO plugin. -->","yoast_head_json":{"title":"Museo Violeta Parra estren\u00f3 documental sobre Margot Loyola y los Pieles Rojas en La Tirana - Museo Violeta Parra","robots":{"index":"index","follow":"follow","max-snippet":"max-snippet:-1","max-image-preview":"max-image-preview:large","max-video-preview":"max-video-preview:-1"},"canonical":"http:\/\/vientosur.top\/museo\/documental-margot-loyola-los-pieles-rojas-la-tirana-sera-exhibido-este-domingo-museo-violeta-parra\/","og_locale":"es_ES","og_type":"article","og_title":"Museo Violeta Parra estren\u00f3 documental sobre Margot Loyola y los Pieles Rojas en La Tirana - Museo Violeta Parra","og_description":"\u201cBuscando a Aniceto Palza. Pieles Rojas en La Tirana\u201d, dirigido por Bernardo Guerrero y Mar\u00eda Francisca Basaure, se exhibi\u00f3 por primera vez en Santiago el domingo 11 de noviembre. La actividad, que incluy\u00f3 un conversatorio con los directores, se desarroll\u00f3 en la Sala Antar del museo. El 2018 se celebran los 100 a\u00f1os del natalicio [&hellip;]","og_url":"http:\/\/vientosur.top\/museo\/documental-margot-loyola-los-pieles-rojas-la-tirana-sera-exhibido-este-domingo-museo-violeta-parra\/","og_site_name":"Museo Violeta Parra","article_published_time":"2018-11-11T15:31:04+00:00","og_image":[{"width":2560,"height":1702,"url":"http:\/\/vientosur.top\/museo\/wp-content\/uploads\/2018\/11\/DSC_0841-scaled.jpg","type":"image\/jpeg"}],"author":"admin","twitter_card":"summary_large_image","twitter_misc":{"Escrito por":"admin","Tiempo de lectura":"3 minutos"},"schema":{"@context":"https:\/\/schema.org","@graph":[{"@type":"WebPage","@id":"http:\/\/vientosur.top\/museo\/documental-margot-loyola-los-pieles-rojas-la-tirana-sera-exhibido-este-domingo-museo-violeta-parra\/","url":"http:\/\/vientosur.top\/museo\/documental-margot-loyola-los-pieles-rojas-la-tirana-sera-exhibido-este-domingo-museo-violeta-parra\/","name":"Museo Violeta Parra estren\u00f3 documental sobre Margot Loyola y los Pieles Rojas en La Tirana - Museo Violeta Parra","isPartOf":{"@id":"http:\/\/vientosur.top\/museo\/#website"},"primaryImageOfPage":{"@id":"http:\/\/vientosur.top\/museo\/documental-margot-loyola-los-pieles-rojas-la-tirana-sera-exhibido-este-domingo-museo-violeta-parra\/#primaryimage"},"image":{"@id":"http:\/\/vientosur.top\/museo\/documental-margot-loyola-los-pieles-rojas-la-tirana-sera-exhibido-este-domingo-museo-violeta-parra\/#primaryimage"},"thumbnailUrl":"http:\/\/vientosur.top\/museo\/wp-content\/uploads\/2018\/11\/DSC_0841-scaled.jpg","datePublished":"2018-11-11T15:31:04+00:00","author":{"@id":"http:\/\/vientosur.top\/museo\/#\/schema\/person\/20c79d3c38800971feec8c2693c3dd9c"},"breadcrumb":{"@id":"http:\/\/vientosur.top\/museo\/documental-margot-loyola-los-pieles-rojas-la-tirana-sera-exhibido-este-domingo-museo-violeta-parra\/#breadcrumb"},"inLanguage":"es","potentialAction":[{"@type":"ReadAction","target":["http:\/\/vientosur.top\/museo\/documental-margot-loyola-los-pieles-rojas-la-tirana-sera-exhibido-este-domingo-museo-violeta-parra\/"]}]},{"@type":"ImageObject","inLanguage":"es","@id":"http:\/\/vientosur.top\/museo\/documental-margot-loyola-los-pieles-rojas-la-tirana-sera-exhibido-este-domingo-museo-violeta-parra\/#primaryimage","url":"http:\/\/vientosur.top\/museo\/wp-content\/uploads\/2018\/11\/DSC_0841-scaled.jpg","contentUrl":"http:\/\/vientosur.top\/museo\/wp-content\/uploads\/2018\/11\/DSC_0841-scaled.jpg","width":2560,"height":1702},{"@type":"BreadcrumbList","@id":"http:\/\/vientosur.top\/museo\/documental-margot-loyola-los-pieles-rojas-la-tirana-sera-exhibido-este-domingo-museo-violeta-parra\/#breadcrumb","itemListElement":[{"@type":"ListItem","position":1,"name":"Portada","item":"http:\/\/vientosur.top\/museo\/"},{"@type":"ListItem","position":2,"name":"Museo Violeta Parra estren\u00f3 documental sobre Margot Loyola y los Pieles Rojas en La Tirana"}]},{"@type":"WebSite","@id":"http:\/\/vientosur.top\/museo\/#website","url":"http:\/\/vientosur.top\/museo\/","name":"Museo Violeta Parra","description":"Espacio que alberga tanto la memoria y legado creativo de la artista","potentialAction":[{"@type":"SearchAction","target":{"@type":"EntryPoint","urlTemplate":"http:\/\/vientosur.top\/museo\/?s={search_term_string}"},"query-input":{"@type":"PropertyValueSpecification","valueRequired":true,"valueName":"search_term_string"}}],"inLanguage":"es"},{"@type":"Person","@id":"http:\/\/vientosur.top\/museo\/#\/schema\/person\/20c79d3c38800971feec8c2693c3dd9c","name":"admin","image":{"@type":"ImageObject","inLanguage":"es","@id":"http:\/\/vientosur.top\/museo\/#\/schema\/person\/image\/","url":"https:\/\/secure.gravatar.com\/avatar\/713677ece3ffa642287213a80e5b773bce9ab81c269dd6d95102a990951c922f?s=96&d=mm&r=g","contentUrl":"https:\/\/secure.gravatar.com\/avatar\/713677ece3ffa642287213a80e5b773bce9ab81c269dd6d95102a990951c922f?s=96&d=mm&r=g","caption":"admin"},"sameAs":["http:\/\/vientosur.top\/museo"],"url":"http:\/\/vientosur.top\/museo\/author\/comunicacionesmvp\/"}]}},"_links":{"self":[{"href":"http:\/\/vientosur.top\/museo\/wp-json\/wp\/v2\/posts\/17028","targetHints":{"allow":["GET"]}}],"collection":[{"href":"http:\/\/vientosur.top\/museo\/wp-json\/wp\/v2\/posts"}],"about":[{"href":"http:\/\/vientosur.top\/museo\/wp-json\/wp\/v2\/types\/post"}],"author":[{"embeddable":true,"href":"http:\/\/vientosur.top\/museo\/wp-json\/wp\/v2\/users\/5"}],"replies":[{"embeddable":true,"href":"http:\/\/vientosur.top\/museo\/wp-json\/wp\/v2\/comments?post=17028"}],"version-history":[{"count":0,"href":"http:\/\/vientosur.top\/museo\/wp-json\/wp\/v2\/posts\/17028\/revisions"}],"wp:featuredmedia":[{"embeddable":true,"href":"http:\/\/vientosur.top\/museo\/wp-json\/wp\/v2\/media\/17073"}],"wp:attachment":[{"href":"http:\/\/vientosur.top\/museo\/wp-json\/wp\/v2\/media?parent=17028"}],"wp:term":[{"taxonomy":"category","embeddable":true,"href":"http:\/\/vientosur.top\/museo\/wp-json\/wp\/v2\/categories?post=17028"},{"taxonomy":"post_tag","embeddable":true,"href":"http:\/\/vientosur.top\/museo\/wp-json\/wp\/v2\/tags?post=17028"}],"curies":[{"name":"wp","href":"https:\/\/api.w.org\/{rel}","templated":true}]}}