{"id":17178,"date":"2018-11-21T09:17:57","date_gmt":"2018-11-21T14:17:57","guid":{"rendered":"http:\/\/vientosur.top\/museo\/?p=17178"},"modified":"2018-11-21T09:17:57","modified_gmt":"2018-11-21T14:17:57","slug":"nicolas-shea-violeta-parra-una-las-mujeres-mas-grandes-este-pais","status":"publish","type":"post","link":"http:\/\/vientosur.top\/museo\/nicolas-shea-violeta-parra-una-las-mujeres-mas-grandes-este-pais\/","title":{"rendered":"Nicol\u00e1s Shea: \u00abVioleta Parra es una de las mujeres m\u00e1s grandes de este pa\u00eds\u00bb"},"content":{"rendered":"<p><strong>Conversamos con Nicol\u00e1s Shea, Presidente del G100 ASECH.\u00a0 La organizaci\u00f3n realiz\u00f3 su \u00faltima reuni\u00f3n mensual del a\u00f1o en el Museo Violeta Parra el mi\u00e9rcoles 20 de noviembre.<\/strong><\/p>\n<p>&nbsp;<\/p>\n<p><strong>\u00bfQu\u00e9 significa Violeta Parra para los emprendedores?<\/strong><br \/>\nVioleta Parra es una de las mujeres m\u00e1s grandes de este pa\u00eds; desarroll\u00f3 un enorme trabajo de recuperaci\u00f3n de m\u00fasica folcl\u00f3rica que, de no ser por ella, corr\u00eda el serio peligro de perderse en el olvido. Adem\u00e1s, expuso sus arpilleras en el Louvre; es una de las mejores emprendedoras que ha visto nuestro pa\u00eds.<\/p>\n<p>Violeta Parra representa lo mejor del emprendimiento, crey\u00f3 en su idea y recorri\u00f3 buena parte de los campos del pa\u00eds recopilando m\u00fasica, pero no se qued\u00f3 ah\u00ed, fue capaz de diversificar su trabajo y avanzar hacia otras expresiones de arte, lo que se tradujo en crecimiento. Eso es un emprendedor, alguien con la capacidad de ver algo distinto donde los dem\u00e1s ven lo mismo y que no se queda con eso, sino que es capaz de buscar nuevas \u00e1reas, cambiar, mutar si es necesario y crecer.<\/p>\n<p><a href=\"http:\/\/vientosur.top\/museo\/wp-content\/uploads\/2018\/11\/g1002.jpg\"><img fetchpriority=\"high\" decoding=\"async\" class=\"alignnone size-large wp-image-17179\" src=\"http:\/\/vientosur.top\/museo\/wp-content\/uploads\/2018\/11\/g1002-1024x650.jpg\" alt=\"\" width=\"840\" height=\"533\" \/><\/a><\/p>\n<p><strong>\u00bfPor qu\u00e9 eligieron realizar la reuni\u00f3n del G100 en el Museo Violeta Parra?<br \/>\n<\/strong>Elegimos el Museo Violeta Parra porque como es el \u00faltimo encuentro de este a\u00f1o, quer\u00edamos darle esp\u00edritu al G100 y para ello necesit\u00e1bamos un lugar que represente algo m\u00e1s que el emprendimiento; quisimos buscar una figura que nos uniera y nos representara como emprendedores y como personas.<\/p>\n<p>El Museo Violeta Parra es, para nosotros, un lugar en el que podemos reflexionar acerca de la construcci\u00f3n del Chile que so\u00f1amos y del rol que deber\u00edamos jugar en esa construcci\u00f3n; \u00bfc\u00f3mo podemos apoyar a otros a surgir?, \u00bfc\u00f3mo podemos aportar al crecimiento y al desarrollo del pa\u00eds?, \u00bfc\u00f3mo podemos proyectar la creatividad y el desarrollo intelectual que nace en este pa\u00eds? Todas esas preguntas ya fueron resueltas por Violeta Parra, quien con sus emprendimientos en materia musical y art\u00edstica logr\u00f3 posicionar a Chile como un lugar en el que la cultura tiene un espacio importante.<\/p>\n<figure id=\"attachment_17180\" aria-describedby=\"caption-attachment-17180\" style=\"width: 840px\" class=\"wp-caption alignnone\"><a href=\"http:\/\/vientosur.top\/museo\/wp-content\/uploads\/2018\/11\/g1003.jpg\"><img decoding=\"async\" class=\"wp-image-17180 size-large\" src=\"http:\/\/vientosur.top\/museo\/wp-content\/uploads\/2018\/11\/g1003-1024x681.jpg\" alt=\"\" width=\"840\" height=\"559\" \/><\/a><figcaption id=\"caption-attachment-17180\" class=\"wp-caption-text\">Nicol\u00e1s Shea convers\u00f3 con Nicola Schiess, Presidenta del Teatro Del Lago, en la Sala Antar del Museo Violeta Parra.<\/figcaption><\/figure>\n<p><strong><br \/>\n<\/strong><strong>\u00bfCu\u00e1les emprendimientos vinculados a su asociaci\u00f3n destacar\u00eda en el \u00e1rea de la cultura y las artes?<br \/>\n<\/strong>Si pudiera destacar uno, ser\u00eda el Teatro del Lago, que no s\u00f3lo es un teatro, m\u00e1s bien es un centro art\u00edstico en el que se promueve la cultura y la creatividad, pero donde tambi\u00e9n hay espacio para la educaci\u00f3n mediante la m\u00fasica y el arte. El teatro tiene un compromiso con su comunidad, las tradiciones de la macrozona\u00a0 sur del pa\u00eds, en la que se encuentra, y el entorno.<\/p>\n<p>Una de sus fundadoras, Nicola Schiess, es parte del G100 y su experiencia es fundamental para nosotros por su aporte a la cultura de nuestro pa\u00eds, pero al mismo tiempo tambi\u00e9n para generar instancias de desarrollo transversales, como recientemente se produjo en el primer Encuentro Mundial de Empresas B, que se realiz\u00f3 en esas instalaciones.<\/p>\n<p>&nbsp;<\/p>\n<p><strong><a href=\"https:\/\/www.facebook.com\/media\/set\/?set=ms.c.eJw9zNsNwDAMQtGNKgzYjvdfrOoj~_T26QLpqGCKNVbz4Q6xBp7ABmdkmtKH9QMin6K~_I8~%3BFOYnQDEGAUbQ~-~-.bps.a.2246691998907542&amp;type=1&amp;__xts__[0]=68.ARApWmwoLvrwGTu_KhrrJafrkZEwOgD1Vecaucd57biYiDIHThsQqhvo8iyb5mkyQ8ETQaoNouWjYjowkxO4wnWO_EdPDi5Sq900XIzTv0HkOvqondk76kkdByupQu-6TlXzgmMPCg0G6wFI6kTGA5yzSt6FdTkrVG7rweGWIfZW8fBZm4iaNf383jrbzdnjmI2RZjsQGCxk8Z3O5esvsXeCpZCG5V1GcItNz6HzItM5Jio92_XUFozI8_UGwiZCftnq46jr4ok8dvc7_cQkyl85dgg8l4b6VB6LHXNtcXqWS_0fvRii3XOZvmYfCJnw-72xTv-A0rCD1wSvPRwHmoO07n3CGWUTeleSaejw7YoZdLTJT3Ovyq-vCn-RueLnwCPMa_TkNbmQl3XQ4BjetJeYNLdFSTgUgLgK9ojZeUw26JUcU1mNbxyyGf0eThh5F1DWE4KjtzQCffR2-iEkZz4o60JRH-8eSOA0RK5HChrY6cb6kFGaGX1p0sQWY2SiLS2p3WKOwhqjK8yISAaYKqHdg2CMj7fqJJzAr9ON4BIxT1PIWg&amp;__tn__=HH-R\" target=\"_blank\" rel=\"noopener noreferrer\">Ver galer\u00eda de im\u00e1genes del encuentro del G100<\/a><\/strong><\/p>\n","protected":false},"excerpt":{"rendered":"<p>Conversamos con Nicol\u00e1s Shea, Presidente del G100 ASECH.\u00a0 La organizaci\u00f3n realiz\u00f3 su \u00faltima reuni\u00f3n mensual del a\u00f1o en el Museo Violeta Parra el mi\u00e9rcoles 20 de noviembre. &nbsp; \u00bfQu\u00e9 significa Violeta Parra para los emprendedores? Violeta Parra es una de las mujeres m\u00e1s grandes de este pa\u00eds; desarroll\u00f3 un enorme trabajo de recuperaci\u00f3n de m\u00fasica [&hellip;]<\/p>\n","protected":false},"author":5,"featured_media":17193,"comment_status":"open","ping_status":"open","sticky":false,"template":"","format":"standard","meta":{"site-sidebar-layout":"default","site-content-layout":"","ast-site-content-layout":"default","site-content-style":"default","site-sidebar-style":"default","ast-global-header-display":"","ast-banner-title-visibility":"","ast-main-header-display":"","ast-hfb-above-header-display":"","ast-hfb-below-header-display":"","ast-hfb-mobile-header-display":"","site-post-title":"","ast-breadcrumbs-content":"","ast-featured-img":"","footer-sml-layout":"","theme-transparent-header-meta":"","adv-header-id-meta":"","stick-header-meta":"","header-above-stick-meta":"","header-main-stick-meta":"","header-below-stick-meta":"","astra-migrate-meta-layouts":"default","ast-page-background-enabled":"default","ast-page-background-meta":{"desktop":{"background-color":"var(--ast-global-color-4)","background-image":"","background-repeat":"repeat","background-position":"center center","background-size":"auto","background-attachment":"scroll","background-type":"","background-media":"","overlay-type":"","overlay-color":"","overlay-opacity":"","overlay-gradient":""},"tablet":{"background-color":"","background-image":"","background-repeat":"repeat","background-position":"center center","background-size":"auto","background-attachment":"scroll","background-type":"","background-media":"","overlay-type":"","overlay-color":"","overlay-opacity":"","overlay-gradient":""},"mobile":{"background-color":"","background-image":"","background-repeat":"repeat","background-position":"center center","background-size":"auto","background-attachment":"scroll","background-type":"","background-media":"","overlay-type":"","overlay-color":"","overlay-opacity":"","overlay-gradient":""}},"ast-content-background-meta":{"desktop":{"background-color":"var(--ast-global-color-5)","background-image":"","background-repeat":"repeat","background-position":"center center","background-size":"auto","background-attachment":"scroll","background-type":"","background-media":"","overlay-type":"","overlay-color":"","overlay-opacity":"","overlay-gradient":""},"tablet":{"background-color":"var(--ast-global-color-5)","background-image":"","background-repeat":"repeat","background-position":"center center","background-size":"auto","background-attachment":"scroll","background-type":"","background-media":"","overlay-type":"","overlay-color":"","overlay-opacity":"","overlay-gradient":""},"mobile":{"background-color":"var(--ast-global-color-5)","background-image":"","background-repeat":"repeat","background-position":"center center","background-size":"auto","background-attachment":"scroll","background-type":"","background-media":"","overlay-type":"","overlay-color":"","overlay-opacity":"","overlay-gradient":""}},"footnotes":""},"categories":[59,8,61],"tags":[],"class_list":["post-17178","post","type-post","status-publish","format-standard","has-post-thumbnail","hentry","category-destacado-noticia","category-noticias","category-novedades"],"yoast_head":"<!-- This site is optimized with the Yoast SEO plugin v25.4 - https:\/\/yoast.com\/wordpress\/plugins\/seo\/ -->\n<title>Nicol\u00e1s Shea: &quot;Violeta Parra es una de las mujeres m\u00e1s grandes de este pa\u00eds&quot; - Museo Violeta Parra<\/title>\n<meta name=\"robots\" content=\"index, follow, max-snippet:-1, max-image-preview:large, max-video-preview:-1\" \/>\n<link rel=\"canonical\" href=\"http:\/\/vientosur.top\/museo\/nicolas-shea-violeta-parra-una-las-mujeres-mas-grandes-este-pais\/\" \/>\n<meta property=\"og:locale\" content=\"es_ES\" \/>\n<meta property=\"og:type\" content=\"article\" \/>\n<meta property=\"og:title\" content=\"Nicol\u00e1s Shea: &quot;Violeta Parra es una de las mujeres m\u00e1s grandes de este pa\u00eds&quot; - Museo Violeta Parra\" \/>\n<meta property=\"og:description\" content=\"Conversamos con Nicol\u00e1s Shea, Presidente del G100 ASECH.\u00a0 La organizaci\u00f3n realiz\u00f3 su \u00faltima reuni\u00f3n mensual del a\u00f1o en el Museo Violeta Parra el mi\u00e9rcoles 20 de noviembre. &nbsp; \u00bfQu\u00e9 significa Violeta Parra para los emprendedores? Violeta Parra es una de las mujeres m\u00e1s grandes de este pa\u00eds; desarroll\u00f3 un enorme trabajo de recuperaci\u00f3n de m\u00fasica [&hellip;]\" \/>\n<meta property=\"og:url\" content=\"http:\/\/vientosur.top\/museo\/nicolas-shea-violeta-parra-una-las-mujeres-mas-grandes-este-pais\/\" \/>\n<meta property=\"og:site_name\" content=\"Museo Violeta Parra\" \/>\n<meta property=\"article:published_time\" content=\"2018-11-21T14:17:57+00:00\" \/>\n<meta property=\"og:image\" content=\"http:\/\/vientosur.top\/museo\/wp-content\/uploads\/2018\/11\/nicosheab-scaled.jpg\" \/>\n\t<meta property=\"og:image:width\" content=\"2560\" \/>\n\t<meta property=\"og:image:height\" content=\"1998\" \/>\n\t<meta property=\"og:image:type\" content=\"image\/jpeg\" \/>\n<meta name=\"author\" content=\"admin\" \/>\n<meta name=\"twitter:card\" content=\"summary_large_image\" \/>\n<meta name=\"twitter:label1\" content=\"Escrito por\" \/>\n\t<meta name=\"twitter:data1\" content=\"admin\" \/>\n\t<meta name=\"twitter:label2\" content=\"Tiempo de lectura\" \/>\n\t<meta name=\"twitter:data2\" content=\"3 minutos\" \/>\n<script type=\"application\/ld+json\" class=\"yoast-schema-graph\">{\"@context\":\"https:\/\/schema.org\",\"@graph\":[{\"@type\":\"WebPage\",\"@id\":\"http:\/\/vientosur.top\/museo\/nicolas-shea-violeta-parra-una-las-mujeres-mas-grandes-este-pais\/\",\"url\":\"http:\/\/vientosur.top\/museo\/nicolas-shea-violeta-parra-una-las-mujeres-mas-grandes-este-pais\/\",\"name\":\"Nicol\u00e1s Shea: \\\"Violeta Parra es una de las mujeres m\u00e1s grandes de este pa\u00eds\\\" - Museo Violeta Parra\",\"isPartOf\":{\"@id\":\"http:\/\/vientosur.top\/museo\/#website\"},\"primaryImageOfPage\":{\"@id\":\"http:\/\/vientosur.top\/museo\/nicolas-shea-violeta-parra-una-las-mujeres-mas-grandes-este-pais\/#primaryimage\"},\"image\":{\"@id\":\"http:\/\/vientosur.top\/museo\/nicolas-shea-violeta-parra-una-las-mujeres-mas-grandes-este-pais\/#primaryimage\"},\"thumbnailUrl\":\"http:\/\/vientosur.top\/museo\/wp-content\/uploads\/2018\/11\/nicosheab-scaled.jpg\",\"datePublished\":\"2018-11-21T14:17:57+00:00\",\"author\":{\"@id\":\"http:\/\/vientosur.top\/museo\/#\/schema\/person\/20c79d3c38800971feec8c2693c3dd9c\"},\"breadcrumb\":{\"@id\":\"http:\/\/vientosur.top\/museo\/nicolas-shea-violeta-parra-una-las-mujeres-mas-grandes-este-pais\/#breadcrumb\"},\"inLanguage\":\"es\",\"potentialAction\":[{\"@type\":\"ReadAction\",\"target\":[\"http:\/\/vientosur.top\/museo\/nicolas-shea-violeta-parra-una-las-mujeres-mas-grandes-este-pais\/\"]}]},{\"@type\":\"ImageObject\",\"inLanguage\":\"es\",\"@id\":\"http:\/\/vientosur.top\/museo\/nicolas-shea-violeta-parra-una-las-mujeres-mas-grandes-este-pais\/#primaryimage\",\"url\":\"http:\/\/vientosur.top\/museo\/wp-content\/uploads\/2018\/11\/nicosheab-scaled.jpg\",\"contentUrl\":\"http:\/\/vientosur.top\/museo\/wp-content\/uploads\/2018\/11\/nicosheab-scaled.jpg\",\"width\":2560,\"height\":1998},{\"@type\":\"BreadcrumbList\",\"@id\":\"http:\/\/vientosur.top\/museo\/nicolas-shea-violeta-parra-una-las-mujeres-mas-grandes-este-pais\/#breadcrumb\",\"itemListElement\":[{\"@type\":\"ListItem\",\"position\":1,\"name\":\"Portada\",\"item\":\"http:\/\/vientosur.top\/museo\/\"},{\"@type\":\"ListItem\",\"position\":2,\"name\":\"Nicol\u00e1s Shea: \u00abVioleta Parra es una de las mujeres m\u00e1s grandes de este pa\u00eds\u00bb\"}]},{\"@type\":\"WebSite\",\"@id\":\"http:\/\/vientosur.top\/museo\/#website\",\"url\":\"http:\/\/vientosur.top\/museo\/\",\"name\":\"Museo Violeta Parra\",\"description\":\"Espacio que alberga tanto la memoria y legado creativo de la artista\",\"potentialAction\":[{\"@type\":\"SearchAction\",\"target\":{\"@type\":\"EntryPoint\",\"urlTemplate\":\"http:\/\/vientosur.top\/museo\/?s={search_term_string}\"},\"query-input\":{\"@type\":\"PropertyValueSpecification\",\"valueRequired\":true,\"valueName\":\"search_term_string\"}}],\"inLanguage\":\"es\"},{\"@type\":\"Person\",\"@id\":\"http:\/\/vientosur.top\/museo\/#\/schema\/person\/20c79d3c38800971feec8c2693c3dd9c\",\"name\":\"admin\",\"image\":{\"@type\":\"ImageObject\",\"inLanguage\":\"es\",\"@id\":\"http:\/\/vientosur.top\/museo\/#\/schema\/person\/image\/\",\"url\":\"https:\/\/secure.gravatar.com\/avatar\/713677ece3ffa642287213a80e5b773bce9ab81c269dd6d95102a990951c922f?s=96&d=mm&r=g\",\"contentUrl\":\"https:\/\/secure.gravatar.com\/avatar\/713677ece3ffa642287213a80e5b773bce9ab81c269dd6d95102a990951c922f?s=96&d=mm&r=g\",\"caption\":\"admin\"},\"sameAs\":[\"http:\/\/vientosur.top\/museo\"],\"url\":\"http:\/\/vientosur.top\/museo\/author\/comunicacionesmvp\/\"}]}<\/script>\n<!-- \/ Yoast SEO plugin. -->","yoast_head_json":{"title":"Nicol\u00e1s Shea: \"Violeta Parra es una de las mujeres m\u00e1s grandes de este pa\u00eds\" - Museo Violeta Parra","robots":{"index":"index","follow":"follow","max-snippet":"max-snippet:-1","max-image-preview":"max-image-preview:large","max-video-preview":"max-video-preview:-1"},"canonical":"http:\/\/vientosur.top\/museo\/nicolas-shea-violeta-parra-una-las-mujeres-mas-grandes-este-pais\/","og_locale":"es_ES","og_type":"article","og_title":"Nicol\u00e1s Shea: \"Violeta Parra es una de las mujeres m\u00e1s grandes de este pa\u00eds\" - Museo Violeta Parra","og_description":"Conversamos con Nicol\u00e1s Shea, Presidente del G100 ASECH.\u00a0 La organizaci\u00f3n realiz\u00f3 su \u00faltima reuni\u00f3n mensual del a\u00f1o en el Museo Violeta Parra el mi\u00e9rcoles 20 de noviembre. &nbsp; \u00bfQu\u00e9 significa Violeta Parra para los emprendedores? Violeta Parra es una de las mujeres m\u00e1s grandes de este pa\u00eds; desarroll\u00f3 un enorme trabajo de recuperaci\u00f3n de m\u00fasica [&hellip;]","og_url":"http:\/\/vientosur.top\/museo\/nicolas-shea-violeta-parra-una-las-mujeres-mas-grandes-este-pais\/","og_site_name":"Museo Violeta Parra","article_published_time":"2018-11-21T14:17:57+00:00","og_image":[{"width":2560,"height":1998,"url":"http:\/\/vientosur.top\/museo\/wp-content\/uploads\/2018\/11\/nicosheab-scaled.jpg","type":"image\/jpeg"}],"author":"admin","twitter_card":"summary_large_image","twitter_misc":{"Escrito por":"admin","Tiempo de lectura":"3 minutos"},"schema":{"@context":"https:\/\/schema.org","@graph":[{"@type":"WebPage","@id":"http:\/\/vientosur.top\/museo\/nicolas-shea-violeta-parra-una-las-mujeres-mas-grandes-este-pais\/","url":"http:\/\/vientosur.top\/museo\/nicolas-shea-violeta-parra-una-las-mujeres-mas-grandes-este-pais\/","name":"Nicol\u00e1s Shea: \"Violeta Parra es una de las mujeres m\u00e1s grandes de este pa\u00eds\" - Museo Violeta Parra","isPartOf":{"@id":"http:\/\/vientosur.top\/museo\/#website"},"primaryImageOfPage":{"@id":"http:\/\/vientosur.top\/museo\/nicolas-shea-violeta-parra-una-las-mujeres-mas-grandes-este-pais\/#primaryimage"},"image":{"@id":"http:\/\/vientosur.top\/museo\/nicolas-shea-violeta-parra-una-las-mujeres-mas-grandes-este-pais\/#primaryimage"},"thumbnailUrl":"http:\/\/vientosur.top\/museo\/wp-content\/uploads\/2018\/11\/nicosheab-scaled.jpg","datePublished":"2018-11-21T14:17:57+00:00","author":{"@id":"http:\/\/vientosur.top\/museo\/#\/schema\/person\/20c79d3c38800971feec8c2693c3dd9c"},"breadcrumb":{"@id":"http:\/\/vientosur.top\/museo\/nicolas-shea-violeta-parra-una-las-mujeres-mas-grandes-este-pais\/#breadcrumb"},"inLanguage":"es","potentialAction":[{"@type":"ReadAction","target":["http:\/\/vientosur.top\/museo\/nicolas-shea-violeta-parra-una-las-mujeres-mas-grandes-este-pais\/"]}]},{"@type":"ImageObject","inLanguage":"es","@id":"http:\/\/vientosur.top\/museo\/nicolas-shea-violeta-parra-una-las-mujeres-mas-grandes-este-pais\/#primaryimage","url":"http:\/\/vientosur.top\/museo\/wp-content\/uploads\/2018\/11\/nicosheab-scaled.jpg","contentUrl":"http:\/\/vientosur.top\/museo\/wp-content\/uploads\/2018\/11\/nicosheab-scaled.jpg","width":2560,"height":1998},{"@type":"BreadcrumbList","@id":"http:\/\/vientosur.top\/museo\/nicolas-shea-violeta-parra-una-las-mujeres-mas-grandes-este-pais\/#breadcrumb","itemListElement":[{"@type":"ListItem","position":1,"name":"Portada","item":"http:\/\/vientosur.top\/museo\/"},{"@type":"ListItem","position":2,"name":"Nicol\u00e1s Shea: \u00abVioleta Parra es una de las mujeres m\u00e1s grandes de este pa\u00eds\u00bb"}]},{"@type":"WebSite","@id":"http:\/\/vientosur.top\/museo\/#website","url":"http:\/\/vientosur.top\/museo\/","name":"Museo Violeta Parra","description":"Espacio que alberga tanto la memoria y legado creativo de la artista","potentialAction":[{"@type":"SearchAction","target":{"@type":"EntryPoint","urlTemplate":"http:\/\/vientosur.top\/museo\/?s={search_term_string}"},"query-input":{"@type":"PropertyValueSpecification","valueRequired":true,"valueName":"search_term_string"}}],"inLanguage":"es"},{"@type":"Person","@id":"http:\/\/vientosur.top\/museo\/#\/schema\/person\/20c79d3c38800971feec8c2693c3dd9c","name":"admin","image":{"@type":"ImageObject","inLanguage":"es","@id":"http:\/\/vientosur.top\/museo\/#\/schema\/person\/image\/","url":"https:\/\/secure.gravatar.com\/avatar\/713677ece3ffa642287213a80e5b773bce9ab81c269dd6d95102a990951c922f?s=96&d=mm&r=g","contentUrl":"https:\/\/secure.gravatar.com\/avatar\/713677ece3ffa642287213a80e5b773bce9ab81c269dd6d95102a990951c922f?s=96&d=mm&r=g","caption":"admin"},"sameAs":["http:\/\/vientosur.top\/museo"],"url":"http:\/\/vientosur.top\/museo\/author\/comunicacionesmvp\/"}]}},"_links":{"self":[{"href":"http:\/\/vientosur.top\/museo\/wp-json\/wp\/v2\/posts\/17178","targetHints":{"allow":["GET"]}}],"collection":[{"href":"http:\/\/vientosur.top\/museo\/wp-json\/wp\/v2\/posts"}],"about":[{"href":"http:\/\/vientosur.top\/museo\/wp-json\/wp\/v2\/types\/post"}],"author":[{"embeddable":true,"href":"http:\/\/vientosur.top\/museo\/wp-json\/wp\/v2\/users\/5"}],"replies":[{"embeddable":true,"href":"http:\/\/vientosur.top\/museo\/wp-json\/wp\/v2\/comments?post=17178"}],"version-history":[{"count":0,"href":"http:\/\/vientosur.top\/museo\/wp-json\/wp\/v2\/posts\/17178\/revisions"}],"wp:featuredmedia":[{"embeddable":true,"href":"http:\/\/vientosur.top\/museo\/wp-json\/wp\/v2\/media\/17193"}],"wp:attachment":[{"href":"http:\/\/vientosur.top\/museo\/wp-json\/wp\/v2\/media?parent=17178"}],"wp:term":[{"taxonomy":"category","embeddable":true,"href":"http:\/\/vientosur.top\/museo\/wp-json\/wp\/v2\/categories?post=17178"},{"taxonomy":"post_tag","embeddable":true,"href":"http:\/\/vientosur.top\/museo\/wp-json\/wp\/v2\/tags?post=17178"}],"curies":[{"name":"wp","href":"https:\/\/api.w.org\/{rel}","templated":true}]}}