{"id":17196,"date":"2018-11-25T07:30:46","date_gmt":"2018-11-25T12:30:46","guid":{"rendered":"http:\/\/vientosur.top\/museo\/?p=17196"},"modified":"2018-11-25T07:30:46","modified_gmt":"2018-11-25T12:30:46","slug":"reserva-gratis-entrada-voz-e-corda-recital-intimo-traera-ritmos-brasil-este-sabado-al-museo-violeta-parra","status":"publish","type":"post","link":"http:\/\/vientosur.top\/museo\/reserva-gratis-entrada-voz-e-corda-recital-intimo-traera-ritmos-brasil-este-sabado-al-museo-violeta-parra\/","title":{"rendered":"\u201cVoz e corda\u201d, el recital que trajo ritmos de Brasil al Museo Violeta Parra"},"content":{"rendered":"<p><em>Arthus Fochi y Amina Nogueira se presentaron en la Sala Antar del Museo Violeta Parra en un recital gratuito para el p\u00fablico.<\/em><\/p>\n<p>Los ritmos latinoamericanos siempre son bienvenidos en la Sala Antar del Museo Violeta Parra. El auditorio del recinto aloja, cada semana, a diversos artistas en recitales \u00edntimos que el p\u00fablico disfruta de manera gratuita.<\/p>\n<p>El s\u00e1bado 24 de noviembre fue el turno de Arthus Fochi y Amina Nogueira, artistas brasile\u00f1os que presentaron el recital \u201cVoz e corda\u201d, proyecto intimista que re\u00fane dos voces, guitarra y violonchelo y que ofrece un paseo por lo contempor\u00e1neo y lo folcl\u00f3rico, entre el portugu\u00e9s y el espa\u00f1ol.<\/p>\n<p>El repertorio que presentaron incluy\u00f3 canciones propias de los artistas \u201cy canciones de Latinoam\u00e9rica, de V\u00edctor Jara, Itamar Assump\u00e7\u00e3o, El Pr\u00edncipe y otras sorpresas\u201d, adelant\u00f3 Arthus Fochi, quien agreg\u00f3 que \u201cel p\u00fablico puede esperar un concierto diverso, inspirado en la libertad. Un concierto donde unimos una corriente moderna de m\u00fasica popular de Brasil, con referencias del cancionero latinoamericano. Un concierto con pol\u00edtica, humor, y amor\u201d, dice.<\/p>\n<p>Sobre la posibilidad de presentarse en el Museo Violera Parra, Fochi expres\u00f3 que \u201cpara nosotros es un honor tocar en la casa de Violeta Parra, un gran artista y referencia del continente. Nuestro trabajo como artistas tambi\u00e9n est\u00e1 en llevar el legado de tantos humanos que pasaron transformando el mundo en un lugar m\u00e1s po\u00e9tico y armonioso. Construir esta narrativa es imprescindible para el futuro\u201d.<\/p>\n<p><a href=\"http:\/\/vientosur.top\/museo\/wp-content\/uploads\/2018\/11\/af.jpg\"><img fetchpriority=\"high\" decoding=\"async\" class=\"alignnone wp-image-17203 size-large\" src=\"http:\/\/vientosur.top\/museo\/wp-content\/uploads\/2018\/11\/af-1024x683.jpg\" alt=\"\" width=\"840\" height=\"560\" \/><br \/>\n<\/a><strong><br \/>\nSobre los artistas<\/strong><\/p>\n<p>Arthus Fochi es historiador, poeta, compositor e int\u00e9rprete. Desde 2007, el carioca investiga ritmos y cultura en Sudam\u00e9rica. En 2017 lanz\u00f3 su \u00faltimo disco \u201cSuvaco do Mundo\u201d y, en 2018, singles con participaciones de distintos artistas (Proyecto Ano Sab\u00e1tico). Desde 2018 se presenta junto a Amina Nogueira en formato d\u00fao (guitarra, violonchelo, y voces).<\/p>\n<p>Amina Nogueira fue violoncelista de la Orquesta Joven de S\u00e3o Paulo, as\u00ed como corista de la misma. En 2018 empieza su carrera como int\u00e9rprete y compositora.<\/p>\n<p><span style=\"font-weight: 600;\"><br \/>\n\u201cVoz e corda\u201d Arthus Fochi y Amina Nogueira en vivo<br \/>\n<\/span><span style=\"font-weight: 600;\">S\u00e1bado 24 de noviembre \/ 16:00 horas \/ Sala Antar<br \/>\n<\/span><span style=\"font-weight: 600;\">Entrada liberada<\/span><\/p>\n<p>&nbsp;<\/p>\n<p>&nbsp;<\/p>\n<p>&nbsp;<\/p>\n","protected":false},"excerpt":{"rendered":"<p>Arthus Fochi y Amina Nogueira se presentaron en la Sala Antar del Museo Violeta Parra en un recital gratuito para el p\u00fablico. Los ritmos latinoamericanos siempre son bienvenidos en la Sala Antar del Museo Violeta Parra. El auditorio del recinto aloja, cada semana, a diversos artistas en recitales \u00edntimos que el p\u00fablico disfruta de manera [&hellip;]<\/p>\n","protected":false},"author":5,"featured_media":17233,"comment_status":"open","ping_status":"open","sticky":false,"template":"","format":"standard","meta":{"site-sidebar-layout":"default","site-content-layout":"","ast-site-content-layout":"default","site-content-style":"default","site-sidebar-style":"default","ast-global-header-display":"","ast-banner-title-visibility":"","ast-main-header-display":"","ast-hfb-above-header-display":"","ast-hfb-below-header-display":"","ast-hfb-mobile-header-display":"","site-post-title":"","ast-breadcrumbs-content":"","ast-featured-img":"","footer-sml-layout":"","theme-transparent-header-meta":"","adv-header-id-meta":"","stick-header-meta":"","header-above-stick-meta":"","header-main-stick-meta":"","header-below-stick-meta":"","astra-migrate-meta-layouts":"default","ast-page-background-enabled":"default","ast-page-background-meta":{"desktop":{"background-color":"var(--ast-global-color-4)","background-image":"","background-repeat":"repeat","background-position":"center center","background-size":"auto","background-attachment":"scroll","background-type":"","background-media":"","overlay-type":"","overlay-color":"","overlay-opacity":"","overlay-gradient":""},"tablet":{"background-color":"","background-image":"","background-repeat":"repeat","background-position":"center center","background-size":"auto","background-attachment":"scroll","background-type":"","background-media":"","overlay-type":"","overlay-color":"","overlay-opacity":"","overlay-gradient":""},"mobile":{"background-color":"","background-image":"","background-repeat":"repeat","background-position":"center center","background-size":"auto","background-attachment":"scroll","background-type":"","background-media":"","overlay-type":"","overlay-color":"","overlay-opacity":"","overlay-gradient":""}},"ast-content-background-meta":{"desktop":{"background-color":"var(--ast-global-color-5)","background-image":"","background-repeat":"repeat","background-position":"center center","background-size":"auto","background-attachment":"scroll","background-type":"","background-media":"","overlay-type":"","overlay-color":"","overlay-opacity":"","overlay-gradient":""},"tablet":{"background-color":"var(--ast-global-color-5)","background-image":"","background-repeat":"repeat","background-position":"center center","background-size":"auto","background-attachment":"scroll","background-type":"","background-media":"","overlay-type":"","overlay-color":"","overlay-opacity":"","overlay-gradient":""},"mobile":{"background-color":"var(--ast-global-color-5)","background-image":"","background-repeat":"repeat","background-position":"center center","background-size":"auto","background-attachment":"scroll","background-type":"","background-media":"","overlay-type":"","overlay-color":"","overlay-opacity":"","overlay-gradient":""}},"footnotes":""},"categories":[59,8,61],"tags":[],"class_list":["post-17196","post","type-post","status-publish","format-standard","has-post-thumbnail","hentry","category-destacado-noticia","category-noticias","category-novedades"],"yoast_head":"<!-- This site is optimized with the Yoast SEO plugin v25.4 - https:\/\/yoast.com\/wordpress\/plugins\/seo\/ -->\n<title>\u201cVoz e corda\u201d, el recital que trajo ritmos de Brasil al Museo Violeta Parra - Museo Violeta Parra<\/title>\n<meta name=\"robots\" content=\"index, follow, max-snippet:-1, max-image-preview:large, max-video-preview:-1\" \/>\n<link rel=\"canonical\" href=\"http:\/\/vientosur.top\/museo\/reserva-gratis-entrada-voz-e-corda-recital-intimo-traera-ritmos-brasil-este-sabado-al-museo-violeta-parra\/\" \/>\n<meta property=\"og:locale\" content=\"es_ES\" \/>\n<meta property=\"og:type\" content=\"article\" \/>\n<meta property=\"og:title\" content=\"\u201cVoz e corda\u201d, el recital que trajo ritmos de Brasil al Museo Violeta Parra - Museo Violeta Parra\" \/>\n<meta property=\"og:description\" content=\"Arthus Fochi y Amina Nogueira se presentaron en la Sala Antar del Museo Violeta Parra en un recital gratuito para el p\u00fablico. Los ritmos latinoamericanos siempre son bienvenidos en la Sala Antar del Museo Violeta Parra. El auditorio del recinto aloja, cada semana, a diversos artistas en recitales \u00edntimos que el p\u00fablico disfruta de manera [&hellip;]\" \/>\n<meta property=\"og:url\" content=\"http:\/\/vientosur.top\/museo\/reserva-gratis-entrada-voz-e-corda-recital-intimo-traera-ritmos-brasil-este-sabado-al-museo-violeta-parra\/\" \/>\n<meta property=\"og:site_name\" content=\"Museo Violeta Parra\" \/>\n<meta property=\"article:published_time\" content=\"2018-11-25T12:30:46+00:00\" \/>\n<meta property=\"og:image\" content=\"http:\/\/vientosur.top\/museo\/wp-content\/uploads\/2018\/11\/DSC_0627-scaled.jpg\" \/>\n\t<meta property=\"og:image:width\" content=\"2560\" \/>\n\t<meta property=\"og:image:height\" content=\"1702\" \/>\n\t<meta property=\"og:image:type\" content=\"image\/jpeg\" \/>\n<meta name=\"author\" content=\"admin\" \/>\n<meta name=\"twitter:card\" content=\"summary_large_image\" \/>\n<meta name=\"twitter:label1\" content=\"Escrito por\" \/>\n\t<meta name=\"twitter:data1\" content=\"admin\" \/>\n\t<meta name=\"twitter:label2\" content=\"Tiempo de lectura\" \/>\n\t<meta name=\"twitter:data2\" content=\"2 minutos\" \/>\n<script type=\"application\/ld+json\" class=\"yoast-schema-graph\">{\"@context\":\"https:\/\/schema.org\",\"@graph\":[{\"@type\":\"WebPage\",\"@id\":\"http:\/\/vientosur.top\/museo\/reserva-gratis-entrada-voz-e-corda-recital-intimo-traera-ritmos-brasil-este-sabado-al-museo-violeta-parra\/\",\"url\":\"http:\/\/vientosur.top\/museo\/reserva-gratis-entrada-voz-e-corda-recital-intimo-traera-ritmos-brasil-este-sabado-al-museo-violeta-parra\/\",\"name\":\"\u201cVoz e corda\u201d, el recital que trajo ritmos de Brasil al Museo Violeta Parra - Museo Violeta Parra\",\"isPartOf\":{\"@id\":\"http:\/\/vientosur.top\/museo\/#website\"},\"primaryImageOfPage\":{\"@id\":\"http:\/\/vientosur.top\/museo\/reserva-gratis-entrada-voz-e-corda-recital-intimo-traera-ritmos-brasil-este-sabado-al-museo-violeta-parra\/#primaryimage\"},\"image\":{\"@id\":\"http:\/\/vientosur.top\/museo\/reserva-gratis-entrada-voz-e-corda-recital-intimo-traera-ritmos-brasil-este-sabado-al-museo-violeta-parra\/#primaryimage\"},\"thumbnailUrl\":\"http:\/\/vientosur.top\/museo\/wp-content\/uploads\/2018\/11\/DSC_0627-scaled.jpg\",\"datePublished\":\"2018-11-25T12:30:46+00:00\",\"author\":{\"@id\":\"http:\/\/vientosur.top\/museo\/#\/schema\/person\/20c79d3c38800971feec8c2693c3dd9c\"},\"breadcrumb\":{\"@id\":\"http:\/\/vientosur.top\/museo\/reserva-gratis-entrada-voz-e-corda-recital-intimo-traera-ritmos-brasil-este-sabado-al-museo-violeta-parra\/#breadcrumb\"},\"inLanguage\":\"es\",\"potentialAction\":[{\"@type\":\"ReadAction\",\"target\":[\"http:\/\/vientosur.top\/museo\/reserva-gratis-entrada-voz-e-corda-recital-intimo-traera-ritmos-brasil-este-sabado-al-museo-violeta-parra\/\"]}]},{\"@type\":\"ImageObject\",\"inLanguage\":\"es\",\"@id\":\"http:\/\/vientosur.top\/museo\/reserva-gratis-entrada-voz-e-corda-recital-intimo-traera-ritmos-brasil-este-sabado-al-museo-violeta-parra\/#primaryimage\",\"url\":\"http:\/\/vientosur.top\/museo\/wp-content\/uploads\/2018\/11\/DSC_0627-scaled.jpg\",\"contentUrl\":\"http:\/\/vientosur.top\/museo\/wp-content\/uploads\/2018\/11\/DSC_0627-scaled.jpg\",\"width\":2560,\"height\":1702},{\"@type\":\"BreadcrumbList\",\"@id\":\"http:\/\/vientosur.top\/museo\/reserva-gratis-entrada-voz-e-corda-recital-intimo-traera-ritmos-brasil-este-sabado-al-museo-violeta-parra\/#breadcrumb\",\"itemListElement\":[{\"@type\":\"ListItem\",\"position\":1,\"name\":\"Portada\",\"item\":\"http:\/\/vientosur.top\/museo\/\"},{\"@type\":\"ListItem\",\"position\":2,\"name\":\"\u201cVoz e corda\u201d, el recital que trajo ritmos de Brasil al Museo Violeta Parra\"}]},{\"@type\":\"WebSite\",\"@id\":\"http:\/\/vientosur.top\/museo\/#website\",\"url\":\"http:\/\/vientosur.top\/museo\/\",\"name\":\"Museo Violeta Parra\",\"description\":\"Espacio que alberga tanto la memoria y legado creativo de la artista\",\"potentialAction\":[{\"@type\":\"SearchAction\",\"target\":{\"@type\":\"EntryPoint\",\"urlTemplate\":\"http:\/\/vientosur.top\/museo\/?s={search_term_string}\"},\"query-input\":{\"@type\":\"PropertyValueSpecification\",\"valueRequired\":true,\"valueName\":\"search_term_string\"}}],\"inLanguage\":\"es\"},{\"@type\":\"Person\",\"@id\":\"http:\/\/vientosur.top\/museo\/#\/schema\/person\/20c79d3c38800971feec8c2693c3dd9c\",\"name\":\"admin\",\"image\":{\"@type\":\"ImageObject\",\"inLanguage\":\"es\",\"@id\":\"http:\/\/vientosur.top\/museo\/#\/schema\/person\/image\/\",\"url\":\"https:\/\/secure.gravatar.com\/avatar\/713677ece3ffa642287213a80e5b773bce9ab81c269dd6d95102a990951c922f?s=96&d=mm&r=g\",\"contentUrl\":\"https:\/\/secure.gravatar.com\/avatar\/713677ece3ffa642287213a80e5b773bce9ab81c269dd6d95102a990951c922f?s=96&d=mm&r=g\",\"caption\":\"admin\"},\"sameAs\":[\"http:\/\/vientosur.top\/museo\"],\"url\":\"http:\/\/vientosur.top\/museo\/author\/comunicacionesmvp\/\"}]}<\/script>\n<!-- \/ Yoast SEO plugin. -->","yoast_head_json":{"title":"\u201cVoz e corda\u201d, el recital que trajo ritmos de Brasil al Museo Violeta Parra - Museo Violeta Parra","robots":{"index":"index","follow":"follow","max-snippet":"max-snippet:-1","max-image-preview":"max-image-preview:large","max-video-preview":"max-video-preview:-1"},"canonical":"http:\/\/vientosur.top\/museo\/reserva-gratis-entrada-voz-e-corda-recital-intimo-traera-ritmos-brasil-este-sabado-al-museo-violeta-parra\/","og_locale":"es_ES","og_type":"article","og_title":"\u201cVoz e corda\u201d, el recital que trajo ritmos de Brasil al Museo Violeta Parra - Museo Violeta Parra","og_description":"Arthus Fochi y Amina Nogueira se presentaron en la Sala Antar del Museo Violeta Parra en un recital gratuito para el p\u00fablico. Los ritmos latinoamericanos siempre son bienvenidos en la Sala Antar del Museo Violeta Parra. El auditorio del recinto aloja, cada semana, a diversos artistas en recitales \u00edntimos que el p\u00fablico disfruta de manera [&hellip;]","og_url":"http:\/\/vientosur.top\/museo\/reserva-gratis-entrada-voz-e-corda-recital-intimo-traera-ritmos-brasil-este-sabado-al-museo-violeta-parra\/","og_site_name":"Museo Violeta Parra","article_published_time":"2018-11-25T12:30:46+00:00","og_image":[{"width":2560,"height":1702,"url":"http:\/\/vientosur.top\/museo\/wp-content\/uploads\/2018\/11\/DSC_0627-scaled.jpg","type":"image\/jpeg"}],"author":"admin","twitter_card":"summary_large_image","twitter_misc":{"Escrito por":"admin","Tiempo de lectura":"2 minutos"},"schema":{"@context":"https:\/\/schema.org","@graph":[{"@type":"WebPage","@id":"http:\/\/vientosur.top\/museo\/reserva-gratis-entrada-voz-e-corda-recital-intimo-traera-ritmos-brasil-este-sabado-al-museo-violeta-parra\/","url":"http:\/\/vientosur.top\/museo\/reserva-gratis-entrada-voz-e-corda-recital-intimo-traera-ritmos-brasil-este-sabado-al-museo-violeta-parra\/","name":"\u201cVoz e corda\u201d, el recital que trajo ritmos de Brasil al Museo Violeta Parra - Museo Violeta Parra","isPartOf":{"@id":"http:\/\/vientosur.top\/museo\/#website"},"primaryImageOfPage":{"@id":"http:\/\/vientosur.top\/museo\/reserva-gratis-entrada-voz-e-corda-recital-intimo-traera-ritmos-brasil-este-sabado-al-museo-violeta-parra\/#primaryimage"},"image":{"@id":"http:\/\/vientosur.top\/museo\/reserva-gratis-entrada-voz-e-corda-recital-intimo-traera-ritmos-brasil-este-sabado-al-museo-violeta-parra\/#primaryimage"},"thumbnailUrl":"http:\/\/vientosur.top\/museo\/wp-content\/uploads\/2018\/11\/DSC_0627-scaled.jpg","datePublished":"2018-11-25T12:30:46+00:00","author":{"@id":"http:\/\/vientosur.top\/museo\/#\/schema\/person\/20c79d3c38800971feec8c2693c3dd9c"},"breadcrumb":{"@id":"http:\/\/vientosur.top\/museo\/reserva-gratis-entrada-voz-e-corda-recital-intimo-traera-ritmos-brasil-este-sabado-al-museo-violeta-parra\/#breadcrumb"},"inLanguage":"es","potentialAction":[{"@type":"ReadAction","target":["http:\/\/vientosur.top\/museo\/reserva-gratis-entrada-voz-e-corda-recital-intimo-traera-ritmos-brasil-este-sabado-al-museo-violeta-parra\/"]}]},{"@type":"ImageObject","inLanguage":"es","@id":"http:\/\/vientosur.top\/museo\/reserva-gratis-entrada-voz-e-corda-recital-intimo-traera-ritmos-brasil-este-sabado-al-museo-violeta-parra\/#primaryimage","url":"http:\/\/vientosur.top\/museo\/wp-content\/uploads\/2018\/11\/DSC_0627-scaled.jpg","contentUrl":"http:\/\/vientosur.top\/museo\/wp-content\/uploads\/2018\/11\/DSC_0627-scaled.jpg","width":2560,"height":1702},{"@type":"BreadcrumbList","@id":"http:\/\/vientosur.top\/museo\/reserva-gratis-entrada-voz-e-corda-recital-intimo-traera-ritmos-brasil-este-sabado-al-museo-violeta-parra\/#breadcrumb","itemListElement":[{"@type":"ListItem","position":1,"name":"Portada","item":"http:\/\/vientosur.top\/museo\/"},{"@type":"ListItem","position":2,"name":"\u201cVoz e corda\u201d, el recital que trajo ritmos de Brasil al Museo Violeta Parra"}]},{"@type":"WebSite","@id":"http:\/\/vientosur.top\/museo\/#website","url":"http:\/\/vientosur.top\/museo\/","name":"Museo Violeta Parra","description":"Espacio que alberga tanto la memoria y legado creativo de la artista","potentialAction":[{"@type":"SearchAction","target":{"@type":"EntryPoint","urlTemplate":"http:\/\/vientosur.top\/museo\/?s={search_term_string}"},"query-input":{"@type":"PropertyValueSpecification","valueRequired":true,"valueName":"search_term_string"}}],"inLanguage":"es"},{"@type":"Person","@id":"http:\/\/vientosur.top\/museo\/#\/schema\/person\/20c79d3c38800971feec8c2693c3dd9c","name":"admin","image":{"@type":"ImageObject","inLanguage":"es","@id":"http:\/\/vientosur.top\/museo\/#\/schema\/person\/image\/","url":"https:\/\/secure.gravatar.com\/avatar\/713677ece3ffa642287213a80e5b773bce9ab81c269dd6d95102a990951c922f?s=96&d=mm&r=g","contentUrl":"https:\/\/secure.gravatar.com\/avatar\/713677ece3ffa642287213a80e5b773bce9ab81c269dd6d95102a990951c922f?s=96&d=mm&r=g","caption":"admin"},"sameAs":["http:\/\/vientosur.top\/museo"],"url":"http:\/\/vientosur.top\/museo\/author\/comunicacionesmvp\/"}]}},"_links":{"self":[{"href":"http:\/\/vientosur.top\/museo\/wp-json\/wp\/v2\/posts\/17196","targetHints":{"allow":["GET"]}}],"collection":[{"href":"http:\/\/vientosur.top\/museo\/wp-json\/wp\/v2\/posts"}],"about":[{"href":"http:\/\/vientosur.top\/museo\/wp-json\/wp\/v2\/types\/post"}],"author":[{"embeddable":true,"href":"http:\/\/vientosur.top\/museo\/wp-json\/wp\/v2\/users\/5"}],"replies":[{"embeddable":true,"href":"http:\/\/vientosur.top\/museo\/wp-json\/wp\/v2\/comments?post=17196"}],"version-history":[{"count":0,"href":"http:\/\/vientosur.top\/museo\/wp-json\/wp\/v2\/posts\/17196\/revisions"}],"wp:featuredmedia":[{"embeddable":true,"href":"http:\/\/vientosur.top\/museo\/wp-json\/wp\/v2\/media\/17233"}],"wp:attachment":[{"href":"http:\/\/vientosur.top\/museo\/wp-json\/wp\/v2\/media?parent=17196"}],"wp:term":[{"taxonomy":"category","embeddable":true,"href":"http:\/\/vientosur.top\/museo\/wp-json\/wp\/v2\/categories?post=17196"},{"taxonomy":"post_tag","embeddable":true,"href":"http:\/\/vientosur.top\/museo\/wp-json\/wp\/v2\/tags?post=17196"}],"curies":[{"name":"wp","href":"https:\/\/api.w.org\/{rel}","templated":true}]}}