{"id":17246,"date":"2018-11-27T12:35:30","date_gmt":"2018-11-27T17:35:30","guid":{"rendered":"http:\/\/vientosur.top\/museo\/?p=17246"},"modified":"2018-11-27T12:35:30","modified_gmt":"2018-11-27T17:35:30","slug":"zaida-gonzalez-repasara-obra-fotografica-este-miercoles-museo-violeta-parra","status":"publish","type":"post","link":"http:\/\/vientosur.top\/museo\/zaida-gonzalez-repasara-obra-fotografica-este-miercoles-museo-violeta-parra\/","title":{"rendered":"Zaida Gonz\u00e1lez present\u00f3 su obra fotogr\u00e1fica en el Ciclo Pupila de \u00c1guila"},"content":{"rendered":"<p>La sexta sesi\u00f3n del Ciclo Pupila de \u00c1guila, actividad que pone en relieve el trabajo fotogr\u00e1fico en torno a la identidad chilena, tuvo como protagonista a Zaida Gonz\u00e1lez, quien se sum\u00f3 a \u00a0Kena Lorenzini,\u00a0Luis Navarro,\u00a0Jorge\u00a0Brantmayer, Marcelo Montealegre y Francisco Bermejo.<\/p>\n<p>Gonz\u00e1lez lleg\u00f3 a la Sala Antar del Museo Violeta Parra a hacer un repaso por su trabajo fotogr\u00e1fico que, a la fecha, incluye cinco libros de autor: \u201cLas Novias de Antonio\u201d (2009), \u201cRecu\u00e9rdame al morir con mi \u00faltimo latido\u201d (2010), \u201cZaida Gonz\u00e1lez De Guarda\u201d (2013), \u201cNi L\u00e1grimas Ni Culpa\u201d (2017) y \u201cEl Juicio Final: Tarot Trans\u201d (2017).<\/p>\n<p><strong><br \/>\nSobre la autora<\/strong><\/p>\n<p>Zaida Gonzalez R\u00edos (San Miguel, 1977) se dedica a la docencia y a su trabajo autoral. Desde 1999 ha expuesto en diversas muestras colectivas e individuales. Internacionalmente su obra se ha presentado en Colombia, Argentina, Estados Unidos, B\u00e9lgica, Per\u00fa, Espa\u00f1a, Uruguay, Venezuela, Francia, Portugal, Lituania, Italia, Suecia, Inglaterra y M\u00e9xico.<\/p>\n<p>Ha recibido en seis oportunidades la Beca Fondart en el \u00e1rea de fotograf\u00eda, la Beca Residencia de Fotograf\u00eda Art\u00edstica en Valpara\u00edso y la Beca de la Direcci\u00f3n de Asuntos Culturales para realizar una residencia en la Organizaci\u00f3n Nelson Garrido de Caracas (2013). Un a\u00f1o despu\u00e9s realiz\u00f3 exhibiciones en N\u00eemes, Bruselas y Par\u00eds.<\/p>\n<p>Zaida Gonz\u00e1lez recibi\u00f3 el Premio Rodrigo Rojas de Negri (2012) y el Premio a la Mejor Artista Joven en la IV Feria Internacional de Arte Contempor\u00e1neo ARTVILNIUS \u030113 de Lituania, por la presentaci\u00f3n de la exposici\u00f3n \u201cPrimera comuni\u00f3n\u201d en la galer\u00eda Serpente de Portugal.<\/p>\n<p style=\"font-weight: 400;\"><a href=\"https:\/\/www.facebook.com\/pg\/MuseoVioletaParra\/photos\/?tab=album&amp;album_id=2251178638458878&amp;__xts__%5B0%5D=68.ARB9ewW-vLXvyHhC5s_uPHMc4OzjH4rWqwThwS2XLGrSXAJQ5VB_fzuRIcpEfZHV2LXl51TeoAMqHkRx9GS8icGvbx1JUuXxwehoQHQXBl59GpJGWKf19u5b246QJtfIofD9ZvE273vB85ub6Qht8mZz4-QpUTZ8zW_N8EFUo4taWkkTpypwxeVdrQXsH76_b9tY1buHEFV8VNQGhnfL0g4ncanoqi0IUXmKAMg-7RAF_OkSbT-Z1theqWvV-oWJ1VCAiU5P_axGcAAaNXTDqYRkITO9wOY7cWhZW6PN7hkYv7tIs_pFvCtASKrjTY0onpxsY1BnhYn0fe1dyyTBPCCrk6AORyOPsy9Koeo4K3x8vzsWvGFTWX9nqwOnwCFhwq7CVN-wd2Gpm-znPLCbDcvdSG2YyzGXZefKhKeCk_acbpNafLzCCELd875saJRoojrYxxIDBHCLpdG50Hx-JymT2GHblkVlt8q4M9M2w0J9QDJww_NQJN7INvWmWYZaQVA5wa6iJXwg0ThoKDTybqgEYFWhj8-DsLA0SPxKfPqA9Yj3pA&amp;__tn__=-UC-R\" target=\"_blank\" rel=\"noopener noreferrer\"><b>Ver galer\u00eda de im\u00e1genes<\/b><\/a><\/p>\n","protected":false},"excerpt":{"rendered":"<p>La sexta sesi\u00f3n del Ciclo Pupila de \u00c1guila, actividad que pone en relieve el trabajo fotogr\u00e1fico en torno a la identidad chilena, tuvo como protagonista a Zaida Gonz\u00e1lez, quien se sum\u00f3 a \u00a0Kena Lorenzini,\u00a0Luis Navarro,\u00a0Jorge\u00a0Brantmayer, Marcelo Montealegre y Francisco Bermejo. Gonz\u00e1lez lleg\u00f3 a la Sala Antar del Museo Violeta Parra a hacer un repaso por [&hellip;]<\/p>\n","protected":false},"author":5,"featured_media":17290,"comment_status":"open","ping_status":"open","sticky":false,"template":"","format":"standard","meta":{"site-sidebar-layout":"default","site-content-layout":"","ast-site-content-layout":"default","site-content-style":"default","site-sidebar-style":"default","ast-global-header-display":"","ast-banner-title-visibility":"","ast-main-header-display":"","ast-hfb-above-header-display":"","ast-hfb-below-header-display":"","ast-hfb-mobile-header-display":"","site-post-title":"","ast-breadcrumbs-content":"","ast-featured-img":"","footer-sml-layout":"","theme-transparent-header-meta":"","adv-header-id-meta":"","stick-header-meta":"","header-above-stick-meta":"","header-main-stick-meta":"","header-below-stick-meta":"","astra-migrate-meta-layouts":"default","ast-page-background-enabled":"default","ast-page-background-meta":{"desktop":{"background-color":"var(--ast-global-color-4)","background-image":"","background-repeat":"repeat","background-position":"center center","background-size":"auto","background-attachment":"scroll","background-type":"","background-media":"","overlay-type":"","overlay-color":"","overlay-opacity":"","overlay-gradient":""},"tablet":{"background-color":"","background-image":"","background-repeat":"repeat","background-position":"center center","background-size":"auto","background-attachment":"scroll","background-type":"","background-media":"","overlay-type":"","overlay-color":"","overlay-opacity":"","overlay-gradient":""},"mobile":{"background-color":"","background-image":"","background-repeat":"repeat","background-position":"center center","background-size":"auto","background-attachment":"scroll","background-type":"","background-media":"","overlay-type":"","overlay-color":"","overlay-opacity":"","overlay-gradient":""}},"ast-content-background-meta":{"desktop":{"background-color":"var(--ast-global-color-5)","background-image":"","background-repeat":"repeat","background-position":"center center","background-size":"auto","background-attachment":"scroll","background-type":"","background-media":"","overlay-type":"","overlay-color":"","overlay-opacity":"","overlay-gradient":""},"tablet":{"background-color":"var(--ast-global-color-5)","background-image":"","background-repeat":"repeat","background-position":"center center","background-size":"auto","background-attachment":"scroll","background-type":"","background-media":"","overlay-type":"","overlay-color":"","overlay-opacity":"","overlay-gradient":""},"mobile":{"background-color":"var(--ast-global-color-5)","background-image":"","background-repeat":"repeat","background-position":"center center","background-size":"auto","background-attachment":"scroll","background-type":"","background-media":"","overlay-type":"","overlay-color":"","overlay-opacity":"","overlay-gradient":""}},"footnotes":""},"categories":[59,8,61],"tags":[],"class_list":["post-17246","post","type-post","status-publish","format-standard","has-post-thumbnail","hentry","category-destacado-noticia","category-noticias","category-novedades"],"yoast_head":"<!-- This site is optimized with the Yoast SEO plugin v25.4 - https:\/\/yoast.com\/wordpress\/plugins\/seo\/ -->\n<title>Zaida Gonz\u00e1lez present\u00f3 su obra fotogr\u00e1fica en el Ciclo Pupila de \u00c1guila - Museo Violeta Parra<\/title>\n<meta name=\"robots\" content=\"index, follow, max-snippet:-1, max-image-preview:large, max-video-preview:-1\" \/>\n<link rel=\"canonical\" href=\"http:\/\/vientosur.top\/museo\/zaida-gonzalez-repasara-obra-fotografica-este-miercoles-museo-violeta-parra\/\" \/>\n<meta property=\"og:locale\" content=\"es_ES\" \/>\n<meta property=\"og:type\" content=\"article\" \/>\n<meta property=\"og:title\" content=\"Zaida Gonz\u00e1lez present\u00f3 su obra fotogr\u00e1fica en el Ciclo Pupila de \u00c1guila - Museo Violeta Parra\" \/>\n<meta property=\"og:description\" content=\"La sexta sesi\u00f3n del Ciclo Pupila de \u00c1guila, actividad que pone en relieve el trabajo fotogr\u00e1fico en torno a la identidad chilena, tuvo como protagonista a Zaida Gonz\u00e1lez, quien se sum\u00f3 a \u00a0Kena Lorenzini,\u00a0Luis Navarro,\u00a0Jorge\u00a0Brantmayer, Marcelo Montealegre y Francisco Bermejo. Gonz\u00e1lez lleg\u00f3 a la Sala Antar del Museo Violeta Parra a hacer un repaso por [&hellip;]\" \/>\n<meta property=\"og:url\" content=\"http:\/\/vientosur.top\/museo\/zaida-gonzalez-repasara-obra-fotografica-este-miercoles-museo-violeta-parra\/\" \/>\n<meta property=\"og:site_name\" content=\"Museo Violeta Parra\" \/>\n<meta property=\"article:published_time\" content=\"2018-11-27T17:35:30+00:00\" \/>\n<meta property=\"og:image\" content=\"http:\/\/vientosur.top\/museo\/wp-content\/uploads\/2018\/11\/zaida.jpg\" \/>\n\t<meta property=\"og:image:width\" content=\"1692\" \/>\n\t<meta property=\"og:image:height\" content=\"1125\" \/>\n\t<meta property=\"og:image:type\" content=\"image\/jpeg\" \/>\n<meta name=\"author\" content=\"admin\" \/>\n<meta name=\"twitter:card\" content=\"summary_large_image\" \/>\n<meta name=\"twitter:label1\" content=\"Escrito por\" \/>\n\t<meta name=\"twitter:data1\" content=\"admin\" \/>\n\t<meta name=\"twitter:label2\" content=\"Tiempo de lectura\" \/>\n\t<meta name=\"twitter:data2\" content=\"1 minuto\" \/>\n<script type=\"application\/ld+json\" class=\"yoast-schema-graph\">{\"@context\":\"https:\/\/schema.org\",\"@graph\":[{\"@type\":\"WebPage\",\"@id\":\"http:\/\/vientosur.top\/museo\/zaida-gonzalez-repasara-obra-fotografica-este-miercoles-museo-violeta-parra\/\",\"url\":\"http:\/\/vientosur.top\/museo\/zaida-gonzalez-repasara-obra-fotografica-este-miercoles-museo-violeta-parra\/\",\"name\":\"Zaida Gonz\u00e1lez present\u00f3 su obra fotogr\u00e1fica en el Ciclo Pupila de \u00c1guila - Museo Violeta Parra\",\"isPartOf\":{\"@id\":\"http:\/\/vientosur.top\/museo\/#website\"},\"primaryImageOfPage\":{\"@id\":\"http:\/\/vientosur.top\/museo\/zaida-gonzalez-repasara-obra-fotografica-este-miercoles-museo-violeta-parra\/#primaryimage\"},\"image\":{\"@id\":\"http:\/\/vientosur.top\/museo\/zaida-gonzalez-repasara-obra-fotografica-este-miercoles-museo-violeta-parra\/#primaryimage\"},\"thumbnailUrl\":\"http:\/\/vientosur.top\/museo\/wp-content\/uploads\/2018\/11\/zaida.jpg\",\"datePublished\":\"2018-11-27T17:35:30+00:00\",\"author\":{\"@id\":\"http:\/\/vientosur.top\/museo\/#\/schema\/person\/20c79d3c38800971feec8c2693c3dd9c\"},\"breadcrumb\":{\"@id\":\"http:\/\/vientosur.top\/museo\/zaida-gonzalez-repasara-obra-fotografica-este-miercoles-museo-violeta-parra\/#breadcrumb\"},\"inLanguage\":\"es\",\"potentialAction\":[{\"@type\":\"ReadAction\",\"target\":[\"http:\/\/vientosur.top\/museo\/zaida-gonzalez-repasara-obra-fotografica-este-miercoles-museo-violeta-parra\/\"]}]},{\"@type\":\"ImageObject\",\"inLanguage\":\"es\",\"@id\":\"http:\/\/vientosur.top\/museo\/zaida-gonzalez-repasara-obra-fotografica-este-miercoles-museo-violeta-parra\/#primaryimage\",\"url\":\"http:\/\/vientosur.top\/museo\/wp-content\/uploads\/2018\/11\/zaida.jpg\",\"contentUrl\":\"http:\/\/vientosur.top\/museo\/wp-content\/uploads\/2018\/11\/zaida.jpg\",\"width\":1692,\"height\":1125},{\"@type\":\"BreadcrumbList\",\"@id\":\"http:\/\/vientosur.top\/museo\/zaida-gonzalez-repasara-obra-fotografica-este-miercoles-museo-violeta-parra\/#breadcrumb\",\"itemListElement\":[{\"@type\":\"ListItem\",\"position\":1,\"name\":\"Portada\",\"item\":\"http:\/\/vientosur.top\/museo\/\"},{\"@type\":\"ListItem\",\"position\":2,\"name\":\"Zaida Gonz\u00e1lez present\u00f3 su obra fotogr\u00e1fica en el Ciclo Pupila de \u00c1guila\"}]},{\"@type\":\"WebSite\",\"@id\":\"http:\/\/vientosur.top\/museo\/#website\",\"url\":\"http:\/\/vientosur.top\/museo\/\",\"name\":\"Museo Violeta Parra\",\"description\":\"Espacio que alberga tanto la memoria y legado creativo de la artista\",\"potentialAction\":[{\"@type\":\"SearchAction\",\"target\":{\"@type\":\"EntryPoint\",\"urlTemplate\":\"http:\/\/vientosur.top\/museo\/?s={search_term_string}\"},\"query-input\":{\"@type\":\"PropertyValueSpecification\",\"valueRequired\":true,\"valueName\":\"search_term_string\"}}],\"inLanguage\":\"es\"},{\"@type\":\"Person\",\"@id\":\"http:\/\/vientosur.top\/museo\/#\/schema\/person\/20c79d3c38800971feec8c2693c3dd9c\",\"name\":\"admin\",\"image\":{\"@type\":\"ImageObject\",\"inLanguage\":\"es\",\"@id\":\"http:\/\/vientosur.top\/museo\/#\/schema\/person\/image\/\",\"url\":\"https:\/\/secure.gravatar.com\/avatar\/713677ece3ffa642287213a80e5b773bce9ab81c269dd6d95102a990951c922f?s=96&d=mm&r=g\",\"contentUrl\":\"https:\/\/secure.gravatar.com\/avatar\/713677ece3ffa642287213a80e5b773bce9ab81c269dd6d95102a990951c922f?s=96&d=mm&r=g\",\"caption\":\"admin\"},\"sameAs\":[\"http:\/\/vientosur.top\/museo\"],\"url\":\"http:\/\/vientosur.top\/museo\/author\/comunicacionesmvp\/\"}]}<\/script>\n<!-- \/ Yoast SEO plugin. -->","yoast_head_json":{"title":"Zaida Gonz\u00e1lez present\u00f3 su obra fotogr\u00e1fica en el Ciclo Pupila de \u00c1guila - Museo Violeta Parra","robots":{"index":"index","follow":"follow","max-snippet":"max-snippet:-1","max-image-preview":"max-image-preview:large","max-video-preview":"max-video-preview:-1"},"canonical":"http:\/\/vientosur.top\/museo\/zaida-gonzalez-repasara-obra-fotografica-este-miercoles-museo-violeta-parra\/","og_locale":"es_ES","og_type":"article","og_title":"Zaida Gonz\u00e1lez present\u00f3 su obra fotogr\u00e1fica en el Ciclo Pupila de \u00c1guila - Museo Violeta Parra","og_description":"La sexta sesi\u00f3n del Ciclo Pupila de \u00c1guila, actividad que pone en relieve el trabajo fotogr\u00e1fico en torno a la identidad chilena, tuvo como protagonista a Zaida Gonz\u00e1lez, quien se sum\u00f3 a \u00a0Kena Lorenzini,\u00a0Luis Navarro,\u00a0Jorge\u00a0Brantmayer, Marcelo Montealegre y Francisco Bermejo. Gonz\u00e1lez lleg\u00f3 a la Sala Antar del Museo Violeta Parra a hacer un repaso por [&hellip;]","og_url":"http:\/\/vientosur.top\/museo\/zaida-gonzalez-repasara-obra-fotografica-este-miercoles-museo-violeta-parra\/","og_site_name":"Museo Violeta Parra","article_published_time":"2018-11-27T17:35:30+00:00","og_image":[{"width":1692,"height":1125,"url":"http:\/\/vientosur.top\/museo\/wp-content\/uploads\/2018\/11\/zaida.jpg","type":"image\/jpeg"}],"author":"admin","twitter_card":"summary_large_image","twitter_misc":{"Escrito por":"admin","Tiempo de lectura":"1 minuto"},"schema":{"@context":"https:\/\/schema.org","@graph":[{"@type":"WebPage","@id":"http:\/\/vientosur.top\/museo\/zaida-gonzalez-repasara-obra-fotografica-este-miercoles-museo-violeta-parra\/","url":"http:\/\/vientosur.top\/museo\/zaida-gonzalez-repasara-obra-fotografica-este-miercoles-museo-violeta-parra\/","name":"Zaida Gonz\u00e1lez present\u00f3 su obra fotogr\u00e1fica en el Ciclo Pupila de \u00c1guila - Museo Violeta Parra","isPartOf":{"@id":"http:\/\/vientosur.top\/museo\/#website"},"primaryImageOfPage":{"@id":"http:\/\/vientosur.top\/museo\/zaida-gonzalez-repasara-obra-fotografica-este-miercoles-museo-violeta-parra\/#primaryimage"},"image":{"@id":"http:\/\/vientosur.top\/museo\/zaida-gonzalez-repasara-obra-fotografica-este-miercoles-museo-violeta-parra\/#primaryimage"},"thumbnailUrl":"http:\/\/vientosur.top\/museo\/wp-content\/uploads\/2018\/11\/zaida.jpg","datePublished":"2018-11-27T17:35:30+00:00","author":{"@id":"http:\/\/vientosur.top\/museo\/#\/schema\/person\/20c79d3c38800971feec8c2693c3dd9c"},"breadcrumb":{"@id":"http:\/\/vientosur.top\/museo\/zaida-gonzalez-repasara-obra-fotografica-este-miercoles-museo-violeta-parra\/#breadcrumb"},"inLanguage":"es","potentialAction":[{"@type":"ReadAction","target":["http:\/\/vientosur.top\/museo\/zaida-gonzalez-repasara-obra-fotografica-este-miercoles-museo-violeta-parra\/"]}]},{"@type":"ImageObject","inLanguage":"es","@id":"http:\/\/vientosur.top\/museo\/zaida-gonzalez-repasara-obra-fotografica-este-miercoles-museo-violeta-parra\/#primaryimage","url":"http:\/\/vientosur.top\/museo\/wp-content\/uploads\/2018\/11\/zaida.jpg","contentUrl":"http:\/\/vientosur.top\/museo\/wp-content\/uploads\/2018\/11\/zaida.jpg","width":1692,"height":1125},{"@type":"BreadcrumbList","@id":"http:\/\/vientosur.top\/museo\/zaida-gonzalez-repasara-obra-fotografica-este-miercoles-museo-violeta-parra\/#breadcrumb","itemListElement":[{"@type":"ListItem","position":1,"name":"Portada","item":"http:\/\/vientosur.top\/museo\/"},{"@type":"ListItem","position":2,"name":"Zaida Gonz\u00e1lez present\u00f3 su obra fotogr\u00e1fica en el Ciclo Pupila de \u00c1guila"}]},{"@type":"WebSite","@id":"http:\/\/vientosur.top\/museo\/#website","url":"http:\/\/vientosur.top\/museo\/","name":"Museo Violeta Parra","description":"Espacio que alberga tanto la memoria y legado creativo de la artista","potentialAction":[{"@type":"SearchAction","target":{"@type":"EntryPoint","urlTemplate":"http:\/\/vientosur.top\/museo\/?s={search_term_string}"},"query-input":{"@type":"PropertyValueSpecification","valueRequired":true,"valueName":"search_term_string"}}],"inLanguage":"es"},{"@type":"Person","@id":"http:\/\/vientosur.top\/museo\/#\/schema\/person\/20c79d3c38800971feec8c2693c3dd9c","name":"admin","image":{"@type":"ImageObject","inLanguage":"es","@id":"http:\/\/vientosur.top\/museo\/#\/schema\/person\/image\/","url":"https:\/\/secure.gravatar.com\/avatar\/713677ece3ffa642287213a80e5b773bce9ab81c269dd6d95102a990951c922f?s=96&d=mm&r=g","contentUrl":"https:\/\/secure.gravatar.com\/avatar\/713677ece3ffa642287213a80e5b773bce9ab81c269dd6d95102a990951c922f?s=96&d=mm&r=g","caption":"admin"},"sameAs":["http:\/\/vientosur.top\/museo"],"url":"http:\/\/vientosur.top\/museo\/author\/comunicacionesmvp\/"}]}},"_links":{"self":[{"href":"http:\/\/vientosur.top\/museo\/wp-json\/wp\/v2\/posts\/17246","targetHints":{"allow":["GET"]}}],"collection":[{"href":"http:\/\/vientosur.top\/museo\/wp-json\/wp\/v2\/posts"}],"about":[{"href":"http:\/\/vientosur.top\/museo\/wp-json\/wp\/v2\/types\/post"}],"author":[{"embeddable":true,"href":"http:\/\/vientosur.top\/museo\/wp-json\/wp\/v2\/users\/5"}],"replies":[{"embeddable":true,"href":"http:\/\/vientosur.top\/museo\/wp-json\/wp\/v2\/comments?post=17246"}],"version-history":[{"count":0,"href":"http:\/\/vientosur.top\/museo\/wp-json\/wp\/v2\/posts\/17246\/revisions"}],"wp:featuredmedia":[{"embeddable":true,"href":"http:\/\/vientosur.top\/museo\/wp-json\/wp\/v2\/media\/17290"}],"wp:attachment":[{"href":"http:\/\/vientosur.top\/museo\/wp-json\/wp\/v2\/media?parent=17246"}],"wp:term":[{"taxonomy":"category","embeddable":true,"href":"http:\/\/vientosur.top\/museo\/wp-json\/wp\/v2\/categories?post=17246"},{"taxonomy":"post_tag","embeddable":true,"href":"http:\/\/vientosur.top\/museo\/wp-json\/wp\/v2\/tags?post=17246"}],"curies":[{"name":"wp","href":"https:\/\/api.w.org\/{rel}","templated":true}]}}