{"id":17272,"date":"2018-12-02T16:50:54","date_gmt":"2018-12-02T21:50:54","guid":{"rendered":"http:\/\/vientosur.top\/museo\/?p=17272"},"modified":"2018-12-02T16:50:54","modified_gmt":"2018-12-02T21:50:54","slug":"los-dos-maulinos-se-presentaran-este-sabado-ciclo-cuecas-del-museo-violeta-parra","status":"publish","type":"post","link":"http:\/\/vientosur.top\/museo\/los-dos-maulinos-se-presentaran-este-sabado-ciclo-cuecas-del-museo-violeta-parra\/","title":{"rendered":"Los Dos Maulinos se presentaron en el Ciclo de Cuecas del Museo Violeta Parra"},"content":{"rendered":"<p style=\"font-weight: 400;\"><em>La agrupaci\u00f3n se present\u00f3 el s\u00e1bado 1 de diciembre en la explanada del museo.<\/em><\/p>\n<p style=\"font-weight: 400;\">El Museo Violeta Parra comenz\u00f3 a despedir el 2018 con m\u00fasica y baile. El recinto cultural que rescata\u00a0la memoria y legado creativo de la artista, le dio la bienvenida al \u00faltimo mes del a\u00f1o con su tradicional Ciclo de Cuecas.<\/p>\n<p style=\"font-weight: 400;\">Esta actividad festiva, que cada mes re\u00fane a cientos de visitantes quienes llegan a la explanada del museo a escuchar y bailar cueca, despidi\u00f3 su temporada 2018 con la presentaci\u00f3n de\u00a0Los\u00a0Dos\u00a0Maulinos,\u00a0d\u00fao formado por\u00a0dos\u00a0j\u00f3venes oriundos de la s\u00e9ptima regi\u00f3n: Mauricio Vega (Linares) y Miguel Molina (Molina).<\/p>\n<p style=\"font-weight: 400;\">El grupo, que en enero pr\u00f3ximo cumplir\u00e1 cinco a\u00f1os\u00a0de carrera, es reconocido por su trabajo de recopilaci\u00f3n e interpretaci\u00f3n del repertorio tradicional que se conserva en la Regi\u00f3n del Maule. La maestra Margot Loyola Palacios (1918 &#8211; 2015), adem\u00e1s,\u00a0los\u00a0acogi\u00f3 como estudiantes\u00a0los\u00a0\u00faltimos a\u00f1os\u00a0de su vida.<\/p>\n<p style=\"font-weight: 400;\">Sobre el repertorio que presentaron en el museo, Mauricio Vega adelant\u00f3 que \u201cmostraremos cuecas que hemos recopilado de las cantoras del Maule, muchas de ellas desconocidas, y tambi\u00e9n tocaremos canciones propias, inspiradas en nuestra zona\u201d.<\/p>\n<p style=\"font-weight: 400;\">Los\u00a0Dos\u00a0Maulinos\u00a0llegan al Museo Violeta Parra precedidos por una contundente carrera art\u00edstica que incluye el lanzamiento de su primer disco el a\u00f1o 2016: \u201cVamos Cantando Cantores\u201d, con el que estuvieron nominados a\u00a0los\u00a0Premios Pulsar de la M\u00fasica Chilena en la categor\u00eda Mejor Artista de M\u00fasica de Ra\u00edz. En 2017 \u00a0fueron seleccionados entre\u00a0los\u00a0diez ganadores del Premio a la M\u00fasica de Ra\u00edz Margot Loyola, con el tema \u201cCantando mi pena\u201d, cuya letra es de Mauricio Vega y la m\u00fasica de Miguel Molina.<\/p>\n<p style=\"font-weight: 400;\">\u201cEs un privilegio tocar en el museo de Violeta y cerrar nuestro a\u00f1o ah\u00ed. Nuestro trabajo tiene mucho que ver con el que hizo ella, hay un v\u00ednculo importante en la idea de ir recopilando la m\u00fasica popular de las cantoras de cada zona\u201d, expres\u00f3 Vega.<\/p>\n<p>&nbsp;<\/p>\n<p><iframe src=\"https:\/\/www.youtube.com\/embed\/WM_rFNf3JAM\" width=\"560\" height=\"315\" frameborder=\"0\" allowfullscreen=\"allowfullscreen\"><\/iframe><\/p>\n<p><strong>S\u00e1bado 1 de diciembre \/ 16:00 horas \/ Explanada<\/strong><br \/>\n<strong>Avenida Vicu\u00f1a Mackenna 37, Santiago<\/strong><br \/>\n<strong>Entrada liberada<\/strong><\/p>\n","protected":false},"excerpt":{"rendered":"<p>La agrupaci\u00f3n se present\u00f3 el s\u00e1bado 1 de diciembre en la explanada del museo. El Museo Violeta Parra comenz\u00f3 a despedir el 2018 con m\u00fasica y baile. El recinto cultural que rescata\u00a0la memoria y legado creativo de la artista, le dio la bienvenida al \u00faltimo mes del a\u00f1o con su tradicional Ciclo de Cuecas. Esta [&hellip;]<\/p>\n","protected":false},"author":5,"featured_media":17361,"comment_status":"open","ping_status":"open","sticky":false,"template":"","format":"standard","meta":{"site-sidebar-layout":"default","site-content-layout":"","ast-site-content-layout":"default","site-content-style":"default","site-sidebar-style":"default","ast-global-header-display":"","ast-banner-title-visibility":"","ast-main-header-display":"","ast-hfb-above-header-display":"","ast-hfb-below-header-display":"","ast-hfb-mobile-header-display":"","site-post-title":"","ast-breadcrumbs-content":"","ast-featured-img":"","footer-sml-layout":"","theme-transparent-header-meta":"","adv-header-id-meta":"","stick-header-meta":"","header-above-stick-meta":"","header-main-stick-meta":"","header-below-stick-meta":"","astra-migrate-meta-layouts":"default","ast-page-background-enabled":"default","ast-page-background-meta":{"desktop":{"background-color":"var(--ast-global-color-4)","background-image":"","background-repeat":"repeat","background-position":"center center","background-size":"auto","background-attachment":"scroll","background-type":"","background-media":"","overlay-type":"","overlay-color":"","overlay-opacity":"","overlay-gradient":""},"tablet":{"background-color":"","background-image":"","background-repeat":"repeat","background-position":"center center","background-size":"auto","background-attachment":"scroll","background-type":"","background-media":"","overlay-type":"","overlay-color":"","overlay-opacity":"","overlay-gradient":""},"mobile":{"background-color":"","background-image":"","background-repeat":"repeat","background-position":"center center","background-size":"auto","background-attachment":"scroll","background-type":"","background-media":"","overlay-type":"","overlay-color":"","overlay-opacity":"","overlay-gradient":""}},"ast-content-background-meta":{"desktop":{"background-color":"var(--ast-global-color-5)","background-image":"","background-repeat":"repeat","background-position":"center center","background-size":"auto","background-attachment":"scroll","background-type":"","background-media":"","overlay-type":"","overlay-color":"","overlay-opacity":"","overlay-gradient":""},"tablet":{"background-color":"var(--ast-global-color-5)","background-image":"","background-repeat":"repeat","background-position":"center center","background-size":"auto","background-attachment":"scroll","background-type":"","background-media":"","overlay-type":"","overlay-color":"","overlay-opacity":"","overlay-gradient":""},"mobile":{"background-color":"var(--ast-global-color-5)","background-image":"","background-repeat":"repeat","background-position":"center center","background-size":"auto","background-attachment":"scroll","background-type":"","background-media":"","overlay-type":"","overlay-color":"","overlay-opacity":"","overlay-gradient":""}},"footnotes":""},"categories":[59,8,61],"tags":[],"class_list":["post-17272","post","type-post","status-publish","format-standard","has-post-thumbnail","hentry","category-destacado-noticia","category-noticias","category-novedades"],"yoast_head":"<!-- This site is optimized with the Yoast SEO plugin v25.4 - https:\/\/yoast.com\/wordpress\/plugins\/seo\/ -->\n<title>Los Dos Maulinos se presentaron en el Ciclo de Cuecas del Museo Violeta Parra - Museo Violeta Parra<\/title>\n<meta name=\"robots\" content=\"index, follow, max-snippet:-1, max-image-preview:large, max-video-preview:-1\" \/>\n<link rel=\"canonical\" href=\"http:\/\/vientosur.top\/museo\/los-dos-maulinos-se-presentaran-este-sabado-ciclo-cuecas-del-museo-violeta-parra\/\" \/>\n<meta property=\"og:locale\" content=\"es_ES\" \/>\n<meta property=\"og:type\" content=\"article\" \/>\n<meta property=\"og:title\" content=\"Los Dos Maulinos se presentaron en el Ciclo de Cuecas del Museo Violeta Parra - Museo Violeta Parra\" \/>\n<meta property=\"og:description\" content=\"La agrupaci\u00f3n se present\u00f3 el s\u00e1bado 1 de diciembre en la explanada del museo. El Museo Violeta Parra comenz\u00f3 a despedir el 2018 con m\u00fasica y baile. El recinto cultural que rescata\u00a0la memoria y legado creativo de la artista, le dio la bienvenida al \u00faltimo mes del a\u00f1o con su tradicional Ciclo de Cuecas. Esta [&hellip;]\" \/>\n<meta property=\"og:url\" content=\"http:\/\/vientosur.top\/museo\/los-dos-maulinos-se-presentaran-este-sabado-ciclo-cuecas-del-museo-violeta-parra\/\" \/>\n<meta property=\"og:site_name\" content=\"Museo Violeta Parra\" \/>\n<meta property=\"article:published_time\" content=\"2018-12-02T21:50:54+00:00\" \/>\n<meta property=\"og:image\" content=\"http:\/\/vientosur.top\/museo\/wp-content\/uploads\/2018\/11\/47168309_2253003778276364_4698827086637301760_n.jpg\" \/>\n\t<meta property=\"og:image:width\" content=\"960\" \/>\n\t<meta property=\"og:image:height\" content=\"638\" \/>\n\t<meta property=\"og:image:type\" content=\"image\/jpeg\" \/>\n<meta name=\"author\" content=\"admin\" \/>\n<meta name=\"twitter:card\" content=\"summary_large_image\" \/>\n<meta name=\"twitter:label1\" content=\"Escrito por\" \/>\n\t<meta name=\"twitter:data1\" content=\"admin\" \/>\n\t<meta name=\"twitter:label2\" content=\"Tiempo de lectura\" \/>\n\t<meta name=\"twitter:data2\" content=\"2 minutos\" \/>\n<script type=\"application\/ld+json\" class=\"yoast-schema-graph\">{\"@context\":\"https:\/\/schema.org\",\"@graph\":[{\"@type\":\"WebPage\",\"@id\":\"http:\/\/vientosur.top\/museo\/los-dos-maulinos-se-presentaran-este-sabado-ciclo-cuecas-del-museo-violeta-parra\/\",\"url\":\"http:\/\/vientosur.top\/museo\/los-dos-maulinos-se-presentaran-este-sabado-ciclo-cuecas-del-museo-violeta-parra\/\",\"name\":\"Los Dos Maulinos se presentaron en el Ciclo de Cuecas del Museo Violeta Parra - Museo Violeta Parra\",\"isPartOf\":{\"@id\":\"http:\/\/vientosur.top\/museo\/#website\"},\"primaryImageOfPage\":{\"@id\":\"http:\/\/vientosur.top\/museo\/los-dos-maulinos-se-presentaran-este-sabado-ciclo-cuecas-del-museo-violeta-parra\/#primaryimage\"},\"image\":{\"@id\":\"http:\/\/vientosur.top\/museo\/los-dos-maulinos-se-presentaran-este-sabado-ciclo-cuecas-del-museo-violeta-parra\/#primaryimage\"},\"thumbnailUrl\":\"http:\/\/vientosur.top\/museo\/wp-content\/uploads\/2018\/11\/47168309_2253003778276364_4698827086637301760_n.jpg\",\"datePublished\":\"2018-12-02T21:50:54+00:00\",\"author\":{\"@id\":\"http:\/\/vientosur.top\/museo\/#\/schema\/person\/20c79d3c38800971feec8c2693c3dd9c\"},\"breadcrumb\":{\"@id\":\"http:\/\/vientosur.top\/museo\/los-dos-maulinos-se-presentaran-este-sabado-ciclo-cuecas-del-museo-violeta-parra\/#breadcrumb\"},\"inLanguage\":\"es\",\"potentialAction\":[{\"@type\":\"ReadAction\",\"target\":[\"http:\/\/vientosur.top\/museo\/los-dos-maulinos-se-presentaran-este-sabado-ciclo-cuecas-del-museo-violeta-parra\/\"]}]},{\"@type\":\"ImageObject\",\"inLanguage\":\"es\",\"@id\":\"http:\/\/vientosur.top\/museo\/los-dos-maulinos-se-presentaran-este-sabado-ciclo-cuecas-del-museo-violeta-parra\/#primaryimage\",\"url\":\"http:\/\/vientosur.top\/museo\/wp-content\/uploads\/2018\/11\/47168309_2253003778276364_4698827086637301760_n.jpg\",\"contentUrl\":\"http:\/\/vientosur.top\/museo\/wp-content\/uploads\/2018\/11\/47168309_2253003778276364_4698827086637301760_n.jpg\",\"width\":960,\"height\":638},{\"@type\":\"BreadcrumbList\",\"@id\":\"http:\/\/vientosur.top\/museo\/los-dos-maulinos-se-presentaran-este-sabado-ciclo-cuecas-del-museo-violeta-parra\/#breadcrumb\",\"itemListElement\":[{\"@type\":\"ListItem\",\"position\":1,\"name\":\"Portada\",\"item\":\"http:\/\/vientosur.top\/museo\/\"},{\"@type\":\"ListItem\",\"position\":2,\"name\":\"Los Dos Maulinos se presentaron en el Ciclo de Cuecas del Museo Violeta Parra\"}]},{\"@type\":\"WebSite\",\"@id\":\"http:\/\/vientosur.top\/museo\/#website\",\"url\":\"http:\/\/vientosur.top\/museo\/\",\"name\":\"Museo Violeta Parra\",\"description\":\"Espacio que alberga tanto la memoria y legado creativo de la artista\",\"potentialAction\":[{\"@type\":\"SearchAction\",\"target\":{\"@type\":\"EntryPoint\",\"urlTemplate\":\"http:\/\/vientosur.top\/museo\/?s={search_term_string}\"},\"query-input\":{\"@type\":\"PropertyValueSpecification\",\"valueRequired\":true,\"valueName\":\"search_term_string\"}}],\"inLanguage\":\"es\"},{\"@type\":\"Person\",\"@id\":\"http:\/\/vientosur.top\/museo\/#\/schema\/person\/20c79d3c38800971feec8c2693c3dd9c\",\"name\":\"admin\",\"image\":{\"@type\":\"ImageObject\",\"inLanguage\":\"es\",\"@id\":\"http:\/\/vientosur.top\/museo\/#\/schema\/person\/image\/\",\"url\":\"https:\/\/secure.gravatar.com\/avatar\/713677ece3ffa642287213a80e5b773bce9ab81c269dd6d95102a990951c922f?s=96&d=mm&r=g\",\"contentUrl\":\"https:\/\/secure.gravatar.com\/avatar\/713677ece3ffa642287213a80e5b773bce9ab81c269dd6d95102a990951c922f?s=96&d=mm&r=g\",\"caption\":\"admin\"},\"sameAs\":[\"http:\/\/vientosur.top\/museo\"],\"url\":\"http:\/\/vientosur.top\/museo\/author\/comunicacionesmvp\/\"}]}<\/script>\n<!-- \/ Yoast SEO plugin. -->","yoast_head_json":{"title":"Los Dos Maulinos se presentaron en el Ciclo de Cuecas del Museo Violeta Parra - Museo Violeta Parra","robots":{"index":"index","follow":"follow","max-snippet":"max-snippet:-1","max-image-preview":"max-image-preview:large","max-video-preview":"max-video-preview:-1"},"canonical":"http:\/\/vientosur.top\/museo\/los-dos-maulinos-se-presentaran-este-sabado-ciclo-cuecas-del-museo-violeta-parra\/","og_locale":"es_ES","og_type":"article","og_title":"Los Dos Maulinos se presentaron en el Ciclo de Cuecas del Museo Violeta Parra - Museo Violeta Parra","og_description":"La agrupaci\u00f3n se present\u00f3 el s\u00e1bado 1 de diciembre en la explanada del museo. El Museo Violeta Parra comenz\u00f3 a despedir el 2018 con m\u00fasica y baile. El recinto cultural que rescata\u00a0la memoria y legado creativo de la artista, le dio la bienvenida al \u00faltimo mes del a\u00f1o con su tradicional Ciclo de Cuecas. Esta [&hellip;]","og_url":"http:\/\/vientosur.top\/museo\/los-dos-maulinos-se-presentaran-este-sabado-ciclo-cuecas-del-museo-violeta-parra\/","og_site_name":"Museo Violeta Parra","article_published_time":"2018-12-02T21:50:54+00:00","og_image":[{"width":960,"height":638,"url":"http:\/\/vientosur.top\/museo\/wp-content\/uploads\/2018\/11\/47168309_2253003778276364_4698827086637301760_n.jpg","type":"image\/jpeg"}],"author":"admin","twitter_card":"summary_large_image","twitter_misc":{"Escrito por":"admin","Tiempo de lectura":"2 minutos"},"schema":{"@context":"https:\/\/schema.org","@graph":[{"@type":"WebPage","@id":"http:\/\/vientosur.top\/museo\/los-dos-maulinos-se-presentaran-este-sabado-ciclo-cuecas-del-museo-violeta-parra\/","url":"http:\/\/vientosur.top\/museo\/los-dos-maulinos-se-presentaran-este-sabado-ciclo-cuecas-del-museo-violeta-parra\/","name":"Los Dos Maulinos se presentaron en el Ciclo de Cuecas del Museo Violeta Parra - Museo Violeta Parra","isPartOf":{"@id":"http:\/\/vientosur.top\/museo\/#website"},"primaryImageOfPage":{"@id":"http:\/\/vientosur.top\/museo\/los-dos-maulinos-se-presentaran-este-sabado-ciclo-cuecas-del-museo-violeta-parra\/#primaryimage"},"image":{"@id":"http:\/\/vientosur.top\/museo\/los-dos-maulinos-se-presentaran-este-sabado-ciclo-cuecas-del-museo-violeta-parra\/#primaryimage"},"thumbnailUrl":"http:\/\/vientosur.top\/museo\/wp-content\/uploads\/2018\/11\/47168309_2253003778276364_4698827086637301760_n.jpg","datePublished":"2018-12-02T21:50:54+00:00","author":{"@id":"http:\/\/vientosur.top\/museo\/#\/schema\/person\/20c79d3c38800971feec8c2693c3dd9c"},"breadcrumb":{"@id":"http:\/\/vientosur.top\/museo\/los-dos-maulinos-se-presentaran-este-sabado-ciclo-cuecas-del-museo-violeta-parra\/#breadcrumb"},"inLanguage":"es","potentialAction":[{"@type":"ReadAction","target":["http:\/\/vientosur.top\/museo\/los-dos-maulinos-se-presentaran-este-sabado-ciclo-cuecas-del-museo-violeta-parra\/"]}]},{"@type":"ImageObject","inLanguage":"es","@id":"http:\/\/vientosur.top\/museo\/los-dos-maulinos-se-presentaran-este-sabado-ciclo-cuecas-del-museo-violeta-parra\/#primaryimage","url":"http:\/\/vientosur.top\/museo\/wp-content\/uploads\/2018\/11\/47168309_2253003778276364_4698827086637301760_n.jpg","contentUrl":"http:\/\/vientosur.top\/museo\/wp-content\/uploads\/2018\/11\/47168309_2253003778276364_4698827086637301760_n.jpg","width":960,"height":638},{"@type":"BreadcrumbList","@id":"http:\/\/vientosur.top\/museo\/los-dos-maulinos-se-presentaran-este-sabado-ciclo-cuecas-del-museo-violeta-parra\/#breadcrumb","itemListElement":[{"@type":"ListItem","position":1,"name":"Portada","item":"http:\/\/vientosur.top\/museo\/"},{"@type":"ListItem","position":2,"name":"Los Dos Maulinos se presentaron en el Ciclo de Cuecas del Museo Violeta Parra"}]},{"@type":"WebSite","@id":"http:\/\/vientosur.top\/museo\/#website","url":"http:\/\/vientosur.top\/museo\/","name":"Museo Violeta Parra","description":"Espacio que alberga tanto la memoria y legado creativo de la artista","potentialAction":[{"@type":"SearchAction","target":{"@type":"EntryPoint","urlTemplate":"http:\/\/vientosur.top\/museo\/?s={search_term_string}"},"query-input":{"@type":"PropertyValueSpecification","valueRequired":true,"valueName":"search_term_string"}}],"inLanguage":"es"},{"@type":"Person","@id":"http:\/\/vientosur.top\/museo\/#\/schema\/person\/20c79d3c38800971feec8c2693c3dd9c","name":"admin","image":{"@type":"ImageObject","inLanguage":"es","@id":"http:\/\/vientosur.top\/museo\/#\/schema\/person\/image\/","url":"https:\/\/secure.gravatar.com\/avatar\/713677ece3ffa642287213a80e5b773bce9ab81c269dd6d95102a990951c922f?s=96&d=mm&r=g","contentUrl":"https:\/\/secure.gravatar.com\/avatar\/713677ece3ffa642287213a80e5b773bce9ab81c269dd6d95102a990951c922f?s=96&d=mm&r=g","caption":"admin"},"sameAs":["http:\/\/vientosur.top\/museo"],"url":"http:\/\/vientosur.top\/museo\/author\/comunicacionesmvp\/"}]}},"_links":{"self":[{"href":"http:\/\/vientosur.top\/museo\/wp-json\/wp\/v2\/posts\/17272","targetHints":{"allow":["GET"]}}],"collection":[{"href":"http:\/\/vientosur.top\/museo\/wp-json\/wp\/v2\/posts"}],"about":[{"href":"http:\/\/vientosur.top\/museo\/wp-json\/wp\/v2\/types\/post"}],"author":[{"embeddable":true,"href":"http:\/\/vientosur.top\/museo\/wp-json\/wp\/v2\/users\/5"}],"replies":[{"embeddable":true,"href":"http:\/\/vientosur.top\/museo\/wp-json\/wp\/v2\/comments?post=17272"}],"version-history":[{"count":0,"href":"http:\/\/vientosur.top\/museo\/wp-json\/wp\/v2\/posts\/17272\/revisions"}],"wp:featuredmedia":[{"embeddable":true,"href":"http:\/\/vientosur.top\/museo\/wp-json\/wp\/v2\/media\/17361"}],"wp:attachment":[{"href":"http:\/\/vientosur.top\/museo\/wp-json\/wp\/v2\/media?parent=17272"}],"wp:term":[{"taxonomy":"category","embeddable":true,"href":"http:\/\/vientosur.top\/museo\/wp-json\/wp\/v2\/categories?post=17272"},{"taxonomy":"post_tag","embeddable":true,"href":"http:\/\/vientosur.top\/museo\/wp-json\/wp\/v2\/tags?post=17272"}],"curies":[{"name":"wp","href":"https:\/\/api.w.org\/{rel}","templated":true}]}}