{"id":17300,"date":"2018-12-02T10:06:53","date_gmt":"2018-12-02T15:06:53","guid":{"rendered":"http:\/\/vientosur.top\/museo\/?p=17300"},"modified":"2018-12-02T10:06:53","modified_gmt":"2018-12-02T15:06:53","slug":"conoce-los-cuatro-cortometrajes-chilenos-ficcion-puedes-ver-este-domingo-gratis-museo-violeta-parra","status":"publish","type":"post","link":"http:\/\/vientosur.top\/museo\/conoce-los-cuatro-cortometrajes-chilenos-ficcion-puedes-ver-este-domingo-gratis-museo-violeta-parra\/","title":{"rendered":"Cuatro cortometrajes chilenos de ficci\u00f3n se presentaron gratis en el Museo Violeta Parra"},"content":{"rendered":"<p style=\"font-weight: 400;\"><em>El 2 de diciembre se\u00a0<\/em><em>exhibieron cintas nacionales que fueron parte del Festival Internacional de\u00a0Cine\u00a0de\u00a0Lebu.<\/em><\/p>\n<p style=\"font-weight: 400;\">El trabajo audiovisual de realizadores y realizadoras locales ocupa un lugar privilegiado en la programaci\u00f3n cultural del Museo Violeta Parra. Cada mes, la Sala Antar se convierte en una importante vitrina para las producciones nacionales.<\/p>\n<p style=\"font-weight: 400;\">En el marco del convenio de colaboraci\u00f3n que la instituci\u00f3n suscribi\u00f3 con el Festival Internacional de\u00a0Cine\u00a0de\u00a0Lebu, el domingo 2 de diciembre se present\u00f3 una selecci\u00f3n de cortometrajes regionales de ficci\u00f3n que fueron parte de este importante certamen cinematogr\u00e1fico, que desde este a\u00f1o es el primer festival en Chile que ser\u00e1 calificador de cortometrajes para los Premios Oscar.<\/p>\n<p style=\"font-weight: 400;\">La exhibici\u00f3n incluy\u00f3\u00a0 \u201cLa otra mejilla\u201d, filme de la ciudad de Temuco dirigido por Sergio Mu\u00f1oz Flores. La cinta cuenta la historia de Carlos, quien sale de la c\u00e1rcel despu\u00e9s de una larga condena. Con la convicci\u00f3n de una vida renovada y alejada del mal busca recuperar a Roc\u00edo, su mujer, de quien solo obtiene desprecio. El perd\u00f3n y el camino del bien, despu\u00e9s de tanto, a Carlos no le resulta una tarea f\u00e1cil.<\/p>\n<p style=\"font-weight: 400;\">\u201cMait\u00e9n\u201d, dirigida por Katherine Torres, de Talca, tambi\u00e9n fue parte de esta muestra. Maya, una estudiante de bot\u00e1nica, recibe una beca de intercambio para continuar sus estudios fuera del pa\u00eds. Cuando Isabel descubre las noticias mediante una carta, ella manipula la decisi\u00f3n de su hija con una serie de desencuentros que mostrar\u00e1n la insana relaci\u00f3n que afecta la vida y\u00a0autorrealizaci\u00f3n\u00a0de ambas mujeres.<\/p>\n<p><a href=\"http:\/\/vientosur.top\/museo\/wp-content\/uploads\/2018\/11\/premonicion.jpg\"><img fetchpriority=\"high\" decoding=\"async\" class=\"alignnone size-large wp-image-17307\" src=\"http:\/\/vientosur.top\/museo\/wp-content\/uploads\/2018\/11\/premonicion-1024x435.jpg\" alt=\"\" width=\"840\" height=\"357\" \/><\/a><\/p>\n<p style=\"font-weight: 400;\">La historia de Manuel, quien sale de la c\u00e1rcel luego de 20 a\u00f1os, lleg\u00f3 baj\u00f3 la direcci\u00f3n de Mauricio Corco en la cinta \u201cReo\u201d, proveniente de Valpara\u00edso. Hosco y solitario, su vida afuera solo tiene sentido por la esperanza de acercarse a su \u00fanica hija Ana, de la que le han negado toda informaci\u00f3n. Sin embargo, en su tr\u00e1nsito por Valpara\u00edso conoce a Nico, un joven que se prostituye, quien lo acoge y ayuda.<\/p>\n<p style=\"font-weight: 400;\">La jornada finaliz\u00f3 con \u201cPremonici\u00f3n\u201d, dirigida por Leticia Akel Esc\u00e1rate. Desde la ciudad de Santa B\u00e1rbara, la pel\u00edcula lleva a la pantalla la historia de Javier, quien llega a un pueblo donde enfrenta a un grupo de campesinos liderado por CHIVO, un hombre testarudo que desconf\u00eda de \u00e9l y no le permite trabajar. Guiado por extra\u00f1os sue\u00f1os que lo atormentan, luchar\u00e1 contra los prejuicios para ganar su lugar.<\/p>\n<p style=\"font-weight: 400;\"><strong>Cortometrajes Regionales de Ficci\u00f3n del Festival Internacional CINELEBU<br \/>\nDomingo 2 de diciembre \/ 16:00 horas \/ Sala Antar<br \/>\nAvenida Vicu\u00f1a Mackenna 37<br \/>\nEntrada liberada<\/strong><\/p>\n","protected":false},"excerpt":{"rendered":"<p>El 2 de diciembre se\u00a0exhibieron cintas nacionales que fueron parte del Festival Internacional de\u00a0Cine\u00a0de\u00a0Lebu. El trabajo audiovisual de realizadores y realizadoras locales ocupa un lugar privilegiado en la programaci\u00f3n cultural del Museo Violeta Parra. Cada mes, la Sala Antar se convierte en una importante vitrina para las producciones nacionales. En el marco del convenio de [&hellip;]<\/p>\n","protected":false},"author":5,"featured_media":17302,"comment_status":"open","ping_status":"open","sticky":false,"template":"","format":"standard","meta":{"site-sidebar-layout":"default","site-content-layout":"","ast-site-content-layout":"default","site-content-style":"default","site-sidebar-style":"default","ast-global-header-display":"","ast-banner-title-visibility":"","ast-main-header-display":"","ast-hfb-above-header-display":"","ast-hfb-below-header-display":"","ast-hfb-mobile-header-display":"","site-post-title":"","ast-breadcrumbs-content":"","ast-featured-img":"","footer-sml-layout":"","theme-transparent-header-meta":"","adv-header-id-meta":"","stick-header-meta":"","header-above-stick-meta":"","header-main-stick-meta":"","header-below-stick-meta":"","astra-migrate-meta-layouts":"default","ast-page-background-enabled":"default","ast-page-background-meta":{"desktop":{"background-color":"var(--ast-global-color-4)","background-image":"","background-repeat":"repeat","background-position":"center center","background-size":"auto","background-attachment":"scroll","background-type":"","background-media":"","overlay-type":"","overlay-color":"","overlay-opacity":"","overlay-gradient":""},"tablet":{"background-color":"","background-image":"","background-repeat":"repeat","background-position":"center center","background-size":"auto","background-attachment":"scroll","background-type":"","background-media":"","overlay-type":"","overlay-color":"","overlay-opacity":"","overlay-gradient":""},"mobile":{"background-color":"","background-image":"","background-repeat":"repeat","background-position":"center center","background-size":"auto","background-attachment":"scroll","background-type":"","background-media":"","overlay-type":"","overlay-color":"","overlay-opacity":"","overlay-gradient":""}},"ast-content-background-meta":{"desktop":{"background-color":"var(--ast-global-color-5)","background-image":"","background-repeat":"repeat","background-position":"center center","background-size":"auto","background-attachment":"scroll","background-type":"","background-media":"","overlay-type":"","overlay-color":"","overlay-opacity":"","overlay-gradient":""},"tablet":{"background-color":"var(--ast-global-color-5)","background-image":"","background-repeat":"repeat","background-position":"center center","background-size":"auto","background-attachment":"scroll","background-type":"","background-media":"","overlay-type":"","overlay-color":"","overlay-opacity":"","overlay-gradient":""},"mobile":{"background-color":"var(--ast-global-color-5)","background-image":"","background-repeat":"repeat","background-position":"center center","background-size":"auto","background-attachment":"scroll","background-type":"","background-media":"","overlay-type":"","overlay-color":"","overlay-opacity":"","overlay-gradient":""}},"footnotes":""},"categories":[59,8,61],"tags":[],"class_list":["post-17300","post","type-post","status-publish","format-standard","has-post-thumbnail","hentry","category-destacado-noticia","category-noticias","category-novedades"],"yoast_head":"<!-- This site is optimized with the Yoast SEO plugin v25.4 - https:\/\/yoast.com\/wordpress\/plugins\/seo\/ -->\n<title>Cuatro cortometrajes chilenos de ficci\u00f3n se presentaron gratis en el Museo Violeta Parra - Museo Violeta Parra<\/title>\n<meta name=\"robots\" content=\"index, follow, max-snippet:-1, max-image-preview:large, max-video-preview:-1\" \/>\n<link rel=\"canonical\" href=\"http:\/\/vientosur.top\/museo\/conoce-los-cuatro-cortometrajes-chilenos-ficcion-puedes-ver-este-domingo-gratis-museo-violeta-parra\/\" \/>\n<meta property=\"og:locale\" content=\"es_ES\" \/>\n<meta property=\"og:type\" content=\"article\" \/>\n<meta property=\"og:title\" content=\"Cuatro cortometrajes chilenos de ficci\u00f3n se presentaron gratis en el Museo Violeta Parra - Museo Violeta Parra\" \/>\n<meta property=\"og:description\" content=\"El 2 de diciembre se\u00a0exhibieron cintas nacionales que fueron parte del Festival Internacional de\u00a0Cine\u00a0de\u00a0Lebu. El trabajo audiovisual de realizadores y realizadoras locales ocupa un lugar privilegiado en la programaci\u00f3n cultural del Museo Violeta Parra. Cada mes, la Sala Antar se convierte en una importante vitrina para las producciones nacionales. En el marco del convenio de [&hellip;]\" \/>\n<meta property=\"og:url\" content=\"http:\/\/vientosur.top\/museo\/conoce-los-cuatro-cortometrajes-chilenos-ficcion-puedes-ver-este-domingo-gratis-museo-violeta-parra\/\" \/>\n<meta property=\"og:site_name\" content=\"Museo Violeta Parra\" \/>\n<meta property=\"article:published_time\" content=\"2018-12-02T15:06:53+00:00\" \/>\n<meta property=\"og:image\" content=\"http:\/\/vientosur.top\/museo\/wp-content\/uploads\/2018\/11\/mait\u00e9n.jpg\" \/>\n\t<meta property=\"og:image:width\" content=\"1600\" \/>\n\t<meta property=\"og:image:height\" content=\"1067\" \/>\n\t<meta property=\"og:image:type\" content=\"image\/jpeg\" \/>\n<meta name=\"author\" content=\"admin\" \/>\n<meta name=\"twitter:card\" content=\"summary_large_image\" \/>\n<meta name=\"twitter:label1\" content=\"Escrito por\" \/>\n\t<meta name=\"twitter:data1\" content=\"admin\" \/>\n\t<meta name=\"twitter:label2\" content=\"Tiempo de lectura\" \/>\n\t<meta name=\"twitter:data2\" content=\"2 minutos\" \/>\n<script type=\"application\/ld+json\" class=\"yoast-schema-graph\">{\"@context\":\"https:\/\/schema.org\",\"@graph\":[{\"@type\":\"WebPage\",\"@id\":\"http:\/\/vientosur.top\/museo\/conoce-los-cuatro-cortometrajes-chilenos-ficcion-puedes-ver-este-domingo-gratis-museo-violeta-parra\/\",\"url\":\"http:\/\/vientosur.top\/museo\/conoce-los-cuatro-cortometrajes-chilenos-ficcion-puedes-ver-este-domingo-gratis-museo-violeta-parra\/\",\"name\":\"Cuatro cortometrajes chilenos de ficci\u00f3n se presentaron gratis en el Museo Violeta Parra - Museo Violeta Parra\",\"isPartOf\":{\"@id\":\"http:\/\/vientosur.top\/museo\/#website\"},\"primaryImageOfPage\":{\"@id\":\"http:\/\/vientosur.top\/museo\/conoce-los-cuatro-cortometrajes-chilenos-ficcion-puedes-ver-este-domingo-gratis-museo-violeta-parra\/#primaryimage\"},\"image\":{\"@id\":\"http:\/\/vientosur.top\/museo\/conoce-los-cuatro-cortometrajes-chilenos-ficcion-puedes-ver-este-domingo-gratis-museo-violeta-parra\/#primaryimage\"},\"thumbnailUrl\":\"http:\/\/vientosur.top\/museo\/wp-content\/uploads\/2018\/11\/mait\u00e9n.jpg\",\"datePublished\":\"2018-12-02T15:06:53+00:00\",\"author\":{\"@id\":\"http:\/\/vientosur.top\/museo\/#\/schema\/person\/20c79d3c38800971feec8c2693c3dd9c\"},\"breadcrumb\":{\"@id\":\"http:\/\/vientosur.top\/museo\/conoce-los-cuatro-cortometrajes-chilenos-ficcion-puedes-ver-este-domingo-gratis-museo-violeta-parra\/#breadcrumb\"},\"inLanguage\":\"es\",\"potentialAction\":[{\"@type\":\"ReadAction\",\"target\":[\"http:\/\/vientosur.top\/museo\/conoce-los-cuatro-cortometrajes-chilenos-ficcion-puedes-ver-este-domingo-gratis-museo-violeta-parra\/\"]}]},{\"@type\":\"ImageObject\",\"inLanguage\":\"es\",\"@id\":\"http:\/\/vientosur.top\/museo\/conoce-los-cuatro-cortometrajes-chilenos-ficcion-puedes-ver-este-domingo-gratis-museo-violeta-parra\/#primaryimage\",\"url\":\"http:\/\/vientosur.top\/museo\/wp-content\/uploads\/2018\/11\/mait\u00e9n.jpg\",\"contentUrl\":\"http:\/\/vientosur.top\/museo\/wp-content\/uploads\/2018\/11\/mait\u00e9n.jpg\",\"width\":1600,\"height\":1067},{\"@type\":\"BreadcrumbList\",\"@id\":\"http:\/\/vientosur.top\/museo\/conoce-los-cuatro-cortometrajes-chilenos-ficcion-puedes-ver-este-domingo-gratis-museo-violeta-parra\/#breadcrumb\",\"itemListElement\":[{\"@type\":\"ListItem\",\"position\":1,\"name\":\"Portada\",\"item\":\"http:\/\/vientosur.top\/museo\/\"},{\"@type\":\"ListItem\",\"position\":2,\"name\":\"Cuatro cortometrajes chilenos de ficci\u00f3n se presentaron gratis en el Museo Violeta Parra\"}]},{\"@type\":\"WebSite\",\"@id\":\"http:\/\/vientosur.top\/museo\/#website\",\"url\":\"http:\/\/vientosur.top\/museo\/\",\"name\":\"Museo Violeta Parra\",\"description\":\"Espacio que alberga tanto la memoria y legado creativo de la artista\",\"potentialAction\":[{\"@type\":\"SearchAction\",\"target\":{\"@type\":\"EntryPoint\",\"urlTemplate\":\"http:\/\/vientosur.top\/museo\/?s={search_term_string}\"},\"query-input\":{\"@type\":\"PropertyValueSpecification\",\"valueRequired\":true,\"valueName\":\"search_term_string\"}}],\"inLanguage\":\"es\"},{\"@type\":\"Person\",\"@id\":\"http:\/\/vientosur.top\/museo\/#\/schema\/person\/20c79d3c38800971feec8c2693c3dd9c\",\"name\":\"admin\",\"image\":{\"@type\":\"ImageObject\",\"inLanguage\":\"es\",\"@id\":\"http:\/\/vientosur.top\/museo\/#\/schema\/person\/image\/\",\"url\":\"https:\/\/secure.gravatar.com\/avatar\/713677ece3ffa642287213a80e5b773bce9ab81c269dd6d95102a990951c922f?s=96&d=mm&r=g\",\"contentUrl\":\"https:\/\/secure.gravatar.com\/avatar\/713677ece3ffa642287213a80e5b773bce9ab81c269dd6d95102a990951c922f?s=96&d=mm&r=g\",\"caption\":\"admin\"},\"sameAs\":[\"http:\/\/vientosur.top\/museo\"],\"url\":\"http:\/\/vientosur.top\/museo\/author\/comunicacionesmvp\/\"}]}<\/script>\n<!-- \/ Yoast SEO plugin. -->","yoast_head_json":{"title":"Cuatro cortometrajes chilenos de ficci\u00f3n se presentaron gratis en el Museo Violeta Parra - Museo Violeta Parra","robots":{"index":"index","follow":"follow","max-snippet":"max-snippet:-1","max-image-preview":"max-image-preview:large","max-video-preview":"max-video-preview:-1"},"canonical":"http:\/\/vientosur.top\/museo\/conoce-los-cuatro-cortometrajes-chilenos-ficcion-puedes-ver-este-domingo-gratis-museo-violeta-parra\/","og_locale":"es_ES","og_type":"article","og_title":"Cuatro cortometrajes chilenos de ficci\u00f3n se presentaron gratis en el Museo Violeta Parra - Museo Violeta Parra","og_description":"El 2 de diciembre se\u00a0exhibieron cintas nacionales que fueron parte del Festival Internacional de\u00a0Cine\u00a0de\u00a0Lebu. El trabajo audiovisual de realizadores y realizadoras locales ocupa un lugar privilegiado en la programaci\u00f3n cultural del Museo Violeta Parra. Cada mes, la Sala Antar se convierte en una importante vitrina para las producciones nacionales. En el marco del convenio de [&hellip;]","og_url":"http:\/\/vientosur.top\/museo\/conoce-los-cuatro-cortometrajes-chilenos-ficcion-puedes-ver-este-domingo-gratis-museo-violeta-parra\/","og_site_name":"Museo Violeta Parra","article_published_time":"2018-12-02T15:06:53+00:00","og_image":[{"width":1600,"height":1067,"url":"http:\/\/vientosur.top\/museo\/wp-content\/uploads\/2018\/11\/mait\u00e9n.jpg","type":"image\/jpeg"}],"author":"admin","twitter_card":"summary_large_image","twitter_misc":{"Escrito por":"admin","Tiempo de lectura":"2 minutos"},"schema":{"@context":"https:\/\/schema.org","@graph":[{"@type":"WebPage","@id":"http:\/\/vientosur.top\/museo\/conoce-los-cuatro-cortometrajes-chilenos-ficcion-puedes-ver-este-domingo-gratis-museo-violeta-parra\/","url":"http:\/\/vientosur.top\/museo\/conoce-los-cuatro-cortometrajes-chilenos-ficcion-puedes-ver-este-domingo-gratis-museo-violeta-parra\/","name":"Cuatro cortometrajes chilenos de ficci\u00f3n se presentaron gratis en el Museo Violeta Parra - Museo Violeta Parra","isPartOf":{"@id":"http:\/\/vientosur.top\/museo\/#website"},"primaryImageOfPage":{"@id":"http:\/\/vientosur.top\/museo\/conoce-los-cuatro-cortometrajes-chilenos-ficcion-puedes-ver-este-domingo-gratis-museo-violeta-parra\/#primaryimage"},"image":{"@id":"http:\/\/vientosur.top\/museo\/conoce-los-cuatro-cortometrajes-chilenos-ficcion-puedes-ver-este-domingo-gratis-museo-violeta-parra\/#primaryimage"},"thumbnailUrl":"http:\/\/vientosur.top\/museo\/wp-content\/uploads\/2018\/11\/mait\u00e9n.jpg","datePublished":"2018-12-02T15:06:53+00:00","author":{"@id":"http:\/\/vientosur.top\/museo\/#\/schema\/person\/20c79d3c38800971feec8c2693c3dd9c"},"breadcrumb":{"@id":"http:\/\/vientosur.top\/museo\/conoce-los-cuatro-cortometrajes-chilenos-ficcion-puedes-ver-este-domingo-gratis-museo-violeta-parra\/#breadcrumb"},"inLanguage":"es","potentialAction":[{"@type":"ReadAction","target":["http:\/\/vientosur.top\/museo\/conoce-los-cuatro-cortometrajes-chilenos-ficcion-puedes-ver-este-domingo-gratis-museo-violeta-parra\/"]}]},{"@type":"ImageObject","inLanguage":"es","@id":"http:\/\/vientosur.top\/museo\/conoce-los-cuatro-cortometrajes-chilenos-ficcion-puedes-ver-este-domingo-gratis-museo-violeta-parra\/#primaryimage","url":"http:\/\/vientosur.top\/museo\/wp-content\/uploads\/2018\/11\/mait\u00e9n.jpg","contentUrl":"http:\/\/vientosur.top\/museo\/wp-content\/uploads\/2018\/11\/mait\u00e9n.jpg","width":1600,"height":1067},{"@type":"BreadcrumbList","@id":"http:\/\/vientosur.top\/museo\/conoce-los-cuatro-cortometrajes-chilenos-ficcion-puedes-ver-este-domingo-gratis-museo-violeta-parra\/#breadcrumb","itemListElement":[{"@type":"ListItem","position":1,"name":"Portada","item":"http:\/\/vientosur.top\/museo\/"},{"@type":"ListItem","position":2,"name":"Cuatro cortometrajes chilenos de ficci\u00f3n se presentaron gratis en el Museo Violeta Parra"}]},{"@type":"WebSite","@id":"http:\/\/vientosur.top\/museo\/#website","url":"http:\/\/vientosur.top\/museo\/","name":"Museo Violeta Parra","description":"Espacio que alberga tanto la memoria y legado creativo de la artista","potentialAction":[{"@type":"SearchAction","target":{"@type":"EntryPoint","urlTemplate":"http:\/\/vientosur.top\/museo\/?s={search_term_string}"},"query-input":{"@type":"PropertyValueSpecification","valueRequired":true,"valueName":"search_term_string"}}],"inLanguage":"es"},{"@type":"Person","@id":"http:\/\/vientosur.top\/museo\/#\/schema\/person\/20c79d3c38800971feec8c2693c3dd9c","name":"admin","image":{"@type":"ImageObject","inLanguage":"es","@id":"http:\/\/vientosur.top\/museo\/#\/schema\/person\/image\/","url":"https:\/\/secure.gravatar.com\/avatar\/713677ece3ffa642287213a80e5b773bce9ab81c269dd6d95102a990951c922f?s=96&d=mm&r=g","contentUrl":"https:\/\/secure.gravatar.com\/avatar\/713677ece3ffa642287213a80e5b773bce9ab81c269dd6d95102a990951c922f?s=96&d=mm&r=g","caption":"admin"},"sameAs":["http:\/\/vientosur.top\/museo"],"url":"http:\/\/vientosur.top\/museo\/author\/comunicacionesmvp\/"}]}},"_links":{"self":[{"href":"http:\/\/vientosur.top\/museo\/wp-json\/wp\/v2\/posts\/17300","targetHints":{"allow":["GET"]}}],"collection":[{"href":"http:\/\/vientosur.top\/museo\/wp-json\/wp\/v2\/posts"}],"about":[{"href":"http:\/\/vientosur.top\/museo\/wp-json\/wp\/v2\/types\/post"}],"author":[{"embeddable":true,"href":"http:\/\/vientosur.top\/museo\/wp-json\/wp\/v2\/users\/5"}],"replies":[{"embeddable":true,"href":"http:\/\/vientosur.top\/museo\/wp-json\/wp\/v2\/comments?post=17300"}],"version-history":[{"count":0,"href":"http:\/\/vientosur.top\/museo\/wp-json\/wp\/v2\/posts\/17300\/revisions"}],"wp:featuredmedia":[{"embeddable":true,"href":"http:\/\/vientosur.top\/museo\/wp-json\/wp\/v2\/media\/17302"}],"wp:attachment":[{"href":"http:\/\/vientosur.top\/museo\/wp-json\/wp\/v2\/media?parent=17300"}],"wp:term":[{"taxonomy":"category","embeddable":true,"href":"http:\/\/vientosur.top\/museo\/wp-json\/wp\/v2\/categories?post=17300"},{"taxonomy":"post_tag","embeddable":true,"href":"http:\/\/vientosur.top\/museo\/wp-json\/wp\/v2\/tags?post=17300"}],"curies":[{"name":"wp","href":"https:\/\/api.w.org\/{rel}","templated":true}]}}