{"id":17366,"date":"2018-12-12T10:06:07","date_gmt":"2018-12-12T15:06:07","guid":{"rendered":"http:\/\/vientosur.top\/museo\/?p=17366"},"modified":"2018-12-12T10:06:07","modified_gmt":"2018-12-12T15:06:07","slug":"museo-violeta-parra-universidad-concepcion-lanzan-concurso-tesis-la-autora","status":"publish","type":"post","link":"http:\/\/vientosur.top\/museo\/museo-violeta-parra-universidad-concepcion-lanzan-concurso-tesis-la-autora\/","title":{"rendered":"Museo Violeta Parra y Universidad de Concepci\u00f3n lanzan concurso de tesis sobre la autora"},"content":{"rendered":"<p style=\"font-weight: 400;\"><em>Las instituciones\u00a0<\/em><em>premiar\u00e1n con un mill\u00f3n de pesos al mejor trabajo. Podr\u00e1n postular estudiantes de educaci\u00f3n superior de instituciones chilenas y extranjeras<\/em><em>\u00a0hasta el 29 de marzo de 2019.<\/em><\/p>\n<p>La magnitud del legado de\u00a0Violeta\u00a0Parra\u00a0sigue siendo un territorio que deja espacios para la exploraci\u00f3n y nuevas lecturas. Su multidisciplinario trabajo art\u00edstico y de rescate sigue inspirando a nuevas generaciones.\u00a0En ese contexto, el Museo\u00a0Violeta\u00a0Parra\u00a0y la Universidad de Concepci\u00f3n, a trav\u00e9s de la C\u00e1tedra\u00a0Violeta\u00a0Parra, convocan a un concurso p\u00fablico para otorgar el\u00a0Premio\u00a0Tesis\u00a0Violeta\u00a0Parra, en su categor\u00eda \u00fanica.<\/p>\n<p>Cecilia Garc\u00eda-Huidobro, Directora del Museo\u00a0Violeta\u00a0Parra, explica: \u201cExiste un inter\u00e9s institucional por consolidar una colaboraci\u00f3n conjunta que incentive la investigaci\u00f3n y reflexi\u00f3n en torno a\u00a0Violeta\u00a0Parra\u00a0y su obra a trav\u00e9s de diversas aristas. Esta convocatoria es el fruto de un trabajo sostenido que venimos realizando con el plantel al que la artista estuvo estrechamente\u00a0 vinculada, a trav\u00e9s de sus escuelas de temporada o de la creaci\u00f3n del Museo Nacional del Arte Folkl\u00f3rico\u201d.<\/p>\n<p>La iniciativa, a la que podr\u00e1n postular trabajos de investigaci\u00f3n de pre y posgrado, busca promover el estudio y la reflexi\u00f3n en torno a la figura de\u00a0Violeta\u00a0Parra\u00a0y las diferentes facetas de su trabajo como artista e investigadora, contribuyendo a la producci\u00f3n y divulgaci\u00f3n de conocimiento en torno a esta connotada figura nacional.<\/p>\n<p>\u201cVioleta\u00a0es un mirador privilegiado, un espejo donde podemos preguntarnos sobre nosotros mismos como un cuerpo social que se identifica en ciertos valores comunes que, desde ella, se proyectan hacia lo universal\u201d, se\u00f1ala el profesor Nicol\u00e1s\u00a0Masquiar\u00e1n\u00a0D\u00edaz, Director de la C\u00e1tedra\u00a0Violeta\u00a0Parra, dependiente de la Vicerrector\u00eda de Relaciones Institucionales y Vinculaci\u00f3n con el Medio y de la Facultad de Humanidades y Arte de la Universidad de Concepci\u00f3n.<\/p>\n<p>Podr\u00e1n postular trabajos de investigaci\u00f3n in\u00e9ditos que acrediten haberse realizado entre los a\u00f1os acad\u00e9micos 2013 y 2018, realizados por personas naturales de nacionalidad chilena, graduadas y\/o tituladas de instituciones de educaci\u00f3n superior chilenas y extranjeras en programas de pre y posgrado en las \u00e1reas de humanidades, artes, ciencias sociales y educaci\u00f3n. Se aceptar\u00e1n, adem\u00e1s, propuestas interdisciplinarias que vinculen dichas \u00e1reas con otros \u00e1mbitos del conocimiento.<\/p>\n<p>La recepci\u00f3n de postulaciones permanecer\u00e1 abierta hasta el 29 de marzo de 2019, tras lo cual el jurado, compuesto por el Director de la C\u00e1tedra\u00a0Violeta\u00a0Parra, la Directora del Museo\u00a0Violeta\u00a0Parra, adem\u00e1s de una persona designada por cada instituci\u00f3n para tal efecto, elijan el trabajo ganador, cuyos autores o autoras recibir\u00e1n un diploma de honor, un\u00a0premio\u00a0\u00fanico de $ 1.000.000 y, adem\u00e1s, su obra investigaci\u00f3n se convertir\u00e1 en una publicaci\u00f3n digital.<\/p>\n<p><a href=\"http:\/\/vientosur.top\/museo\/wp-content\/uploads\/2018\/12\/BASES-PREMIO-TESIS-VIOLETA-PARRA-DIC2018.pdf\" target=\"_blank\" rel=\"noopener noreferrer\"><strong>Descargar bases<\/strong><\/a><\/p>\n<p><a href=\"http:\/\/vientosur.top\/museo\/wp-content\/uploads\/2018\/12\/BASES-PREMIO-TESIS-VIOLETA-PARRA-DIC2018.pdf\"><img fetchpriority=\"high\" decoding=\"async\" class=\"alignnone wp-image-17369 size-large\" src=\"http:\/\/vientosur.top\/museo\/wp-content\/uploads\/2018\/12\/afiche-1024x1024.jpg\" alt=\"\" width=\"840\" height=\"840\" \/><\/a><\/p>\n","protected":false},"excerpt":{"rendered":"<p>Las instituciones\u00a0premiar\u00e1n con un mill\u00f3n de pesos al mejor trabajo. Podr\u00e1n postular estudiantes de educaci\u00f3n superior de instituciones chilenas y extranjeras\u00a0hasta el 29 de marzo de 2019. La magnitud del legado de\u00a0Violeta\u00a0Parra\u00a0sigue siendo un territorio que deja espacios para la exploraci\u00f3n y nuevas lecturas. Su multidisciplinario trabajo art\u00edstico y de rescate sigue inspirando a nuevas [&hellip;]<\/p>\n","protected":false},"author":5,"featured_media":17367,"comment_status":"open","ping_status":"open","sticky":false,"template":"","format":"standard","meta":{"site-sidebar-layout":"default","site-content-layout":"","ast-site-content-layout":"default","site-content-style":"default","site-sidebar-style":"default","ast-global-header-display":"","ast-banner-title-visibility":"","ast-main-header-display":"","ast-hfb-above-header-display":"","ast-hfb-below-header-display":"","ast-hfb-mobile-header-display":"","site-post-title":"","ast-breadcrumbs-content":"","ast-featured-img":"","footer-sml-layout":"","theme-transparent-header-meta":"","adv-header-id-meta":"","stick-header-meta":"","header-above-stick-meta":"","header-main-stick-meta":"","header-below-stick-meta":"","astra-migrate-meta-layouts":"default","ast-page-background-enabled":"default","ast-page-background-meta":{"desktop":{"background-color":"var(--ast-global-color-4)","background-image":"","background-repeat":"repeat","background-position":"center center","background-size":"auto","background-attachment":"scroll","background-type":"","background-media":"","overlay-type":"","overlay-color":"","overlay-opacity":"","overlay-gradient":""},"tablet":{"background-color":"","background-image":"","background-repeat":"repeat","background-position":"center center","background-size":"auto","background-attachment":"scroll","background-type":"","background-media":"","overlay-type":"","overlay-color":"","overlay-opacity":"","overlay-gradient":""},"mobile":{"background-color":"","background-image":"","background-repeat":"repeat","background-position":"center center","background-size":"auto","background-attachment":"scroll","background-type":"","background-media":"","overlay-type":"","overlay-color":"","overlay-opacity":"","overlay-gradient":""}},"ast-content-background-meta":{"desktop":{"background-color":"var(--ast-global-color-5)","background-image":"","background-repeat":"repeat","background-position":"center center","background-size":"auto","background-attachment":"scroll","background-type":"","background-media":"","overlay-type":"","overlay-color":"","overlay-opacity":"","overlay-gradient":""},"tablet":{"background-color":"var(--ast-global-color-5)","background-image":"","background-repeat":"repeat","background-position":"center center","background-size":"auto","background-attachment":"scroll","background-type":"","background-media":"","overlay-type":"","overlay-color":"","overlay-opacity":"","overlay-gradient":""},"mobile":{"background-color":"var(--ast-global-color-5)","background-image":"","background-repeat":"repeat","background-position":"center center","background-size":"auto","background-attachment":"scroll","background-type":"","background-media":"","overlay-type":"","overlay-color":"","overlay-opacity":"","overlay-gradient":""}},"footnotes":""},"categories":[59,8,61],"tags":[],"class_list":["post-17366","post","type-post","status-publish","format-standard","has-post-thumbnail","hentry","category-destacado-noticia","category-noticias","category-novedades"],"yoast_head":"<!-- This site is optimized with the Yoast SEO plugin v25.4 - https:\/\/yoast.com\/wordpress\/plugins\/seo\/ -->\n<title>Museo Violeta Parra y Universidad de Concepci\u00f3n lanzan concurso de tesis sobre la autora - Museo Violeta Parra<\/title>\n<meta name=\"robots\" content=\"index, follow, max-snippet:-1, max-image-preview:large, max-video-preview:-1\" \/>\n<link rel=\"canonical\" href=\"http:\/\/vientosur.top\/museo\/museo-violeta-parra-universidad-concepcion-lanzan-concurso-tesis-la-autora\/\" \/>\n<meta property=\"og:locale\" content=\"es_ES\" \/>\n<meta property=\"og:type\" content=\"article\" \/>\n<meta property=\"og:title\" content=\"Museo Violeta Parra y Universidad de Concepci\u00f3n lanzan concurso de tesis sobre la autora - Museo Violeta Parra\" \/>\n<meta property=\"og:description\" content=\"Las instituciones\u00a0premiar\u00e1n con un mill\u00f3n de pesos al mejor trabajo. Podr\u00e1n postular estudiantes de educaci\u00f3n superior de instituciones chilenas y extranjeras\u00a0hasta el 29 de marzo de 2019. La magnitud del legado de\u00a0Violeta\u00a0Parra\u00a0sigue siendo un territorio que deja espacios para la exploraci\u00f3n y nuevas lecturas. Su multidisciplinario trabajo art\u00edstico y de rescate sigue inspirando a nuevas [&hellip;]\" \/>\n<meta property=\"og:url\" content=\"http:\/\/vientosur.top\/museo\/museo-violeta-parra-universidad-concepcion-lanzan-concurso-tesis-la-autora\/\" \/>\n<meta property=\"og:site_name\" content=\"Museo Violeta Parra\" \/>\n<meta property=\"article:published_time\" content=\"2018-12-12T15:06:07+00:00\" \/>\n<meta property=\"og:image\" content=\"http:\/\/vientosur.top\/museo\/wp-content\/uploads\/2018\/12\/fondotesis-scaled.jpg\" \/>\n\t<meta property=\"og:image:width\" content=\"2560\" \/>\n\t<meta property=\"og:image:height\" content=\"1978\" \/>\n\t<meta property=\"og:image:type\" content=\"image\/jpeg\" \/>\n<meta name=\"author\" content=\"admin\" \/>\n<meta name=\"twitter:card\" content=\"summary_large_image\" \/>\n<meta name=\"twitter:label1\" content=\"Escrito por\" \/>\n\t<meta name=\"twitter:data1\" content=\"admin\" \/>\n\t<meta name=\"twitter:label2\" content=\"Tiempo de lectura\" \/>\n\t<meta name=\"twitter:data2\" content=\"2 minutos\" \/>\n<script type=\"application\/ld+json\" class=\"yoast-schema-graph\">{\"@context\":\"https:\/\/schema.org\",\"@graph\":[{\"@type\":\"WebPage\",\"@id\":\"http:\/\/vientosur.top\/museo\/museo-violeta-parra-universidad-concepcion-lanzan-concurso-tesis-la-autora\/\",\"url\":\"http:\/\/vientosur.top\/museo\/museo-violeta-parra-universidad-concepcion-lanzan-concurso-tesis-la-autora\/\",\"name\":\"Museo Violeta Parra y Universidad de Concepci\u00f3n lanzan concurso de tesis sobre la autora - Museo Violeta Parra\",\"isPartOf\":{\"@id\":\"http:\/\/vientosur.top\/museo\/#website\"},\"primaryImageOfPage\":{\"@id\":\"http:\/\/vientosur.top\/museo\/museo-violeta-parra-universidad-concepcion-lanzan-concurso-tesis-la-autora\/#primaryimage\"},\"image\":{\"@id\":\"http:\/\/vientosur.top\/museo\/museo-violeta-parra-universidad-concepcion-lanzan-concurso-tesis-la-autora\/#primaryimage\"},\"thumbnailUrl\":\"http:\/\/vientosur.top\/museo\/wp-content\/uploads\/2018\/12\/fondotesis-scaled.jpg\",\"datePublished\":\"2018-12-12T15:06:07+00:00\",\"author\":{\"@id\":\"http:\/\/vientosur.top\/museo\/#\/schema\/person\/20c79d3c38800971feec8c2693c3dd9c\"},\"breadcrumb\":{\"@id\":\"http:\/\/vientosur.top\/museo\/museo-violeta-parra-universidad-concepcion-lanzan-concurso-tesis-la-autora\/#breadcrumb\"},\"inLanguage\":\"es\",\"potentialAction\":[{\"@type\":\"ReadAction\",\"target\":[\"http:\/\/vientosur.top\/museo\/museo-violeta-parra-universidad-concepcion-lanzan-concurso-tesis-la-autora\/\"]}]},{\"@type\":\"ImageObject\",\"inLanguage\":\"es\",\"@id\":\"http:\/\/vientosur.top\/museo\/museo-violeta-parra-universidad-concepcion-lanzan-concurso-tesis-la-autora\/#primaryimage\",\"url\":\"http:\/\/vientosur.top\/museo\/wp-content\/uploads\/2018\/12\/fondotesis-scaled.jpg\",\"contentUrl\":\"http:\/\/vientosur.top\/museo\/wp-content\/uploads\/2018\/12\/fondotesis-scaled.jpg\",\"width\":2560,\"height\":1978},{\"@type\":\"BreadcrumbList\",\"@id\":\"http:\/\/vientosur.top\/museo\/museo-violeta-parra-universidad-concepcion-lanzan-concurso-tesis-la-autora\/#breadcrumb\",\"itemListElement\":[{\"@type\":\"ListItem\",\"position\":1,\"name\":\"Portada\",\"item\":\"http:\/\/vientosur.top\/museo\/\"},{\"@type\":\"ListItem\",\"position\":2,\"name\":\"Museo Violeta Parra y Universidad de Concepci\u00f3n lanzan concurso de tesis sobre la autora\"}]},{\"@type\":\"WebSite\",\"@id\":\"http:\/\/vientosur.top\/museo\/#website\",\"url\":\"http:\/\/vientosur.top\/museo\/\",\"name\":\"Museo Violeta Parra\",\"description\":\"Espacio que alberga tanto la memoria y legado creativo de la artista\",\"potentialAction\":[{\"@type\":\"SearchAction\",\"target\":{\"@type\":\"EntryPoint\",\"urlTemplate\":\"http:\/\/vientosur.top\/museo\/?s={search_term_string}\"},\"query-input\":{\"@type\":\"PropertyValueSpecification\",\"valueRequired\":true,\"valueName\":\"search_term_string\"}}],\"inLanguage\":\"es\"},{\"@type\":\"Person\",\"@id\":\"http:\/\/vientosur.top\/museo\/#\/schema\/person\/20c79d3c38800971feec8c2693c3dd9c\",\"name\":\"admin\",\"image\":{\"@type\":\"ImageObject\",\"inLanguage\":\"es\",\"@id\":\"http:\/\/vientosur.top\/museo\/#\/schema\/person\/image\/\",\"url\":\"https:\/\/secure.gravatar.com\/avatar\/713677ece3ffa642287213a80e5b773bce9ab81c269dd6d95102a990951c922f?s=96&d=mm&r=g\",\"contentUrl\":\"https:\/\/secure.gravatar.com\/avatar\/713677ece3ffa642287213a80e5b773bce9ab81c269dd6d95102a990951c922f?s=96&d=mm&r=g\",\"caption\":\"admin\"},\"sameAs\":[\"http:\/\/vientosur.top\/museo\"],\"url\":\"http:\/\/vientosur.top\/museo\/author\/comunicacionesmvp\/\"}]}<\/script>\n<!-- \/ Yoast SEO plugin. -->","yoast_head_json":{"title":"Museo Violeta Parra y Universidad de Concepci\u00f3n lanzan concurso de tesis sobre la autora - Museo Violeta Parra","robots":{"index":"index","follow":"follow","max-snippet":"max-snippet:-1","max-image-preview":"max-image-preview:large","max-video-preview":"max-video-preview:-1"},"canonical":"http:\/\/vientosur.top\/museo\/museo-violeta-parra-universidad-concepcion-lanzan-concurso-tesis-la-autora\/","og_locale":"es_ES","og_type":"article","og_title":"Museo Violeta Parra y Universidad de Concepci\u00f3n lanzan concurso de tesis sobre la autora - Museo Violeta Parra","og_description":"Las instituciones\u00a0premiar\u00e1n con un mill\u00f3n de pesos al mejor trabajo. Podr\u00e1n postular estudiantes de educaci\u00f3n superior de instituciones chilenas y extranjeras\u00a0hasta el 29 de marzo de 2019. La magnitud del legado de\u00a0Violeta\u00a0Parra\u00a0sigue siendo un territorio que deja espacios para la exploraci\u00f3n y nuevas lecturas. Su multidisciplinario trabajo art\u00edstico y de rescate sigue inspirando a nuevas [&hellip;]","og_url":"http:\/\/vientosur.top\/museo\/museo-violeta-parra-universidad-concepcion-lanzan-concurso-tesis-la-autora\/","og_site_name":"Museo Violeta Parra","article_published_time":"2018-12-12T15:06:07+00:00","og_image":[{"width":2560,"height":1978,"url":"http:\/\/vientosur.top\/museo\/wp-content\/uploads\/2018\/12\/fondotesis-scaled.jpg","type":"image\/jpeg"}],"author":"admin","twitter_card":"summary_large_image","twitter_misc":{"Escrito por":"admin","Tiempo de lectura":"2 minutos"},"schema":{"@context":"https:\/\/schema.org","@graph":[{"@type":"WebPage","@id":"http:\/\/vientosur.top\/museo\/museo-violeta-parra-universidad-concepcion-lanzan-concurso-tesis-la-autora\/","url":"http:\/\/vientosur.top\/museo\/museo-violeta-parra-universidad-concepcion-lanzan-concurso-tesis-la-autora\/","name":"Museo Violeta Parra y Universidad de Concepci\u00f3n lanzan concurso de tesis sobre la autora - Museo Violeta Parra","isPartOf":{"@id":"http:\/\/vientosur.top\/museo\/#website"},"primaryImageOfPage":{"@id":"http:\/\/vientosur.top\/museo\/museo-violeta-parra-universidad-concepcion-lanzan-concurso-tesis-la-autora\/#primaryimage"},"image":{"@id":"http:\/\/vientosur.top\/museo\/museo-violeta-parra-universidad-concepcion-lanzan-concurso-tesis-la-autora\/#primaryimage"},"thumbnailUrl":"http:\/\/vientosur.top\/museo\/wp-content\/uploads\/2018\/12\/fondotesis-scaled.jpg","datePublished":"2018-12-12T15:06:07+00:00","author":{"@id":"http:\/\/vientosur.top\/museo\/#\/schema\/person\/20c79d3c38800971feec8c2693c3dd9c"},"breadcrumb":{"@id":"http:\/\/vientosur.top\/museo\/museo-violeta-parra-universidad-concepcion-lanzan-concurso-tesis-la-autora\/#breadcrumb"},"inLanguage":"es","potentialAction":[{"@type":"ReadAction","target":["http:\/\/vientosur.top\/museo\/museo-violeta-parra-universidad-concepcion-lanzan-concurso-tesis-la-autora\/"]}]},{"@type":"ImageObject","inLanguage":"es","@id":"http:\/\/vientosur.top\/museo\/museo-violeta-parra-universidad-concepcion-lanzan-concurso-tesis-la-autora\/#primaryimage","url":"http:\/\/vientosur.top\/museo\/wp-content\/uploads\/2018\/12\/fondotesis-scaled.jpg","contentUrl":"http:\/\/vientosur.top\/museo\/wp-content\/uploads\/2018\/12\/fondotesis-scaled.jpg","width":2560,"height":1978},{"@type":"BreadcrumbList","@id":"http:\/\/vientosur.top\/museo\/museo-violeta-parra-universidad-concepcion-lanzan-concurso-tesis-la-autora\/#breadcrumb","itemListElement":[{"@type":"ListItem","position":1,"name":"Portada","item":"http:\/\/vientosur.top\/museo\/"},{"@type":"ListItem","position":2,"name":"Museo Violeta Parra y Universidad de Concepci\u00f3n lanzan concurso de tesis sobre la autora"}]},{"@type":"WebSite","@id":"http:\/\/vientosur.top\/museo\/#website","url":"http:\/\/vientosur.top\/museo\/","name":"Museo Violeta Parra","description":"Espacio que alberga tanto la memoria y legado creativo de la artista","potentialAction":[{"@type":"SearchAction","target":{"@type":"EntryPoint","urlTemplate":"http:\/\/vientosur.top\/museo\/?s={search_term_string}"},"query-input":{"@type":"PropertyValueSpecification","valueRequired":true,"valueName":"search_term_string"}}],"inLanguage":"es"},{"@type":"Person","@id":"http:\/\/vientosur.top\/museo\/#\/schema\/person\/20c79d3c38800971feec8c2693c3dd9c","name":"admin","image":{"@type":"ImageObject","inLanguage":"es","@id":"http:\/\/vientosur.top\/museo\/#\/schema\/person\/image\/","url":"https:\/\/secure.gravatar.com\/avatar\/713677ece3ffa642287213a80e5b773bce9ab81c269dd6d95102a990951c922f?s=96&d=mm&r=g","contentUrl":"https:\/\/secure.gravatar.com\/avatar\/713677ece3ffa642287213a80e5b773bce9ab81c269dd6d95102a990951c922f?s=96&d=mm&r=g","caption":"admin"},"sameAs":["http:\/\/vientosur.top\/museo"],"url":"http:\/\/vientosur.top\/museo\/author\/comunicacionesmvp\/"}]}},"_links":{"self":[{"href":"http:\/\/vientosur.top\/museo\/wp-json\/wp\/v2\/posts\/17366","targetHints":{"allow":["GET"]}}],"collection":[{"href":"http:\/\/vientosur.top\/museo\/wp-json\/wp\/v2\/posts"}],"about":[{"href":"http:\/\/vientosur.top\/museo\/wp-json\/wp\/v2\/types\/post"}],"author":[{"embeddable":true,"href":"http:\/\/vientosur.top\/museo\/wp-json\/wp\/v2\/users\/5"}],"replies":[{"embeddable":true,"href":"http:\/\/vientosur.top\/museo\/wp-json\/wp\/v2\/comments?post=17366"}],"version-history":[{"count":0,"href":"http:\/\/vientosur.top\/museo\/wp-json\/wp\/v2\/posts\/17366\/revisions"}],"wp:featuredmedia":[{"embeddable":true,"href":"http:\/\/vientosur.top\/museo\/wp-json\/wp\/v2\/media\/17367"}],"wp:attachment":[{"href":"http:\/\/vientosur.top\/museo\/wp-json\/wp\/v2\/media?parent=17366"}],"wp:term":[{"taxonomy":"category","embeddable":true,"href":"http:\/\/vientosur.top\/museo\/wp-json\/wp\/v2\/categories?post=17366"},{"taxonomy":"post_tag","embeddable":true,"href":"http:\/\/vientosur.top\/museo\/wp-json\/wp\/v2\/tags?post=17366"}],"curies":[{"name":"wp","href":"https:\/\/api.w.org\/{rel}","templated":true}]}}