{"id":17385,"date":"2018-12-04T10:35:52","date_gmt":"2018-12-04T15:35:52","guid":{"rendered":"http:\/\/vientosur.top\/museo\/?p=17385"},"modified":"2018-12-04T10:35:52","modified_gmt":"2018-12-04T15:35:52","slug":"museo-violeta-parra-realizo-exitoso-segundo-encuentro-practicas-curatoriales","status":"publish","type":"post","link":"http:\/\/vientosur.top\/museo\/museo-violeta-parra-realizo-exitoso-segundo-encuentro-practicas-curatoriales\/","title":{"rendered":"14 artistas, curadores y pensadores debatieron en el segundo encuentro de pr\u00e1cticas curatoriales"},"content":{"rendered":"<p>Con una Sala Antar completa de asistentes, el Museo Violeta Parra llev\u00f3 a cabo la segunda edici\u00f3n del encuentro de pr\u00e1cticas curatoriales, jornada en la que artistas, curadores y pensadores debatieron sobre el estado del arte chileno.<\/p>\n<p>La jornada del 4 de diciembre comenz\u00f3 con palabras de Cecilia Garc\u00eda-Huidobro, Directora del Museo Violeta Parra, quien dio la bienvenida y present\u00f3, junto al profesor Nicol\u00e1s Masquiar\u00e1n, Director de la C\u00e1tedra Violeta Parra de la U. de Concepci\u00f3n,<a href=\"http:\/\/vientosur.top\/museo\/museo-violeta-parra-universidad-concepcion-lanzan-concurso-tesis-la-autora\/\" target=\"_blank\" rel=\"noopener noreferrer\">\u00a0el Premio Tesis Violeta Parra<\/a>.\u00a0 Ambas\u00a0instituciones\u00a0premiar\u00e1n con un mill\u00f3n de pesos al mejor trabajo, el cual tambi\u00e9n ser\u00e1 editado de forma digital. Podr\u00e1n postular estudiantes de educaci\u00f3n superior de instituciones chilenas y extranjeras\u00a0hasta el 29 de marzo de 2019. <a href=\"http:\/\/vientosur.top\/museo\/wp-content\/uploads\/2018\/12\/BASES-PREMIO-TESIS-VIOLETA-PARRA-DIC2018.pdf\" target=\"_blank\" rel=\"noopener noreferrer\">Descargar bases aqu\u00ed.<\/a><\/p>\n<p><a href=\"http:\/\/vientosur.top\/museo\/wp-content\/uploads\/2018\/12\/DSC_0910.jpg\"><img fetchpriority=\"high\" decoding=\"async\" class=\"alignnone size-large wp-image-17388\" src=\"http:\/\/vientosur.top\/museo\/wp-content\/uploads\/2018\/12\/DSC_0910-1024x681.jpg\" alt=\"\" width=\"840\" height=\"559\" \/><br \/>\n<\/a><br \/>\nEl programa prosigui\u00f3 con el panel \u00abprimer estado del arte chileno\u00bb, que cont\u00f3 con la participaci\u00f3n de:\u00a0Luis Alarc\u00f3n, \u00c1ngela Cura, Gast\u00f3n Mu\u00f1oz, Mario Navarro, Tom\u00e1s Peters e Ingrid Wildi. La moderadora fue Ximena Moreno.<\/p>\n<p><a href=\"http:\/\/vientosur.top\/museo\/wp-content\/uploads\/2018\/12\/IMG_1538.jpg\"><img decoding=\"async\" class=\"alignnone size-large wp-image-17387\" src=\"http:\/\/vientosur.top\/museo\/wp-content\/uploads\/2018\/12\/IMG_1538-1024x576.jpg\" alt=\"\" width=\"840\" height=\"473\" \/><\/a><\/p>\n<p>El segundo panel \u00absegundo estado del arte chileno\u00bb estuvo compuesto por:\u00a0Felipe Cura, Enrique Flores, Paz Guevara, Ana Mar\u00eda Saavedra, Janet Toro y Dagmara Wyskiel. Esta mesa fue moderada por Alessandra Burotto.<\/p>\n<p>Al finalizar el encuentro, los asistentes recibieron un ejemplar del libro <em>Primer encuentro de pr\u00e1cticas curatoriales<\/em>, que recoge, desde la oralidad, el primer coloquio, realizado el lunes 3 de diciembre de 2017. Ambos encuentros han sido coordinados por Carolina Herrera \u00c1guila.<\/p>\n","protected":false},"excerpt":{"rendered":"<p>Con una Sala Antar completa de asistentes, el Museo Violeta Parra llev\u00f3 a cabo la segunda edici\u00f3n del encuentro de pr\u00e1cticas curatoriales, jornada en la que artistas, curadores y pensadores debatieron sobre el estado del arte chileno. La jornada del 4 de diciembre comenz\u00f3 con palabras de Cecilia Garc\u00eda-Huidobro, Directora del Museo Violeta Parra, quien [&hellip;]<\/p>\n","protected":false},"author":5,"featured_media":17386,"comment_status":"open","ping_status":"open","sticky":false,"template":"","format":"standard","meta":{"site-sidebar-layout":"default","site-content-layout":"","ast-site-content-layout":"default","site-content-style":"default","site-sidebar-style":"default","ast-global-header-display":"","ast-banner-title-visibility":"","ast-main-header-display":"","ast-hfb-above-header-display":"","ast-hfb-below-header-display":"","ast-hfb-mobile-header-display":"","site-post-title":"","ast-breadcrumbs-content":"","ast-featured-img":"","footer-sml-layout":"","theme-transparent-header-meta":"","adv-header-id-meta":"","stick-header-meta":"","header-above-stick-meta":"","header-main-stick-meta":"","header-below-stick-meta":"","astra-migrate-meta-layouts":"default","ast-page-background-enabled":"default","ast-page-background-meta":{"desktop":{"background-color":"var(--ast-global-color-4)","background-image":"","background-repeat":"repeat","background-position":"center center","background-size":"auto","background-attachment":"scroll","background-type":"","background-media":"","overlay-type":"","overlay-color":"","overlay-opacity":"","overlay-gradient":""},"tablet":{"background-color":"","background-image":"","background-repeat":"repeat","background-position":"center center","background-size":"auto","background-attachment":"scroll","background-type":"","background-media":"","overlay-type":"","overlay-color":"","overlay-opacity":"","overlay-gradient":""},"mobile":{"background-color":"","background-image":"","background-repeat":"repeat","background-position":"center center","background-size":"auto","background-attachment":"scroll","background-type":"","background-media":"","overlay-type":"","overlay-color":"","overlay-opacity":"","overlay-gradient":""}},"ast-content-background-meta":{"desktop":{"background-color":"var(--ast-global-color-5)","background-image":"","background-repeat":"repeat","background-position":"center center","background-size":"auto","background-attachment":"scroll","background-type":"","background-media":"","overlay-type":"","overlay-color":"","overlay-opacity":"","overlay-gradient":""},"tablet":{"background-color":"var(--ast-global-color-5)","background-image":"","background-repeat":"repeat","background-position":"center center","background-size":"auto","background-attachment":"scroll","background-type":"","background-media":"","overlay-type":"","overlay-color":"","overlay-opacity":"","overlay-gradient":""},"mobile":{"background-color":"var(--ast-global-color-5)","background-image":"","background-repeat":"repeat","background-position":"center center","background-size":"auto","background-attachment":"scroll","background-type":"","background-media":"","overlay-type":"","overlay-color":"","overlay-opacity":"","overlay-gradient":""}},"footnotes":""},"categories":[59,8,61],"tags":[],"class_list":["post-17385","post","type-post","status-publish","format-standard","has-post-thumbnail","hentry","category-destacado-noticia","category-noticias","category-novedades"],"yoast_head":"<!-- This site is optimized with the Yoast SEO plugin v25.4 - https:\/\/yoast.com\/wordpress\/plugins\/seo\/ -->\n<title>14 artistas, curadores y pensadores debatieron en el segundo encuentro de pr\u00e1cticas curatoriales - Museo Violeta Parra<\/title>\n<meta name=\"robots\" content=\"index, follow, max-snippet:-1, max-image-preview:large, max-video-preview:-1\" \/>\n<link rel=\"canonical\" href=\"http:\/\/vientosur.top\/museo\/museo-violeta-parra-realizo-exitoso-segundo-encuentro-practicas-curatoriales\/\" \/>\n<meta property=\"og:locale\" content=\"es_ES\" \/>\n<meta property=\"og:type\" content=\"article\" \/>\n<meta property=\"og:title\" content=\"14 artistas, curadores y pensadores debatieron en el segundo encuentro de pr\u00e1cticas curatoriales - Museo Violeta Parra\" \/>\n<meta property=\"og:description\" content=\"Con una Sala Antar completa de asistentes, el Museo Violeta Parra llev\u00f3 a cabo la segunda edici\u00f3n del encuentro de pr\u00e1cticas curatoriales, jornada en la que artistas, curadores y pensadores debatieron sobre el estado del arte chileno. La jornada del 4 de diciembre comenz\u00f3 con palabras de Cecilia Garc\u00eda-Huidobro, Directora del Museo Violeta Parra, quien [&hellip;]\" \/>\n<meta property=\"og:url\" content=\"http:\/\/vientosur.top\/museo\/museo-violeta-parra-realizo-exitoso-segundo-encuentro-practicas-curatoriales\/\" \/>\n<meta property=\"og:site_name\" content=\"Museo Violeta Parra\" \/>\n<meta property=\"article:published_time\" content=\"2018-12-04T15:35:52+00:00\" \/>\n<meta property=\"og:image\" content=\"http:\/\/vientosur.top\/museo\/wp-content\/uploads\/2018\/12\/IMG_1525.jpg\" \/>\n\t<meta property=\"og:image:width\" content=\"1920\" \/>\n\t<meta property=\"og:image:height\" content=\"1080\" \/>\n\t<meta property=\"og:image:type\" content=\"image\/jpeg\" \/>\n<meta name=\"author\" content=\"admin\" \/>\n<meta name=\"twitter:card\" content=\"summary_large_image\" \/>\n<meta name=\"twitter:label1\" content=\"Escrito por\" \/>\n\t<meta name=\"twitter:data1\" content=\"admin\" \/>\n\t<meta name=\"twitter:label2\" content=\"Tiempo de lectura\" \/>\n\t<meta name=\"twitter:data2\" content=\"1 minuto\" \/>\n<script type=\"application\/ld+json\" class=\"yoast-schema-graph\">{\"@context\":\"https:\/\/schema.org\",\"@graph\":[{\"@type\":\"WebPage\",\"@id\":\"http:\/\/vientosur.top\/museo\/museo-violeta-parra-realizo-exitoso-segundo-encuentro-practicas-curatoriales\/\",\"url\":\"http:\/\/vientosur.top\/museo\/museo-violeta-parra-realizo-exitoso-segundo-encuentro-practicas-curatoriales\/\",\"name\":\"14 artistas, curadores y pensadores debatieron en el segundo encuentro de pr\u00e1cticas curatoriales - Museo Violeta Parra\",\"isPartOf\":{\"@id\":\"http:\/\/vientosur.top\/museo\/#website\"},\"primaryImageOfPage\":{\"@id\":\"http:\/\/vientosur.top\/museo\/museo-violeta-parra-realizo-exitoso-segundo-encuentro-practicas-curatoriales\/#primaryimage\"},\"image\":{\"@id\":\"http:\/\/vientosur.top\/museo\/museo-violeta-parra-realizo-exitoso-segundo-encuentro-practicas-curatoriales\/#primaryimage\"},\"thumbnailUrl\":\"http:\/\/vientosur.top\/museo\/wp-content\/uploads\/2018\/12\/IMG_1525.jpg\",\"datePublished\":\"2018-12-04T15:35:52+00:00\",\"author\":{\"@id\":\"http:\/\/vientosur.top\/museo\/#\/schema\/person\/20c79d3c38800971feec8c2693c3dd9c\"},\"breadcrumb\":{\"@id\":\"http:\/\/vientosur.top\/museo\/museo-violeta-parra-realizo-exitoso-segundo-encuentro-practicas-curatoriales\/#breadcrumb\"},\"inLanguage\":\"es\",\"potentialAction\":[{\"@type\":\"ReadAction\",\"target\":[\"http:\/\/vientosur.top\/museo\/museo-violeta-parra-realizo-exitoso-segundo-encuentro-practicas-curatoriales\/\"]}]},{\"@type\":\"ImageObject\",\"inLanguage\":\"es\",\"@id\":\"http:\/\/vientosur.top\/museo\/museo-violeta-parra-realizo-exitoso-segundo-encuentro-practicas-curatoriales\/#primaryimage\",\"url\":\"http:\/\/vientosur.top\/museo\/wp-content\/uploads\/2018\/12\/IMG_1525.jpg\",\"contentUrl\":\"http:\/\/vientosur.top\/museo\/wp-content\/uploads\/2018\/12\/IMG_1525.jpg\",\"width\":1920,\"height\":1080},{\"@type\":\"BreadcrumbList\",\"@id\":\"http:\/\/vientosur.top\/museo\/museo-violeta-parra-realizo-exitoso-segundo-encuentro-practicas-curatoriales\/#breadcrumb\",\"itemListElement\":[{\"@type\":\"ListItem\",\"position\":1,\"name\":\"Portada\",\"item\":\"http:\/\/vientosur.top\/museo\/\"},{\"@type\":\"ListItem\",\"position\":2,\"name\":\"14 artistas, curadores y pensadores debatieron en el segundo encuentro de pr\u00e1cticas curatoriales\"}]},{\"@type\":\"WebSite\",\"@id\":\"http:\/\/vientosur.top\/museo\/#website\",\"url\":\"http:\/\/vientosur.top\/museo\/\",\"name\":\"Museo Violeta Parra\",\"description\":\"Espacio que alberga tanto la memoria y legado creativo de la artista\",\"potentialAction\":[{\"@type\":\"SearchAction\",\"target\":{\"@type\":\"EntryPoint\",\"urlTemplate\":\"http:\/\/vientosur.top\/museo\/?s={search_term_string}\"},\"query-input\":{\"@type\":\"PropertyValueSpecification\",\"valueRequired\":true,\"valueName\":\"search_term_string\"}}],\"inLanguage\":\"es\"},{\"@type\":\"Person\",\"@id\":\"http:\/\/vientosur.top\/museo\/#\/schema\/person\/20c79d3c38800971feec8c2693c3dd9c\",\"name\":\"admin\",\"image\":{\"@type\":\"ImageObject\",\"inLanguage\":\"es\",\"@id\":\"http:\/\/vientosur.top\/museo\/#\/schema\/person\/image\/\",\"url\":\"https:\/\/secure.gravatar.com\/avatar\/713677ece3ffa642287213a80e5b773bce9ab81c269dd6d95102a990951c922f?s=96&d=mm&r=g\",\"contentUrl\":\"https:\/\/secure.gravatar.com\/avatar\/713677ece3ffa642287213a80e5b773bce9ab81c269dd6d95102a990951c922f?s=96&d=mm&r=g\",\"caption\":\"admin\"},\"sameAs\":[\"http:\/\/vientosur.top\/museo\"],\"url\":\"http:\/\/vientosur.top\/museo\/author\/comunicacionesmvp\/\"}]}<\/script>\n<!-- \/ Yoast SEO plugin. -->","yoast_head_json":{"title":"14 artistas, curadores y pensadores debatieron en el segundo encuentro de pr\u00e1cticas curatoriales - Museo Violeta Parra","robots":{"index":"index","follow":"follow","max-snippet":"max-snippet:-1","max-image-preview":"max-image-preview:large","max-video-preview":"max-video-preview:-1"},"canonical":"http:\/\/vientosur.top\/museo\/museo-violeta-parra-realizo-exitoso-segundo-encuentro-practicas-curatoriales\/","og_locale":"es_ES","og_type":"article","og_title":"14 artistas, curadores y pensadores debatieron en el segundo encuentro de pr\u00e1cticas curatoriales - Museo Violeta Parra","og_description":"Con una Sala Antar completa de asistentes, el Museo Violeta Parra llev\u00f3 a cabo la segunda edici\u00f3n del encuentro de pr\u00e1cticas curatoriales, jornada en la que artistas, curadores y pensadores debatieron sobre el estado del arte chileno. La jornada del 4 de diciembre comenz\u00f3 con palabras de Cecilia Garc\u00eda-Huidobro, Directora del Museo Violeta Parra, quien [&hellip;]","og_url":"http:\/\/vientosur.top\/museo\/museo-violeta-parra-realizo-exitoso-segundo-encuentro-practicas-curatoriales\/","og_site_name":"Museo Violeta Parra","article_published_time":"2018-12-04T15:35:52+00:00","og_image":[{"width":1920,"height":1080,"url":"http:\/\/vientosur.top\/museo\/wp-content\/uploads\/2018\/12\/IMG_1525.jpg","type":"image\/jpeg"}],"author":"admin","twitter_card":"summary_large_image","twitter_misc":{"Escrito por":"admin","Tiempo de lectura":"1 minuto"},"schema":{"@context":"https:\/\/schema.org","@graph":[{"@type":"WebPage","@id":"http:\/\/vientosur.top\/museo\/museo-violeta-parra-realizo-exitoso-segundo-encuentro-practicas-curatoriales\/","url":"http:\/\/vientosur.top\/museo\/museo-violeta-parra-realizo-exitoso-segundo-encuentro-practicas-curatoriales\/","name":"14 artistas, curadores y pensadores debatieron en el segundo encuentro de pr\u00e1cticas curatoriales - Museo Violeta Parra","isPartOf":{"@id":"http:\/\/vientosur.top\/museo\/#website"},"primaryImageOfPage":{"@id":"http:\/\/vientosur.top\/museo\/museo-violeta-parra-realizo-exitoso-segundo-encuentro-practicas-curatoriales\/#primaryimage"},"image":{"@id":"http:\/\/vientosur.top\/museo\/museo-violeta-parra-realizo-exitoso-segundo-encuentro-practicas-curatoriales\/#primaryimage"},"thumbnailUrl":"http:\/\/vientosur.top\/museo\/wp-content\/uploads\/2018\/12\/IMG_1525.jpg","datePublished":"2018-12-04T15:35:52+00:00","author":{"@id":"http:\/\/vientosur.top\/museo\/#\/schema\/person\/20c79d3c38800971feec8c2693c3dd9c"},"breadcrumb":{"@id":"http:\/\/vientosur.top\/museo\/museo-violeta-parra-realizo-exitoso-segundo-encuentro-practicas-curatoriales\/#breadcrumb"},"inLanguage":"es","potentialAction":[{"@type":"ReadAction","target":["http:\/\/vientosur.top\/museo\/museo-violeta-parra-realizo-exitoso-segundo-encuentro-practicas-curatoriales\/"]}]},{"@type":"ImageObject","inLanguage":"es","@id":"http:\/\/vientosur.top\/museo\/museo-violeta-parra-realizo-exitoso-segundo-encuentro-practicas-curatoriales\/#primaryimage","url":"http:\/\/vientosur.top\/museo\/wp-content\/uploads\/2018\/12\/IMG_1525.jpg","contentUrl":"http:\/\/vientosur.top\/museo\/wp-content\/uploads\/2018\/12\/IMG_1525.jpg","width":1920,"height":1080},{"@type":"BreadcrumbList","@id":"http:\/\/vientosur.top\/museo\/museo-violeta-parra-realizo-exitoso-segundo-encuentro-practicas-curatoriales\/#breadcrumb","itemListElement":[{"@type":"ListItem","position":1,"name":"Portada","item":"http:\/\/vientosur.top\/museo\/"},{"@type":"ListItem","position":2,"name":"14 artistas, curadores y pensadores debatieron en el segundo encuentro de pr\u00e1cticas curatoriales"}]},{"@type":"WebSite","@id":"http:\/\/vientosur.top\/museo\/#website","url":"http:\/\/vientosur.top\/museo\/","name":"Museo Violeta Parra","description":"Espacio que alberga tanto la memoria y legado creativo de la artista","potentialAction":[{"@type":"SearchAction","target":{"@type":"EntryPoint","urlTemplate":"http:\/\/vientosur.top\/museo\/?s={search_term_string}"},"query-input":{"@type":"PropertyValueSpecification","valueRequired":true,"valueName":"search_term_string"}}],"inLanguage":"es"},{"@type":"Person","@id":"http:\/\/vientosur.top\/museo\/#\/schema\/person\/20c79d3c38800971feec8c2693c3dd9c","name":"admin","image":{"@type":"ImageObject","inLanguage":"es","@id":"http:\/\/vientosur.top\/museo\/#\/schema\/person\/image\/","url":"https:\/\/secure.gravatar.com\/avatar\/713677ece3ffa642287213a80e5b773bce9ab81c269dd6d95102a990951c922f?s=96&d=mm&r=g","contentUrl":"https:\/\/secure.gravatar.com\/avatar\/713677ece3ffa642287213a80e5b773bce9ab81c269dd6d95102a990951c922f?s=96&d=mm&r=g","caption":"admin"},"sameAs":["http:\/\/vientosur.top\/museo"],"url":"http:\/\/vientosur.top\/museo\/author\/comunicacionesmvp\/"}]}},"_links":{"self":[{"href":"http:\/\/vientosur.top\/museo\/wp-json\/wp\/v2\/posts\/17385","targetHints":{"allow":["GET"]}}],"collection":[{"href":"http:\/\/vientosur.top\/museo\/wp-json\/wp\/v2\/posts"}],"about":[{"href":"http:\/\/vientosur.top\/museo\/wp-json\/wp\/v2\/types\/post"}],"author":[{"embeddable":true,"href":"http:\/\/vientosur.top\/museo\/wp-json\/wp\/v2\/users\/5"}],"replies":[{"embeddable":true,"href":"http:\/\/vientosur.top\/museo\/wp-json\/wp\/v2\/comments?post=17385"}],"version-history":[{"count":0,"href":"http:\/\/vientosur.top\/museo\/wp-json\/wp\/v2\/posts\/17385\/revisions"}],"wp:featuredmedia":[{"embeddable":true,"href":"http:\/\/vientosur.top\/museo\/wp-json\/wp\/v2\/media\/17386"}],"wp:attachment":[{"href":"http:\/\/vientosur.top\/museo\/wp-json\/wp\/v2\/media?parent=17385"}],"wp:term":[{"taxonomy":"category","embeddable":true,"href":"http:\/\/vientosur.top\/museo\/wp-json\/wp\/v2\/categories?post=17385"},{"taxonomy":"post_tag","embeddable":true,"href":"http:\/\/vientosur.top\/museo\/wp-json\/wp\/v2\/tags?post=17385"}],"curies":[{"name":"wp","href":"https:\/\/api.w.org\/{rel}","templated":true}]}}