{"id":17412,"date":"2018-12-07T16:15:16","date_gmt":"2018-12-07T21:15:16","guid":{"rendered":"http:\/\/vientosur.top\/museo\/?p=17412"},"modified":"2018-12-07T16:15:16","modified_gmt":"2018-12-07T21:15:16","slug":"jovenes-del-sename-presentaron-obra-teatro-titeres-museo-violeta-parra","status":"publish","type":"post","link":"http:\/\/vientosur.top\/museo\/jovenes-del-sename-presentaron-obra-teatro-titeres-museo-violeta-parra\/","title":{"rendered":"J\u00f3venes del SENAME presentaron obra de teatro de t\u00edteres en Museo Violeta Parra"},"content":{"rendered":"<p style=\"font-weight: 400;\">El convenio que el Museo Violeta Parra tiene con el Servicio Nacional de Menores sigue dando frutos. A las visitas que el equipo ha hecho al Centro Metropolitano Norte Til Til, con m\u00fasica, talleres y actividades de mediaci\u00f3n, ahora se suma una presentaci\u00f3n art\u00edstica de una agrupaci\u00f3n del SENAME en la Sala Antar de la instituci\u00f3n.<\/p>\n<p>El jueves 6 de diciembre, la Sala Antar del museo se llen\u00f3 de talento joven con la presentaci\u00f3n de \u00a0la obra de t\u00edteres con t\u00e9cnica G\u00fci\u00f1ol \u201cEl ma\u00edz de la tierra sagrada\u201d. El montaje, que rescata la importancia de cuidar el medio ambiente y respetar la tierra, es una creaci\u00f3n del colectivo cultural \u201cMagiamorfosis\u201d, integrado por internos del Centro Metropolitano Norte Til Til, del Servicio Nacional de Menores.<\/p>\n<p>El p\u00fablico principal fueron los ni\u00f1os y ni\u00f1as del Centro de Protecci\u00f3n Galvarino,\u00a0de entre 6 y 9 a\u00f1os, los que llegaron al museo para disfrutar con la obra de teatro de t\u00edteres y con los regalos que los j\u00f3venes de Til Til les\u00a0ten\u00edan\u00a0preparados.<\/p>\n<p><a href=\"http:\/\/vientosur.top\/museo\/wp-content\/uploads\/2018\/12\/s2.jpg\"><img fetchpriority=\"high\" decoding=\"async\" class=\"alignnone size-full wp-image-17421\" src=\"http:\/\/vientosur.top\/museo\/wp-content\/uploads\/2018\/12\/s2.jpg\" alt=\"\" width=\"960\" height=\"638\" \/><\/a><\/p>\n<p>En la actividad participaron Cecilia Garc\u00eda-Huidobro, Directora del Museo Violeta Parra, Benjam\u00edn Ulloa, en representaci\u00f3n de la Directora del Servicio Nacional de Menores, Susana Tonda; Jessica Ponce, Directora del Centro de Protecci\u00f3n Galvarino y Richard Castro, Director del Centro Metropolitano Norte.<\/p>\n<p>\u00abSolo hay palabras de agradecimiento por haber vivido una experiencia tan extraordinaria. El Museo Violeta Parra se toma muy en serio su trabajo con la comunidad. De ah\u00ed el convenio suscrito con el SENAME y los programas sostenidos que estamos llevando a cabo en el Centro Metropolitano Norte. Aprecio mucho la labor de los gendarmes, de los profesores del Centro, los tutores y autoridades. Ha quedado de manifiesto todo lo que se mueve detr\u00e1s del genuino anhelo de \u00a0integraci\u00f3n.Pero sobre todo, los que se lucieron fueron los j\u00f3venes que dejaron patente su profesionalismo y capacidad\u00bb, dijo Cecilia Garc\u00eda-Huidobro, Directora del Museo Violeta Parra.<\/p>\n<p>Por su parte Richard Castro, Director del CMN Til Til del SENAME, se\u00f1al\u00f3 que \u00abesta es una actividad que nace desde los mismos chicos, canalizada por los profesores, quienes creemos en el proyecto.\u00a0 Presentamos la obra por primera vez en el D\u00eda del Ni\u00f1o, luego en la Casa Nacional del Ni\u00f1o y hoy en el museo. Lo bonito es ver que la obra ha ido madurando con nuevos personajes. Todo ha generado una sincronizaci\u00f3n maravillosa. Est\u00e1n incorporados los funcionarios, sus familias, sus hijos. Eso habla muy bien de nuestros trabajadores, quienes tambi\u00e9n incorporan a sus familias en un trabajo que tiene mucho sentido social. Estamos muy vinculados con el museo\u00bb.<\/p>\n<p><a href=\"https:\/\/www.facebook.com\/media\/set\/?set=ms.c.eJw9ysENgDAMA8CNUBzHdrv~%3BYogK~_J6uWy4yAMupufpAb46nAL2ATHYo5xvyGeof~_IxZ6wbK~%3BxDp.bps.a.2256031721306903&amp;type=1&amp;__xts__%5B0%5D=68.ARAEhPQU7sL2xccAULkHMNxpCfHHATOCPPWQDVucRzLw9bKp-ooJE33_QQMYa1WANVQjhmNHh9jrN_Qp2sIUPDl8G-wzzEB5YORVerX19WSk3DD_m4zlHK9OPiaK51-6sInkTGTtgjHW0Hj6kM6xRxAu4N6Nwlves3H036xr4vm3Ddtp0k2RN29Am-IPANryq759qhdpr362FeRMEEYV2tm00W0ZPOmHFyHKVxEUfK7TIwvOIUNMhs4nE0SNrwjAqi6GP_JvGyvpvR2nwTgtFShcl54D63qzzgSDg9l1OQbRx4c2hOya68tY-T0ojgGdSoe59XbaYnCROK1v5a3Cw3QDyVx2_rJZAl5najl_Ttq9e1pLi37_4VV8K7oloszluIrrHe_7-GQ_I317n_v_k1pRGNGIbS6666esgzt8IUCZ54MXvbNswaKr-q9mj61y76GuNbMtEsKG7fBl8Y8NHk-q6r_b0eqBBdRJcYcNBfN_shpE5cwArrJCEt85cF1c9jpDoNPzCbRs6dVXn1XKdtm2QIGktzciueSulayZT1NMSnuQFQ&amp;__tn__=HH-R\" target=\"_blank\" rel=\"noopener noreferrer\"><strong>Ver galer\u00eda de im\u00e1genes <\/strong><\/a><\/p>\n","protected":false},"excerpt":{"rendered":"<p>El convenio que el Museo Violeta Parra tiene con el Servicio Nacional de Menores sigue dando frutos. A las visitas que el equipo ha hecho al Centro Metropolitano Norte Til Til, con m\u00fasica, talleres y actividades de mediaci\u00f3n, ahora se suma una presentaci\u00f3n art\u00edstica de una agrupaci\u00f3n del SENAME en la Sala Antar de la [&hellip;]<\/p>\n","protected":false},"author":5,"featured_media":17420,"comment_status":"open","ping_status":"open","sticky":false,"template":"","format":"standard","meta":{"site-sidebar-layout":"default","site-content-layout":"","ast-site-content-layout":"default","site-content-style":"default","site-sidebar-style":"default","ast-global-header-display":"","ast-banner-title-visibility":"","ast-main-header-display":"","ast-hfb-above-header-display":"","ast-hfb-below-header-display":"","ast-hfb-mobile-header-display":"","site-post-title":"","ast-breadcrumbs-content":"","ast-featured-img":"","footer-sml-layout":"","theme-transparent-header-meta":"","adv-header-id-meta":"","stick-header-meta":"","header-above-stick-meta":"","header-main-stick-meta":"","header-below-stick-meta":"","astra-migrate-meta-layouts":"default","ast-page-background-enabled":"default","ast-page-background-meta":{"desktop":{"background-color":"var(--ast-global-color-4)","background-image":"","background-repeat":"repeat","background-position":"center center","background-size":"auto","background-attachment":"scroll","background-type":"","background-media":"","overlay-type":"","overlay-color":"","overlay-opacity":"","overlay-gradient":""},"tablet":{"background-color":"","background-image":"","background-repeat":"repeat","background-position":"center center","background-size":"auto","background-attachment":"scroll","background-type":"","background-media":"","overlay-type":"","overlay-color":"","overlay-opacity":"","overlay-gradient":""},"mobile":{"background-color":"","background-image":"","background-repeat":"repeat","background-position":"center center","background-size":"auto","background-attachment":"scroll","background-type":"","background-media":"","overlay-type":"","overlay-color":"","overlay-opacity":"","overlay-gradient":""}},"ast-content-background-meta":{"desktop":{"background-color":"var(--ast-global-color-5)","background-image":"","background-repeat":"repeat","background-position":"center center","background-size":"auto","background-attachment":"scroll","background-type":"","background-media":"","overlay-type":"","overlay-color":"","overlay-opacity":"","overlay-gradient":""},"tablet":{"background-color":"var(--ast-global-color-5)","background-image":"","background-repeat":"repeat","background-position":"center center","background-size":"auto","background-attachment":"scroll","background-type":"","background-media":"","overlay-type":"","overlay-color":"","overlay-opacity":"","overlay-gradient":""},"mobile":{"background-color":"var(--ast-global-color-5)","background-image":"","background-repeat":"repeat","background-position":"center center","background-size":"auto","background-attachment":"scroll","background-type":"","background-media":"","overlay-type":"","overlay-color":"","overlay-opacity":"","overlay-gradient":""}},"footnotes":""},"categories":[59,8,61],"tags":[],"class_list":["post-17412","post","type-post","status-publish","format-standard","has-post-thumbnail","hentry","category-destacado-noticia","category-noticias","category-novedades"],"yoast_head":"<!-- This site is optimized with the Yoast SEO plugin v25.4 - https:\/\/yoast.com\/wordpress\/plugins\/seo\/ -->\n<title>J\u00f3venes del SENAME presentaron obra de teatro de t\u00edteres en Museo Violeta Parra - Museo Violeta Parra<\/title>\n<meta name=\"robots\" content=\"index, follow, max-snippet:-1, max-image-preview:large, max-video-preview:-1\" \/>\n<link rel=\"canonical\" href=\"http:\/\/vientosur.top\/museo\/jovenes-del-sename-presentaron-obra-teatro-titeres-museo-violeta-parra\/\" \/>\n<meta property=\"og:locale\" content=\"es_ES\" \/>\n<meta property=\"og:type\" content=\"article\" \/>\n<meta property=\"og:title\" content=\"J\u00f3venes del SENAME presentaron obra de teatro de t\u00edteres en Museo Violeta Parra - Museo Violeta Parra\" \/>\n<meta property=\"og:description\" content=\"El convenio que el Museo Violeta Parra tiene con el Servicio Nacional de Menores sigue dando frutos. A las visitas que el equipo ha hecho al Centro Metropolitano Norte Til Til, con m\u00fasica, talleres y actividades de mediaci\u00f3n, ahora se suma una presentaci\u00f3n art\u00edstica de una agrupaci\u00f3n del SENAME en la Sala Antar de la [&hellip;]\" \/>\n<meta property=\"og:url\" content=\"http:\/\/vientosur.top\/museo\/jovenes-del-sename-presentaron-obra-teatro-titeres-museo-violeta-parra\/\" \/>\n<meta property=\"og:site_name\" content=\"Museo Violeta Parra\" \/>\n<meta property=\"article:published_time\" content=\"2018-12-07T21:15:16+00:00\" \/>\n<meta property=\"og:image\" content=\"http:\/\/vientosur.top\/museo\/wp-content\/uploads\/2018\/12\/s1.jpg\" \/>\n\t<meta property=\"og:image:width\" content=\"960\" \/>\n\t<meta property=\"og:image:height\" content=\"638\" \/>\n\t<meta property=\"og:image:type\" content=\"image\/jpeg\" \/>\n<meta name=\"author\" content=\"admin\" \/>\n<meta name=\"twitter:card\" content=\"summary_large_image\" \/>\n<meta name=\"twitter:label1\" content=\"Escrito por\" \/>\n\t<meta name=\"twitter:data1\" content=\"admin\" \/>\n\t<meta name=\"twitter:label2\" content=\"Tiempo de lectura\" \/>\n\t<meta name=\"twitter:data2\" content=\"2 minutos\" \/>\n<script type=\"application\/ld+json\" class=\"yoast-schema-graph\">{\"@context\":\"https:\/\/schema.org\",\"@graph\":[{\"@type\":\"WebPage\",\"@id\":\"http:\/\/vientosur.top\/museo\/jovenes-del-sename-presentaron-obra-teatro-titeres-museo-violeta-parra\/\",\"url\":\"http:\/\/vientosur.top\/museo\/jovenes-del-sename-presentaron-obra-teatro-titeres-museo-violeta-parra\/\",\"name\":\"J\u00f3venes del SENAME presentaron obra de teatro de t\u00edteres en Museo Violeta Parra - Museo Violeta Parra\",\"isPartOf\":{\"@id\":\"http:\/\/vientosur.top\/museo\/#website\"},\"primaryImageOfPage\":{\"@id\":\"http:\/\/vientosur.top\/museo\/jovenes-del-sename-presentaron-obra-teatro-titeres-museo-violeta-parra\/#primaryimage\"},\"image\":{\"@id\":\"http:\/\/vientosur.top\/museo\/jovenes-del-sename-presentaron-obra-teatro-titeres-museo-violeta-parra\/#primaryimage\"},\"thumbnailUrl\":\"http:\/\/vientosur.top\/museo\/wp-content\/uploads\/2018\/12\/s1.jpg\",\"datePublished\":\"2018-12-07T21:15:16+00:00\",\"author\":{\"@id\":\"http:\/\/vientosur.top\/museo\/#\/schema\/person\/20c79d3c38800971feec8c2693c3dd9c\"},\"breadcrumb\":{\"@id\":\"http:\/\/vientosur.top\/museo\/jovenes-del-sename-presentaron-obra-teatro-titeres-museo-violeta-parra\/#breadcrumb\"},\"inLanguage\":\"es\",\"potentialAction\":[{\"@type\":\"ReadAction\",\"target\":[\"http:\/\/vientosur.top\/museo\/jovenes-del-sename-presentaron-obra-teatro-titeres-museo-violeta-parra\/\"]}]},{\"@type\":\"ImageObject\",\"inLanguage\":\"es\",\"@id\":\"http:\/\/vientosur.top\/museo\/jovenes-del-sename-presentaron-obra-teatro-titeres-museo-violeta-parra\/#primaryimage\",\"url\":\"http:\/\/vientosur.top\/museo\/wp-content\/uploads\/2018\/12\/s1.jpg\",\"contentUrl\":\"http:\/\/vientosur.top\/museo\/wp-content\/uploads\/2018\/12\/s1.jpg\",\"width\":960,\"height\":638},{\"@type\":\"BreadcrumbList\",\"@id\":\"http:\/\/vientosur.top\/museo\/jovenes-del-sename-presentaron-obra-teatro-titeres-museo-violeta-parra\/#breadcrumb\",\"itemListElement\":[{\"@type\":\"ListItem\",\"position\":1,\"name\":\"Portada\",\"item\":\"http:\/\/vientosur.top\/museo\/\"},{\"@type\":\"ListItem\",\"position\":2,\"name\":\"J\u00f3venes del SENAME presentaron obra de teatro de t\u00edteres en Museo Violeta Parra\"}]},{\"@type\":\"WebSite\",\"@id\":\"http:\/\/vientosur.top\/museo\/#website\",\"url\":\"http:\/\/vientosur.top\/museo\/\",\"name\":\"Museo Violeta Parra\",\"description\":\"Espacio que alberga tanto la memoria y legado creativo de la artista\",\"potentialAction\":[{\"@type\":\"SearchAction\",\"target\":{\"@type\":\"EntryPoint\",\"urlTemplate\":\"http:\/\/vientosur.top\/museo\/?s={search_term_string}\"},\"query-input\":{\"@type\":\"PropertyValueSpecification\",\"valueRequired\":true,\"valueName\":\"search_term_string\"}}],\"inLanguage\":\"es\"},{\"@type\":\"Person\",\"@id\":\"http:\/\/vientosur.top\/museo\/#\/schema\/person\/20c79d3c38800971feec8c2693c3dd9c\",\"name\":\"admin\",\"image\":{\"@type\":\"ImageObject\",\"inLanguage\":\"es\",\"@id\":\"http:\/\/vientosur.top\/museo\/#\/schema\/person\/image\/\",\"url\":\"https:\/\/secure.gravatar.com\/avatar\/713677ece3ffa642287213a80e5b773bce9ab81c269dd6d95102a990951c922f?s=96&d=mm&r=g\",\"contentUrl\":\"https:\/\/secure.gravatar.com\/avatar\/713677ece3ffa642287213a80e5b773bce9ab81c269dd6d95102a990951c922f?s=96&d=mm&r=g\",\"caption\":\"admin\"},\"sameAs\":[\"http:\/\/vientosur.top\/museo\"],\"url\":\"http:\/\/vientosur.top\/museo\/author\/comunicacionesmvp\/\"}]}<\/script>\n<!-- \/ Yoast SEO plugin. -->","yoast_head_json":{"title":"J\u00f3venes del SENAME presentaron obra de teatro de t\u00edteres en Museo Violeta Parra - Museo Violeta Parra","robots":{"index":"index","follow":"follow","max-snippet":"max-snippet:-1","max-image-preview":"max-image-preview:large","max-video-preview":"max-video-preview:-1"},"canonical":"http:\/\/vientosur.top\/museo\/jovenes-del-sename-presentaron-obra-teatro-titeres-museo-violeta-parra\/","og_locale":"es_ES","og_type":"article","og_title":"J\u00f3venes del SENAME presentaron obra de teatro de t\u00edteres en Museo Violeta Parra - Museo Violeta Parra","og_description":"El convenio que el Museo Violeta Parra tiene con el Servicio Nacional de Menores sigue dando frutos. A las visitas que el equipo ha hecho al Centro Metropolitano Norte Til Til, con m\u00fasica, talleres y actividades de mediaci\u00f3n, ahora se suma una presentaci\u00f3n art\u00edstica de una agrupaci\u00f3n del SENAME en la Sala Antar de la [&hellip;]","og_url":"http:\/\/vientosur.top\/museo\/jovenes-del-sename-presentaron-obra-teatro-titeres-museo-violeta-parra\/","og_site_name":"Museo Violeta Parra","article_published_time":"2018-12-07T21:15:16+00:00","og_image":[{"width":960,"height":638,"url":"http:\/\/vientosur.top\/museo\/wp-content\/uploads\/2018\/12\/s1.jpg","type":"image\/jpeg"}],"author":"admin","twitter_card":"summary_large_image","twitter_misc":{"Escrito por":"admin","Tiempo de lectura":"2 minutos"},"schema":{"@context":"https:\/\/schema.org","@graph":[{"@type":"WebPage","@id":"http:\/\/vientosur.top\/museo\/jovenes-del-sename-presentaron-obra-teatro-titeres-museo-violeta-parra\/","url":"http:\/\/vientosur.top\/museo\/jovenes-del-sename-presentaron-obra-teatro-titeres-museo-violeta-parra\/","name":"J\u00f3venes del SENAME presentaron obra de teatro de t\u00edteres en Museo Violeta Parra - Museo Violeta Parra","isPartOf":{"@id":"http:\/\/vientosur.top\/museo\/#website"},"primaryImageOfPage":{"@id":"http:\/\/vientosur.top\/museo\/jovenes-del-sename-presentaron-obra-teatro-titeres-museo-violeta-parra\/#primaryimage"},"image":{"@id":"http:\/\/vientosur.top\/museo\/jovenes-del-sename-presentaron-obra-teatro-titeres-museo-violeta-parra\/#primaryimage"},"thumbnailUrl":"http:\/\/vientosur.top\/museo\/wp-content\/uploads\/2018\/12\/s1.jpg","datePublished":"2018-12-07T21:15:16+00:00","author":{"@id":"http:\/\/vientosur.top\/museo\/#\/schema\/person\/20c79d3c38800971feec8c2693c3dd9c"},"breadcrumb":{"@id":"http:\/\/vientosur.top\/museo\/jovenes-del-sename-presentaron-obra-teatro-titeres-museo-violeta-parra\/#breadcrumb"},"inLanguage":"es","potentialAction":[{"@type":"ReadAction","target":["http:\/\/vientosur.top\/museo\/jovenes-del-sename-presentaron-obra-teatro-titeres-museo-violeta-parra\/"]}]},{"@type":"ImageObject","inLanguage":"es","@id":"http:\/\/vientosur.top\/museo\/jovenes-del-sename-presentaron-obra-teatro-titeres-museo-violeta-parra\/#primaryimage","url":"http:\/\/vientosur.top\/museo\/wp-content\/uploads\/2018\/12\/s1.jpg","contentUrl":"http:\/\/vientosur.top\/museo\/wp-content\/uploads\/2018\/12\/s1.jpg","width":960,"height":638},{"@type":"BreadcrumbList","@id":"http:\/\/vientosur.top\/museo\/jovenes-del-sename-presentaron-obra-teatro-titeres-museo-violeta-parra\/#breadcrumb","itemListElement":[{"@type":"ListItem","position":1,"name":"Portada","item":"http:\/\/vientosur.top\/museo\/"},{"@type":"ListItem","position":2,"name":"J\u00f3venes del SENAME presentaron obra de teatro de t\u00edteres en Museo Violeta Parra"}]},{"@type":"WebSite","@id":"http:\/\/vientosur.top\/museo\/#website","url":"http:\/\/vientosur.top\/museo\/","name":"Museo Violeta Parra","description":"Espacio que alberga tanto la memoria y legado creativo de la artista","potentialAction":[{"@type":"SearchAction","target":{"@type":"EntryPoint","urlTemplate":"http:\/\/vientosur.top\/museo\/?s={search_term_string}"},"query-input":{"@type":"PropertyValueSpecification","valueRequired":true,"valueName":"search_term_string"}}],"inLanguage":"es"},{"@type":"Person","@id":"http:\/\/vientosur.top\/museo\/#\/schema\/person\/20c79d3c38800971feec8c2693c3dd9c","name":"admin","image":{"@type":"ImageObject","inLanguage":"es","@id":"http:\/\/vientosur.top\/museo\/#\/schema\/person\/image\/","url":"https:\/\/secure.gravatar.com\/avatar\/713677ece3ffa642287213a80e5b773bce9ab81c269dd6d95102a990951c922f?s=96&d=mm&r=g","contentUrl":"https:\/\/secure.gravatar.com\/avatar\/713677ece3ffa642287213a80e5b773bce9ab81c269dd6d95102a990951c922f?s=96&d=mm&r=g","caption":"admin"},"sameAs":["http:\/\/vientosur.top\/museo"],"url":"http:\/\/vientosur.top\/museo\/author\/comunicacionesmvp\/"}]}},"_links":{"self":[{"href":"http:\/\/vientosur.top\/museo\/wp-json\/wp\/v2\/posts\/17412","targetHints":{"allow":["GET"]}}],"collection":[{"href":"http:\/\/vientosur.top\/museo\/wp-json\/wp\/v2\/posts"}],"about":[{"href":"http:\/\/vientosur.top\/museo\/wp-json\/wp\/v2\/types\/post"}],"author":[{"embeddable":true,"href":"http:\/\/vientosur.top\/museo\/wp-json\/wp\/v2\/users\/5"}],"replies":[{"embeddable":true,"href":"http:\/\/vientosur.top\/museo\/wp-json\/wp\/v2\/comments?post=17412"}],"version-history":[{"count":0,"href":"http:\/\/vientosur.top\/museo\/wp-json\/wp\/v2\/posts\/17412\/revisions"}],"wp:featuredmedia":[{"embeddable":true,"href":"http:\/\/vientosur.top\/museo\/wp-json\/wp\/v2\/media\/17420"}],"wp:attachment":[{"href":"http:\/\/vientosur.top\/museo\/wp-json\/wp\/v2\/media?parent=17412"}],"wp:term":[{"taxonomy":"category","embeddable":true,"href":"http:\/\/vientosur.top\/museo\/wp-json\/wp\/v2\/categories?post=17412"},{"taxonomy":"post_tag","embeddable":true,"href":"http:\/\/vientosur.top\/museo\/wp-json\/wp\/v2\/tags?post=17412"}],"curies":[{"name":"wp","href":"https:\/\/api.w.org\/{rel}","templated":true}]}}