{"id":17414,"date":"2018-12-09T15:56:01","date_gmt":"2018-12-09T20:56:01","guid":{"rendered":"http:\/\/vientosur.top\/museo\/?p=17414"},"modified":"2018-12-09T15:56:01","modified_gmt":"2018-12-09T20:56:01","slug":"museo-violeta-parra-conmemorara-70-aniversario-la-declaracion-universal-los-dd-hh-exhibicion-del-premiado-documental-habeas-corpus","status":"publish","type":"post","link":"http:\/\/vientosur.top\/museo\/museo-violeta-parra-conmemorara-70-aniversario-la-declaracion-universal-los-dd-hh-exhibicion-del-premiado-documental-habeas-corpus\/","title":{"rendered":"Museo Violeta Parra conmemor\u00f3 70\u00b0 aniversario de la Declaraci\u00f3n Universal de los DD.HH. con exhibici\u00f3n del premiado documental \u00abHabeas Corpus\u00bb"},"content":{"rendered":"<p><strong><a href=\"http:\/\/vientosur.top\/museo\/wp-content\/uploads\/2018\/11\/afichehc.jpg\"><img fetchpriority=\"high\" decoding=\"async\" class=\"alignnone size-full wp-image-17294\" src=\"http:\/\/vientosur.top\/museo\/wp-content\/uploads\/2018\/11\/afichehc.jpg\" alt=\"\" width=\"675\" height=\"960\" \/><\/a><br \/>\nEn el marco de la conmemoraci\u00f3n del 70\u00b0 aniversario de la Declaraci\u00f3n Universal de los Derechos Humanos, el Museo Violeta Parra exhibi\u00f3 el premiado documental \u00abHabeas corpus\u00bb, dirigido por Claudia Barril y Sebasti\u00e1n Moreno.<\/strong><\/p>\n<p>Santiago de Chile, 1973. Tras el golpe militar, un grupo de funcionarios de la Vicar\u00eda de la Solidaridad de la Iglesia Cat\u00f3lica inicia el arriesgado camino de salvar la vida de los perseguidos y de buscar el destino de los detenidos. Con el tiempo, comprendieron que exist\u00eda una pol\u00edtica de exterminio contra los disidentes y que para descifrar su modo de funcionamiento y sus responsables directos deb\u00edan convertirse en un sofisticado equipo de contrainteligencia (Fuente: Chiledoc).<\/p>\n<p>&nbsp;<\/p>\n<p><iframe src=\"https:\/\/www.youtube.com\/embed\/U8GrP7JluVU\" width=\"560\" height=\"315\" frameborder=\"0\" allowfullscreen=\"allowfullscreen\"><\/iframe><\/p>\n<p><strong>Domingo 9 de diciembre \/ 16:00 horas \/ Sala Antar<\/strong><br \/>\n<strong>Avenida Vicu\u00f1a Mackenna 37\u00a0<\/strong><br \/>\n<strong>Entrada liberada<\/strong><\/p>\n","protected":false},"excerpt":{"rendered":"<p>En el marco de la conmemoraci\u00f3n del 70\u00b0 aniversario de la Declaraci\u00f3n Universal de los Derechos Humanos, el Museo Violeta Parra exhibi\u00f3 el premiado documental \u00abHabeas corpus\u00bb, dirigido por Claudia Barril y Sebasti\u00e1n Moreno. Santiago de Chile, 1973. Tras el golpe militar, un grupo de funcionarios de la Vicar\u00eda de la Solidaridad de la Iglesia [&hellip;]<\/p>\n","protected":false},"author":5,"featured_media":17293,"comment_status":"open","ping_status":"open","sticky":false,"template":"","format":"standard","meta":{"site-sidebar-layout":"default","site-content-layout":"","ast-site-content-layout":"default","site-content-style":"default","site-sidebar-style":"default","ast-global-header-display":"","ast-banner-title-visibility":"","ast-main-header-display":"","ast-hfb-above-header-display":"","ast-hfb-below-header-display":"","ast-hfb-mobile-header-display":"","site-post-title":"","ast-breadcrumbs-content":"","ast-featured-img":"","footer-sml-layout":"","theme-transparent-header-meta":"","adv-header-id-meta":"","stick-header-meta":"","header-above-stick-meta":"","header-main-stick-meta":"","header-below-stick-meta":"","astra-migrate-meta-layouts":"default","ast-page-background-enabled":"default","ast-page-background-meta":{"desktop":{"background-color":"var(--ast-global-color-4)","background-image":"","background-repeat":"repeat","background-position":"center center","background-size":"auto","background-attachment":"scroll","background-type":"","background-media":"","overlay-type":"","overlay-color":"","overlay-opacity":"","overlay-gradient":""},"tablet":{"background-color":"","background-image":"","background-repeat":"repeat","background-position":"center center","background-size":"auto","background-attachment":"scroll","background-type":"","background-media":"","overlay-type":"","overlay-color":"","overlay-opacity":"","overlay-gradient":""},"mobile":{"background-color":"","background-image":"","background-repeat":"repeat","background-position":"center center","background-size":"auto","background-attachment":"scroll","background-type":"","background-media":"","overlay-type":"","overlay-color":"","overlay-opacity":"","overlay-gradient":""}},"ast-content-background-meta":{"desktop":{"background-color":"var(--ast-global-color-5)","background-image":"","background-repeat":"repeat","background-position":"center center","background-size":"auto","background-attachment":"scroll","background-type":"","background-media":"","overlay-type":"","overlay-color":"","overlay-opacity":"","overlay-gradient":""},"tablet":{"background-color":"var(--ast-global-color-5)","background-image":"","background-repeat":"repeat","background-position":"center center","background-size":"auto","background-attachment":"scroll","background-type":"","background-media":"","overlay-type":"","overlay-color":"","overlay-opacity":"","overlay-gradient":""},"mobile":{"background-color":"var(--ast-global-color-5)","background-image":"","background-repeat":"repeat","background-position":"center center","background-size":"auto","background-attachment":"scroll","background-type":"","background-media":"","overlay-type":"","overlay-color":"","overlay-opacity":"","overlay-gradient":""}},"footnotes":""},"categories":[59,8,61],"tags":[],"class_list":["post-17414","post","type-post","status-publish","format-standard","has-post-thumbnail","hentry","category-destacado-noticia","category-noticias","category-novedades"],"yoast_head":"<!-- This site is optimized with the Yoast SEO plugin v25.4 - https:\/\/yoast.com\/wordpress\/plugins\/seo\/ -->\n<title>Museo Violeta Parra conmemor\u00f3 70\u00b0 aniversario de la Declaraci\u00f3n Universal de los DD.HH. con exhibici\u00f3n del premiado documental &quot;Habeas Corpus&quot; - Museo Violeta Parra<\/title>\n<meta name=\"robots\" content=\"index, follow, max-snippet:-1, max-image-preview:large, max-video-preview:-1\" \/>\n<link rel=\"canonical\" href=\"http:\/\/vientosur.top\/museo\/museo-violeta-parra-conmemorara-70-aniversario-la-declaracion-universal-los-dd-hh-exhibicion-del-premiado-documental-habeas-corpus\/\" \/>\n<meta property=\"og:locale\" content=\"es_ES\" \/>\n<meta property=\"og:type\" content=\"article\" \/>\n<meta property=\"og:title\" content=\"Museo Violeta Parra conmemor\u00f3 70\u00b0 aniversario de la Declaraci\u00f3n Universal de los DD.HH. con exhibici\u00f3n del premiado documental &quot;Habeas Corpus&quot; - Museo Violeta Parra\" \/>\n<meta property=\"og:description\" content=\"En el marco de la conmemoraci\u00f3n del 70\u00b0 aniversario de la Declaraci\u00f3n Universal de los Derechos Humanos, el Museo Violeta Parra exhibi\u00f3 el premiado documental \u00abHabeas corpus\u00bb, dirigido por Claudia Barril y Sebasti\u00e1n Moreno. Santiago de Chile, 1973. Tras el golpe militar, un grupo de funcionarios de la Vicar\u00eda de la Solidaridad de la Iglesia [&hellip;]\" \/>\n<meta property=\"og:url\" content=\"http:\/\/vientosur.top\/museo\/museo-violeta-parra-conmemorara-70-aniversario-la-declaracion-universal-los-dd-hh-exhibicion-del-premiado-documental-habeas-corpus\/\" \/>\n<meta property=\"og:site_name\" content=\"Museo Violeta Parra\" \/>\n<meta property=\"article:published_time\" content=\"2018-12-09T20:56:01+00:00\" \/>\n<meta property=\"og:image\" content=\"http:\/\/vientosur.top\/museo\/wp-content\/uploads\/2018\/11\/articulo_habeas.jpg\" \/>\n\t<meta property=\"og:image:width\" content=\"500\" \/>\n\t<meta property=\"og:image:height\" content=\"300\" \/>\n\t<meta property=\"og:image:type\" content=\"image\/jpeg\" \/>\n<meta name=\"author\" content=\"admin\" \/>\n<meta name=\"twitter:card\" content=\"summary_large_image\" \/>\n<meta name=\"twitter:label1\" content=\"Escrito por\" \/>\n\t<meta name=\"twitter:data1\" content=\"admin\" \/>\n\t<meta name=\"twitter:label2\" content=\"Tiempo de lectura\" \/>\n\t<meta name=\"twitter:data2\" content=\"1 minuto\" \/>\n<script type=\"application\/ld+json\" class=\"yoast-schema-graph\">{\"@context\":\"https:\/\/schema.org\",\"@graph\":[{\"@type\":\"WebPage\",\"@id\":\"http:\/\/vientosur.top\/museo\/museo-violeta-parra-conmemorara-70-aniversario-la-declaracion-universal-los-dd-hh-exhibicion-del-premiado-documental-habeas-corpus\/\",\"url\":\"http:\/\/vientosur.top\/museo\/museo-violeta-parra-conmemorara-70-aniversario-la-declaracion-universal-los-dd-hh-exhibicion-del-premiado-documental-habeas-corpus\/\",\"name\":\"Museo Violeta Parra conmemor\u00f3 70\u00b0 aniversario de la Declaraci\u00f3n Universal de los DD.HH. con exhibici\u00f3n del premiado documental \\\"Habeas Corpus\\\" - Museo Violeta Parra\",\"isPartOf\":{\"@id\":\"http:\/\/vientosur.top\/museo\/#website\"},\"primaryImageOfPage\":{\"@id\":\"http:\/\/vientosur.top\/museo\/museo-violeta-parra-conmemorara-70-aniversario-la-declaracion-universal-los-dd-hh-exhibicion-del-premiado-documental-habeas-corpus\/#primaryimage\"},\"image\":{\"@id\":\"http:\/\/vientosur.top\/museo\/museo-violeta-parra-conmemorara-70-aniversario-la-declaracion-universal-los-dd-hh-exhibicion-del-premiado-documental-habeas-corpus\/#primaryimage\"},\"thumbnailUrl\":\"http:\/\/vientosur.top\/museo\/wp-content\/uploads\/2018\/11\/articulo_habeas.jpg\",\"datePublished\":\"2018-12-09T20:56:01+00:00\",\"author\":{\"@id\":\"http:\/\/vientosur.top\/museo\/#\/schema\/person\/20c79d3c38800971feec8c2693c3dd9c\"},\"breadcrumb\":{\"@id\":\"http:\/\/vientosur.top\/museo\/museo-violeta-parra-conmemorara-70-aniversario-la-declaracion-universal-los-dd-hh-exhibicion-del-premiado-documental-habeas-corpus\/#breadcrumb\"},\"inLanguage\":\"es\",\"potentialAction\":[{\"@type\":\"ReadAction\",\"target\":[\"http:\/\/vientosur.top\/museo\/museo-violeta-parra-conmemorara-70-aniversario-la-declaracion-universal-los-dd-hh-exhibicion-del-premiado-documental-habeas-corpus\/\"]}]},{\"@type\":\"ImageObject\",\"inLanguage\":\"es\",\"@id\":\"http:\/\/vientosur.top\/museo\/museo-violeta-parra-conmemorara-70-aniversario-la-declaracion-universal-los-dd-hh-exhibicion-del-premiado-documental-habeas-corpus\/#primaryimage\",\"url\":\"http:\/\/vientosur.top\/museo\/wp-content\/uploads\/2018\/11\/articulo_habeas.jpg\",\"contentUrl\":\"http:\/\/vientosur.top\/museo\/wp-content\/uploads\/2018\/11\/articulo_habeas.jpg\",\"width\":500,\"height\":300},{\"@type\":\"BreadcrumbList\",\"@id\":\"http:\/\/vientosur.top\/museo\/museo-violeta-parra-conmemorara-70-aniversario-la-declaracion-universal-los-dd-hh-exhibicion-del-premiado-documental-habeas-corpus\/#breadcrumb\",\"itemListElement\":[{\"@type\":\"ListItem\",\"position\":1,\"name\":\"Portada\",\"item\":\"http:\/\/vientosur.top\/museo\/\"},{\"@type\":\"ListItem\",\"position\":2,\"name\":\"Museo Violeta Parra conmemor\u00f3 70\u00b0 aniversario de la Declaraci\u00f3n Universal de los DD.HH. con exhibici\u00f3n del premiado documental \u00abHabeas Corpus\u00bb\"}]},{\"@type\":\"WebSite\",\"@id\":\"http:\/\/vientosur.top\/museo\/#website\",\"url\":\"http:\/\/vientosur.top\/museo\/\",\"name\":\"Museo Violeta Parra\",\"description\":\"Espacio que alberga tanto la memoria y legado creativo de la artista\",\"potentialAction\":[{\"@type\":\"SearchAction\",\"target\":{\"@type\":\"EntryPoint\",\"urlTemplate\":\"http:\/\/vientosur.top\/museo\/?s={search_term_string}\"},\"query-input\":{\"@type\":\"PropertyValueSpecification\",\"valueRequired\":true,\"valueName\":\"search_term_string\"}}],\"inLanguage\":\"es\"},{\"@type\":\"Person\",\"@id\":\"http:\/\/vientosur.top\/museo\/#\/schema\/person\/20c79d3c38800971feec8c2693c3dd9c\",\"name\":\"admin\",\"image\":{\"@type\":\"ImageObject\",\"inLanguage\":\"es\",\"@id\":\"http:\/\/vientosur.top\/museo\/#\/schema\/person\/image\/\",\"url\":\"https:\/\/secure.gravatar.com\/avatar\/713677ece3ffa642287213a80e5b773bce9ab81c269dd6d95102a990951c922f?s=96&d=mm&r=g\",\"contentUrl\":\"https:\/\/secure.gravatar.com\/avatar\/713677ece3ffa642287213a80e5b773bce9ab81c269dd6d95102a990951c922f?s=96&d=mm&r=g\",\"caption\":\"admin\"},\"sameAs\":[\"http:\/\/vientosur.top\/museo\"],\"url\":\"http:\/\/vientosur.top\/museo\/author\/comunicacionesmvp\/\"}]}<\/script>\n<!-- \/ Yoast SEO plugin. -->","yoast_head_json":{"title":"Museo Violeta Parra conmemor\u00f3 70\u00b0 aniversario de la Declaraci\u00f3n Universal de los DD.HH. con exhibici\u00f3n del premiado documental \"Habeas Corpus\" - Museo Violeta Parra","robots":{"index":"index","follow":"follow","max-snippet":"max-snippet:-1","max-image-preview":"max-image-preview:large","max-video-preview":"max-video-preview:-1"},"canonical":"http:\/\/vientosur.top\/museo\/museo-violeta-parra-conmemorara-70-aniversario-la-declaracion-universal-los-dd-hh-exhibicion-del-premiado-documental-habeas-corpus\/","og_locale":"es_ES","og_type":"article","og_title":"Museo Violeta Parra conmemor\u00f3 70\u00b0 aniversario de la Declaraci\u00f3n Universal de los DD.HH. con exhibici\u00f3n del premiado documental \"Habeas Corpus\" - Museo Violeta Parra","og_description":"En el marco de la conmemoraci\u00f3n del 70\u00b0 aniversario de la Declaraci\u00f3n Universal de los Derechos Humanos, el Museo Violeta Parra exhibi\u00f3 el premiado documental \u00abHabeas corpus\u00bb, dirigido por Claudia Barril y Sebasti\u00e1n Moreno. Santiago de Chile, 1973. Tras el golpe militar, un grupo de funcionarios de la Vicar\u00eda de la Solidaridad de la Iglesia [&hellip;]","og_url":"http:\/\/vientosur.top\/museo\/museo-violeta-parra-conmemorara-70-aniversario-la-declaracion-universal-los-dd-hh-exhibicion-del-premiado-documental-habeas-corpus\/","og_site_name":"Museo Violeta Parra","article_published_time":"2018-12-09T20:56:01+00:00","og_image":[{"width":500,"height":300,"url":"http:\/\/vientosur.top\/museo\/wp-content\/uploads\/2018\/11\/articulo_habeas.jpg","type":"image\/jpeg"}],"author":"admin","twitter_card":"summary_large_image","twitter_misc":{"Escrito por":"admin","Tiempo de lectura":"1 minuto"},"schema":{"@context":"https:\/\/schema.org","@graph":[{"@type":"WebPage","@id":"http:\/\/vientosur.top\/museo\/museo-violeta-parra-conmemorara-70-aniversario-la-declaracion-universal-los-dd-hh-exhibicion-del-premiado-documental-habeas-corpus\/","url":"http:\/\/vientosur.top\/museo\/museo-violeta-parra-conmemorara-70-aniversario-la-declaracion-universal-los-dd-hh-exhibicion-del-premiado-documental-habeas-corpus\/","name":"Museo Violeta Parra conmemor\u00f3 70\u00b0 aniversario de la Declaraci\u00f3n Universal de los DD.HH. con exhibici\u00f3n del premiado documental \"Habeas Corpus\" - Museo Violeta Parra","isPartOf":{"@id":"http:\/\/vientosur.top\/museo\/#website"},"primaryImageOfPage":{"@id":"http:\/\/vientosur.top\/museo\/museo-violeta-parra-conmemorara-70-aniversario-la-declaracion-universal-los-dd-hh-exhibicion-del-premiado-documental-habeas-corpus\/#primaryimage"},"image":{"@id":"http:\/\/vientosur.top\/museo\/museo-violeta-parra-conmemorara-70-aniversario-la-declaracion-universal-los-dd-hh-exhibicion-del-premiado-documental-habeas-corpus\/#primaryimage"},"thumbnailUrl":"http:\/\/vientosur.top\/museo\/wp-content\/uploads\/2018\/11\/articulo_habeas.jpg","datePublished":"2018-12-09T20:56:01+00:00","author":{"@id":"http:\/\/vientosur.top\/museo\/#\/schema\/person\/20c79d3c38800971feec8c2693c3dd9c"},"breadcrumb":{"@id":"http:\/\/vientosur.top\/museo\/museo-violeta-parra-conmemorara-70-aniversario-la-declaracion-universal-los-dd-hh-exhibicion-del-premiado-documental-habeas-corpus\/#breadcrumb"},"inLanguage":"es","potentialAction":[{"@type":"ReadAction","target":["http:\/\/vientosur.top\/museo\/museo-violeta-parra-conmemorara-70-aniversario-la-declaracion-universal-los-dd-hh-exhibicion-del-premiado-documental-habeas-corpus\/"]}]},{"@type":"ImageObject","inLanguage":"es","@id":"http:\/\/vientosur.top\/museo\/museo-violeta-parra-conmemorara-70-aniversario-la-declaracion-universal-los-dd-hh-exhibicion-del-premiado-documental-habeas-corpus\/#primaryimage","url":"http:\/\/vientosur.top\/museo\/wp-content\/uploads\/2018\/11\/articulo_habeas.jpg","contentUrl":"http:\/\/vientosur.top\/museo\/wp-content\/uploads\/2018\/11\/articulo_habeas.jpg","width":500,"height":300},{"@type":"BreadcrumbList","@id":"http:\/\/vientosur.top\/museo\/museo-violeta-parra-conmemorara-70-aniversario-la-declaracion-universal-los-dd-hh-exhibicion-del-premiado-documental-habeas-corpus\/#breadcrumb","itemListElement":[{"@type":"ListItem","position":1,"name":"Portada","item":"http:\/\/vientosur.top\/museo\/"},{"@type":"ListItem","position":2,"name":"Museo Violeta Parra conmemor\u00f3 70\u00b0 aniversario de la Declaraci\u00f3n Universal de los DD.HH. con exhibici\u00f3n del premiado documental \u00abHabeas Corpus\u00bb"}]},{"@type":"WebSite","@id":"http:\/\/vientosur.top\/museo\/#website","url":"http:\/\/vientosur.top\/museo\/","name":"Museo Violeta Parra","description":"Espacio que alberga tanto la memoria y legado creativo de la artista","potentialAction":[{"@type":"SearchAction","target":{"@type":"EntryPoint","urlTemplate":"http:\/\/vientosur.top\/museo\/?s={search_term_string}"},"query-input":{"@type":"PropertyValueSpecification","valueRequired":true,"valueName":"search_term_string"}}],"inLanguage":"es"},{"@type":"Person","@id":"http:\/\/vientosur.top\/museo\/#\/schema\/person\/20c79d3c38800971feec8c2693c3dd9c","name":"admin","image":{"@type":"ImageObject","inLanguage":"es","@id":"http:\/\/vientosur.top\/museo\/#\/schema\/person\/image\/","url":"https:\/\/secure.gravatar.com\/avatar\/713677ece3ffa642287213a80e5b773bce9ab81c269dd6d95102a990951c922f?s=96&d=mm&r=g","contentUrl":"https:\/\/secure.gravatar.com\/avatar\/713677ece3ffa642287213a80e5b773bce9ab81c269dd6d95102a990951c922f?s=96&d=mm&r=g","caption":"admin"},"sameAs":["http:\/\/vientosur.top\/museo"],"url":"http:\/\/vientosur.top\/museo\/author\/comunicacionesmvp\/"}]}},"_links":{"self":[{"href":"http:\/\/vientosur.top\/museo\/wp-json\/wp\/v2\/posts\/17414","targetHints":{"allow":["GET"]}}],"collection":[{"href":"http:\/\/vientosur.top\/museo\/wp-json\/wp\/v2\/posts"}],"about":[{"href":"http:\/\/vientosur.top\/museo\/wp-json\/wp\/v2\/types\/post"}],"author":[{"embeddable":true,"href":"http:\/\/vientosur.top\/museo\/wp-json\/wp\/v2\/users\/5"}],"replies":[{"embeddable":true,"href":"http:\/\/vientosur.top\/museo\/wp-json\/wp\/v2\/comments?post=17414"}],"version-history":[{"count":0,"href":"http:\/\/vientosur.top\/museo\/wp-json\/wp\/v2\/posts\/17414\/revisions"}],"wp:featuredmedia":[{"embeddable":true,"href":"http:\/\/vientosur.top\/museo\/wp-json\/wp\/v2\/media\/17293"}],"wp:attachment":[{"href":"http:\/\/vientosur.top\/museo\/wp-json\/wp\/v2\/media?parent=17414"}],"wp:term":[{"taxonomy":"category","embeddable":true,"href":"http:\/\/vientosur.top\/museo\/wp-json\/wp\/v2\/categories?post=17414"},{"taxonomy":"post_tag","embeddable":true,"href":"http:\/\/vientosur.top\/museo\/wp-json\/wp\/v2\/tags?post=17414"}],"curies":[{"name":"wp","href":"https:\/\/api.w.org\/{rel}","templated":true}]}}