{"id":17460,"date":"2018-12-11T15:59:35","date_gmt":"2018-12-11T20:59:35","guid":{"rendered":"http:\/\/vientosur.top\/museo\/?p=17460"},"modified":"2018-12-11T15:59:35","modified_gmt":"2018-12-11T20:59:35","slug":"libro-relacion-margot-loyola-rapa-nui-se-presentara-museo-violeta-parra","status":"publish","type":"post","link":"http:\/\/vientosur.top\/museo\/libro-relacion-margot-loyola-rapa-nui-se-presentara-museo-violeta-parra\/","title":{"rendered":"Libro \u00abMarcoyora. Rapa Nui o el para\u00edso interior de Margot Loyola\u00bb se present\u00f3 en el Museo Violeta Parra"},"content":{"rendered":"<p><em>\u201cMarcoyora. Rapa Nui o el para\u00edso interior de Margot Loyola\u201d, escrito por Sonia Montecino y Rolf Foerster, se lanz\u00f3 el mi\u00e9rcoles 12 de diciembre al mediod\u00eda en la Sala Antar del museo.<\/em><\/p>\n<p>El 2018 se celebran los 100 a\u00f1os del natalicio de la folklorista e investigadora Margot Loyola Palacios, cuyo legado sigue siendo fuente de inspiraci\u00f3n para artistas y acad\u00e9micos.<\/p>\n<p>En ese contexto, el mi\u00e9rcoles 12 de diciembre al mediod\u00eda se lanz\u00f3 el libro \u201cMarcoyana. Rapa Nui o el para\u00edso interior de Margot Loyola\u201d, escrito por Sonia Montecino, Premio Nacional de Humanidades y Ciencias Sociales, y el doctor Rolf Foerster. El texto fue publicado por la Editorial de la Universidad de Talca.<\/p>\n<p>\u201cSin duda, fue ella quien difundi\u00f3 y permiti\u00f3 a la sociedad chilena conocer parte del arte musical que se anidaba en la comunidad isle\u00f1a, completamente desconocido para la gran mayor\u00eda de los(as) chilenos(as). Logr\u00f3 hacer populares cantos y bailes como el Sau-sau, el Opa opa y el Tamur\u00e9 que, si bien, polin\u00e9sicos, hac\u00eda ya un tiempo hab\u00edan ingresado al acervo rapanui y le fueron transmitidos por sus cultores\u201d, se\u00f1ala el libro.<\/p>\n<p>En el lanzamiento, que se realiz\u00f3 en la Sala Antar del museo, \u00a0participaron Cecilia Garc\u00eda-Huidobro, Directora del Museo Violeta Parra; los koros Alfredo Tuki, Lucas Pakarati y \u00c1lvaro Atan y Osvaldo C\u00e1diz, Director de la Academia Nacional de Cultura Tradicional Margot Loyola.<\/p>\n<p><strong>Sobre los autores<\/strong><\/p>\n<p>Sonia Montecino Aguirre es antrop\u00f3loga y escritora, doctora en Antropolog\u00eda por la Universidad de Leiden, Holanda. Desde 2013 es Premio Nacional de Humanidades y Ciencias Sociales. Sus investigaciones vertidas en ensayos, art\u00edculos y obras de creaci\u00f3n, abordan las identidades culturales desde las relaciones de g\u00e9nero, etnicidades y narrativas orales como campo de an\u00e1lisis de las estructuras sociales.<\/p>\n<p>Rolf\u00a0 Foerster Gonz\u00e1lez, es antrop\u00f3logo, doctor en Antropolog\u00eda por la Universidad de Leiden, Holanda y profesor asociado del Departamento de Antropolog\u00eda de la Universidad de Chile. Ha publicado numerosos art\u00edculos y libros relativos a la historia y devenir contempor\u00e1neo del pueblo mapuche y rapanui.<\/p>\n<p><strong><a href=\"https:\/\/www.facebook.com\/pg\/MuseoVioletaParra\/photos\/?tab=album&amp;album_id=2260128074230601\" target=\"_blank\" rel=\"noopener noreferrer\">Ver galer\u00eda de im\u00e1genes<\/a><\/strong><\/p>\n<p>&nbsp;<\/p>\n","protected":false},"excerpt":{"rendered":"<p>\u201cMarcoyora. Rapa Nui o el para\u00edso interior de Margot Loyola\u201d, escrito por Sonia Montecino y Rolf Foerster, se lanz\u00f3 el mi\u00e9rcoles 12 de diciembre al mediod\u00eda en la Sala Antar del museo. El 2018 se celebran los 100 a\u00f1os del natalicio de la folklorista e investigadora Margot Loyola Palacios, cuyo legado sigue siendo fuente de [&hellip;]<\/p>\n","protected":false},"author":5,"featured_media":17481,"comment_status":"open","ping_status":"open","sticky":false,"template":"","format":"standard","meta":{"site-sidebar-layout":"default","site-content-layout":"","ast-site-content-layout":"default","site-content-style":"default","site-sidebar-style":"default","ast-global-header-display":"","ast-banner-title-visibility":"","ast-main-header-display":"","ast-hfb-above-header-display":"","ast-hfb-below-header-display":"","ast-hfb-mobile-header-display":"","site-post-title":"","ast-breadcrumbs-content":"","ast-featured-img":"","footer-sml-layout":"","theme-transparent-header-meta":"","adv-header-id-meta":"","stick-header-meta":"","header-above-stick-meta":"","header-main-stick-meta":"","header-below-stick-meta":"","astra-migrate-meta-layouts":"default","ast-page-background-enabled":"default","ast-page-background-meta":{"desktop":{"background-color":"var(--ast-global-color-4)","background-image":"","background-repeat":"repeat","background-position":"center center","background-size":"auto","background-attachment":"scroll","background-type":"","background-media":"","overlay-type":"","overlay-color":"","overlay-opacity":"","overlay-gradient":""},"tablet":{"background-color":"","background-image":"","background-repeat":"repeat","background-position":"center center","background-size":"auto","background-attachment":"scroll","background-type":"","background-media":"","overlay-type":"","overlay-color":"","overlay-opacity":"","overlay-gradient":""},"mobile":{"background-color":"","background-image":"","background-repeat":"repeat","background-position":"center center","background-size":"auto","background-attachment":"scroll","background-type":"","background-media":"","overlay-type":"","overlay-color":"","overlay-opacity":"","overlay-gradient":""}},"ast-content-background-meta":{"desktop":{"background-color":"var(--ast-global-color-5)","background-image":"","background-repeat":"repeat","background-position":"center center","background-size":"auto","background-attachment":"scroll","background-type":"","background-media":"","overlay-type":"","overlay-color":"","overlay-opacity":"","overlay-gradient":""},"tablet":{"background-color":"var(--ast-global-color-5)","background-image":"","background-repeat":"repeat","background-position":"center center","background-size":"auto","background-attachment":"scroll","background-type":"","background-media":"","overlay-type":"","overlay-color":"","overlay-opacity":"","overlay-gradient":""},"mobile":{"background-color":"var(--ast-global-color-5)","background-image":"","background-repeat":"repeat","background-position":"center center","background-size":"auto","background-attachment":"scroll","background-type":"","background-media":"","overlay-type":"","overlay-color":"","overlay-opacity":"","overlay-gradient":""}},"footnotes":""},"categories":[59,8,61],"tags":[],"class_list":["post-17460","post","type-post","status-publish","format-standard","has-post-thumbnail","hentry","category-destacado-noticia","category-noticias","category-novedades"],"yoast_head":"<!-- This site is optimized with the Yoast SEO plugin v25.4 - https:\/\/yoast.com\/wordpress\/plugins\/seo\/ -->\n<title>Libro &quot;Marcoyora. Rapa Nui o el para\u00edso interior de Margot Loyola&quot; se present\u00f3 en el Museo Violeta Parra - Museo Violeta Parra<\/title>\n<meta name=\"robots\" content=\"index, follow, max-snippet:-1, max-image-preview:large, max-video-preview:-1\" \/>\n<link rel=\"canonical\" href=\"http:\/\/vientosur.top\/museo\/libro-relacion-margot-loyola-rapa-nui-se-presentara-museo-violeta-parra\/\" \/>\n<meta property=\"og:locale\" content=\"es_ES\" \/>\n<meta property=\"og:type\" content=\"article\" \/>\n<meta property=\"og:title\" content=\"Libro &quot;Marcoyora. Rapa Nui o el para\u00edso interior de Margot Loyola&quot; se present\u00f3 en el Museo Violeta Parra - Museo Violeta Parra\" \/>\n<meta property=\"og:description\" content=\"\u201cMarcoyora. Rapa Nui o el para\u00edso interior de Margot Loyola\u201d, escrito por Sonia Montecino y Rolf Foerster, se lanz\u00f3 el mi\u00e9rcoles 12 de diciembre al mediod\u00eda en la Sala Antar del museo. El 2018 se celebran los 100 a\u00f1os del natalicio de la folklorista e investigadora Margot Loyola Palacios, cuyo legado sigue siendo fuente de [&hellip;]\" \/>\n<meta property=\"og:url\" content=\"http:\/\/vientosur.top\/museo\/libro-relacion-margot-loyola-rapa-nui-se-presentara-museo-violeta-parra\/\" \/>\n<meta property=\"og:site_name\" content=\"Museo Violeta Parra\" \/>\n<meta property=\"article:published_time\" content=\"2018-12-11T20:59:35+00:00\" \/>\n<meta property=\"og:image\" content=\"http:\/\/vientosur.top\/museo\/wp-content\/uploads\/2018\/12\/DSC_0336-scaled.jpg\" \/>\n\t<meta property=\"og:image:width\" content=\"2560\" \/>\n\t<meta property=\"og:image:height\" content=\"1702\" \/>\n\t<meta property=\"og:image:type\" content=\"image\/jpeg\" \/>\n<meta name=\"author\" content=\"admin\" \/>\n<meta name=\"twitter:card\" content=\"summary_large_image\" \/>\n<meta name=\"twitter:label1\" content=\"Escrito por\" \/>\n\t<meta name=\"twitter:data1\" content=\"admin\" \/>\n\t<meta name=\"twitter:label2\" content=\"Tiempo de lectura\" \/>\n\t<meta name=\"twitter:data2\" content=\"2 minutos\" \/>\n<script type=\"application\/ld+json\" class=\"yoast-schema-graph\">{\"@context\":\"https:\/\/schema.org\",\"@graph\":[{\"@type\":\"WebPage\",\"@id\":\"http:\/\/vientosur.top\/museo\/libro-relacion-margot-loyola-rapa-nui-se-presentara-museo-violeta-parra\/\",\"url\":\"http:\/\/vientosur.top\/museo\/libro-relacion-margot-loyola-rapa-nui-se-presentara-museo-violeta-parra\/\",\"name\":\"Libro \\\"Marcoyora. Rapa Nui o el para\u00edso interior de Margot Loyola\\\" se present\u00f3 en el Museo Violeta Parra - Museo Violeta Parra\",\"isPartOf\":{\"@id\":\"http:\/\/vientosur.top\/museo\/#website\"},\"primaryImageOfPage\":{\"@id\":\"http:\/\/vientosur.top\/museo\/libro-relacion-margot-loyola-rapa-nui-se-presentara-museo-violeta-parra\/#primaryimage\"},\"image\":{\"@id\":\"http:\/\/vientosur.top\/museo\/libro-relacion-margot-loyola-rapa-nui-se-presentara-museo-violeta-parra\/#primaryimage\"},\"thumbnailUrl\":\"http:\/\/vientosur.top\/museo\/wp-content\/uploads\/2018\/12\/DSC_0336-scaled.jpg\",\"datePublished\":\"2018-12-11T20:59:35+00:00\",\"author\":{\"@id\":\"http:\/\/vientosur.top\/museo\/#\/schema\/person\/20c79d3c38800971feec8c2693c3dd9c\"},\"breadcrumb\":{\"@id\":\"http:\/\/vientosur.top\/museo\/libro-relacion-margot-loyola-rapa-nui-se-presentara-museo-violeta-parra\/#breadcrumb\"},\"inLanguage\":\"es\",\"potentialAction\":[{\"@type\":\"ReadAction\",\"target\":[\"http:\/\/vientosur.top\/museo\/libro-relacion-margot-loyola-rapa-nui-se-presentara-museo-violeta-parra\/\"]}]},{\"@type\":\"ImageObject\",\"inLanguage\":\"es\",\"@id\":\"http:\/\/vientosur.top\/museo\/libro-relacion-margot-loyola-rapa-nui-se-presentara-museo-violeta-parra\/#primaryimage\",\"url\":\"http:\/\/vientosur.top\/museo\/wp-content\/uploads\/2018\/12\/DSC_0336-scaled.jpg\",\"contentUrl\":\"http:\/\/vientosur.top\/museo\/wp-content\/uploads\/2018\/12\/DSC_0336-scaled.jpg\",\"width\":2560,\"height\":1702},{\"@type\":\"BreadcrumbList\",\"@id\":\"http:\/\/vientosur.top\/museo\/libro-relacion-margot-loyola-rapa-nui-se-presentara-museo-violeta-parra\/#breadcrumb\",\"itemListElement\":[{\"@type\":\"ListItem\",\"position\":1,\"name\":\"Portada\",\"item\":\"http:\/\/vientosur.top\/museo\/\"},{\"@type\":\"ListItem\",\"position\":2,\"name\":\"Libro \u00abMarcoyora. Rapa Nui o el para\u00edso interior de Margot Loyola\u00bb se present\u00f3 en el Museo Violeta Parra\"}]},{\"@type\":\"WebSite\",\"@id\":\"http:\/\/vientosur.top\/museo\/#website\",\"url\":\"http:\/\/vientosur.top\/museo\/\",\"name\":\"Museo Violeta Parra\",\"description\":\"Espacio que alberga tanto la memoria y legado creativo de la artista\",\"potentialAction\":[{\"@type\":\"SearchAction\",\"target\":{\"@type\":\"EntryPoint\",\"urlTemplate\":\"http:\/\/vientosur.top\/museo\/?s={search_term_string}\"},\"query-input\":{\"@type\":\"PropertyValueSpecification\",\"valueRequired\":true,\"valueName\":\"search_term_string\"}}],\"inLanguage\":\"es\"},{\"@type\":\"Person\",\"@id\":\"http:\/\/vientosur.top\/museo\/#\/schema\/person\/20c79d3c38800971feec8c2693c3dd9c\",\"name\":\"admin\",\"image\":{\"@type\":\"ImageObject\",\"inLanguage\":\"es\",\"@id\":\"http:\/\/vientosur.top\/museo\/#\/schema\/person\/image\/\",\"url\":\"https:\/\/secure.gravatar.com\/avatar\/713677ece3ffa642287213a80e5b773bce9ab81c269dd6d95102a990951c922f?s=96&d=mm&r=g\",\"contentUrl\":\"https:\/\/secure.gravatar.com\/avatar\/713677ece3ffa642287213a80e5b773bce9ab81c269dd6d95102a990951c922f?s=96&d=mm&r=g\",\"caption\":\"admin\"},\"sameAs\":[\"http:\/\/vientosur.top\/museo\"],\"url\":\"http:\/\/vientosur.top\/museo\/author\/comunicacionesmvp\/\"}]}<\/script>\n<!-- \/ Yoast SEO plugin. -->","yoast_head_json":{"title":"Libro \"Marcoyora. Rapa Nui o el para\u00edso interior de Margot Loyola\" se present\u00f3 en el Museo Violeta Parra - Museo Violeta Parra","robots":{"index":"index","follow":"follow","max-snippet":"max-snippet:-1","max-image-preview":"max-image-preview:large","max-video-preview":"max-video-preview:-1"},"canonical":"http:\/\/vientosur.top\/museo\/libro-relacion-margot-loyola-rapa-nui-se-presentara-museo-violeta-parra\/","og_locale":"es_ES","og_type":"article","og_title":"Libro \"Marcoyora. Rapa Nui o el para\u00edso interior de Margot Loyola\" se present\u00f3 en el Museo Violeta Parra - Museo Violeta Parra","og_description":"\u201cMarcoyora. Rapa Nui o el para\u00edso interior de Margot Loyola\u201d, escrito por Sonia Montecino y Rolf Foerster, se lanz\u00f3 el mi\u00e9rcoles 12 de diciembre al mediod\u00eda en la Sala Antar del museo. El 2018 se celebran los 100 a\u00f1os del natalicio de la folklorista e investigadora Margot Loyola Palacios, cuyo legado sigue siendo fuente de [&hellip;]","og_url":"http:\/\/vientosur.top\/museo\/libro-relacion-margot-loyola-rapa-nui-se-presentara-museo-violeta-parra\/","og_site_name":"Museo Violeta Parra","article_published_time":"2018-12-11T20:59:35+00:00","og_image":[{"width":2560,"height":1702,"url":"http:\/\/vientosur.top\/museo\/wp-content\/uploads\/2018\/12\/DSC_0336-scaled.jpg","type":"image\/jpeg"}],"author":"admin","twitter_card":"summary_large_image","twitter_misc":{"Escrito por":"admin","Tiempo de lectura":"2 minutos"},"schema":{"@context":"https:\/\/schema.org","@graph":[{"@type":"WebPage","@id":"http:\/\/vientosur.top\/museo\/libro-relacion-margot-loyola-rapa-nui-se-presentara-museo-violeta-parra\/","url":"http:\/\/vientosur.top\/museo\/libro-relacion-margot-loyola-rapa-nui-se-presentara-museo-violeta-parra\/","name":"Libro \"Marcoyora. Rapa Nui o el para\u00edso interior de Margot Loyola\" se present\u00f3 en el Museo Violeta Parra - Museo Violeta Parra","isPartOf":{"@id":"http:\/\/vientosur.top\/museo\/#website"},"primaryImageOfPage":{"@id":"http:\/\/vientosur.top\/museo\/libro-relacion-margot-loyola-rapa-nui-se-presentara-museo-violeta-parra\/#primaryimage"},"image":{"@id":"http:\/\/vientosur.top\/museo\/libro-relacion-margot-loyola-rapa-nui-se-presentara-museo-violeta-parra\/#primaryimage"},"thumbnailUrl":"http:\/\/vientosur.top\/museo\/wp-content\/uploads\/2018\/12\/DSC_0336-scaled.jpg","datePublished":"2018-12-11T20:59:35+00:00","author":{"@id":"http:\/\/vientosur.top\/museo\/#\/schema\/person\/20c79d3c38800971feec8c2693c3dd9c"},"breadcrumb":{"@id":"http:\/\/vientosur.top\/museo\/libro-relacion-margot-loyola-rapa-nui-se-presentara-museo-violeta-parra\/#breadcrumb"},"inLanguage":"es","potentialAction":[{"@type":"ReadAction","target":["http:\/\/vientosur.top\/museo\/libro-relacion-margot-loyola-rapa-nui-se-presentara-museo-violeta-parra\/"]}]},{"@type":"ImageObject","inLanguage":"es","@id":"http:\/\/vientosur.top\/museo\/libro-relacion-margot-loyola-rapa-nui-se-presentara-museo-violeta-parra\/#primaryimage","url":"http:\/\/vientosur.top\/museo\/wp-content\/uploads\/2018\/12\/DSC_0336-scaled.jpg","contentUrl":"http:\/\/vientosur.top\/museo\/wp-content\/uploads\/2018\/12\/DSC_0336-scaled.jpg","width":2560,"height":1702},{"@type":"BreadcrumbList","@id":"http:\/\/vientosur.top\/museo\/libro-relacion-margot-loyola-rapa-nui-se-presentara-museo-violeta-parra\/#breadcrumb","itemListElement":[{"@type":"ListItem","position":1,"name":"Portada","item":"http:\/\/vientosur.top\/museo\/"},{"@type":"ListItem","position":2,"name":"Libro \u00abMarcoyora. Rapa Nui o el para\u00edso interior de Margot Loyola\u00bb se present\u00f3 en el Museo Violeta Parra"}]},{"@type":"WebSite","@id":"http:\/\/vientosur.top\/museo\/#website","url":"http:\/\/vientosur.top\/museo\/","name":"Museo Violeta Parra","description":"Espacio que alberga tanto la memoria y legado creativo de la artista","potentialAction":[{"@type":"SearchAction","target":{"@type":"EntryPoint","urlTemplate":"http:\/\/vientosur.top\/museo\/?s={search_term_string}"},"query-input":{"@type":"PropertyValueSpecification","valueRequired":true,"valueName":"search_term_string"}}],"inLanguage":"es"},{"@type":"Person","@id":"http:\/\/vientosur.top\/museo\/#\/schema\/person\/20c79d3c38800971feec8c2693c3dd9c","name":"admin","image":{"@type":"ImageObject","inLanguage":"es","@id":"http:\/\/vientosur.top\/museo\/#\/schema\/person\/image\/","url":"https:\/\/secure.gravatar.com\/avatar\/713677ece3ffa642287213a80e5b773bce9ab81c269dd6d95102a990951c922f?s=96&d=mm&r=g","contentUrl":"https:\/\/secure.gravatar.com\/avatar\/713677ece3ffa642287213a80e5b773bce9ab81c269dd6d95102a990951c922f?s=96&d=mm&r=g","caption":"admin"},"sameAs":["http:\/\/vientosur.top\/museo"],"url":"http:\/\/vientosur.top\/museo\/author\/comunicacionesmvp\/"}]}},"_links":{"self":[{"href":"http:\/\/vientosur.top\/museo\/wp-json\/wp\/v2\/posts\/17460","targetHints":{"allow":["GET"]}}],"collection":[{"href":"http:\/\/vientosur.top\/museo\/wp-json\/wp\/v2\/posts"}],"about":[{"href":"http:\/\/vientosur.top\/museo\/wp-json\/wp\/v2\/types\/post"}],"author":[{"embeddable":true,"href":"http:\/\/vientosur.top\/museo\/wp-json\/wp\/v2\/users\/5"}],"replies":[{"embeddable":true,"href":"http:\/\/vientosur.top\/museo\/wp-json\/wp\/v2\/comments?post=17460"}],"version-history":[{"count":0,"href":"http:\/\/vientosur.top\/museo\/wp-json\/wp\/v2\/posts\/17460\/revisions"}],"wp:featuredmedia":[{"embeddable":true,"href":"http:\/\/vientosur.top\/museo\/wp-json\/wp\/v2\/media\/17481"}],"wp:attachment":[{"href":"http:\/\/vientosur.top\/museo\/wp-json\/wp\/v2\/media?parent=17460"}],"wp:term":[{"taxonomy":"category","embeddable":true,"href":"http:\/\/vientosur.top\/museo\/wp-json\/wp\/v2\/categories?post=17460"},{"taxonomy":"post_tag","embeddable":true,"href":"http:\/\/vientosur.top\/museo\/wp-json\/wp\/v2\/tags?post=17460"}],"curies":[{"name":"wp","href":"https:\/\/api.w.org\/{rel}","templated":true}]}}