{"id":17484,"date":"2018-12-13T10:01:26","date_gmt":"2018-12-13T15:01:26","guid":{"rendered":"http:\/\/vientosur.top\/museo\/?p=17484"},"modified":"2018-12-13T10:01:26","modified_gmt":"2018-12-13T15:01:26","slug":"gracias-todos-recital-gratuito-isabel-parra-tita-parra-despediran-2018","status":"publish","type":"post","link":"http:\/\/vientosur.top\/museo\/gracias-todos-recital-gratuito-isabel-parra-tita-parra-despediran-2018\/","title":{"rendered":"Isabel Parra y Tita Parra despidieron el a\u00f1o con recital \u201c\u00a1Gracias a todos!\u201d"},"content":{"rendered":"<p><em>Las artistas se presentaron el s\u00e1bado 15 de diciembre en una jornada de agradecimiento por el apoyo que la ciudadan\u00eda le brind\u00f3 al museo.<\/em><\/p>\n<p>En sus tres a\u00f1os de funcionamiento, el Museo Violeta Parra ha convocado a m\u00e1s de 260.000 mil visitantes. Personas de todas las edades y de diferentes lugares del mundo llegan al recinto de Vicu\u00f1a Mackenna a conocer sobre la vida y obra de la creadora.<\/p>\n<p>Isabel Parra y Tita Parra, hija y nieta de la multifac\u00e9tica artista, agradecieron el apoyo que trabajadores del mundo de la cultura, congresistas y p\u00fablico general brindaron al museo durante este a\u00f1o.<\/p>\n<p>El recital cont\u00f3 con la asistencia de Cecilia Garc\u00eda-Huidobro, Directora del Museo Violeta Parra y de los diputados Marcelo D\u00edaz y Amaro Labra.<\/p>\n<p><strong>Sobre las artistas<\/strong><\/p>\n<p>Isabel Parra\u00a0es autora, compositora e int\u00e9rprete. La presencia de su madre, con quien trabaj\u00f3 desde ni\u00f1a, fue determinante en los inicios de su obra musical. Ha compuesto m\u00e1s de cien textos y melod\u00edas registradas en discos. Su originalidad e intenci\u00f3n la sit\u00faan en un lugar privilegiado en el canto chileno y latinoamericano. Vivi\u00f3 exiliada en Francia y en Par\u00eds fue condecorada con la Orden de las Artes y las Letras.<\/p>\n<p>Ha recibido premios, distinciones y reconocimientos en Chile y en el extranjero y ha difundido la obra de su madre de manera permanente. Desde 1992 es Presidenta de la Fundaci\u00f3n Violeta Parra.<\/p>\n<p>Tita Parra\u00a0es autora, compositora e int\u00e9rprete de m\u00fasica popular chilena; es precursora de una propuesta musical que fusiona ra\u00edces latinas y lenguajes del jazz rock, pop, electr\u00f3nica y folklore.<\/p>\n<p>En su discograf\u00eda, tambi\u00e9n destacan las tem\u00e1ticas que abordan en sus letras, como identidad femenina, medio ambiente y meditaci\u00f3n.<\/p>\n<p>Recientemente, la artista obtuvo el Premio Cubadisco 2018, de la prestigiosa Feria Internacional, por su trabajo discogr\u00e1fico \u201cYo soy la feliz Violeta\u201d.<\/p>\n","protected":false},"excerpt":{"rendered":"<p>Las artistas se presentaron el s\u00e1bado 15 de diciembre en una jornada de agradecimiento por el apoyo que la ciudadan\u00eda le brind\u00f3 al museo. En sus tres a\u00f1os de funcionamiento, el Museo Violeta Parra ha convocado a m\u00e1s de 260.000 mil visitantes. Personas de todas las edades y de diferentes lugares del mundo llegan al [&hellip;]<\/p>\n","protected":false},"author":5,"featured_media":17531,"comment_status":"open","ping_status":"open","sticky":false,"template":"","format":"standard","meta":{"site-sidebar-layout":"default","site-content-layout":"","ast-site-content-layout":"default","site-content-style":"default","site-sidebar-style":"default","ast-global-header-display":"","ast-banner-title-visibility":"","ast-main-header-display":"","ast-hfb-above-header-display":"","ast-hfb-below-header-display":"","ast-hfb-mobile-header-display":"","site-post-title":"","ast-breadcrumbs-content":"","ast-featured-img":"","footer-sml-layout":"","theme-transparent-header-meta":"","adv-header-id-meta":"","stick-header-meta":"","header-above-stick-meta":"","header-main-stick-meta":"","header-below-stick-meta":"","astra-migrate-meta-layouts":"default","ast-page-background-enabled":"default","ast-page-background-meta":{"desktop":{"background-color":"var(--ast-global-color-4)","background-image":"","background-repeat":"repeat","background-position":"center center","background-size":"auto","background-attachment":"scroll","background-type":"","background-media":"","overlay-type":"","overlay-color":"","overlay-opacity":"","overlay-gradient":""},"tablet":{"background-color":"","background-image":"","background-repeat":"repeat","background-position":"center center","background-size":"auto","background-attachment":"scroll","background-type":"","background-media":"","overlay-type":"","overlay-color":"","overlay-opacity":"","overlay-gradient":""},"mobile":{"background-color":"","background-image":"","background-repeat":"repeat","background-position":"center center","background-size":"auto","background-attachment":"scroll","background-type":"","background-media":"","overlay-type":"","overlay-color":"","overlay-opacity":"","overlay-gradient":""}},"ast-content-background-meta":{"desktop":{"background-color":"var(--ast-global-color-5)","background-image":"","background-repeat":"repeat","background-position":"center center","background-size":"auto","background-attachment":"scroll","background-type":"","background-media":"","overlay-type":"","overlay-color":"","overlay-opacity":"","overlay-gradient":""},"tablet":{"background-color":"var(--ast-global-color-5)","background-image":"","background-repeat":"repeat","background-position":"center center","background-size":"auto","background-attachment":"scroll","background-type":"","background-media":"","overlay-type":"","overlay-color":"","overlay-opacity":"","overlay-gradient":""},"mobile":{"background-color":"var(--ast-global-color-5)","background-image":"","background-repeat":"repeat","background-position":"center center","background-size":"auto","background-attachment":"scroll","background-type":"","background-media":"","overlay-type":"","overlay-color":"","overlay-opacity":"","overlay-gradient":""}},"footnotes":""},"categories":[59,8,61],"tags":[],"class_list":["post-17484","post","type-post","status-publish","format-standard","has-post-thumbnail","hentry","category-destacado-noticia","category-noticias","category-novedades"],"yoast_head":"<!-- This site is optimized with the Yoast SEO plugin v25.4 - https:\/\/yoast.com\/wordpress\/plugins\/seo\/ -->\n<title>Isabel Parra y Tita Parra despidieron el a\u00f1o con recital \u201c\u00a1Gracias a todos!\u201d - Museo Violeta Parra<\/title>\n<meta name=\"robots\" content=\"index, follow, max-snippet:-1, max-image-preview:large, max-video-preview:-1\" \/>\n<link rel=\"canonical\" href=\"http:\/\/vientosur.top\/museo\/gracias-todos-recital-gratuito-isabel-parra-tita-parra-despediran-2018\/\" \/>\n<meta property=\"og:locale\" content=\"es_ES\" \/>\n<meta property=\"og:type\" content=\"article\" \/>\n<meta property=\"og:title\" content=\"Isabel Parra y Tita Parra despidieron el a\u00f1o con recital \u201c\u00a1Gracias a todos!\u201d - Museo Violeta Parra\" \/>\n<meta property=\"og:description\" content=\"Las artistas se presentaron el s\u00e1bado 15 de diciembre en una jornada de agradecimiento por el apoyo que la ciudadan\u00eda le brind\u00f3 al museo. En sus tres a\u00f1os de funcionamiento, el Museo Violeta Parra ha convocado a m\u00e1s de 260.000 mil visitantes. Personas de todas las edades y de diferentes lugares del mundo llegan al [&hellip;]\" \/>\n<meta property=\"og:url\" content=\"http:\/\/vientosur.top\/museo\/gracias-todos-recital-gratuito-isabel-parra-tita-parra-despediran-2018\/\" \/>\n<meta property=\"og:site_name\" content=\"Museo Violeta Parra\" \/>\n<meta property=\"article:published_time\" content=\"2018-12-13T15:01:26+00:00\" \/>\n<meta property=\"og:image\" content=\"http:\/\/vientosur.top\/museo\/wp-content\/uploads\/2018\/12\/tita-e-isabel.jpg\" \/>\n\t<meta property=\"og:image:width\" content=\"1077\" \/>\n\t<meta property=\"og:image:height\" content=\"560\" \/>\n\t<meta property=\"og:image:type\" content=\"image\/jpeg\" \/>\n<meta name=\"author\" content=\"admin\" \/>\n<meta name=\"twitter:card\" content=\"summary_large_image\" \/>\n<meta name=\"twitter:label1\" content=\"Escrito por\" \/>\n\t<meta name=\"twitter:data1\" content=\"admin\" \/>\n\t<meta name=\"twitter:label2\" content=\"Tiempo de lectura\" \/>\n\t<meta name=\"twitter:data2\" content=\"2 minutos\" \/>\n<script type=\"application\/ld+json\" class=\"yoast-schema-graph\">{\"@context\":\"https:\/\/schema.org\",\"@graph\":[{\"@type\":\"WebPage\",\"@id\":\"http:\/\/vientosur.top\/museo\/gracias-todos-recital-gratuito-isabel-parra-tita-parra-despediran-2018\/\",\"url\":\"http:\/\/vientosur.top\/museo\/gracias-todos-recital-gratuito-isabel-parra-tita-parra-despediran-2018\/\",\"name\":\"Isabel Parra y Tita Parra despidieron el a\u00f1o con recital \u201c\u00a1Gracias a todos!\u201d - Museo Violeta Parra\",\"isPartOf\":{\"@id\":\"http:\/\/vientosur.top\/museo\/#website\"},\"primaryImageOfPage\":{\"@id\":\"http:\/\/vientosur.top\/museo\/gracias-todos-recital-gratuito-isabel-parra-tita-parra-despediran-2018\/#primaryimage\"},\"image\":{\"@id\":\"http:\/\/vientosur.top\/museo\/gracias-todos-recital-gratuito-isabel-parra-tita-parra-despediran-2018\/#primaryimage\"},\"thumbnailUrl\":\"http:\/\/vientosur.top\/museo\/wp-content\/uploads\/2018\/12\/tita-e-isabel.jpg\",\"datePublished\":\"2018-12-13T15:01:26+00:00\",\"author\":{\"@id\":\"http:\/\/vientosur.top\/museo\/#\/schema\/person\/20c79d3c38800971feec8c2693c3dd9c\"},\"breadcrumb\":{\"@id\":\"http:\/\/vientosur.top\/museo\/gracias-todos-recital-gratuito-isabel-parra-tita-parra-despediran-2018\/#breadcrumb\"},\"inLanguage\":\"es\",\"potentialAction\":[{\"@type\":\"ReadAction\",\"target\":[\"http:\/\/vientosur.top\/museo\/gracias-todos-recital-gratuito-isabel-parra-tita-parra-despediran-2018\/\"]}]},{\"@type\":\"ImageObject\",\"inLanguage\":\"es\",\"@id\":\"http:\/\/vientosur.top\/museo\/gracias-todos-recital-gratuito-isabel-parra-tita-parra-despediran-2018\/#primaryimage\",\"url\":\"http:\/\/vientosur.top\/museo\/wp-content\/uploads\/2018\/12\/tita-e-isabel.jpg\",\"contentUrl\":\"http:\/\/vientosur.top\/museo\/wp-content\/uploads\/2018\/12\/tita-e-isabel.jpg\",\"width\":1077,\"height\":560},{\"@type\":\"BreadcrumbList\",\"@id\":\"http:\/\/vientosur.top\/museo\/gracias-todos-recital-gratuito-isabel-parra-tita-parra-despediran-2018\/#breadcrumb\",\"itemListElement\":[{\"@type\":\"ListItem\",\"position\":1,\"name\":\"Portada\",\"item\":\"http:\/\/vientosur.top\/museo\/\"},{\"@type\":\"ListItem\",\"position\":2,\"name\":\"Isabel Parra y Tita Parra despidieron el a\u00f1o con recital \u201c\u00a1Gracias a todos!\u201d\"}]},{\"@type\":\"WebSite\",\"@id\":\"http:\/\/vientosur.top\/museo\/#website\",\"url\":\"http:\/\/vientosur.top\/museo\/\",\"name\":\"Museo Violeta Parra\",\"description\":\"Espacio que alberga tanto la memoria y legado creativo de la artista\",\"potentialAction\":[{\"@type\":\"SearchAction\",\"target\":{\"@type\":\"EntryPoint\",\"urlTemplate\":\"http:\/\/vientosur.top\/museo\/?s={search_term_string}\"},\"query-input\":{\"@type\":\"PropertyValueSpecification\",\"valueRequired\":true,\"valueName\":\"search_term_string\"}}],\"inLanguage\":\"es\"},{\"@type\":\"Person\",\"@id\":\"http:\/\/vientosur.top\/museo\/#\/schema\/person\/20c79d3c38800971feec8c2693c3dd9c\",\"name\":\"admin\",\"image\":{\"@type\":\"ImageObject\",\"inLanguage\":\"es\",\"@id\":\"http:\/\/vientosur.top\/museo\/#\/schema\/person\/image\/\",\"url\":\"https:\/\/secure.gravatar.com\/avatar\/713677ece3ffa642287213a80e5b773bce9ab81c269dd6d95102a990951c922f?s=96&d=mm&r=g\",\"contentUrl\":\"https:\/\/secure.gravatar.com\/avatar\/713677ece3ffa642287213a80e5b773bce9ab81c269dd6d95102a990951c922f?s=96&d=mm&r=g\",\"caption\":\"admin\"},\"sameAs\":[\"http:\/\/vientosur.top\/museo\"],\"url\":\"http:\/\/vientosur.top\/museo\/author\/comunicacionesmvp\/\"}]}<\/script>\n<!-- \/ Yoast SEO plugin. -->","yoast_head_json":{"title":"Isabel Parra y Tita Parra despidieron el a\u00f1o con recital \u201c\u00a1Gracias a todos!\u201d - Museo Violeta Parra","robots":{"index":"index","follow":"follow","max-snippet":"max-snippet:-1","max-image-preview":"max-image-preview:large","max-video-preview":"max-video-preview:-1"},"canonical":"http:\/\/vientosur.top\/museo\/gracias-todos-recital-gratuito-isabel-parra-tita-parra-despediran-2018\/","og_locale":"es_ES","og_type":"article","og_title":"Isabel Parra y Tita Parra despidieron el a\u00f1o con recital \u201c\u00a1Gracias a todos!\u201d - Museo Violeta Parra","og_description":"Las artistas se presentaron el s\u00e1bado 15 de diciembre en una jornada de agradecimiento por el apoyo que la ciudadan\u00eda le brind\u00f3 al museo. En sus tres a\u00f1os de funcionamiento, el Museo Violeta Parra ha convocado a m\u00e1s de 260.000 mil visitantes. Personas de todas las edades y de diferentes lugares del mundo llegan al [&hellip;]","og_url":"http:\/\/vientosur.top\/museo\/gracias-todos-recital-gratuito-isabel-parra-tita-parra-despediran-2018\/","og_site_name":"Museo Violeta Parra","article_published_time":"2018-12-13T15:01:26+00:00","og_image":[{"width":1077,"height":560,"url":"http:\/\/vientosur.top\/museo\/wp-content\/uploads\/2018\/12\/tita-e-isabel.jpg","type":"image\/jpeg"}],"author":"admin","twitter_card":"summary_large_image","twitter_misc":{"Escrito por":"admin","Tiempo de lectura":"2 minutos"},"schema":{"@context":"https:\/\/schema.org","@graph":[{"@type":"WebPage","@id":"http:\/\/vientosur.top\/museo\/gracias-todos-recital-gratuito-isabel-parra-tita-parra-despediran-2018\/","url":"http:\/\/vientosur.top\/museo\/gracias-todos-recital-gratuito-isabel-parra-tita-parra-despediran-2018\/","name":"Isabel Parra y Tita Parra despidieron el a\u00f1o con recital \u201c\u00a1Gracias a todos!\u201d - Museo Violeta Parra","isPartOf":{"@id":"http:\/\/vientosur.top\/museo\/#website"},"primaryImageOfPage":{"@id":"http:\/\/vientosur.top\/museo\/gracias-todos-recital-gratuito-isabel-parra-tita-parra-despediran-2018\/#primaryimage"},"image":{"@id":"http:\/\/vientosur.top\/museo\/gracias-todos-recital-gratuito-isabel-parra-tita-parra-despediran-2018\/#primaryimage"},"thumbnailUrl":"http:\/\/vientosur.top\/museo\/wp-content\/uploads\/2018\/12\/tita-e-isabel.jpg","datePublished":"2018-12-13T15:01:26+00:00","author":{"@id":"http:\/\/vientosur.top\/museo\/#\/schema\/person\/20c79d3c38800971feec8c2693c3dd9c"},"breadcrumb":{"@id":"http:\/\/vientosur.top\/museo\/gracias-todos-recital-gratuito-isabel-parra-tita-parra-despediran-2018\/#breadcrumb"},"inLanguage":"es","potentialAction":[{"@type":"ReadAction","target":["http:\/\/vientosur.top\/museo\/gracias-todos-recital-gratuito-isabel-parra-tita-parra-despediran-2018\/"]}]},{"@type":"ImageObject","inLanguage":"es","@id":"http:\/\/vientosur.top\/museo\/gracias-todos-recital-gratuito-isabel-parra-tita-parra-despediran-2018\/#primaryimage","url":"http:\/\/vientosur.top\/museo\/wp-content\/uploads\/2018\/12\/tita-e-isabel.jpg","contentUrl":"http:\/\/vientosur.top\/museo\/wp-content\/uploads\/2018\/12\/tita-e-isabel.jpg","width":1077,"height":560},{"@type":"BreadcrumbList","@id":"http:\/\/vientosur.top\/museo\/gracias-todos-recital-gratuito-isabel-parra-tita-parra-despediran-2018\/#breadcrumb","itemListElement":[{"@type":"ListItem","position":1,"name":"Portada","item":"http:\/\/vientosur.top\/museo\/"},{"@type":"ListItem","position":2,"name":"Isabel Parra y Tita Parra despidieron el a\u00f1o con recital \u201c\u00a1Gracias a todos!\u201d"}]},{"@type":"WebSite","@id":"http:\/\/vientosur.top\/museo\/#website","url":"http:\/\/vientosur.top\/museo\/","name":"Museo Violeta Parra","description":"Espacio que alberga tanto la memoria y legado creativo de la artista","potentialAction":[{"@type":"SearchAction","target":{"@type":"EntryPoint","urlTemplate":"http:\/\/vientosur.top\/museo\/?s={search_term_string}"},"query-input":{"@type":"PropertyValueSpecification","valueRequired":true,"valueName":"search_term_string"}}],"inLanguage":"es"},{"@type":"Person","@id":"http:\/\/vientosur.top\/museo\/#\/schema\/person\/20c79d3c38800971feec8c2693c3dd9c","name":"admin","image":{"@type":"ImageObject","inLanguage":"es","@id":"http:\/\/vientosur.top\/museo\/#\/schema\/person\/image\/","url":"https:\/\/secure.gravatar.com\/avatar\/713677ece3ffa642287213a80e5b773bce9ab81c269dd6d95102a990951c922f?s=96&d=mm&r=g","contentUrl":"https:\/\/secure.gravatar.com\/avatar\/713677ece3ffa642287213a80e5b773bce9ab81c269dd6d95102a990951c922f?s=96&d=mm&r=g","caption":"admin"},"sameAs":["http:\/\/vientosur.top\/museo"],"url":"http:\/\/vientosur.top\/museo\/author\/comunicacionesmvp\/"}]}},"_links":{"self":[{"href":"http:\/\/vientosur.top\/museo\/wp-json\/wp\/v2\/posts\/17484","targetHints":{"allow":["GET"]}}],"collection":[{"href":"http:\/\/vientosur.top\/museo\/wp-json\/wp\/v2\/posts"}],"about":[{"href":"http:\/\/vientosur.top\/museo\/wp-json\/wp\/v2\/types\/post"}],"author":[{"embeddable":true,"href":"http:\/\/vientosur.top\/museo\/wp-json\/wp\/v2\/users\/5"}],"replies":[{"embeddable":true,"href":"http:\/\/vientosur.top\/museo\/wp-json\/wp\/v2\/comments?post=17484"}],"version-history":[{"count":0,"href":"http:\/\/vientosur.top\/museo\/wp-json\/wp\/v2\/posts\/17484\/revisions"}],"wp:featuredmedia":[{"embeddable":true,"href":"http:\/\/vientosur.top\/museo\/wp-json\/wp\/v2\/media\/17531"}],"wp:attachment":[{"href":"http:\/\/vientosur.top\/museo\/wp-json\/wp\/v2\/media?parent=17484"}],"wp:term":[{"taxonomy":"category","embeddable":true,"href":"http:\/\/vientosur.top\/museo\/wp-json\/wp\/v2\/categories?post=17484"},{"taxonomy":"post_tag","embeddable":true,"href":"http:\/\/vientosur.top\/museo\/wp-json\/wp\/v2\/tags?post=17484"}],"curies":[{"name":"wp","href":"https:\/\/api.w.org\/{rel}","templated":true}]}}