{"id":17520,"date":"2018-12-22T08:43:44","date_gmt":"2018-12-22T13:43:44","guid":{"rendered":"http:\/\/vientosur.top\/museo\/?p=17520"},"modified":"2018-12-22T08:43:44","modified_gmt":"2018-12-22T13:43:44","slug":"reserva-gratis-entrada-recital-musica-chilena-navidad-la-coral-femenina-vina-del-mar","status":"publish","type":"post","link":"http:\/\/vientosur.top\/museo\/reserva-gratis-entrada-recital-musica-chilena-navidad-la-coral-femenina-vina-del-mar\/","title":{"rendered":"Coral Femenina Vi\u00f1a del Mar present\u00f3 el recital \u00abM\u00fasica Chilena y Navidad\u00bb"},"content":{"rendered":"<p>La Coral Femenina Vi\u00f1a del Mar es una agrupaci\u00f3n vocal especializada en m\u00fasica contempor\u00e1nea, particularmente en obras del siglo XIX en adelante y m\u00fasica chilena. Est\u00e1 integrada por 16 cantantes, todas ellas vinculadas a la m\u00fasica como int\u00e9rpretes, licenciadas en m\u00fasica, profesoras y acad\u00e9micas universitarias. Es dirigida por la cantante profesional y acad\u00e9mica Jessica Quezada.<\/p>\n<p><strong><u>M\u00fasica Chilena para coro femenino<\/u><\/strong><\/p>\n<p><strong>Alfonso Letelier<br \/>\n<\/strong><em>Hallazgo<\/em> (Gabriela Mistral)<\/p>\n<p><strong>Sylvia Soublette<br \/>\n<\/strong><em>Lluvia<\/em> (Juana de Irarbourou)<br \/>\nSolista Andrea Mu\u00f1oz<\/p>\n<p><strong>Gustavo Becerra<br \/>\n<\/strong><em>En las orillas de un sue\u00f1o<\/em>\u00a0 (Elicura Chuhualaf)<\/p>\n<p><strong>Priscila Vergara<br \/>\n<\/strong><em>Tres Canciones\u00a0\u00a0\u00a0<\/em><br \/>\n<em>Silencio<\/em> (Octavio Paz)<br \/>\nSolista Carolina Matus<\/p>\n<p><em>Nocturno<\/em> (Octavio Paz)<br \/>\n<em>La ca\u00edda<\/em> (Octavio Paz)<\/p>\n<p><strong>Luis Advis<\/strong>\u00a0 (Arreglo F. Ortiz)<br \/>\n<em>El amor<\/em> (Violeta Parra)<\/p>\n<p><strong>Violeta Parra<\/strong> (Arreglo W. Child)<br \/>\n<em>La Jardinera<\/em><br \/>\n<em>Arriba quemando el sol<\/em> (Arreglo Winston Moya)<\/p>\n<p><strong>V\u00edctor Jara<\/strong> (Arreglo W. Child)<br \/>\n<em>El aparecido<\/em><\/p>\n<p><strong>Natalie Racabarren<br \/>\n<\/strong><em>W\u00fcnelfe \u00fcl<\/em>\u00a0 (Virginia Tripan)<br \/>\nLlamek\u00e1n para voz y trompes<br \/>\n<em>Kalf\u00fc<\/em><br \/>\n<u><\/u><\/p>\n<p><strong><u>Villancicos de Navidad<br \/>\n<\/u><\/strong><strong>Gast\u00f3n Soublette <\/strong>(Chile)<br \/>\n<em>Pas\u00f3 luego una familia<\/em><\/p>\n<p><strong>Alfonso Letelier <\/strong>(Chile)<br \/>\n<em>En los brazos de la Luna<\/em><\/p>\n<p><strong>Carlos Barraquero<br \/>\n<\/strong><em>Adoraci\u00f3n<\/em> (Tradicional Argentina)<\/p>\n<p><strong>Luis Antonio Escobar<br \/>\n<\/strong><em>Velo que bonito<\/em> (Tradicional Colombia)<\/p>\n<p><strong>Manuel Oltra<br \/>\n<\/strong><em>El Tamborilero<\/em>\u00a0 (Tradicional Espa\u00f1a)<\/p>\n<p><strong>Mikola Leontovich\u00a0 <\/strong>(Ucrania)<br \/>\n<em>Villancico de las campanas<\/em><\/p>\n<p><strong>Franz Gruber\u00a0 <\/strong>(Austria)<br \/>\n<em>Noche de Paz<\/em><\/p>\n<p>Directora: Jessica Quezada<\/p>\n<p><strong><br \/>\n<iframe style=\"border: none; overflow: hidden;\" src=\"https:\/\/www.facebook.com\/plugins\/video.php?href=https%3A%2F%2Fwww.facebook.com%2FMuseoVioletaParra%2Fvideos%2F313221892509284%2F&amp;show_text=0&amp;width=560\" width=\"560\" height=\"315\" frameborder=\"0\" scrolling=\"no\" allowfullscreen=\"allowfullscreen\"><\/iframe><\/strong><\/p>\n","protected":false},"excerpt":{"rendered":"<p>La Coral Femenina Vi\u00f1a del Mar es una agrupaci\u00f3n vocal especializada en m\u00fasica contempor\u00e1nea, particularmente en obras del siglo XIX en adelante y m\u00fasica chilena. Est\u00e1 integrada por 16 cantantes, todas ellas vinculadas a la m\u00fasica como int\u00e9rpretes, licenciadas en m\u00fasica, profesoras y acad\u00e9micas universitarias. Es dirigida por la cantante profesional y acad\u00e9mica Jessica Quezada. [&hellip;]<\/p>\n","protected":false},"author":5,"featured_media":17666,"comment_status":"open","ping_status":"open","sticky":false,"template":"","format":"standard","meta":{"site-sidebar-layout":"default","site-content-layout":"","ast-site-content-layout":"default","site-content-style":"default","site-sidebar-style":"default","ast-global-header-display":"","ast-banner-title-visibility":"","ast-main-header-display":"","ast-hfb-above-header-display":"","ast-hfb-below-header-display":"","ast-hfb-mobile-header-display":"","site-post-title":"","ast-breadcrumbs-content":"","ast-featured-img":"","footer-sml-layout":"","theme-transparent-header-meta":"","adv-header-id-meta":"","stick-header-meta":"","header-above-stick-meta":"","header-main-stick-meta":"","header-below-stick-meta":"","astra-migrate-meta-layouts":"default","ast-page-background-enabled":"default","ast-page-background-meta":{"desktop":{"background-color":"var(--ast-global-color-4)","background-image":"","background-repeat":"repeat","background-position":"center center","background-size":"auto","background-attachment":"scroll","background-type":"","background-media":"","overlay-type":"","overlay-color":"","overlay-opacity":"","overlay-gradient":""},"tablet":{"background-color":"","background-image":"","background-repeat":"repeat","background-position":"center center","background-size":"auto","background-attachment":"scroll","background-type":"","background-media":"","overlay-type":"","overlay-color":"","overlay-opacity":"","overlay-gradient":""},"mobile":{"background-color":"","background-image":"","background-repeat":"repeat","background-position":"center center","background-size":"auto","background-attachment":"scroll","background-type":"","background-media":"","overlay-type":"","overlay-color":"","overlay-opacity":"","overlay-gradient":""}},"ast-content-background-meta":{"desktop":{"background-color":"var(--ast-global-color-5)","background-image":"","background-repeat":"repeat","background-position":"center center","background-size":"auto","background-attachment":"scroll","background-type":"","background-media":"","overlay-type":"","overlay-color":"","overlay-opacity":"","overlay-gradient":""},"tablet":{"background-color":"var(--ast-global-color-5)","background-image":"","background-repeat":"repeat","background-position":"center center","background-size":"auto","background-attachment":"scroll","background-type":"","background-media":"","overlay-type":"","overlay-color":"","overlay-opacity":"","overlay-gradient":""},"mobile":{"background-color":"var(--ast-global-color-5)","background-image":"","background-repeat":"repeat","background-position":"center center","background-size":"auto","background-attachment":"scroll","background-type":"","background-media":"","overlay-type":"","overlay-color":"","overlay-opacity":"","overlay-gradient":""}},"footnotes":""},"categories":[59,8,61],"tags":[],"class_list":["post-17520","post","type-post","status-publish","format-standard","has-post-thumbnail","hentry","category-destacado-noticia","category-noticias","category-novedades"],"yoast_head":"<!-- This site is optimized with the Yoast SEO plugin v25.4 - https:\/\/yoast.com\/wordpress\/plugins\/seo\/ -->\n<title>Coral Femenina Vi\u00f1a del Mar present\u00f3 el recital &quot;M\u00fasica Chilena y Navidad&quot; - Museo Violeta Parra<\/title>\n<meta name=\"robots\" content=\"index, follow, max-snippet:-1, max-image-preview:large, max-video-preview:-1\" \/>\n<link rel=\"canonical\" href=\"http:\/\/vientosur.top\/museo\/reserva-gratis-entrada-recital-musica-chilena-navidad-la-coral-femenina-vina-del-mar\/\" \/>\n<meta property=\"og:locale\" content=\"es_ES\" \/>\n<meta property=\"og:type\" content=\"article\" \/>\n<meta property=\"og:title\" content=\"Coral Femenina Vi\u00f1a del Mar present\u00f3 el recital &quot;M\u00fasica Chilena y Navidad&quot; - Museo Violeta Parra\" \/>\n<meta property=\"og:description\" content=\"La Coral Femenina Vi\u00f1a del Mar es una agrupaci\u00f3n vocal especializada en m\u00fasica contempor\u00e1nea, particularmente en obras del siglo XIX en adelante y m\u00fasica chilena. Est\u00e1 integrada por 16 cantantes, todas ellas vinculadas a la m\u00fasica como int\u00e9rpretes, licenciadas en m\u00fasica, profesoras y acad\u00e9micas universitarias. Es dirigida por la cantante profesional y acad\u00e9mica Jessica Quezada. [&hellip;]\" \/>\n<meta property=\"og:url\" content=\"http:\/\/vientosur.top\/museo\/reserva-gratis-entrada-recital-musica-chilena-navidad-la-coral-femenina-vina-del-mar\/\" \/>\n<meta property=\"og:site_name\" content=\"Museo Violeta Parra\" \/>\n<meta property=\"article:published_time\" content=\"2018-12-22T13:43:44+00:00\" \/>\n<meta property=\"og:image\" content=\"http:\/\/vientosur.top\/museo\/wp-content\/uploads\/2018\/12\/IMG_0040.jpg\" \/>\n\t<meta property=\"og:image:width\" content=\"1691\" \/>\n\t<meta property=\"og:image:height\" content=\"871\" \/>\n\t<meta property=\"og:image:type\" content=\"image\/jpeg\" \/>\n<meta name=\"author\" content=\"admin\" \/>\n<meta name=\"twitter:card\" content=\"summary_large_image\" \/>\n<meta name=\"twitter:label1\" content=\"Escrito por\" \/>\n\t<meta name=\"twitter:data1\" content=\"admin\" \/>\n\t<meta name=\"twitter:label2\" content=\"Tiempo de lectura\" \/>\n\t<meta name=\"twitter:data2\" content=\"1 minuto\" \/>\n<script type=\"application\/ld+json\" class=\"yoast-schema-graph\">{\"@context\":\"https:\/\/schema.org\",\"@graph\":[{\"@type\":\"WebPage\",\"@id\":\"http:\/\/vientosur.top\/museo\/reserva-gratis-entrada-recital-musica-chilena-navidad-la-coral-femenina-vina-del-mar\/\",\"url\":\"http:\/\/vientosur.top\/museo\/reserva-gratis-entrada-recital-musica-chilena-navidad-la-coral-femenina-vina-del-mar\/\",\"name\":\"Coral Femenina Vi\u00f1a del Mar present\u00f3 el recital \\\"M\u00fasica Chilena y Navidad\\\" - Museo Violeta Parra\",\"isPartOf\":{\"@id\":\"http:\/\/vientosur.top\/museo\/#website\"},\"primaryImageOfPage\":{\"@id\":\"http:\/\/vientosur.top\/museo\/reserva-gratis-entrada-recital-musica-chilena-navidad-la-coral-femenina-vina-del-mar\/#primaryimage\"},\"image\":{\"@id\":\"http:\/\/vientosur.top\/museo\/reserva-gratis-entrada-recital-musica-chilena-navidad-la-coral-femenina-vina-del-mar\/#primaryimage\"},\"thumbnailUrl\":\"http:\/\/vientosur.top\/museo\/wp-content\/uploads\/2018\/12\/IMG_0040.jpg\",\"datePublished\":\"2018-12-22T13:43:44+00:00\",\"author\":{\"@id\":\"http:\/\/vientosur.top\/museo\/#\/schema\/person\/20c79d3c38800971feec8c2693c3dd9c\"},\"breadcrumb\":{\"@id\":\"http:\/\/vientosur.top\/museo\/reserva-gratis-entrada-recital-musica-chilena-navidad-la-coral-femenina-vina-del-mar\/#breadcrumb\"},\"inLanguage\":\"es\",\"potentialAction\":[{\"@type\":\"ReadAction\",\"target\":[\"http:\/\/vientosur.top\/museo\/reserva-gratis-entrada-recital-musica-chilena-navidad-la-coral-femenina-vina-del-mar\/\"]}]},{\"@type\":\"ImageObject\",\"inLanguage\":\"es\",\"@id\":\"http:\/\/vientosur.top\/museo\/reserva-gratis-entrada-recital-musica-chilena-navidad-la-coral-femenina-vina-del-mar\/#primaryimage\",\"url\":\"http:\/\/vientosur.top\/museo\/wp-content\/uploads\/2018\/12\/IMG_0040.jpg\",\"contentUrl\":\"http:\/\/vientosur.top\/museo\/wp-content\/uploads\/2018\/12\/IMG_0040.jpg\",\"width\":1691,\"height\":871},{\"@type\":\"BreadcrumbList\",\"@id\":\"http:\/\/vientosur.top\/museo\/reserva-gratis-entrada-recital-musica-chilena-navidad-la-coral-femenina-vina-del-mar\/#breadcrumb\",\"itemListElement\":[{\"@type\":\"ListItem\",\"position\":1,\"name\":\"Portada\",\"item\":\"http:\/\/vientosur.top\/museo\/\"},{\"@type\":\"ListItem\",\"position\":2,\"name\":\"Coral Femenina Vi\u00f1a del Mar present\u00f3 el recital \u00abM\u00fasica Chilena y Navidad\u00bb\"}]},{\"@type\":\"WebSite\",\"@id\":\"http:\/\/vientosur.top\/museo\/#website\",\"url\":\"http:\/\/vientosur.top\/museo\/\",\"name\":\"Museo Violeta Parra\",\"description\":\"Espacio que alberga tanto la memoria y legado creativo de la artista\",\"potentialAction\":[{\"@type\":\"SearchAction\",\"target\":{\"@type\":\"EntryPoint\",\"urlTemplate\":\"http:\/\/vientosur.top\/museo\/?s={search_term_string}\"},\"query-input\":{\"@type\":\"PropertyValueSpecification\",\"valueRequired\":true,\"valueName\":\"search_term_string\"}}],\"inLanguage\":\"es\"},{\"@type\":\"Person\",\"@id\":\"http:\/\/vientosur.top\/museo\/#\/schema\/person\/20c79d3c38800971feec8c2693c3dd9c\",\"name\":\"admin\",\"image\":{\"@type\":\"ImageObject\",\"inLanguage\":\"es\",\"@id\":\"http:\/\/vientosur.top\/museo\/#\/schema\/person\/image\/\",\"url\":\"https:\/\/secure.gravatar.com\/avatar\/713677ece3ffa642287213a80e5b773bce9ab81c269dd6d95102a990951c922f?s=96&d=mm&r=g\",\"contentUrl\":\"https:\/\/secure.gravatar.com\/avatar\/713677ece3ffa642287213a80e5b773bce9ab81c269dd6d95102a990951c922f?s=96&d=mm&r=g\",\"caption\":\"admin\"},\"sameAs\":[\"http:\/\/vientosur.top\/museo\"],\"url\":\"http:\/\/vientosur.top\/museo\/author\/comunicacionesmvp\/\"}]}<\/script>\n<!-- \/ Yoast SEO plugin. -->","yoast_head_json":{"title":"Coral Femenina Vi\u00f1a del Mar present\u00f3 el recital \"M\u00fasica Chilena y Navidad\" - Museo Violeta Parra","robots":{"index":"index","follow":"follow","max-snippet":"max-snippet:-1","max-image-preview":"max-image-preview:large","max-video-preview":"max-video-preview:-1"},"canonical":"http:\/\/vientosur.top\/museo\/reserva-gratis-entrada-recital-musica-chilena-navidad-la-coral-femenina-vina-del-mar\/","og_locale":"es_ES","og_type":"article","og_title":"Coral Femenina Vi\u00f1a del Mar present\u00f3 el recital \"M\u00fasica Chilena y Navidad\" - Museo Violeta Parra","og_description":"La Coral Femenina Vi\u00f1a del Mar es una agrupaci\u00f3n vocal especializada en m\u00fasica contempor\u00e1nea, particularmente en obras del siglo XIX en adelante y m\u00fasica chilena. Est\u00e1 integrada por 16 cantantes, todas ellas vinculadas a la m\u00fasica como int\u00e9rpretes, licenciadas en m\u00fasica, profesoras y acad\u00e9micas universitarias. Es dirigida por la cantante profesional y acad\u00e9mica Jessica Quezada. [&hellip;]","og_url":"http:\/\/vientosur.top\/museo\/reserva-gratis-entrada-recital-musica-chilena-navidad-la-coral-femenina-vina-del-mar\/","og_site_name":"Museo Violeta Parra","article_published_time":"2018-12-22T13:43:44+00:00","og_image":[{"width":1691,"height":871,"url":"http:\/\/vientosur.top\/museo\/wp-content\/uploads\/2018\/12\/IMG_0040.jpg","type":"image\/jpeg"}],"author":"admin","twitter_card":"summary_large_image","twitter_misc":{"Escrito por":"admin","Tiempo de lectura":"1 minuto"},"schema":{"@context":"https:\/\/schema.org","@graph":[{"@type":"WebPage","@id":"http:\/\/vientosur.top\/museo\/reserva-gratis-entrada-recital-musica-chilena-navidad-la-coral-femenina-vina-del-mar\/","url":"http:\/\/vientosur.top\/museo\/reserva-gratis-entrada-recital-musica-chilena-navidad-la-coral-femenina-vina-del-mar\/","name":"Coral Femenina Vi\u00f1a del Mar present\u00f3 el recital \"M\u00fasica Chilena y Navidad\" - Museo Violeta Parra","isPartOf":{"@id":"http:\/\/vientosur.top\/museo\/#website"},"primaryImageOfPage":{"@id":"http:\/\/vientosur.top\/museo\/reserva-gratis-entrada-recital-musica-chilena-navidad-la-coral-femenina-vina-del-mar\/#primaryimage"},"image":{"@id":"http:\/\/vientosur.top\/museo\/reserva-gratis-entrada-recital-musica-chilena-navidad-la-coral-femenina-vina-del-mar\/#primaryimage"},"thumbnailUrl":"http:\/\/vientosur.top\/museo\/wp-content\/uploads\/2018\/12\/IMG_0040.jpg","datePublished":"2018-12-22T13:43:44+00:00","author":{"@id":"http:\/\/vientosur.top\/museo\/#\/schema\/person\/20c79d3c38800971feec8c2693c3dd9c"},"breadcrumb":{"@id":"http:\/\/vientosur.top\/museo\/reserva-gratis-entrada-recital-musica-chilena-navidad-la-coral-femenina-vina-del-mar\/#breadcrumb"},"inLanguage":"es","potentialAction":[{"@type":"ReadAction","target":["http:\/\/vientosur.top\/museo\/reserva-gratis-entrada-recital-musica-chilena-navidad-la-coral-femenina-vina-del-mar\/"]}]},{"@type":"ImageObject","inLanguage":"es","@id":"http:\/\/vientosur.top\/museo\/reserva-gratis-entrada-recital-musica-chilena-navidad-la-coral-femenina-vina-del-mar\/#primaryimage","url":"http:\/\/vientosur.top\/museo\/wp-content\/uploads\/2018\/12\/IMG_0040.jpg","contentUrl":"http:\/\/vientosur.top\/museo\/wp-content\/uploads\/2018\/12\/IMG_0040.jpg","width":1691,"height":871},{"@type":"BreadcrumbList","@id":"http:\/\/vientosur.top\/museo\/reserva-gratis-entrada-recital-musica-chilena-navidad-la-coral-femenina-vina-del-mar\/#breadcrumb","itemListElement":[{"@type":"ListItem","position":1,"name":"Portada","item":"http:\/\/vientosur.top\/museo\/"},{"@type":"ListItem","position":2,"name":"Coral Femenina Vi\u00f1a del Mar present\u00f3 el recital \u00abM\u00fasica Chilena y Navidad\u00bb"}]},{"@type":"WebSite","@id":"http:\/\/vientosur.top\/museo\/#website","url":"http:\/\/vientosur.top\/museo\/","name":"Museo Violeta Parra","description":"Espacio que alberga tanto la memoria y legado creativo de la artista","potentialAction":[{"@type":"SearchAction","target":{"@type":"EntryPoint","urlTemplate":"http:\/\/vientosur.top\/museo\/?s={search_term_string}"},"query-input":{"@type":"PropertyValueSpecification","valueRequired":true,"valueName":"search_term_string"}}],"inLanguage":"es"},{"@type":"Person","@id":"http:\/\/vientosur.top\/museo\/#\/schema\/person\/20c79d3c38800971feec8c2693c3dd9c","name":"admin","image":{"@type":"ImageObject","inLanguage":"es","@id":"http:\/\/vientosur.top\/museo\/#\/schema\/person\/image\/","url":"https:\/\/secure.gravatar.com\/avatar\/713677ece3ffa642287213a80e5b773bce9ab81c269dd6d95102a990951c922f?s=96&d=mm&r=g","contentUrl":"https:\/\/secure.gravatar.com\/avatar\/713677ece3ffa642287213a80e5b773bce9ab81c269dd6d95102a990951c922f?s=96&d=mm&r=g","caption":"admin"},"sameAs":["http:\/\/vientosur.top\/museo"],"url":"http:\/\/vientosur.top\/museo\/author\/comunicacionesmvp\/"}]}},"_links":{"self":[{"href":"http:\/\/vientosur.top\/museo\/wp-json\/wp\/v2\/posts\/17520","targetHints":{"allow":["GET"]}}],"collection":[{"href":"http:\/\/vientosur.top\/museo\/wp-json\/wp\/v2\/posts"}],"about":[{"href":"http:\/\/vientosur.top\/museo\/wp-json\/wp\/v2\/types\/post"}],"author":[{"embeddable":true,"href":"http:\/\/vientosur.top\/museo\/wp-json\/wp\/v2\/users\/5"}],"replies":[{"embeddable":true,"href":"http:\/\/vientosur.top\/museo\/wp-json\/wp\/v2\/comments?post=17520"}],"version-history":[{"count":0,"href":"http:\/\/vientosur.top\/museo\/wp-json\/wp\/v2\/posts\/17520\/revisions"}],"wp:featuredmedia":[{"embeddable":true,"href":"http:\/\/vientosur.top\/museo\/wp-json\/wp\/v2\/media\/17666"}],"wp:attachment":[{"href":"http:\/\/vientosur.top\/museo\/wp-json\/wp\/v2\/media?parent=17520"}],"wp:term":[{"taxonomy":"category","embeddable":true,"href":"http:\/\/vientosur.top\/museo\/wp-json\/wp\/v2\/categories?post=17520"},{"taxonomy":"post_tag","embeddable":true,"href":"http:\/\/vientosur.top\/museo\/wp-json\/wp\/v2\/tags?post=17520"}],"curies":[{"name":"wp","href":"https:\/\/api.w.org\/{rel}","templated":true}]}}