{"id":17526,"date":"2018-12-23T09:07:12","date_gmt":"2018-12-23T14:07:12","guid":{"rendered":"http:\/\/vientosur.top\/museo\/?p=17526"},"modified":"2018-12-23T09:07:12","modified_gmt":"2018-12-23T14:07:12","slug":"reserva-gratis-entrada-la-presentacion-la-fosforera-cuentos-interactivos-hans-christian-andersen","status":"publish","type":"post","link":"http:\/\/vientosur.top\/museo\/reserva-gratis-entrada-la-presentacion-la-fosforera-cuentos-interactivos-hans-christian-andersen\/","title":{"rendered":"Compa\u00f1\u00eda Luci\u00e9rnaga M\u00e1gica present\u00f3 la obra \u00abLa fosforera\u00bb y \u00abCuentos interactivos de Hans Christian Andersen\u00bb"},"content":{"rendered":"<p>&nbsp;<\/p>\n<p>\u00abLa fosforera\u00bb narra la historia de una ni\u00f1a muy pobre que debe vender f\u00f3sforos en\u00a0la\u00a0calle, incluso en Navidad. Hace mucho fr\u00edo y est\u00e1 empezando a nevar&#8230; \u00bfY si enciende s\u00f3lo un f\u00f3sforo para calentar sus manitos? Al realizar esta acci\u00f3n,\u00a0la\u00a0peque\u00f1a protagonista empieza a vivir un mundo de fantas\u00eda, donde logra calentarse en una chimenea, estar en una mesa con un enorme pavo y ver el m\u00e1s hermoso \u00e1rbol de Navidad.<\/p>\n<p><a href=\"http:\/\/vientosur.top\/museo\/wp-content\/uploads\/2018\/12\/DSC_0786.jpg\"><img fetchpriority=\"high\" decoding=\"async\" class=\"aligncenter wp-image-17669 size-large\" src=\"http:\/\/vientosur.top\/museo\/wp-content\/uploads\/2018\/12\/DSC_0786-1024x636.jpg\" alt=\"\" width=\"840\" height=\"522\" \/><\/a>Luego de la presentaci\u00f3n de \u00abLa fosforera\u00bb, el p\u00fablico particip\u00f3 representando un reconocido cuento de\u00a0Hans Christian Andersen. Los ni\u00f1os y ni\u00f1as visitaron el Teatro de Sombras y fueron parte activa de\u00a0la\u00a0representaci\u00f3n como sombristas de la Compa\u00f1\u00eda Luci\u00e9rnaga M\u00e1gica.<\/p>\n<p><strong><br \/>\nDomingo 23 de diciembre \/ 12:00 horas \/ Sala Antar<br \/>\nAvenida Vicu\u00f1a Mackenna 37, Santiago<\/strong><br \/>\n<strong>Entrada liberada, previa inscripci\u00f3n en www.museovioletaparra.c<br \/>\n<\/strong><\/p>\n","protected":false},"excerpt":{"rendered":"<p>&nbsp; \u00abLa fosforera\u00bb narra la historia de una ni\u00f1a muy pobre que debe vender f\u00f3sforos en\u00a0la\u00a0calle, incluso en Navidad. Hace mucho fr\u00edo y est\u00e1 empezando a nevar&#8230; \u00bfY si enciende s\u00f3lo un f\u00f3sforo para calentar sus manitos? Al realizar esta acci\u00f3n,\u00a0la\u00a0peque\u00f1a protagonista empieza a vivir un mundo de fantas\u00eda, donde logra calentarse en una chimenea, [&hellip;]<\/p>\n","protected":false},"author":5,"featured_media":17664,"comment_status":"open","ping_status":"open","sticky":false,"template":"","format":"standard","meta":{"site-sidebar-layout":"default","site-content-layout":"","ast-site-content-layout":"default","site-content-style":"default","site-sidebar-style":"default","ast-global-header-display":"","ast-banner-title-visibility":"","ast-main-header-display":"","ast-hfb-above-header-display":"","ast-hfb-below-header-display":"","ast-hfb-mobile-header-display":"","site-post-title":"","ast-breadcrumbs-content":"","ast-featured-img":"","footer-sml-layout":"","theme-transparent-header-meta":"","adv-header-id-meta":"","stick-header-meta":"","header-above-stick-meta":"","header-main-stick-meta":"","header-below-stick-meta":"","astra-migrate-meta-layouts":"default","ast-page-background-enabled":"default","ast-page-background-meta":{"desktop":{"background-color":"var(--ast-global-color-4)","background-image":"","background-repeat":"repeat","background-position":"center center","background-size":"auto","background-attachment":"scroll","background-type":"","background-media":"","overlay-type":"","overlay-color":"","overlay-opacity":"","overlay-gradient":""},"tablet":{"background-color":"","background-image":"","background-repeat":"repeat","background-position":"center center","background-size":"auto","background-attachment":"scroll","background-type":"","background-media":"","overlay-type":"","overlay-color":"","overlay-opacity":"","overlay-gradient":""},"mobile":{"background-color":"","background-image":"","background-repeat":"repeat","background-position":"center center","background-size":"auto","background-attachment":"scroll","background-type":"","background-media":"","overlay-type":"","overlay-color":"","overlay-opacity":"","overlay-gradient":""}},"ast-content-background-meta":{"desktop":{"background-color":"var(--ast-global-color-5)","background-image":"","background-repeat":"repeat","background-position":"center center","background-size":"auto","background-attachment":"scroll","background-type":"","background-media":"","overlay-type":"","overlay-color":"","overlay-opacity":"","overlay-gradient":""},"tablet":{"background-color":"var(--ast-global-color-5)","background-image":"","background-repeat":"repeat","background-position":"center center","background-size":"auto","background-attachment":"scroll","background-type":"","background-media":"","overlay-type":"","overlay-color":"","overlay-opacity":"","overlay-gradient":""},"mobile":{"background-color":"var(--ast-global-color-5)","background-image":"","background-repeat":"repeat","background-position":"center center","background-size":"auto","background-attachment":"scroll","background-type":"","background-media":"","overlay-type":"","overlay-color":"","overlay-opacity":"","overlay-gradient":""}},"footnotes":""},"categories":[59,8,61],"tags":[],"class_list":["post-17526","post","type-post","status-publish","format-standard","has-post-thumbnail","hentry","category-destacado-noticia","category-noticias","category-novedades"],"yoast_head":"<!-- This site is optimized with the Yoast SEO plugin v25.4 - https:\/\/yoast.com\/wordpress\/plugins\/seo\/ -->\n<title>Compa\u00f1\u00eda Luci\u00e9rnaga M\u00e1gica present\u00f3 la obra &quot;La fosforera&quot; y &quot;Cuentos interactivos de Hans Christian Andersen&quot; - Museo Violeta Parra<\/title>\n<meta name=\"robots\" content=\"index, follow, max-snippet:-1, max-image-preview:large, max-video-preview:-1\" \/>\n<link rel=\"canonical\" href=\"http:\/\/vientosur.top\/museo\/reserva-gratis-entrada-la-presentacion-la-fosforera-cuentos-interactivos-hans-christian-andersen\/\" \/>\n<meta property=\"og:locale\" content=\"es_ES\" \/>\n<meta property=\"og:type\" content=\"article\" \/>\n<meta property=\"og:title\" content=\"Compa\u00f1\u00eda Luci\u00e9rnaga M\u00e1gica present\u00f3 la obra &quot;La fosforera&quot; y &quot;Cuentos interactivos de Hans Christian Andersen&quot; - Museo Violeta Parra\" \/>\n<meta property=\"og:description\" content=\"&nbsp; \u00abLa fosforera\u00bb narra la historia de una ni\u00f1a muy pobre que debe vender f\u00f3sforos en\u00a0la\u00a0calle, incluso en Navidad. Hace mucho fr\u00edo y est\u00e1 empezando a nevar&#8230; \u00bfY si enciende s\u00f3lo un f\u00f3sforo para calentar sus manitos? Al realizar esta acci\u00f3n,\u00a0la\u00a0peque\u00f1a protagonista empieza a vivir un mundo de fantas\u00eda, donde logra calentarse en una chimenea, [&hellip;]\" \/>\n<meta property=\"og:url\" content=\"http:\/\/vientosur.top\/museo\/reserva-gratis-entrada-la-presentacion-la-fosforera-cuentos-interactivos-hans-christian-andersen\/\" \/>\n<meta property=\"og:site_name\" content=\"Museo Violeta Parra\" \/>\n<meta property=\"article:published_time\" content=\"2018-12-23T14:07:12+00:00\" \/>\n<meta property=\"og:image\" content=\"http:\/\/vientosur.top\/museo\/wp-content\/uploads\/2018\/12\/IMG_0075.jpg\" \/>\n\t<meta property=\"og:image:width\" content=\"1765\" \/>\n\t<meta property=\"og:image:height\" content=\"955\" \/>\n\t<meta property=\"og:image:type\" content=\"image\/jpeg\" \/>\n<meta name=\"author\" content=\"admin\" \/>\n<meta name=\"twitter:card\" content=\"summary_large_image\" \/>\n<meta name=\"twitter:label1\" content=\"Escrito por\" \/>\n\t<meta name=\"twitter:data1\" content=\"admin\" \/>\n\t<meta name=\"twitter:label2\" content=\"Tiempo de lectura\" \/>\n\t<meta name=\"twitter:data2\" content=\"1 minuto\" \/>\n<script type=\"application\/ld+json\" class=\"yoast-schema-graph\">{\"@context\":\"https:\/\/schema.org\",\"@graph\":[{\"@type\":\"WebPage\",\"@id\":\"http:\/\/vientosur.top\/museo\/reserva-gratis-entrada-la-presentacion-la-fosforera-cuentos-interactivos-hans-christian-andersen\/\",\"url\":\"http:\/\/vientosur.top\/museo\/reserva-gratis-entrada-la-presentacion-la-fosforera-cuentos-interactivos-hans-christian-andersen\/\",\"name\":\"Compa\u00f1\u00eda Luci\u00e9rnaga M\u00e1gica present\u00f3 la obra \\\"La fosforera\\\" y \\\"Cuentos interactivos de Hans Christian Andersen\\\" - Museo Violeta Parra\",\"isPartOf\":{\"@id\":\"http:\/\/vientosur.top\/museo\/#website\"},\"primaryImageOfPage\":{\"@id\":\"http:\/\/vientosur.top\/museo\/reserva-gratis-entrada-la-presentacion-la-fosforera-cuentos-interactivos-hans-christian-andersen\/#primaryimage\"},\"image\":{\"@id\":\"http:\/\/vientosur.top\/museo\/reserva-gratis-entrada-la-presentacion-la-fosforera-cuentos-interactivos-hans-christian-andersen\/#primaryimage\"},\"thumbnailUrl\":\"http:\/\/vientosur.top\/museo\/wp-content\/uploads\/2018\/12\/IMG_0075.jpg\",\"datePublished\":\"2018-12-23T14:07:12+00:00\",\"author\":{\"@id\":\"http:\/\/vientosur.top\/museo\/#\/schema\/person\/20c79d3c38800971feec8c2693c3dd9c\"},\"breadcrumb\":{\"@id\":\"http:\/\/vientosur.top\/museo\/reserva-gratis-entrada-la-presentacion-la-fosforera-cuentos-interactivos-hans-christian-andersen\/#breadcrumb\"},\"inLanguage\":\"es\",\"potentialAction\":[{\"@type\":\"ReadAction\",\"target\":[\"http:\/\/vientosur.top\/museo\/reserva-gratis-entrada-la-presentacion-la-fosforera-cuentos-interactivos-hans-christian-andersen\/\"]}]},{\"@type\":\"ImageObject\",\"inLanguage\":\"es\",\"@id\":\"http:\/\/vientosur.top\/museo\/reserva-gratis-entrada-la-presentacion-la-fosforera-cuentos-interactivos-hans-christian-andersen\/#primaryimage\",\"url\":\"http:\/\/vientosur.top\/museo\/wp-content\/uploads\/2018\/12\/IMG_0075.jpg\",\"contentUrl\":\"http:\/\/vientosur.top\/museo\/wp-content\/uploads\/2018\/12\/IMG_0075.jpg\",\"width\":1765,\"height\":955},{\"@type\":\"BreadcrumbList\",\"@id\":\"http:\/\/vientosur.top\/museo\/reserva-gratis-entrada-la-presentacion-la-fosforera-cuentos-interactivos-hans-christian-andersen\/#breadcrumb\",\"itemListElement\":[{\"@type\":\"ListItem\",\"position\":1,\"name\":\"Portada\",\"item\":\"http:\/\/vientosur.top\/museo\/\"},{\"@type\":\"ListItem\",\"position\":2,\"name\":\"Compa\u00f1\u00eda Luci\u00e9rnaga M\u00e1gica present\u00f3 la obra \u00abLa fosforera\u00bb y \u00abCuentos interactivos de Hans Christian Andersen\u00bb\"}]},{\"@type\":\"WebSite\",\"@id\":\"http:\/\/vientosur.top\/museo\/#website\",\"url\":\"http:\/\/vientosur.top\/museo\/\",\"name\":\"Museo Violeta Parra\",\"description\":\"Espacio que alberga tanto la memoria y legado creativo de la artista\",\"potentialAction\":[{\"@type\":\"SearchAction\",\"target\":{\"@type\":\"EntryPoint\",\"urlTemplate\":\"http:\/\/vientosur.top\/museo\/?s={search_term_string}\"},\"query-input\":{\"@type\":\"PropertyValueSpecification\",\"valueRequired\":true,\"valueName\":\"search_term_string\"}}],\"inLanguage\":\"es\"},{\"@type\":\"Person\",\"@id\":\"http:\/\/vientosur.top\/museo\/#\/schema\/person\/20c79d3c38800971feec8c2693c3dd9c\",\"name\":\"admin\",\"image\":{\"@type\":\"ImageObject\",\"inLanguage\":\"es\",\"@id\":\"http:\/\/vientosur.top\/museo\/#\/schema\/person\/image\/\",\"url\":\"https:\/\/secure.gravatar.com\/avatar\/713677ece3ffa642287213a80e5b773bce9ab81c269dd6d95102a990951c922f?s=96&d=mm&r=g\",\"contentUrl\":\"https:\/\/secure.gravatar.com\/avatar\/713677ece3ffa642287213a80e5b773bce9ab81c269dd6d95102a990951c922f?s=96&d=mm&r=g\",\"caption\":\"admin\"},\"sameAs\":[\"http:\/\/vientosur.top\/museo\"],\"url\":\"http:\/\/vientosur.top\/museo\/author\/comunicacionesmvp\/\"}]}<\/script>\n<!-- \/ Yoast SEO plugin. -->","yoast_head_json":{"title":"Compa\u00f1\u00eda Luci\u00e9rnaga M\u00e1gica present\u00f3 la obra \"La fosforera\" y \"Cuentos interactivos de Hans Christian Andersen\" - Museo Violeta Parra","robots":{"index":"index","follow":"follow","max-snippet":"max-snippet:-1","max-image-preview":"max-image-preview:large","max-video-preview":"max-video-preview:-1"},"canonical":"http:\/\/vientosur.top\/museo\/reserva-gratis-entrada-la-presentacion-la-fosforera-cuentos-interactivos-hans-christian-andersen\/","og_locale":"es_ES","og_type":"article","og_title":"Compa\u00f1\u00eda Luci\u00e9rnaga M\u00e1gica present\u00f3 la obra \"La fosforera\" y \"Cuentos interactivos de Hans Christian Andersen\" - Museo Violeta Parra","og_description":"&nbsp; \u00abLa fosforera\u00bb narra la historia de una ni\u00f1a muy pobre que debe vender f\u00f3sforos en\u00a0la\u00a0calle, incluso en Navidad. Hace mucho fr\u00edo y est\u00e1 empezando a nevar&#8230; \u00bfY si enciende s\u00f3lo un f\u00f3sforo para calentar sus manitos? Al realizar esta acci\u00f3n,\u00a0la\u00a0peque\u00f1a protagonista empieza a vivir un mundo de fantas\u00eda, donde logra calentarse en una chimenea, [&hellip;]","og_url":"http:\/\/vientosur.top\/museo\/reserva-gratis-entrada-la-presentacion-la-fosforera-cuentos-interactivos-hans-christian-andersen\/","og_site_name":"Museo Violeta Parra","article_published_time":"2018-12-23T14:07:12+00:00","og_image":[{"width":1765,"height":955,"url":"http:\/\/vientosur.top\/museo\/wp-content\/uploads\/2018\/12\/IMG_0075.jpg","type":"image\/jpeg"}],"author":"admin","twitter_card":"summary_large_image","twitter_misc":{"Escrito por":"admin","Tiempo de lectura":"1 minuto"},"schema":{"@context":"https:\/\/schema.org","@graph":[{"@type":"WebPage","@id":"http:\/\/vientosur.top\/museo\/reserva-gratis-entrada-la-presentacion-la-fosforera-cuentos-interactivos-hans-christian-andersen\/","url":"http:\/\/vientosur.top\/museo\/reserva-gratis-entrada-la-presentacion-la-fosforera-cuentos-interactivos-hans-christian-andersen\/","name":"Compa\u00f1\u00eda Luci\u00e9rnaga M\u00e1gica present\u00f3 la obra \"La fosforera\" y \"Cuentos interactivos de Hans Christian Andersen\" - Museo Violeta Parra","isPartOf":{"@id":"http:\/\/vientosur.top\/museo\/#website"},"primaryImageOfPage":{"@id":"http:\/\/vientosur.top\/museo\/reserva-gratis-entrada-la-presentacion-la-fosforera-cuentos-interactivos-hans-christian-andersen\/#primaryimage"},"image":{"@id":"http:\/\/vientosur.top\/museo\/reserva-gratis-entrada-la-presentacion-la-fosforera-cuentos-interactivos-hans-christian-andersen\/#primaryimage"},"thumbnailUrl":"http:\/\/vientosur.top\/museo\/wp-content\/uploads\/2018\/12\/IMG_0075.jpg","datePublished":"2018-12-23T14:07:12+00:00","author":{"@id":"http:\/\/vientosur.top\/museo\/#\/schema\/person\/20c79d3c38800971feec8c2693c3dd9c"},"breadcrumb":{"@id":"http:\/\/vientosur.top\/museo\/reserva-gratis-entrada-la-presentacion-la-fosforera-cuentos-interactivos-hans-christian-andersen\/#breadcrumb"},"inLanguage":"es","potentialAction":[{"@type":"ReadAction","target":["http:\/\/vientosur.top\/museo\/reserva-gratis-entrada-la-presentacion-la-fosforera-cuentos-interactivos-hans-christian-andersen\/"]}]},{"@type":"ImageObject","inLanguage":"es","@id":"http:\/\/vientosur.top\/museo\/reserva-gratis-entrada-la-presentacion-la-fosforera-cuentos-interactivos-hans-christian-andersen\/#primaryimage","url":"http:\/\/vientosur.top\/museo\/wp-content\/uploads\/2018\/12\/IMG_0075.jpg","contentUrl":"http:\/\/vientosur.top\/museo\/wp-content\/uploads\/2018\/12\/IMG_0075.jpg","width":1765,"height":955},{"@type":"BreadcrumbList","@id":"http:\/\/vientosur.top\/museo\/reserva-gratis-entrada-la-presentacion-la-fosforera-cuentos-interactivos-hans-christian-andersen\/#breadcrumb","itemListElement":[{"@type":"ListItem","position":1,"name":"Portada","item":"http:\/\/vientosur.top\/museo\/"},{"@type":"ListItem","position":2,"name":"Compa\u00f1\u00eda Luci\u00e9rnaga M\u00e1gica present\u00f3 la obra \u00abLa fosforera\u00bb y \u00abCuentos interactivos de Hans Christian Andersen\u00bb"}]},{"@type":"WebSite","@id":"http:\/\/vientosur.top\/museo\/#website","url":"http:\/\/vientosur.top\/museo\/","name":"Museo Violeta Parra","description":"Espacio que alberga tanto la memoria y legado creativo de la artista","potentialAction":[{"@type":"SearchAction","target":{"@type":"EntryPoint","urlTemplate":"http:\/\/vientosur.top\/museo\/?s={search_term_string}"},"query-input":{"@type":"PropertyValueSpecification","valueRequired":true,"valueName":"search_term_string"}}],"inLanguage":"es"},{"@type":"Person","@id":"http:\/\/vientosur.top\/museo\/#\/schema\/person\/20c79d3c38800971feec8c2693c3dd9c","name":"admin","image":{"@type":"ImageObject","inLanguage":"es","@id":"http:\/\/vientosur.top\/museo\/#\/schema\/person\/image\/","url":"https:\/\/secure.gravatar.com\/avatar\/713677ece3ffa642287213a80e5b773bce9ab81c269dd6d95102a990951c922f?s=96&d=mm&r=g","contentUrl":"https:\/\/secure.gravatar.com\/avatar\/713677ece3ffa642287213a80e5b773bce9ab81c269dd6d95102a990951c922f?s=96&d=mm&r=g","caption":"admin"},"sameAs":["http:\/\/vientosur.top\/museo"],"url":"http:\/\/vientosur.top\/museo\/author\/comunicacionesmvp\/"}]}},"_links":{"self":[{"href":"http:\/\/vientosur.top\/museo\/wp-json\/wp\/v2\/posts\/17526","targetHints":{"allow":["GET"]}}],"collection":[{"href":"http:\/\/vientosur.top\/museo\/wp-json\/wp\/v2\/posts"}],"about":[{"href":"http:\/\/vientosur.top\/museo\/wp-json\/wp\/v2\/types\/post"}],"author":[{"embeddable":true,"href":"http:\/\/vientosur.top\/museo\/wp-json\/wp\/v2\/users\/5"}],"replies":[{"embeddable":true,"href":"http:\/\/vientosur.top\/museo\/wp-json\/wp\/v2\/comments?post=17526"}],"version-history":[{"count":0,"href":"http:\/\/vientosur.top\/museo\/wp-json\/wp\/v2\/posts\/17526\/revisions"}],"wp:featuredmedia":[{"embeddable":true,"href":"http:\/\/vientosur.top\/museo\/wp-json\/wp\/v2\/media\/17664"}],"wp:attachment":[{"href":"http:\/\/vientosur.top\/museo\/wp-json\/wp\/v2\/media?parent=17526"}],"wp:term":[{"taxonomy":"category","embeddable":true,"href":"http:\/\/vientosur.top\/museo\/wp-json\/wp\/v2\/categories?post=17526"},{"taxonomy":"post_tag","embeddable":true,"href":"http:\/\/vientosur.top\/museo\/wp-json\/wp\/v2\/tags?post=17526"}],"curies":[{"name":"wp","href":"https:\/\/api.w.org\/{rel}","templated":true}]}}