{"id":18835,"date":"2019-04-11T10:41:09","date_gmt":"2019-04-11T15:41:09","guid":{"rendered":"http:\/\/vientosur.top\/museo\/?p=18835"},"modified":"2019-04-11T10:41:09","modified_gmt":"2019-04-11T15:41:09","slug":"jorge-drexler-museo-violeta-parra-una-concordancia-grande-continente-contenido","status":"publish","type":"post","link":"http:\/\/vientosur.top\/museo\/jorge-drexler-museo-violeta-parra-una-concordancia-grande-continente-contenido\/","title":{"rendered":"Jorge Drexler: \u201cEl Museo Violeta Parra tiene una concordancia muy grande entre continente y contenido\u201d"},"content":{"rendered":"<p>El cantautor uruguayo visit\u00f3 el Museo Violeta Parra para realizar un recorrido por la obra de la artista en compa\u00f1\u00eda de Radio Play FM. La emisora registr\u00f3 la visita completa del m\u00fasico, junto a la periodista Ver\u00f3nica Calabi, para realizar piezas audiovisuales que fueron difundidas en sus distintas plataformas.<\/p>\n<p>El recorrido fue mediado por Milena Rojas, Jefa de Colecci\u00f3n y Patrimonio del museo. Tambi\u00e9n estuvo presente la directora de Radio Play FM, Mariana Betancourt, y el equipo de Jorge Drexler. El artista visit\u00f3 todas las salas del recinto y manifest\u00f3 su admiraci\u00f3n y conexi\u00f3n con la obra de Violeta.<\/p>\n<p><a href=\"http:\/\/vientosur.top\/museo\/wp-content\/uploads\/2019\/04\/DSC_1050.jpg\"><img fetchpriority=\"high\" decoding=\"async\" class=\"alignleft wp-image-18836 size-medium\" src=\"http:\/\/vientosur.top\/museo\/wp-content\/uploads\/2019\/04\/DSC_1050-300x198.jpg\" alt=\"\" width=\"300\" height=\"198\" \/><\/a>\u201cEl museo es precioso. Est\u00e1 todo rodeado por una trama exterior de mimbre que rima con la trama interior de las arpilleras y los bordados. Tiene una estructura curva, como de guitarra, que tambi\u00e9n rima con lo que uno escucha en las canciones que est\u00e1n adentro. Me parece que tiene una concordancia muy grande entre continente y contenido\u201d, expres\u00f3 al finalizar su visita.<\/p>\n<p>La colecci\u00f3n de arpilleras desarrolladas por Violeta Parra y el material audiovisual que exhibe el museo sobre el proceso de creaci\u00f3n de estas piezas sorprendieron al int\u00e9rprete. \u201cHay una impresi\u00f3n que me llevo muy v\u00edvida: la velocidad y la determinaci\u00f3n con la que bordaba. Uno ve los bordados y se da cuenta que tienen fuerza, que est\u00e1n hechos con entra\u00f1a como sus canciones\u201d, agreg\u00f3.<\/p>\n<p>Jorge Drexler a\u00fan permanece en Santiago en el marco de su gira \u201cSilente\u201d. En sus conciertos ha mencionado con emoci\u00f3n al Museo Violeta Parra invitando a los asistentes a visitarlo.<\/p>\n","protected":false},"excerpt":{"rendered":"<p>El cantautor uruguayo visit\u00f3 el Museo Violeta Parra para realizar un recorrido por la obra de la artista en compa\u00f1\u00eda de Radio Play FM. La emisora registr\u00f3 la visita completa del m\u00fasico, junto a la periodista Ver\u00f3nica Calabi, para realizar piezas audiovisuales que fueron difundidas en sus distintas plataformas. El recorrido fue mediado por Milena [&hellip;]<\/p>\n","protected":false},"author":5,"featured_media":18837,"comment_status":"open","ping_status":"open","sticky":false,"template":"","format":"standard","meta":{"site-sidebar-layout":"default","site-content-layout":"","ast-site-content-layout":"default","site-content-style":"default","site-sidebar-style":"default","ast-global-header-display":"","ast-banner-title-visibility":"","ast-main-header-display":"","ast-hfb-above-header-display":"","ast-hfb-below-header-display":"","ast-hfb-mobile-header-display":"","site-post-title":"","ast-breadcrumbs-content":"","ast-featured-img":"","footer-sml-layout":"","theme-transparent-header-meta":"","adv-header-id-meta":"","stick-header-meta":"","header-above-stick-meta":"","header-main-stick-meta":"","header-below-stick-meta":"","astra-migrate-meta-layouts":"default","ast-page-background-enabled":"default","ast-page-background-meta":{"desktop":{"background-color":"var(--ast-global-color-4)","background-image":"","background-repeat":"repeat","background-position":"center center","background-size":"auto","background-attachment":"scroll","background-type":"","background-media":"","overlay-type":"","overlay-color":"","overlay-opacity":"","overlay-gradient":""},"tablet":{"background-color":"","background-image":"","background-repeat":"repeat","background-position":"center center","background-size":"auto","background-attachment":"scroll","background-type":"","background-media":"","overlay-type":"","overlay-color":"","overlay-opacity":"","overlay-gradient":""},"mobile":{"background-color":"","background-image":"","background-repeat":"repeat","background-position":"center center","background-size":"auto","background-attachment":"scroll","background-type":"","background-media":"","overlay-type":"","overlay-color":"","overlay-opacity":"","overlay-gradient":""}},"ast-content-background-meta":{"desktop":{"background-color":"var(--ast-global-color-5)","background-image":"","background-repeat":"repeat","background-position":"center center","background-size":"auto","background-attachment":"scroll","background-type":"","background-media":"","overlay-type":"","overlay-color":"","overlay-opacity":"","overlay-gradient":""},"tablet":{"background-color":"var(--ast-global-color-5)","background-image":"","background-repeat":"repeat","background-position":"center center","background-size":"auto","background-attachment":"scroll","background-type":"","background-media":"","overlay-type":"","overlay-color":"","overlay-opacity":"","overlay-gradient":""},"mobile":{"background-color":"var(--ast-global-color-5)","background-image":"","background-repeat":"repeat","background-position":"center center","background-size":"auto","background-attachment":"scroll","background-type":"","background-media":"","overlay-type":"","overlay-color":"","overlay-opacity":"","overlay-gradient":""}},"footnotes":""},"categories":[59,8,61],"tags":[],"class_list":["post-18835","post","type-post","status-publish","format-standard","has-post-thumbnail","hentry","category-destacado-noticia","category-noticias","category-novedades"],"yoast_head":"<!-- This site is optimized with the Yoast SEO plugin v25.4 - https:\/\/yoast.com\/wordpress\/plugins\/seo\/ -->\n<title>Jorge Drexler: \u201cEl Museo Violeta Parra tiene una concordancia muy grande entre continente y contenido\u201d - Museo Violeta Parra<\/title>\n<meta name=\"robots\" content=\"index, follow, max-snippet:-1, max-image-preview:large, max-video-preview:-1\" \/>\n<link rel=\"canonical\" href=\"http:\/\/vientosur.top\/museo\/jorge-drexler-museo-violeta-parra-una-concordancia-grande-continente-contenido\/\" \/>\n<meta property=\"og:locale\" content=\"es_ES\" \/>\n<meta property=\"og:type\" content=\"article\" \/>\n<meta property=\"og:title\" content=\"Jorge Drexler: \u201cEl Museo Violeta Parra tiene una concordancia muy grande entre continente y contenido\u201d - Museo Violeta Parra\" \/>\n<meta property=\"og:description\" content=\"El cantautor uruguayo visit\u00f3 el Museo Violeta Parra para realizar un recorrido por la obra de la artista en compa\u00f1\u00eda de Radio Play FM. La emisora registr\u00f3 la visita completa del m\u00fasico, junto a la periodista Ver\u00f3nica Calabi, para realizar piezas audiovisuales que fueron difundidas en sus distintas plataformas. El recorrido fue mediado por Milena [&hellip;]\" \/>\n<meta property=\"og:url\" content=\"http:\/\/vientosur.top\/museo\/jorge-drexler-museo-violeta-parra-una-concordancia-grande-continente-contenido\/\" \/>\n<meta property=\"og:site_name\" content=\"Museo Violeta Parra\" \/>\n<meta property=\"article:published_time\" content=\"2019-04-11T15:41:09+00:00\" \/>\n<meta property=\"og:image\" content=\"http:\/\/vientosur.top\/museo\/wp-content\/uploads\/2019\/04\/DSC_0979-1.jpg\" \/>\n\t<meta property=\"og:image:width\" content=\"1738\" \/>\n\t<meta property=\"og:image:height\" content=\"1159\" \/>\n\t<meta property=\"og:image:type\" content=\"image\/jpeg\" \/>\n<meta name=\"author\" content=\"admin\" \/>\n<meta name=\"twitter:card\" content=\"summary_large_image\" \/>\n<meta name=\"twitter:label1\" content=\"Escrito por\" \/>\n\t<meta name=\"twitter:data1\" content=\"admin\" \/>\n\t<meta name=\"twitter:label2\" content=\"Tiempo de lectura\" \/>\n\t<meta name=\"twitter:data2\" content=\"1 minuto\" \/>\n<script type=\"application\/ld+json\" class=\"yoast-schema-graph\">{\"@context\":\"https:\/\/schema.org\",\"@graph\":[{\"@type\":\"WebPage\",\"@id\":\"http:\/\/vientosur.top\/museo\/jorge-drexler-museo-violeta-parra-una-concordancia-grande-continente-contenido\/\",\"url\":\"http:\/\/vientosur.top\/museo\/jorge-drexler-museo-violeta-parra-una-concordancia-grande-continente-contenido\/\",\"name\":\"Jorge Drexler: \u201cEl Museo Violeta Parra tiene una concordancia muy grande entre continente y contenido\u201d - Museo Violeta Parra\",\"isPartOf\":{\"@id\":\"http:\/\/vientosur.top\/museo\/#website\"},\"primaryImageOfPage\":{\"@id\":\"http:\/\/vientosur.top\/museo\/jorge-drexler-museo-violeta-parra-una-concordancia-grande-continente-contenido\/#primaryimage\"},\"image\":{\"@id\":\"http:\/\/vientosur.top\/museo\/jorge-drexler-museo-violeta-parra-una-concordancia-grande-continente-contenido\/#primaryimage\"},\"thumbnailUrl\":\"http:\/\/vientosur.top\/museo\/wp-content\/uploads\/2019\/04\/DSC_0979-1.jpg\",\"datePublished\":\"2019-04-11T15:41:09+00:00\",\"author\":{\"@id\":\"http:\/\/vientosur.top\/museo\/#\/schema\/person\/20c79d3c38800971feec8c2693c3dd9c\"},\"breadcrumb\":{\"@id\":\"http:\/\/vientosur.top\/museo\/jorge-drexler-museo-violeta-parra-una-concordancia-grande-continente-contenido\/#breadcrumb\"},\"inLanguage\":\"es\",\"potentialAction\":[{\"@type\":\"ReadAction\",\"target\":[\"http:\/\/vientosur.top\/museo\/jorge-drexler-museo-violeta-parra-una-concordancia-grande-continente-contenido\/\"]}]},{\"@type\":\"ImageObject\",\"inLanguage\":\"es\",\"@id\":\"http:\/\/vientosur.top\/museo\/jorge-drexler-museo-violeta-parra-una-concordancia-grande-continente-contenido\/#primaryimage\",\"url\":\"http:\/\/vientosur.top\/museo\/wp-content\/uploads\/2019\/04\/DSC_0979-1.jpg\",\"contentUrl\":\"http:\/\/vientosur.top\/museo\/wp-content\/uploads\/2019\/04\/DSC_0979-1.jpg\",\"width\":1738,\"height\":1159},{\"@type\":\"BreadcrumbList\",\"@id\":\"http:\/\/vientosur.top\/museo\/jorge-drexler-museo-violeta-parra-una-concordancia-grande-continente-contenido\/#breadcrumb\",\"itemListElement\":[{\"@type\":\"ListItem\",\"position\":1,\"name\":\"Portada\",\"item\":\"http:\/\/vientosur.top\/museo\/\"},{\"@type\":\"ListItem\",\"position\":2,\"name\":\"Jorge Drexler: \u201cEl Museo Violeta Parra tiene una concordancia muy grande entre continente y contenido\u201d\"}]},{\"@type\":\"WebSite\",\"@id\":\"http:\/\/vientosur.top\/museo\/#website\",\"url\":\"http:\/\/vientosur.top\/museo\/\",\"name\":\"Museo Violeta Parra\",\"description\":\"Espacio que alberga tanto la memoria y legado creativo de la artista\",\"potentialAction\":[{\"@type\":\"SearchAction\",\"target\":{\"@type\":\"EntryPoint\",\"urlTemplate\":\"http:\/\/vientosur.top\/museo\/?s={search_term_string}\"},\"query-input\":{\"@type\":\"PropertyValueSpecification\",\"valueRequired\":true,\"valueName\":\"search_term_string\"}}],\"inLanguage\":\"es\"},{\"@type\":\"Person\",\"@id\":\"http:\/\/vientosur.top\/museo\/#\/schema\/person\/20c79d3c38800971feec8c2693c3dd9c\",\"name\":\"admin\",\"image\":{\"@type\":\"ImageObject\",\"inLanguage\":\"es\",\"@id\":\"http:\/\/vientosur.top\/museo\/#\/schema\/person\/image\/\",\"url\":\"https:\/\/secure.gravatar.com\/avatar\/713677ece3ffa642287213a80e5b773bce9ab81c269dd6d95102a990951c922f?s=96&d=mm&r=g\",\"contentUrl\":\"https:\/\/secure.gravatar.com\/avatar\/713677ece3ffa642287213a80e5b773bce9ab81c269dd6d95102a990951c922f?s=96&d=mm&r=g\",\"caption\":\"admin\"},\"sameAs\":[\"http:\/\/vientosur.top\/museo\"],\"url\":\"http:\/\/vientosur.top\/museo\/author\/comunicacionesmvp\/\"}]}<\/script>\n<!-- \/ Yoast SEO plugin. -->","yoast_head_json":{"title":"Jorge Drexler: \u201cEl Museo Violeta Parra tiene una concordancia muy grande entre continente y contenido\u201d - Museo Violeta Parra","robots":{"index":"index","follow":"follow","max-snippet":"max-snippet:-1","max-image-preview":"max-image-preview:large","max-video-preview":"max-video-preview:-1"},"canonical":"http:\/\/vientosur.top\/museo\/jorge-drexler-museo-violeta-parra-una-concordancia-grande-continente-contenido\/","og_locale":"es_ES","og_type":"article","og_title":"Jorge Drexler: \u201cEl Museo Violeta Parra tiene una concordancia muy grande entre continente y contenido\u201d - Museo Violeta Parra","og_description":"El cantautor uruguayo visit\u00f3 el Museo Violeta Parra para realizar un recorrido por la obra de la artista en compa\u00f1\u00eda de Radio Play FM. La emisora registr\u00f3 la visita completa del m\u00fasico, junto a la periodista Ver\u00f3nica Calabi, para realizar piezas audiovisuales que fueron difundidas en sus distintas plataformas. El recorrido fue mediado por Milena [&hellip;]","og_url":"http:\/\/vientosur.top\/museo\/jorge-drexler-museo-violeta-parra-una-concordancia-grande-continente-contenido\/","og_site_name":"Museo Violeta Parra","article_published_time":"2019-04-11T15:41:09+00:00","og_image":[{"width":1738,"height":1159,"url":"http:\/\/vientosur.top\/museo\/wp-content\/uploads\/2019\/04\/DSC_0979-1.jpg","type":"image\/jpeg"}],"author":"admin","twitter_card":"summary_large_image","twitter_misc":{"Escrito por":"admin","Tiempo de lectura":"1 minuto"},"schema":{"@context":"https:\/\/schema.org","@graph":[{"@type":"WebPage","@id":"http:\/\/vientosur.top\/museo\/jorge-drexler-museo-violeta-parra-una-concordancia-grande-continente-contenido\/","url":"http:\/\/vientosur.top\/museo\/jorge-drexler-museo-violeta-parra-una-concordancia-grande-continente-contenido\/","name":"Jorge Drexler: \u201cEl Museo Violeta Parra tiene una concordancia muy grande entre continente y contenido\u201d - Museo Violeta Parra","isPartOf":{"@id":"http:\/\/vientosur.top\/museo\/#website"},"primaryImageOfPage":{"@id":"http:\/\/vientosur.top\/museo\/jorge-drexler-museo-violeta-parra-una-concordancia-grande-continente-contenido\/#primaryimage"},"image":{"@id":"http:\/\/vientosur.top\/museo\/jorge-drexler-museo-violeta-parra-una-concordancia-grande-continente-contenido\/#primaryimage"},"thumbnailUrl":"http:\/\/vientosur.top\/museo\/wp-content\/uploads\/2019\/04\/DSC_0979-1.jpg","datePublished":"2019-04-11T15:41:09+00:00","author":{"@id":"http:\/\/vientosur.top\/museo\/#\/schema\/person\/20c79d3c38800971feec8c2693c3dd9c"},"breadcrumb":{"@id":"http:\/\/vientosur.top\/museo\/jorge-drexler-museo-violeta-parra-una-concordancia-grande-continente-contenido\/#breadcrumb"},"inLanguage":"es","potentialAction":[{"@type":"ReadAction","target":["http:\/\/vientosur.top\/museo\/jorge-drexler-museo-violeta-parra-una-concordancia-grande-continente-contenido\/"]}]},{"@type":"ImageObject","inLanguage":"es","@id":"http:\/\/vientosur.top\/museo\/jorge-drexler-museo-violeta-parra-una-concordancia-grande-continente-contenido\/#primaryimage","url":"http:\/\/vientosur.top\/museo\/wp-content\/uploads\/2019\/04\/DSC_0979-1.jpg","contentUrl":"http:\/\/vientosur.top\/museo\/wp-content\/uploads\/2019\/04\/DSC_0979-1.jpg","width":1738,"height":1159},{"@type":"BreadcrumbList","@id":"http:\/\/vientosur.top\/museo\/jorge-drexler-museo-violeta-parra-una-concordancia-grande-continente-contenido\/#breadcrumb","itemListElement":[{"@type":"ListItem","position":1,"name":"Portada","item":"http:\/\/vientosur.top\/museo\/"},{"@type":"ListItem","position":2,"name":"Jorge Drexler: \u201cEl Museo Violeta Parra tiene una concordancia muy grande entre continente y contenido\u201d"}]},{"@type":"WebSite","@id":"http:\/\/vientosur.top\/museo\/#website","url":"http:\/\/vientosur.top\/museo\/","name":"Museo Violeta Parra","description":"Espacio que alberga tanto la memoria y legado creativo de la artista","potentialAction":[{"@type":"SearchAction","target":{"@type":"EntryPoint","urlTemplate":"http:\/\/vientosur.top\/museo\/?s={search_term_string}"},"query-input":{"@type":"PropertyValueSpecification","valueRequired":true,"valueName":"search_term_string"}}],"inLanguage":"es"},{"@type":"Person","@id":"http:\/\/vientosur.top\/museo\/#\/schema\/person\/20c79d3c38800971feec8c2693c3dd9c","name":"admin","image":{"@type":"ImageObject","inLanguage":"es","@id":"http:\/\/vientosur.top\/museo\/#\/schema\/person\/image\/","url":"https:\/\/secure.gravatar.com\/avatar\/713677ece3ffa642287213a80e5b773bce9ab81c269dd6d95102a990951c922f?s=96&d=mm&r=g","contentUrl":"https:\/\/secure.gravatar.com\/avatar\/713677ece3ffa642287213a80e5b773bce9ab81c269dd6d95102a990951c922f?s=96&d=mm&r=g","caption":"admin"},"sameAs":["http:\/\/vientosur.top\/museo"],"url":"http:\/\/vientosur.top\/museo\/author\/comunicacionesmvp\/"}]}},"_links":{"self":[{"href":"http:\/\/vientosur.top\/museo\/wp-json\/wp\/v2\/posts\/18835","targetHints":{"allow":["GET"]}}],"collection":[{"href":"http:\/\/vientosur.top\/museo\/wp-json\/wp\/v2\/posts"}],"about":[{"href":"http:\/\/vientosur.top\/museo\/wp-json\/wp\/v2\/types\/post"}],"author":[{"embeddable":true,"href":"http:\/\/vientosur.top\/museo\/wp-json\/wp\/v2\/users\/5"}],"replies":[{"embeddable":true,"href":"http:\/\/vientosur.top\/museo\/wp-json\/wp\/v2\/comments?post=18835"}],"version-history":[{"count":0,"href":"http:\/\/vientosur.top\/museo\/wp-json\/wp\/v2\/posts\/18835\/revisions"}],"wp:featuredmedia":[{"embeddable":true,"href":"http:\/\/vientosur.top\/museo\/wp-json\/wp\/v2\/media\/18837"}],"wp:attachment":[{"href":"http:\/\/vientosur.top\/museo\/wp-json\/wp\/v2\/media?parent=18835"}],"wp:term":[{"taxonomy":"category","embeddable":true,"href":"http:\/\/vientosur.top\/museo\/wp-json\/wp\/v2\/categories?post=18835"},{"taxonomy":"post_tag","embeddable":true,"href":"http:\/\/vientosur.top\/museo\/wp-json\/wp\/v2\/tags?post=18835"}],"curies":[{"name":"wp","href":"https:\/\/api.w.org\/{rel}","templated":true}]}}