{"id":18847,"date":"2019-04-12T14:30:51","date_gmt":"2019-04-12T19:30:51","guid":{"rendered":"http:\/\/vientosur.top\/museo\/?p=18847"},"modified":"2019-04-12T14:30:51","modified_gmt":"2019-04-12T19:30:51","slug":"obra-violeta-parra-se-exhibira-galeria-fundacion-hermes-bruselas","status":"publish","type":"post","link":"http:\/\/vientosur.top\/museo\/obra-violeta-parra-se-exhibira-galeria-fundacion-hermes-bruselas\/","title":{"rendered":"Obra de Violeta Parra se exhibir\u00e1 en galer\u00eda de Fundaci\u00f3n Herm\u00e8s en Bruselas"},"content":{"rendered":"<p>La arpillera \u201cHombre con guitarra\u201d, del a\u00f1o 1960, se integrar\u00e1 a una importante muestra en la galer\u00eda La Verri\u00e8re de Bruselas, perteneciente a la \u00a0Fundaci\u00f3n Herm\u00e8s.<\/p>\n<p>Por primera vez, desde la \u00a0inauguraci\u00f3n del museo en 2015, una obra de la colecci\u00f3n visual de Violeta Parra se presentar\u00e1 en un espacio cultural europeo. \u00a0\u201cHombre con guitarra\u201d fue incorporada por el curador Guillaume D\u00e9sanges a la muestra \u201cMatters of concern\u201d del espacio dedicado al Arte La Verri\u00e8re.<\/p>\n<p><a href=\"http:\/\/vientosur.top\/museo\/wp-content\/uploads\/2019\/04\/Hombre-con-guitarra-134x89cm-Tela-de-yute-con-lanigraf\u00eda-1960-_PNC9693.jpg\"><img fetchpriority=\"high\" decoding=\"async\" class=\"size-medium wp-image-18849 alignleft\" src=\"http:\/\/vientosur.top\/museo\/wp-content\/uploads\/2019\/04\/Hombre-con-guitarra-134x89cm-Tela-de-yute-con-lanigraf\u00eda-1960-_PNC9693-202x300.jpg\" alt=\"\" width=\"202\" height=\"300\" \/><\/a>El Museo Violeta Parra ha llevado a cabo el protocolo de salida internacional de la obra junto al Ministerio de las Culturas, las Artes y el Patrimonio, y\u00a0 el Museo Nacional de Bellas Artes, debido a que la colecci\u00f3n del museo fue declarada Monumento Hist\u00f3rico Nacional.\u00a0El embalaje tiene un peso total de 138 kilos y se construy\u00f3 especialmente para su traslado, con todos los resguardos internacionales de conservaci\u00f3n. La obra va asegurada por una compa\u00f1\u00eda belga especialista en seguros de obras de arte.<\/p>\n<p>\u201cEn este momento, abrimos una nueva etapa en el museo, en la que esperamos hacer circular su patrimonio, de manera de acercarlo a nuevas audiencias, tanto nacionales como internacionales, siempre y cuando se cumplan los m\u00e1s altos est\u00e1ndares de seguridad. Estamos muy agradecidos al Servicio Nacional del Patrimonio, que nos apoy\u00f3 con los tr\u00e1mites administrativos que no fueron menores, debido a su condici\u00f3n de Monumento Hist\u00f3rico Nacional, y a la Fundaci\u00f3n Herm\u00e9s que ha valorado la obra de Violeta Parra y la ha incorporado a esta importante muestra\u201d,\u00a0se\u00f1ala Cecilia Garc\u00eda Huidobro, Directora Ejecutiva del Museo Violeta Parra.<\/p>\n<p>La fecha de inauguraci\u00f3n de \u201cMatters of concern\u201d es el 26 de abril y estar\u00e1n presentes Isabel y Tita Parra. La muestra permanecer\u00e1 abierta hasta el 6 de julio de este a\u00f1o. Al regresar se mostrar\u00e1 al p\u00fablico chileno en el museo.<\/p>\n","protected":false},"excerpt":{"rendered":"<p>La arpillera \u201cHombre con guitarra\u201d, del a\u00f1o 1960, se integrar\u00e1 a una importante muestra en la galer\u00eda La Verri\u00e8re de Bruselas, perteneciente a la \u00a0Fundaci\u00f3n Herm\u00e8s. Por primera vez, desde la \u00a0inauguraci\u00f3n del museo en 2015, una obra de la colecci\u00f3n visual de Violeta Parra se presentar\u00e1 en un espacio cultural europeo. \u00a0\u201cHombre con guitarra\u201d [&hellip;]<\/p>\n","protected":false},"author":5,"featured_media":18852,"comment_status":"open","ping_status":"open","sticky":false,"template":"","format":"standard","meta":{"site-sidebar-layout":"default","site-content-layout":"","ast-site-content-layout":"default","site-content-style":"default","site-sidebar-style":"default","ast-global-header-display":"","ast-banner-title-visibility":"","ast-main-header-display":"","ast-hfb-above-header-display":"","ast-hfb-below-header-display":"","ast-hfb-mobile-header-display":"","site-post-title":"","ast-breadcrumbs-content":"","ast-featured-img":"","footer-sml-layout":"","theme-transparent-header-meta":"","adv-header-id-meta":"","stick-header-meta":"","header-above-stick-meta":"","header-main-stick-meta":"","header-below-stick-meta":"","astra-migrate-meta-layouts":"default","ast-page-background-enabled":"default","ast-page-background-meta":{"desktop":{"background-color":"var(--ast-global-color-4)","background-image":"","background-repeat":"repeat","background-position":"center center","background-size":"auto","background-attachment":"scroll","background-type":"","background-media":"","overlay-type":"","overlay-color":"","overlay-opacity":"","overlay-gradient":""},"tablet":{"background-color":"","background-image":"","background-repeat":"repeat","background-position":"center center","background-size":"auto","background-attachment":"scroll","background-type":"","background-media":"","overlay-type":"","overlay-color":"","overlay-opacity":"","overlay-gradient":""},"mobile":{"background-color":"","background-image":"","background-repeat":"repeat","background-position":"center center","background-size":"auto","background-attachment":"scroll","background-type":"","background-media":"","overlay-type":"","overlay-color":"","overlay-opacity":"","overlay-gradient":""}},"ast-content-background-meta":{"desktop":{"background-color":"var(--ast-global-color-5)","background-image":"","background-repeat":"repeat","background-position":"center center","background-size":"auto","background-attachment":"scroll","background-type":"","background-media":"","overlay-type":"","overlay-color":"","overlay-opacity":"","overlay-gradient":""},"tablet":{"background-color":"var(--ast-global-color-5)","background-image":"","background-repeat":"repeat","background-position":"center center","background-size":"auto","background-attachment":"scroll","background-type":"","background-media":"","overlay-type":"","overlay-color":"","overlay-opacity":"","overlay-gradient":""},"mobile":{"background-color":"var(--ast-global-color-5)","background-image":"","background-repeat":"repeat","background-position":"center center","background-size":"auto","background-attachment":"scroll","background-type":"","background-media":"","overlay-type":"","overlay-color":"","overlay-opacity":"","overlay-gradient":""}},"footnotes":""},"categories":[59,8,61],"tags":[],"class_list":["post-18847","post","type-post","status-publish","format-standard","has-post-thumbnail","hentry","category-destacado-noticia","category-noticias","category-novedades"],"yoast_head":"<!-- This site is optimized with the Yoast SEO plugin v25.4 - https:\/\/yoast.com\/wordpress\/plugins\/seo\/ -->\n<title>Obra de Violeta Parra se exhibir\u00e1 en galer\u00eda de Fundaci\u00f3n Herm\u00e8s en Bruselas - Museo Violeta Parra<\/title>\n<meta name=\"robots\" content=\"index, follow, max-snippet:-1, max-image-preview:large, max-video-preview:-1\" \/>\n<link rel=\"canonical\" href=\"http:\/\/vientosur.top\/museo\/obra-violeta-parra-se-exhibira-galeria-fundacion-hermes-bruselas\/\" \/>\n<meta property=\"og:locale\" content=\"es_ES\" \/>\n<meta property=\"og:type\" content=\"article\" \/>\n<meta property=\"og:title\" content=\"Obra de Violeta Parra se exhibir\u00e1 en galer\u00eda de Fundaci\u00f3n Herm\u00e8s en Bruselas - Museo Violeta Parra\" \/>\n<meta property=\"og:description\" content=\"La arpillera \u201cHombre con guitarra\u201d, del a\u00f1o 1960, se integrar\u00e1 a una importante muestra en la galer\u00eda La Verri\u00e8re de Bruselas, perteneciente a la \u00a0Fundaci\u00f3n Herm\u00e8s. Por primera vez, desde la \u00a0inauguraci\u00f3n del museo en 2015, una obra de la colecci\u00f3n visual de Violeta Parra se presentar\u00e1 en un espacio cultural europeo. \u00a0\u201cHombre con guitarra\u201d [&hellip;]\" \/>\n<meta property=\"og:url\" content=\"http:\/\/vientosur.top\/museo\/obra-violeta-parra-se-exhibira-galeria-fundacion-hermes-bruselas\/\" \/>\n<meta property=\"og:site_name\" content=\"Museo Violeta Parra\" \/>\n<meta property=\"article:published_time\" content=\"2019-04-12T19:30:51+00:00\" \/>\n<meta property=\"og:image\" content=\"http:\/\/vientosur.top\/museo\/wp-content\/uploads\/2019\/04\/DSC_0559-scaled.jpg\" \/>\n\t<meta property=\"og:image:width\" content=\"2560\" \/>\n\t<meta property=\"og:image:height\" content=\"1702\" \/>\n\t<meta property=\"og:image:type\" content=\"image\/jpeg\" \/>\n<meta name=\"author\" content=\"admin\" \/>\n<meta name=\"twitter:card\" content=\"summary_large_image\" \/>\n<meta name=\"twitter:label1\" content=\"Escrito por\" \/>\n\t<meta name=\"twitter:data1\" content=\"admin\" \/>\n\t<meta name=\"twitter:label2\" content=\"Tiempo de lectura\" \/>\n\t<meta name=\"twitter:data2\" content=\"2 minutos\" \/>\n<script type=\"application\/ld+json\" class=\"yoast-schema-graph\">{\"@context\":\"https:\/\/schema.org\",\"@graph\":[{\"@type\":\"WebPage\",\"@id\":\"http:\/\/vientosur.top\/museo\/obra-violeta-parra-se-exhibira-galeria-fundacion-hermes-bruselas\/\",\"url\":\"http:\/\/vientosur.top\/museo\/obra-violeta-parra-se-exhibira-galeria-fundacion-hermes-bruselas\/\",\"name\":\"Obra de Violeta Parra se exhibir\u00e1 en galer\u00eda de Fundaci\u00f3n Herm\u00e8s en Bruselas - Museo Violeta Parra\",\"isPartOf\":{\"@id\":\"http:\/\/vientosur.top\/museo\/#website\"},\"primaryImageOfPage\":{\"@id\":\"http:\/\/vientosur.top\/museo\/obra-violeta-parra-se-exhibira-galeria-fundacion-hermes-bruselas\/#primaryimage\"},\"image\":{\"@id\":\"http:\/\/vientosur.top\/museo\/obra-violeta-parra-se-exhibira-galeria-fundacion-hermes-bruselas\/#primaryimage\"},\"thumbnailUrl\":\"http:\/\/vientosur.top\/museo\/wp-content\/uploads\/2019\/04\/DSC_0559-scaled.jpg\",\"datePublished\":\"2019-04-12T19:30:51+00:00\",\"author\":{\"@id\":\"http:\/\/vientosur.top\/museo\/#\/schema\/person\/20c79d3c38800971feec8c2693c3dd9c\"},\"breadcrumb\":{\"@id\":\"http:\/\/vientosur.top\/museo\/obra-violeta-parra-se-exhibira-galeria-fundacion-hermes-bruselas\/#breadcrumb\"},\"inLanguage\":\"es\",\"potentialAction\":[{\"@type\":\"ReadAction\",\"target\":[\"http:\/\/vientosur.top\/museo\/obra-violeta-parra-se-exhibira-galeria-fundacion-hermes-bruselas\/\"]}]},{\"@type\":\"ImageObject\",\"inLanguage\":\"es\",\"@id\":\"http:\/\/vientosur.top\/museo\/obra-violeta-parra-se-exhibira-galeria-fundacion-hermes-bruselas\/#primaryimage\",\"url\":\"http:\/\/vientosur.top\/museo\/wp-content\/uploads\/2019\/04\/DSC_0559-scaled.jpg\",\"contentUrl\":\"http:\/\/vientosur.top\/museo\/wp-content\/uploads\/2019\/04\/DSC_0559-scaled.jpg\",\"width\":2560,\"height\":1702},{\"@type\":\"BreadcrumbList\",\"@id\":\"http:\/\/vientosur.top\/museo\/obra-violeta-parra-se-exhibira-galeria-fundacion-hermes-bruselas\/#breadcrumb\",\"itemListElement\":[{\"@type\":\"ListItem\",\"position\":1,\"name\":\"Portada\",\"item\":\"http:\/\/vientosur.top\/museo\/\"},{\"@type\":\"ListItem\",\"position\":2,\"name\":\"Obra de Violeta Parra se exhibir\u00e1 en galer\u00eda de Fundaci\u00f3n Herm\u00e8s en Bruselas\"}]},{\"@type\":\"WebSite\",\"@id\":\"http:\/\/vientosur.top\/museo\/#website\",\"url\":\"http:\/\/vientosur.top\/museo\/\",\"name\":\"Museo Violeta Parra\",\"description\":\"Espacio que alberga tanto la memoria y legado creativo de la artista\",\"potentialAction\":[{\"@type\":\"SearchAction\",\"target\":{\"@type\":\"EntryPoint\",\"urlTemplate\":\"http:\/\/vientosur.top\/museo\/?s={search_term_string}\"},\"query-input\":{\"@type\":\"PropertyValueSpecification\",\"valueRequired\":true,\"valueName\":\"search_term_string\"}}],\"inLanguage\":\"es\"},{\"@type\":\"Person\",\"@id\":\"http:\/\/vientosur.top\/museo\/#\/schema\/person\/20c79d3c38800971feec8c2693c3dd9c\",\"name\":\"admin\",\"image\":{\"@type\":\"ImageObject\",\"inLanguage\":\"es\",\"@id\":\"http:\/\/vientosur.top\/museo\/#\/schema\/person\/image\/\",\"url\":\"https:\/\/secure.gravatar.com\/avatar\/713677ece3ffa642287213a80e5b773bce9ab81c269dd6d95102a990951c922f?s=96&d=mm&r=g\",\"contentUrl\":\"https:\/\/secure.gravatar.com\/avatar\/713677ece3ffa642287213a80e5b773bce9ab81c269dd6d95102a990951c922f?s=96&d=mm&r=g\",\"caption\":\"admin\"},\"sameAs\":[\"http:\/\/vientosur.top\/museo\"],\"url\":\"http:\/\/vientosur.top\/museo\/author\/comunicacionesmvp\/\"}]}<\/script>\n<!-- \/ Yoast SEO plugin. -->","yoast_head_json":{"title":"Obra de Violeta Parra se exhibir\u00e1 en galer\u00eda de Fundaci\u00f3n Herm\u00e8s en Bruselas - Museo Violeta Parra","robots":{"index":"index","follow":"follow","max-snippet":"max-snippet:-1","max-image-preview":"max-image-preview:large","max-video-preview":"max-video-preview:-1"},"canonical":"http:\/\/vientosur.top\/museo\/obra-violeta-parra-se-exhibira-galeria-fundacion-hermes-bruselas\/","og_locale":"es_ES","og_type":"article","og_title":"Obra de Violeta Parra se exhibir\u00e1 en galer\u00eda de Fundaci\u00f3n Herm\u00e8s en Bruselas - Museo Violeta Parra","og_description":"La arpillera \u201cHombre con guitarra\u201d, del a\u00f1o 1960, se integrar\u00e1 a una importante muestra en la galer\u00eda La Verri\u00e8re de Bruselas, perteneciente a la \u00a0Fundaci\u00f3n Herm\u00e8s. Por primera vez, desde la \u00a0inauguraci\u00f3n del museo en 2015, una obra de la colecci\u00f3n visual de Violeta Parra se presentar\u00e1 en un espacio cultural europeo. \u00a0\u201cHombre con guitarra\u201d [&hellip;]","og_url":"http:\/\/vientosur.top\/museo\/obra-violeta-parra-se-exhibira-galeria-fundacion-hermes-bruselas\/","og_site_name":"Museo Violeta Parra","article_published_time":"2019-04-12T19:30:51+00:00","og_image":[{"width":2560,"height":1702,"url":"http:\/\/vientosur.top\/museo\/wp-content\/uploads\/2019\/04\/DSC_0559-scaled.jpg","type":"image\/jpeg"}],"author":"admin","twitter_card":"summary_large_image","twitter_misc":{"Escrito por":"admin","Tiempo de lectura":"2 minutos"},"schema":{"@context":"https:\/\/schema.org","@graph":[{"@type":"WebPage","@id":"http:\/\/vientosur.top\/museo\/obra-violeta-parra-se-exhibira-galeria-fundacion-hermes-bruselas\/","url":"http:\/\/vientosur.top\/museo\/obra-violeta-parra-se-exhibira-galeria-fundacion-hermes-bruselas\/","name":"Obra de Violeta Parra se exhibir\u00e1 en galer\u00eda de Fundaci\u00f3n Herm\u00e8s en Bruselas - Museo Violeta Parra","isPartOf":{"@id":"http:\/\/vientosur.top\/museo\/#website"},"primaryImageOfPage":{"@id":"http:\/\/vientosur.top\/museo\/obra-violeta-parra-se-exhibira-galeria-fundacion-hermes-bruselas\/#primaryimage"},"image":{"@id":"http:\/\/vientosur.top\/museo\/obra-violeta-parra-se-exhibira-galeria-fundacion-hermes-bruselas\/#primaryimage"},"thumbnailUrl":"http:\/\/vientosur.top\/museo\/wp-content\/uploads\/2019\/04\/DSC_0559-scaled.jpg","datePublished":"2019-04-12T19:30:51+00:00","author":{"@id":"http:\/\/vientosur.top\/museo\/#\/schema\/person\/20c79d3c38800971feec8c2693c3dd9c"},"breadcrumb":{"@id":"http:\/\/vientosur.top\/museo\/obra-violeta-parra-se-exhibira-galeria-fundacion-hermes-bruselas\/#breadcrumb"},"inLanguage":"es","potentialAction":[{"@type":"ReadAction","target":["http:\/\/vientosur.top\/museo\/obra-violeta-parra-se-exhibira-galeria-fundacion-hermes-bruselas\/"]}]},{"@type":"ImageObject","inLanguage":"es","@id":"http:\/\/vientosur.top\/museo\/obra-violeta-parra-se-exhibira-galeria-fundacion-hermes-bruselas\/#primaryimage","url":"http:\/\/vientosur.top\/museo\/wp-content\/uploads\/2019\/04\/DSC_0559-scaled.jpg","contentUrl":"http:\/\/vientosur.top\/museo\/wp-content\/uploads\/2019\/04\/DSC_0559-scaled.jpg","width":2560,"height":1702},{"@type":"BreadcrumbList","@id":"http:\/\/vientosur.top\/museo\/obra-violeta-parra-se-exhibira-galeria-fundacion-hermes-bruselas\/#breadcrumb","itemListElement":[{"@type":"ListItem","position":1,"name":"Portada","item":"http:\/\/vientosur.top\/museo\/"},{"@type":"ListItem","position":2,"name":"Obra de Violeta Parra se exhibir\u00e1 en galer\u00eda de Fundaci\u00f3n Herm\u00e8s en Bruselas"}]},{"@type":"WebSite","@id":"http:\/\/vientosur.top\/museo\/#website","url":"http:\/\/vientosur.top\/museo\/","name":"Museo Violeta Parra","description":"Espacio que alberga tanto la memoria y legado creativo de la artista","potentialAction":[{"@type":"SearchAction","target":{"@type":"EntryPoint","urlTemplate":"http:\/\/vientosur.top\/museo\/?s={search_term_string}"},"query-input":{"@type":"PropertyValueSpecification","valueRequired":true,"valueName":"search_term_string"}}],"inLanguage":"es"},{"@type":"Person","@id":"http:\/\/vientosur.top\/museo\/#\/schema\/person\/20c79d3c38800971feec8c2693c3dd9c","name":"admin","image":{"@type":"ImageObject","inLanguage":"es","@id":"http:\/\/vientosur.top\/museo\/#\/schema\/person\/image\/","url":"https:\/\/secure.gravatar.com\/avatar\/713677ece3ffa642287213a80e5b773bce9ab81c269dd6d95102a990951c922f?s=96&d=mm&r=g","contentUrl":"https:\/\/secure.gravatar.com\/avatar\/713677ece3ffa642287213a80e5b773bce9ab81c269dd6d95102a990951c922f?s=96&d=mm&r=g","caption":"admin"},"sameAs":["http:\/\/vientosur.top\/museo"],"url":"http:\/\/vientosur.top\/museo\/author\/comunicacionesmvp\/"}]}},"_links":{"self":[{"href":"http:\/\/vientosur.top\/museo\/wp-json\/wp\/v2\/posts\/18847","targetHints":{"allow":["GET"]}}],"collection":[{"href":"http:\/\/vientosur.top\/museo\/wp-json\/wp\/v2\/posts"}],"about":[{"href":"http:\/\/vientosur.top\/museo\/wp-json\/wp\/v2\/types\/post"}],"author":[{"embeddable":true,"href":"http:\/\/vientosur.top\/museo\/wp-json\/wp\/v2\/users\/5"}],"replies":[{"embeddable":true,"href":"http:\/\/vientosur.top\/museo\/wp-json\/wp\/v2\/comments?post=18847"}],"version-history":[{"count":0,"href":"http:\/\/vientosur.top\/museo\/wp-json\/wp\/v2\/posts\/18847\/revisions"}],"wp:featuredmedia":[{"embeddable":true,"href":"http:\/\/vientosur.top\/museo\/wp-json\/wp\/v2\/media\/18852"}],"wp:attachment":[{"href":"http:\/\/vientosur.top\/museo\/wp-json\/wp\/v2\/media?parent=18847"}],"wp:term":[{"taxonomy":"category","embeddable":true,"href":"http:\/\/vientosur.top\/museo\/wp-json\/wp\/v2\/categories?post=18847"},{"taxonomy":"post_tag","embeddable":true,"href":"http:\/\/vientosur.top\/museo\/wp-json\/wp\/v2\/tags?post=18847"}],"curies":[{"name":"wp","href":"https:\/\/api.w.org\/{rel}","templated":true}]}}