{"id":18885,"date":"2019-04-22T08:27:47","date_gmt":"2019-04-22T13:27:47","guid":{"rendered":"http:\/\/vientosur.top\/museo\/?p=18885"},"modified":"2019-04-22T08:27:47","modified_gmt":"2019-04-22T13:27:47","slug":"museo-violeta-parra-celebra-dia-del-libro-lectura-abierta-decimas-violeta-parra-dirigidas-al-adulto-mayor","status":"publish","type":"post","link":"http:\/\/vientosur.top\/museo\/museo-violeta-parra-celebra-dia-del-libro-lectura-abierta-decimas-violeta-parra-dirigidas-al-adulto-mayor\/","title":{"rendered":"Museo Violeta Parra celebr\u00f3 D\u00eda del Libro con lectura abierta de d\u00e9cimas de Violeta Parra dirigidas al adulto mayor"},"content":{"rendered":"<p>El Museo Violeta Parra conmemor\u00f3\u00a0el D\u00eda Internacional del Libro con la lectura abierta y compartida de las d\u00e9cimas autobiogr\u00e1ficas de Violeta Parra por adultos mayores en la Sala Run Run. 15 textos de la vida de la artista fueron le\u00eddos y analizados en una emotiva jornada de conversaci\u00f3n y reflexi\u00f3n que relev\u00f3 el valor del libro como elemento de compa\u00f1\u00eda.<\/p>\n<p><a href=\"http:\/\/vientosur.top\/museo\/wp-content\/uploads\/2019\/04\/DSC_0047.jpg\"><img fetchpriority=\"high\" decoding=\"async\" class=\"size-medium wp-image-19074 alignleft\" src=\"http:\/\/vientosur.top\/museo\/wp-content\/uploads\/2019\/04\/DSC_0047-300x200.jpg\" alt=\"\" width=\"300\" height=\"200\" \/><\/a>El p\u00fablico tuvo la opci\u00f3n de inscribirse, a trav\u00e9s de un formulario, para participar como lector de alguno de los textos contenidos en el libro \u201cD\u00e9cimas. Autobiograf\u00eda en verso\u201d. Los asistentes compartieron un caf\u00e9 para seguir la lectura y hacer un ejercicio de reflexi\u00f3n de este material literario creado por la artista nacional. \u201cSi escribo esta poes\u00eda \/ no es s\u00f3lo por darme el gusto \/ m\u00e1s bien para darle el susto \/ al mal con alevos\u00eda\u201d, dice Violeta en uno de los poemas presentados en esta obra.<\/p>\n<p>\u201cEl libro es una compa\u00f1\u00eda en todos los momentos de la vida. Hemos pensado ,especialmente, en los adultos mayores al planificar esta actividad, ya que la experiencia adquirida permite valorar de manera m\u00e1s profunda la poes\u00eda de Violeta Parra\u201d, se\u00f1al\u00f3 Cecilia Garc\u00eda-Huidobro, Directora del Museo Violeta Parra. La selecci\u00f3n de las d\u00e9cimas permiti\u00f3 hacer un recorrido por la vida de la artista, pasando por sus etapas como ni\u00f1a, adolescente y adulta. \u201cProfundizamos en sus afectos familiares y la \u00edntima correspondencia entre vida y poes\u00eda\u201d, cerr\u00f3 Cecilia Garc\u00eda-Huidobro.<\/p>\n","protected":false},"excerpt":{"rendered":"<p>El Museo Violeta Parra conmemor\u00f3\u00a0el D\u00eda Internacional del Libro con la lectura abierta y compartida de las d\u00e9cimas autobiogr\u00e1ficas de Violeta Parra por adultos mayores en la Sala Run Run. 15 textos de la vida de la artista fueron le\u00eddos y analizados en una emotiva jornada de conversaci\u00f3n y reflexi\u00f3n que relev\u00f3 el valor del [&hellip;]<\/p>\n","protected":false},"author":5,"featured_media":19073,"comment_status":"open","ping_status":"open","sticky":false,"template":"","format":"standard","meta":{"site-sidebar-layout":"default","site-content-layout":"","ast-site-content-layout":"default","site-content-style":"default","site-sidebar-style":"default","ast-global-header-display":"","ast-banner-title-visibility":"","ast-main-header-display":"","ast-hfb-above-header-display":"","ast-hfb-below-header-display":"","ast-hfb-mobile-header-display":"","site-post-title":"","ast-breadcrumbs-content":"","ast-featured-img":"","footer-sml-layout":"","theme-transparent-header-meta":"","adv-header-id-meta":"","stick-header-meta":"","header-above-stick-meta":"","header-main-stick-meta":"","header-below-stick-meta":"","astra-migrate-meta-layouts":"default","ast-page-background-enabled":"default","ast-page-background-meta":{"desktop":{"background-color":"var(--ast-global-color-4)","background-image":"","background-repeat":"repeat","background-position":"center center","background-size":"auto","background-attachment":"scroll","background-type":"","background-media":"","overlay-type":"","overlay-color":"","overlay-opacity":"","overlay-gradient":""},"tablet":{"background-color":"","background-image":"","background-repeat":"repeat","background-position":"center center","background-size":"auto","background-attachment":"scroll","background-type":"","background-media":"","overlay-type":"","overlay-color":"","overlay-opacity":"","overlay-gradient":""},"mobile":{"background-color":"","background-image":"","background-repeat":"repeat","background-position":"center center","background-size":"auto","background-attachment":"scroll","background-type":"","background-media":"","overlay-type":"","overlay-color":"","overlay-opacity":"","overlay-gradient":""}},"ast-content-background-meta":{"desktop":{"background-color":"var(--ast-global-color-5)","background-image":"","background-repeat":"repeat","background-position":"center center","background-size":"auto","background-attachment":"scroll","background-type":"","background-media":"","overlay-type":"","overlay-color":"","overlay-opacity":"","overlay-gradient":""},"tablet":{"background-color":"var(--ast-global-color-5)","background-image":"","background-repeat":"repeat","background-position":"center center","background-size":"auto","background-attachment":"scroll","background-type":"","background-media":"","overlay-type":"","overlay-color":"","overlay-opacity":"","overlay-gradient":""},"mobile":{"background-color":"var(--ast-global-color-5)","background-image":"","background-repeat":"repeat","background-position":"center center","background-size":"auto","background-attachment":"scroll","background-type":"","background-media":"","overlay-type":"","overlay-color":"","overlay-opacity":"","overlay-gradient":""}},"footnotes":""},"categories":[59,8,61],"tags":[],"class_list":["post-18885","post","type-post","status-publish","format-standard","has-post-thumbnail","hentry","category-destacado-noticia","category-noticias","category-novedades"],"yoast_head":"<!-- This site is optimized with the Yoast SEO plugin v25.4 - https:\/\/yoast.com\/wordpress\/plugins\/seo\/ -->\n<title>Museo Violeta Parra celebr\u00f3 D\u00eda del Libro con lectura abierta de d\u00e9cimas de Violeta Parra dirigidas al adulto mayor - Museo Violeta Parra<\/title>\n<meta name=\"robots\" content=\"index, follow, max-snippet:-1, max-image-preview:large, max-video-preview:-1\" \/>\n<link rel=\"canonical\" href=\"http:\/\/vientosur.top\/museo\/museo-violeta-parra-celebra-dia-del-libro-lectura-abierta-decimas-violeta-parra-dirigidas-al-adulto-mayor\/\" \/>\n<meta property=\"og:locale\" content=\"es_ES\" \/>\n<meta property=\"og:type\" content=\"article\" \/>\n<meta property=\"og:title\" content=\"Museo Violeta Parra celebr\u00f3 D\u00eda del Libro con lectura abierta de d\u00e9cimas de Violeta Parra dirigidas al adulto mayor - Museo Violeta Parra\" \/>\n<meta property=\"og:description\" content=\"El Museo Violeta Parra conmemor\u00f3\u00a0el D\u00eda Internacional del Libro con la lectura abierta y compartida de las d\u00e9cimas autobiogr\u00e1ficas de Violeta Parra por adultos mayores en la Sala Run Run. 15 textos de la vida de la artista fueron le\u00eddos y analizados en una emotiva jornada de conversaci\u00f3n y reflexi\u00f3n que relev\u00f3 el valor del [&hellip;]\" \/>\n<meta property=\"og:url\" content=\"http:\/\/vientosur.top\/museo\/museo-violeta-parra-celebra-dia-del-libro-lectura-abierta-decimas-violeta-parra-dirigidas-al-adulto-mayor\/\" \/>\n<meta property=\"og:site_name\" content=\"Museo Violeta Parra\" \/>\n<meta property=\"article:published_time\" content=\"2019-04-22T13:27:47+00:00\" \/>\n<meta property=\"og:image\" content=\"http:\/\/vientosur.top\/museo\/wp-content\/uploads\/2019\/04\/DSC_0062.jpg\" \/>\n\t<meta property=\"og:image:width\" content=\"2000\" \/>\n\t<meta property=\"og:image:height\" content=\"1330\" \/>\n\t<meta property=\"og:image:type\" content=\"image\/jpeg\" \/>\n<meta name=\"author\" content=\"admin\" \/>\n<meta name=\"twitter:card\" content=\"summary_large_image\" \/>\n<meta name=\"twitter:label1\" content=\"Escrito por\" \/>\n\t<meta name=\"twitter:data1\" content=\"admin\" \/>\n\t<meta name=\"twitter:label2\" content=\"Tiempo de lectura\" \/>\n\t<meta name=\"twitter:data2\" content=\"1 minuto\" \/>\n<script type=\"application\/ld+json\" class=\"yoast-schema-graph\">{\"@context\":\"https:\/\/schema.org\",\"@graph\":[{\"@type\":\"WebPage\",\"@id\":\"http:\/\/vientosur.top\/museo\/museo-violeta-parra-celebra-dia-del-libro-lectura-abierta-decimas-violeta-parra-dirigidas-al-adulto-mayor\/\",\"url\":\"http:\/\/vientosur.top\/museo\/museo-violeta-parra-celebra-dia-del-libro-lectura-abierta-decimas-violeta-parra-dirigidas-al-adulto-mayor\/\",\"name\":\"Museo Violeta Parra celebr\u00f3 D\u00eda del Libro con lectura abierta de d\u00e9cimas de Violeta Parra dirigidas al adulto mayor - Museo Violeta Parra\",\"isPartOf\":{\"@id\":\"http:\/\/vientosur.top\/museo\/#website\"},\"primaryImageOfPage\":{\"@id\":\"http:\/\/vientosur.top\/museo\/museo-violeta-parra-celebra-dia-del-libro-lectura-abierta-decimas-violeta-parra-dirigidas-al-adulto-mayor\/#primaryimage\"},\"image\":{\"@id\":\"http:\/\/vientosur.top\/museo\/museo-violeta-parra-celebra-dia-del-libro-lectura-abierta-decimas-violeta-parra-dirigidas-al-adulto-mayor\/#primaryimage\"},\"thumbnailUrl\":\"http:\/\/vientosur.top\/museo\/wp-content\/uploads\/2019\/04\/DSC_0062.jpg\",\"datePublished\":\"2019-04-22T13:27:47+00:00\",\"author\":{\"@id\":\"http:\/\/vientosur.top\/museo\/#\/schema\/person\/20c79d3c38800971feec8c2693c3dd9c\"},\"breadcrumb\":{\"@id\":\"http:\/\/vientosur.top\/museo\/museo-violeta-parra-celebra-dia-del-libro-lectura-abierta-decimas-violeta-parra-dirigidas-al-adulto-mayor\/#breadcrumb\"},\"inLanguage\":\"es\",\"potentialAction\":[{\"@type\":\"ReadAction\",\"target\":[\"http:\/\/vientosur.top\/museo\/museo-violeta-parra-celebra-dia-del-libro-lectura-abierta-decimas-violeta-parra-dirigidas-al-adulto-mayor\/\"]}]},{\"@type\":\"ImageObject\",\"inLanguage\":\"es\",\"@id\":\"http:\/\/vientosur.top\/museo\/museo-violeta-parra-celebra-dia-del-libro-lectura-abierta-decimas-violeta-parra-dirigidas-al-adulto-mayor\/#primaryimage\",\"url\":\"http:\/\/vientosur.top\/museo\/wp-content\/uploads\/2019\/04\/DSC_0062.jpg\",\"contentUrl\":\"http:\/\/vientosur.top\/museo\/wp-content\/uploads\/2019\/04\/DSC_0062.jpg\",\"width\":2000,\"height\":1330},{\"@type\":\"BreadcrumbList\",\"@id\":\"http:\/\/vientosur.top\/museo\/museo-violeta-parra-celebra-dia-del-libro-lectura-abierta-decimas-violeta-parra-dirigidas-al-adulto-mayor\/#breadcrumb\",\"itemListElement\":[{\"@type\":\"ListItem\",\"position\":1,\"name\":\"Portada\",\"item\":\"http:\/\/vientosur.top\/museo\/\"},{\"@type\":\"ListItem\",\"position\":2,\"name\":\"Museo Violeta Parra celebr\u00f3 D\u00eda del Libro con lectura abierta de d\u00e9cimas de Violeta Parra dirigidas al adulto mayor\"}]},{\"@type\":\"WebSite\",\"@id\":\"http:\/\/vientosur.top\/museo\/#website\",\"url\":\"http:\/\/vientosur.top\/museo\/\",\"name\":\"Museo Violeta Parra\",\"description\":\"Espacio que alberga tanto la memoria y legado creativo de la artista\",\"potentialAction\":[{\"@type\":\"SearchAction\",\"target\":{\"@type\":\"EntryPoint\",\"urlTemplate\":\"http:\/\/vientosur.top\/museo\/?s={search_term_string}\"},\"query-input\":{\"@type\":\"PropertyValueSpecification\",\"valueRequired\":true,\"valueName\":\"search_term_string\"}}],\"inLanguage\":\"es\"},{\"@type\":\"Person\",\"@id\":\"http:\/\/vientosur.top\/museo\/#\/schema\/person\/20c79d3c38800971feec8c2693c3dd9c\",\"name\":\"admin\",\"image\":{\"@type\":\"ImageObject\",\"inLanguage\":\"es\",\"@id\":\"http:\/\/vientosur.top\/museo\/#\/schema\/person\/image\/\",\"url\":\"https:\/\/secure.gravatar.com\/avatar\/713677ece3ffa642287213a80e5b773bce9ab81c269dd6d95102a990951c922f?s=96&d=mm&r=g\",\"contentUrl\":\"https:\/\/secure.gravatar.com\/avatar\/713677ece3ffa642287213a80e5b773bce9ab81c269dd6d95102a990951c922f?s=96&d=mm&r=g\",\"caption\":\"admin\"},\"sameAs\":[\"http:\/\/vientosur.top\/museo\"],\"url\":\"http:\/\/vientosur.top\/museo\/author\/comunicacionesmvp\/\"}]}<\/script>\n<!-- \/ Yoast SEO plugin. -->","yoast_head_json":{"title":"Museo Violeta Parra celebr\u00f3 D\u00eda del Libro con lectura abierta de d\u00e9cimas de Violeta Parra dirigidas al adulto mayor - Museo Violeta Parra","robots":{"index":"index","follow":"follow","max-snippet":"max-snippet:-1","max-image-preview":"max-image-preview:large","max-video-preview":"max-video-preview:-1"},"canonical":"http:\/\/vientosur.top\/museo\/museo-violeta-parra-celebra-dia-del-libro-lectura-abierta-decimas-violeta-parra-dirigidas-al-adulto-mayor\/","og_locale":"es_ES","og_type":"article","og_title":"Museo Violeta Parra celebr\u00f3 D\u00eda del Libro con lectura abierta de d\u00e9cimas de Violeta Parra dirigidas al adulto mayor - Museo Violeta Parra","og_description":"El Museo Violeta Parra conmemor\u00f3\u00a0el D\u00eda Internacional del Libro con la lectura abierta y compartida de las d\u00e9cimas autobiogr\u00e1ficas de Violeta Parra por adultos mayores en la Sala Run Run. 15 textos de la vida de la artista fueron le\u00eddos y analizados en una emotiva jornada de conversaci\u00f3n y reflexi\u00f3n que relev\u00f3 el valor del [&hellip;]","og_url":"http:\/\/vientosur.top\/museo\/museo-violeta-parra-celebra-dia-del-libro-lectura-abierta-decimas-violeta-parra-dirigidas-al-adulto-mayor\/","og_site_name":"Museo Violeta Parra","article_published_time":"2019-04-22T13:27:47+00:00","og_image":[{"width":2000,"height":1330,"url":"http:\/\/vientosur.top\/museo\/wp-content\/uploads\/2019\/04\/DSC_0062.jpg","type":"image\/jpeg"}],"author":"admin","twitter_card":"summary_large_image","twitter_misc":{"Escrito por":"admin","Tiempo de lectura":"1 minuto"},"schema":{"@context":"https:\/\/schema.org","@graph":[{"@type":"WebPage","@id":"http:\/\/vientosur.top\/museo\/museo-violeta-parra-celebra-dia-del-libro-lectura-abierta-decimas-violeta-parra-dirigidas-al-adulto-mayor\/","url":"http:\/\/vientosur.top\/museo\/museo-violeta-parra-celebra-dia-del-libro-lectura-abierta-decimas-violeta-parra-dirigidas-al-adulto-mayor\/","name":"Museo Violeta Parra celebr\u00f3 D\u00eda del Libro con lectura abierta de d\u00e9cimas de Violeta Parra dirigidas al adulto mayor - Museo Violeta Parra","isPartOf":{"@id":"http:\/\/vientosur.top\/museo\/#website"},"primaryImageOfPage":{"@id":"http:\/\/vientosur.top\/museo\/museo-violeta-parra-celebra-dia-del-libro-lectura-abierta-decimas-violeta-parra-dirigidas-al-adulto-mayor\/#primaryimage"},"image":{"@id":"http:\/\/vientosur.top\/museo\/museo-violeta-parra-celebra-dia-del-libro-lectura-abierta-decimas-violeta-parra-dirigidas-al-adulto-mayor\/#primaryimage"},"thumbnailUrl":"http:\/\/vientosur.top\/museo\/wp-content\/uploads\/2019\/04\/DSC_0062.jpg","datePublished":"2019-04-22T13:27:47+00:00","author":{"@id":"http:\/\/vientosur.top\/museo\/#\/schema\/person\/20c79d3c38800971feec8c2693c3dd9c"},"breadcrumb":{"@id":"http:\/\/vientosur.top\/museo\/museo-violeta-parra-celebra-dia-del-libro-lectura-abierta-decimas-violeta-parra-dirigidas-al-adulto-mayor\/#breadcrumb"},"inLanguage":"es","potentialAction":[{"@type":"ReadAction","target":["http:\/\/vientosur.top\/museo\/museo-violeta-parra-celebra-dia-del-libro-lectura-abierta-decimas-violeta-parra-dirigidas-al-adulto-mayor\/"]}]},{"@type":"ImageObject","inLanguage":"es","@id":"http:\/\/vientosur.top\/museo\/museo-violeta-parra-celebra-dia-del-libro-lectura-abierta-decimas-violeta-parra-dirigidas-al-adulto-mayor\/#primaryimage","url":"http:\/\/vientosur.top\/museo\/wp-content\/uploads\/2019\/04\/DSC_0062.jpg","contentUrl":"http:\/\/vientosur.top\/museo\/wp-content\/uploads\/2019\/04\/DSC_0062.jpg","width":2000,"height":1330},{"@type":"BreadcrumbList","@id":"http:\/\/vientosur.top\/museo\/museo-violeta-parra-celebra-dia-del-libro-lectura-abierta-decimas-violeta-parra-dirigidas-al-adulto-mayor\/#breadcrumb","itemListElement":[{"@type":"ListItem","position":1,"name":"Portada","item":"http:\/\/vientosur.top\/museo\/"},{"@type":"ListItem","position":2,"name":"Museo Violeta Parra celebr\u00f3 D\u00eda del Libro con lectura abierta de d\u00e9cimas de Violeta Parra dirigidas al adulto mayor"}]},{"@type":"WebSite","@id":"http:\/\/vientosur.top\/museo\/#website","url":"http:\/\/vientosur.top\/museo\/","name":"Museo Violeta Parra","description":"Espacio que alberga tanto la memoria y legado creativo de la artista","potentialAction":[{"@type":"SearchAction","target":{"@type":"EntryPoint","urlTemplate":"http:\/\/vientosur.top\/museo\/?s={search_term_string}"},"query-input":{"@type":"PropertyValueSpecification","valueRequired":true,"valueName":"search_term_string"}}],"inLanguage":"es"},{"@type":"Person","@id":"http:\/\/vientosur.top\/museo\/#\/schema\/person\/20c79d3c38800971feec8c2693c3dd9c","name":"admin","image":{"@type":"ImageObject","inLanguage":"es","@id":"http:\/\/vientosur.top\/museo\/#\/schema\/person\/image\/","url":"https:\/\/secure.gravatar.com\/avatar\/713677ece3ffa642287213a80e5b773bce9ab81c269dd6d95102a990951c922f?s=96&d=mm&r=g","contentUrl":"https:\/\/secure.gravatar.com\/avatar\/713677ece3ffa642287213a80e5b773bce9ab81c269dd6d95102a990951c922f?s=96&d=mm&r=g","caption":"admin"},"sameAs":["http:\/\/vientosur.top\/museo"],"url":"http:\/\/vientosur.top\/museo\/author\/comunicacionesmvp\/"}]}},"_links":{"self":[{"href":"http:\/\/vientosur.top\/museo\/wp-json\/wp\/v2\/posts\/18885","targetHints":{"allow":["GET"]}}],"collection":[{"href":"http:\/\/vientosur.top\/museo\/wp-json\/wp\/v2\/posts"}],"about":[{"href":"http:\/\/vientosur.top\/museo\/wp-json\/wp\/v2\/types\/post"}],"author":[{"embeddable":true,"href":"http:\/\/vientosur.top\/museo\/wp-json\/wp\/v2\/users\/5"}],"replies":[{"embeddable":true,"href":"http:\/\/vientosur.top\/museo\/wp-json\/wp\/v2\/comments?post=18885"}],"version-history":[{"count":0,"href":"http:\/\/vientosur.top\/museo\/wp-json\/wp\/v2\/posts\/18885\/revisions"}],"wp:featuredmedia":[{"embeddable":true,"href":"http:\/\/vientosur.top\/museo\/wp-json\/wp\/v2\/media\/19073"}],"wp:attachment":[{"href":"http:\/\/vientosur.top\/museo\/wp-json\/wp\/v2\/media?parent=18885"}],"wp:term":[{"taxonomy":"category","embeddable":true,"href":"http:\/\/vientosur.top\/museo\/wp-json\/wp\/v2\/categories?post=18885"},{"taxonomy":"post_tag","embeddable":true,"href":"http:\/\/vientosur.top\/museo\/wp-json\/wp\/v2\/tags?post=18885"}],"curies":[{"name":"wp","href":"https:\/\/api.w.org\/{rel}","templated":true}]}}