{"id":18960,"date":"2019-04-21T18:52:48","date_gmt":"2019-04-21T23:52:48","guid":{"rendered":"http:\/\/vientosur.top\/museo\/?p=18960"},"modified":"2019-04-21T18:52:48","modified_gmt":"2019-04-21T23:52:48","slug":"documental-viento-sabe-vuelvo-casa-se-presenta-museo-violeta-parra","status":"publish","type":"post","link":"http:\/\/vientosur.top\/museo\/documental-viento-sabe-vuelvo-casa-se-presenta-museo-violeta-parra\/","title":{"rendered":"Documental \u201cEl viento sabe que vuelvo a casa\u201d se proyect\u00f3 en Museo Violeta Parra"},"content":{"rendered":"<p>Jos\u00e9 Luis Torres Leiva (\u201cEl cielo, la tierra y la lluvia\u201d, \u201cVerano\u201d), uno de los cineastas chilenos m\u00e1s reconocidos internacionalmente, decidi\u00f3 seguir al documentalista Ignacio Ag\u00fcero mientras preparaba su primer largometraje de ficci\u00f3n en Chilo\u00e9, construido en torno al mito de una joven pareja de novios que desaparece en los bosques de la isla Meul\u00edn. El resultado de ese seguimiento es \u201cEl viento sabe que vuelvo a casa\u201d.<\/p>\n<p>\u201cMe atra\u00eda ese mundo aparte que representa vivir en lugares aislados donde la concepci\u00f3n de vida se basa muchas veces en visiones muy personales sobre el cotidiano o las relaciones humanas\u201d, se\u00f1ala Torres Leiva. El proyecto se rod\u00f3 en tres semanas: la primera se enfoc\u00f3 en el registro de paisajes y las dos siguientes con Ignacio Ag\u00fcero.<\/p>\n<p>Producido por Catalina Vergara, el filme forma parte de MiraDoc, programa que se ha dedicado a difundir la producci\u00f3n documental chilena a lo largo del pa\u00eds y con quien el Museo Violeta Parra mantiene una alianza que permite exhibir mensualmente productos de gran factura y calidad. La pieza audiovisual de Jos\u00e9 Luis Torres Leiva se exhibi\u00f3 el domingo 21 de abril de forma gratuita.<\/p>\n","protected":false},"excerpt":{"rendered":"<p>Jos\u00e9 Luis Torres Leiva (\u201cEl cielo, la tierra y la lluvia\u201d, \u201cVerano\u201d), uno de los cineastas chilenos m\u00e1s reconocidos internacionalmente, decidi\u00f3 seguir al documentalista Ignacio Ag\u00fcero mientras preparaba su primer largometraje de ficci\u00f3n en Chilo\u00e9, construido en torno al mito de una joven pareja de novios que desaparece en los bosques de la isla Meul\u00edn. [&hellip;]<\/p>\n","protected":false},"author":5,"featured_media":18773,"comment_status":"open","ping_status":"open","sticky":false,"template":"","format":"standard","meta":{"site-sidebar-layout":"default","site-content-layout":"","ast-site-content-layout":"default","site-content-style":"default","site-sidebar-style":"default","ast-global-header-display":"","ast-banner-title-visibility":"","ast-main-header-display":"","ast-hfb-above-header-display":"","ast-hfb-below-header-display":"","ast-hfb-mobile-header-display":"","site-post-title":"","ast-breadcrumbs-content":"","ast-featured-img":"","footer-sml-layout":"","theme-transparent-header-meta":"","adv-header-id-meta":"","stick-header-meta":"","header-above-stick-meta":"","header-main-stick-meta":"","header-below-stick-meta":"","astra-migrate-meta-layouts":"default","ast-page-background-enabled":"default","ast-page-background-meta":{"desktop":{"background-color":"var(--ast-global-color-4)","background-image":"","background-repeat":"repeat","background-position":"center center","background-size":"auto","background-attachment":"scroll","background-type":"","background-media":"","overlay-type":"","overlay-color":"","overlay-opacity":"","overlay-gradient":""},"tablet":{"background-color":"","background-image":"","background-repeat":"repeat","background-position":"center center","background-size":"auto","background-attachment":"scroll","background-type":"","background-media":"","overlay-type":"","overlay-color":"","overlay-opacity":"","overlay-gradient":""},"mobile":{"background-color":"","background-image":"","background-repeat":"repeat","background-position":"center center","background-size":"auto","background-attachment":"scroll","background-type":"","background-media":"","overlay-type":"","overlay-color":"","overlay-opacity":"","overlay-gradient":""}},"ast-content-background-meta":{"desktop":{"background-color":"var(--ast-global-color-5)","background-image":"","background-repeat":"repeat","background-position":"center center","background-size":"auto","background-attachment":"scroll","background-type":"","background-media":"","overlay-type":"","overlay-color":"","overlay-opacity":"","overlay-gradient":""},"tablet":{"background-color":"var(--ast-global-color-5)","background-image":"","background-repeat":"repeat","background-position":"center center","background-size":"auto","background-attachment":"scroll","background-type":"","background-media":"","overlay-type":"","overlay-color":"","overlay-opacity":"","overlay-gradient":""},"mobile":{"background-color":"var(--ast-global-color-5)","background-image":"","background-repeat":"repeat","background-position":"center center","background-size":"auto","background-attachment":"scroll","background-type":"","background-media":"","overlay-type":"","overlay-color":"","overlay-opacity":"","overlay-gradient":""}},"footnotes":""},"categories":[59,8,61],"tags":[],"class_list":["post-18960","post","type-post","status-publish","format-standard","has-post-thumbnail","hentry","category-destacado-noticia","category-noticias","category-novedades"],"yoast_head":"<!-- This site is optimized with the Yoast SEO plugin v25.4 - https:\/\/yoast.com\/wordpress\/plugins\/seo\/ -->\n<title>Documental \u201cEl viento sabe que vuelvo a casa\u201d se proyect\u00f3 en Museo Violeta Parra - Museo Violeta Parra<\/title>\n<meta name=\"robots\" content=\"index, follow, max-snippet:-1, max-image-preview:large, max-video-preview:-1\" \/>\n<link rel=\"canonical\" href=\"http:\/\/vientosur.top\/museo\/documental-viento-sabe-vuelvo-casa-se-presenta-museo-violeta-parra\/\" \/>\n<meta property=\"og:locale\" content=\"es_ES\" \/>\n<meta property=\"og:type\" content=\"article\" \/>\n<meta property=\"og:title\" content=\"Documental \u201cEl viento sabe que vuelvo a casa\u201d se proyect\u00f3 en Museo Violeta Parra - Museo Violeta Parra\" \/>\n<meta property=\"og:description\" content=\"Jos\u00e9 Luis Torres Leiva (\u201cEl cielo, la tierra y la lluvia\u201d, \u201cVerano\u201d), uno de los cineastas chilenos m\u00e1s reconocidos internacionalmente, decidi\u00f3 seguir al documentalista Ignacio Ag\u00fcero mientras preparaba su primer largometraje de ficci\u00f3n en Chilo\u00e9, construido en torno al mito de una joven pareja de novios que desaparece en los bosques de la isla Meul\u00edn. [&hellip;]\" \/>\n<meta property=\"og:url\" content=\"http:\/\/vientosur.top\/museo\/documental-viento-sabe-vuelvo-casa-se-presenta-museo-violeta-parra\/\" \/>\n<meta property=\"og:site_name\" content=\"Museo Violeta Parra\" \/>\n<meta property=\"article:published_time\" content=\"2019-04-21T23:52:48+00:00\" \/>\n<meta property=\"og:image\" content=\"http:\/\/vientosur.top\/museo\/wp-content\/uploads\/2019\/04\/el_viento_sabe_que_vuelvo_a_casa_torres_leiva.jpg\" \/>\n\t<meta property=\"og:image:width\" content=\"800\" \/>\n\t<meta property=\"og:image:height\" content=\"450\" \/>\n\t<meta property=\"og:image:type\" content=\"image\/jpeg\" \/>\n<meta name=\"author\" content=\"admin\" \/>\n<meta name=\"twitter:card\" content=\"summary_large_image\" \/>\n<meta name=\"twitter:label1\" content=\"Escrito por\" \/>\n\t<meta name=\"twitter:data1\" content=\"admin\" \/>\n\t<meta name=\"twitter:label2\" content=\"Tiempo de lectura\" \/>\n\t<meta name=\"twitter:data2\" content=\"1 minuto\" \/>\n<script type=\"application\/ld+json\" class=\"yoast-schema-graph\">{\"@context\":\"https:\/\/schema.org\",\"@graph\":[{\"@type\":\"WebPage\",\"@id\":\"http:\/\/vientosur.top\/museo\/documental-viento-sabe-vuelvo-casa-se-presenta-museo-violeta-parra\/\",\"url\":\"http:\/\/vientosur.top\/museo\/documental-viento-sabe-vuelvo-casa-se-presenta-museo-violeta-parra\/\",\"name\":\"Documental \u201cEl viento sabe que vuelvo a casa\u201d se proyect\u00f3 en Museo Violeta Parra - Museo Violeta Parra\",\"isPartOf\":{\"@id\":\"http:\/\/vientosur.top\/museo\/#website\"},\"primaryImageOfPage\":{\"@id\":\"http:\/\/vientosur.top\/museo\/documental-viento-sabe-vuelvo-casa-se-presenta-museo-violeta-parra\/#primaryimage\"},\"image\":{\"@id\":\"http:\/\/vientosur.top\/museo\/documental-viento-sabe-vuelvo-casa-se-presenta-museo-violeta-parra\/#primaryimage\"},\"thumbnailUrl\":\"http:\/\/vientosur.top\/museo\/wp-content\/uploads\/2019\/04\/el_viento_sabe_que_vuelvo_a_casa_torres_leiva.jpg\",\"datePublished\":\"2019-04-21T23:52:48+00:00\",\"author\":{\"@id\":\"http:\/\/vientosur.top\/museo\/#\/schema\/person\/20c79d3c38800971feec8c2693c3dd9c\"},\"breadcrumb\":{\"@id\":\"http:\/\/vientosur.top\/museo\/documental-viento-sabe-vuelvo-casa-se-presenta-museo-violeta-parra\/#breadcrumb\"},\"inLanguage\":\"es\",\"potentialAction\":[{\"@type\":\"ReadAction\",\"target\":[\"http:\/\/vientosur.top\/museo\/documental-viento-sabe-vuelvo-casa-se-presenta-museo-violeta-parra\/\"]}]},{\"@type\":\"ImageObject\",\"inLanguage\":\"es\",\"@id\":\"http:\/\/vientosur.top\/museo\/documental-viento-sabe-vuelvo-casa-se-presenta-museo-violeta-parra\/#primaryimage\",\"url\":\"http:\/\/vientosur.top\/museo\/wp-content\/uploads\/2019\/04\/el_viento_sabe_que_vuelvo_a_casa_torres_leiva.jpg\",\"contentUrl\":\"http:\/\/vientosur.top\/museo\/wp-content\/uploads\/2019\/04\/el_viento_sabe_que_vuelvo_a_casa_torres_leiva.jpg\",\"width\":800,\"height\":450},{\"@type\":\"BreadcrumbList\",\"@id\":\"http:\/\/vientosur.top\/museo\/documental-viento-sabe-vuelvo-casa-se-presenta-museo-violeta-parra\/#breadcrumb\",\"itemListElement\":[{\"@type\":\"ListItem\",\"position\":1,\"name\":\"Portada\",\"item\":\"http:\/\/vientosur.top\/museo\/\"},{\"@type\":\"ListItem\",\"position\":2,\"name\":\"Documental \u201cEl viento sabe que vuelvo a casa\u201d se proyect\u00f3 en Museo Violeta Parra\"}]},{\"@type\":\"WebSite\",\"@id\":\"http:\/\/vientosur.top\/museo\/#website\",\"url\":\"http:\/\/vientosur.top\/museo\/\",\"name\":\"Museo Violeta Parra\",\"description\":\"Espacio que alberga tanto la memoria y legado creativo de la artista\",\"potentialAction\":[{\"@type\":\"SearchAction\",\"target\":{\"@type\":\"EntryPoint\",\"urlTemplate\":\"http:\/\/vientosur.top\/museo\/?s={search_term_string}\"},\"query-input\":{\"@type\":\"PropertyValueSpecification\",\"valueRequired\":true,\"valueName\":\"search_term_string\"}}],\"inLanguage\":\"es\"},{\"@type\":\"Person\",\"@id\":\"http:\/\/vientosur.top\/museo\/#\/schema\/person\/20c79d3c38800971feec8c2693c3dd9c\",\"name\":\"admin\",\"image\":{\"@type\":\"ImageObject\",\"inLanguage\":\"es\",\"@id\":\"http:\/\/vientosur.top\/museo\/#\/schema\/person\/image\/\",\"url\":\"https:\/\/secure.gravatar.com\/avatar\/713677ece3ffa642287213a80e5b773bce9ab81c269dd6d95102a990951c922f?s=96&d=mm&r=g\",\"contentUrl\":\"https:\/\/secure.gravatar.com\/avatar\/713677ece3ffa642287213a80e5b773bce9ab81c269dd6d95102a990951c922f?s=96&d=mm&r=g\",\"caption\":\"admin\"},\"sameAs\":[\"http:\/\/vientosur.top\/museo\"],\"url\":\"http:\/\/vientosur.top\/museo\/author\/comunicacionesmvp\/\"}]}<\/script>\n<!-- \/ Yoast SEO plugin. -->","yoast_head_json":{"title":"Documental \u201cEl viento sabe que vuelvo a casa\u201d se proyect\u00f3 en Museo Violeta Parra - Museo Violeta Parra","robots":{"index":"index","follow":"follow","max-snippet":"max-snippet:-1","max-image-preview":"max-image-preview:large","max-video-preview":"max-video-preview:-1"},"canonical":"http:\/\/vientosur.top\/museo\/documental-viento-sabe-vuelvo-casa-se-presenta-museo-violeta-parra\/","og_locale":"es_ES","og_type":"article","og_title":"Documental \u201cEl viento sabe que vuelvo a casa\u201d se proyect\u00f3 en Museo Violeta Parra - Museo Violeta Parra","og_description":"Jos\u00e9 Luis Torres Leiva (\u201cEl cielo, la tierra y la lluvia\u201d, \u201cVerano\u201d), uno de los cineastas chilenos m\u00e1s reconocidos internacionalmente, decidi\u00f3 seguir al documentalista Ignacio Ag\u00fcero mientras preparaba su primer largometraje de ficci\u00f3n en Chilo\u00e9, construido en torno al mito de una joven pareja de novios que desaparece en los bosques de la isla Meul\u00edn. [&hellip;]","og_url":"http:\/\/vientosur.top\/museo\/documental-viento-sabe-vuelvo-casa-se-presenta-museo-violeta-parra\/","og_site_name":"Museo Violeta Parra","article_published_time":"2019-04-21T23:52:48+00:00","og_image":[{"width":800,"height":450,"url":"http:\/\/vientosur.top\/museo\/wp-content\/uploads\/2019\/04\/el_viento_sabe_que_vuelvo_a_casa_torres_leiva.jpg","type":"image\/jpeg"}],"author":"admin","twitter_card":"summary_large_image","twitter_misc":{"Escrito por":"admin","Tiempo de lectura":"1 minuto"},"schema":{"@context":"https:\/\/schema.org","@graph":[{"@type":"WebPage","@id":"http:\/\/vientosur.top\/museo\/documental-viento-sabe-vuelvo-casa-se-presenta-museo-violeta-parra\/","url":"http:\/\/vientosur.top\/museo\/documental-viento-sabe-vuelvo-casa-se-presenta-museo-violeta-parra\/","name":"Documental \u201cEl viento sabe que vuelvo a casa\u201d se proyect\u00f3 en Museo Violeta Parra - Museo Violeta Parra","isPartOf":{"@id":"http:\/\/vientosur.top\/museo\/#website"},"primaryImageOfPage":{"@id":"http:\/\/vientosur.top\/museo\/documental-viento-sabe-vuelvo-casa-se-presenta-museo-violeta-parra\/#primaryimage"},"image":{"@id":"http:\/\/vientosur.top\/museo\/documental-viento-sabe-vuelvo-casa-se-presenta-museo-violeta-parra\/#primaryimage"},"thumbnailUrl":"http:\/\/vientosur.top\/museo\/wp-content\/uploads\/2019\/04\/el_viento_sabe_que_vuelvo_a_casa_torres_leiva.jpg","datePublished":"2019-04-21T23:52:48+00:00","author":{"@id":"http:\/\/vientosur.top\/museo\/#\/schema\/person\/20c79d3c38800971feec8c2693c3dd9c"},"breadcrumb":{"@id":"http:\/\/vientosur.top\/museo\/documental-viento-sabe-vuelvo-casa-se-presenta-museo-violeta-parra\/#breadcrumb"},"inLanguage":"es","potentialAction":[{"@type":"ReadAction","target":["http:\/\/vientosur.top\/museo\/documental-viento-sabe-vuelvo-casa-se-presenta-museo-violeta-parra\/"]}]},{"@type":"ImageObject","inLanguage":"es","@id":"http:\/\/vientosur.top\/museo\/documental-viento-sabe-vuelvo-casa-se-presenta-museo-violeta-parra\/#primaryimage","url":"http:\/\/vientosur.top\/museo\/wp-content\/uploads\/2019\/04\/el_viento_sabe_que_vuelvo_a_casa_torres_leiva.jpg","contentUrl":"http:\/\/vientosur.top\/museo\/wp-content\/uploads\/2019\/04\/el_viento_sabe_que_vuelvo_a_casa_torres_leiva.jpg","width":800,"height":450},{"@type":"BreadcrumbList","@id":"http:\/\/vientosur.top\/museo\/documental-viento-sabe-vuelvo-casa-se-presenta-museo-violeta-parra\/#breadcrumb","itemListElement":[{"@type":"ListItem","position":1,"name":"Portada","item":"http:\/\/vientosur.top\/museo\/"},{"@type":"ListItem","position":2,"name":"Documental \u201cEl viento sabe que vuelvo a casa\u201d se proyect\u00f3 en Museo Violeta Parra"}]},{"@type":"WebSite","@id":"http:\/\/vientosur.top\/museo\/#website","url":"http:\/\/vientosur.top\/museo\/","name":"Museo Violeta Parra","description":"Espacio que alberga tanto la memoria y legado creativo de la artista","potentialAction":[{"@type":"SearchAction","target":{"@type":"EntryPoint","urlTemplate":"http:\/\/vientosur.top\/museo\/?s={search_term_string}"},"query-input":{"@type":"PropertyValueSpecification","valueRequired":true,"valueName":"search_term_string"}}],"inLanguage":"es"},{"@type":"Person","@id":"http:\/\/vientosur.top\/museo\/#\/schema\/person\/20c79d3c38800971feec8c2693c3dd9c","name":"admin","image":{"@type":"ImageObject","inLanguage":"es","@id":"http:\/\/vientosur.top\/museo\/#\/schema\/person\/image\/","url":"https:\/\/secure.gravatar.com\/avatar\/713677ece3ffa642287213a80e5b773bce9ab81c269dd6d95102a990951c922f?s=96&d=mm&r=g","contentUrl":"https:\/\/secure.gravatar.com\/avatar\/713677ece3ffa642287213a80e5b773bce9ab81c269dd6d95102a990951c922f?s=96&d=mm&r=g","caption":"admin"},"sameAs":["http:\/\/vientosur.top\/museo"],"url":"http:\/\/vientosur.top\/museo\/author\/comunicacionesmvp\/"}]}},"_links":{"self":[{"href":"http:\/\/vientosur.top\/museo\/wp-json\/wp\/v2\/posts\/18960","targetHints":{"allow":["GET"]}}],"collection":[{"href":"http:\/\/vientosur.top\/museo\/wp-json\/wp\/v2\/posts"}],"about":[{"href":"http:\/\/vientosur.top\/museo\/wp-json\/wp\/v2\/types\/post"}],"author":[{"embeddable":true,"href":"http:\/\/vientosur.top\/museo\/wp-json\/wp\/v2\/users\/5"}],"replies":[{"embeddable":true,"href":"http:\/\/vientosur.top\/museo\/wp-json\/wp\/v2\/comments?post=18960"}],"version-history":[{"count":0,"href":"http:\/\/vientosur.top\/museo\/wp-json\/wp\/v2\/posts\/18960\/revisions"}],"wp:featuredmedia":[{"embeddable":true,"href":"http:\/\/vientosur.top\/museo\/wp-json\/wp\/v2\/media\/18773"}],"wp:attachment":[{"href":"http:\/\/vientosur.top\/museo\/wp-json\/wp\/v2\/media?parent=18960"}],"wp:term":[{"taxonomy":"category","embeddable":true,"href":"http:\/\/vientosur.top\/museo\/wp-json\/wp\/v2\/categories?post=18960"},{"taxonomy":"post_tag","embeddable":true,"href":"http:\/\/vientosur.top\/museo\/wp-json\/wp\/v2\/tags?post=18960"}],"curies":[{"name":"wp","href":"https:\/\/api.w.org\/{rel}","templated":true}]}}