{"id":18967,"date":"2019-04-22T18:54:09","date_gmt":"2019-04-22T23:54:09","guid":{"rendered":"http:\/\/vientosur.top\/museo\/?p=18967"},"modified":"2019-04-22T18:54:09","modified_gmt":"2019-04-22T23:54:09","slug":"sebastian-mejia-obra-fotografica-llegan-al-museo-violeta-parra","status":"publish","type":"post","link":"http:\/\/vientosur.top\/museo\/sebastian-mejia-obra-fotografica-llegan-al-museo-violeta-parra\/","title":{"rendered":"Sebasti\u00e1n Mej\u00eda  y su obra fotogr\u00e1fica llegaron al  Museo Violeta Parra"},"content":{"rendered":"<p>En una nueva charla del Ciclo Pupila de \u00c1guila, en el que diversos fot\u00f3grafos reflexionan sobre la identidad chilena, Sebasti\u00e1n Mej\u00eda present\u00f3 su obra catalogada como una fotograf\u00eda que reivindica la tradici\u00f3n de su medio. \u201cCada instancia de presentaci\u00f3n de mi trabajo es una experiencia de aprendizaje, la interacci\u00f3n con el p\u00fablico es clave, porque mi proceso de trabajo es m\u00e1s bien solitario, es el p\u00fablico quien me hace ver relaciones que en el momento de la toma no tom\u00e9 en cuenta\u201d, se\u00f1al\u00f3 Mej\u00eda.<\/p>\n<p>Mej\u00eda naci\u00f3 en Lima, Per\u00fa, en 1982 y desde hace a\u00f1os vive y trabaja en Chile. Estudi\u00f3 Fotograf\u00eda en el School of Visual Arts de Nueva York, EE.UU., donde gan\u00f3 el premio al logro fotogr\u00e1fico. Ha realizado diversas exposiciones individuales en Santiago, entre las que se destacan \u201cTopofilia\u201d, en la galer\u00eda Animal, 2008; \u201cHistoria Natural\u201d en la galer\u00eda 211, el a\u00f1o 2010; \u201cBiopolis\u201d en la Galeria Tajamar, el 2012; y La Ciudad Des-Modernizada en el Museo de Arte Contempor\u00e1neo.<\/p>\n<p>En el a\u00f1o 2014 public\u00f3 su primer libro fotogr\u00e1fico titulado \u201cPanorama\u201d con Daga Ediciones. Tambi\u00e9n ha participado en una variedad de ferias internacionales y exposiciones colectivas recientes incluyendo ParisPhoto 2014 con Toluca Fine Art, LimaPhoto 2014 con Carlos Caama\u00f1o Proyectos Fotograficos, BuenosAiresPhoto con la Galeria Aldo de Soussa, \u201cPuro Chile\u201d en el Centro Cultural Palacio La Moneda, \u201cCiudad Domesticada\u201d en el Centro Cultural Estaci\u00f3n Mapocho, 2011; \u201cDivergencias\u201d en el Centro Cultural de Chile en Buenos Aires, 2012; \u201cCiudades Paralelas\u201d en la Alianza Francesa de Lima, 2013; y \u201cTrue Lies\u201d en la Visual Arts Gallery de Nueva York, 2013.<\/p>\n<p>El trabajo de Sebastian siempre se ha basado en el paisaje, principalmente en la ciudad. \u201cPara m\u00ed es clave que la obra investigue el tema de \u2018identidad chilena\u00b4 porque es un proceso de transformaci\u00f3n colectiva en el que todos estamos participando. Parte importante del trabajo tiene que ver con expresi\u00f3n personal, pero insisto en el trabajo en la calle, en el espacio p\u00fablico para hablar de algo que va m\u00e1s all\u00e1 de m\u00ed\u201d, puntualiz\u00f3 Sebasti\u00e1n Mej\u00eda.<\/p>\n","protected":false},"excerpt":{"rendered":"<p>En una nueva charla del Ciclo Pupila de \u00c1guila, en el que diversos fot\u00f3grafos reflexionan sobre la identidad chilena, Sebasti\u00e1n Mej\u00eda present\u00f3 su obra catalogada como una fotograf\u00eda que reivindica la tradici\u00f3n de su medio. \u201cCada instancia de presentaci\u00f3n de mi trabajo es una experiencia de aprendizaje, la interacci\u00f3n con el p\u00fablico es clave, porque [&hellip;]<\/p>\n","protected":false},"author":5,"featured_media":19079,"comment_status":"open","ping_status":"open","sticky":false,"template":"","format":"standard","meta":{"site-sidebar-layout":"default","site-content-layout":"","ast-site-content-layout":"default","site-content-style":"default","site-sidebar-style":"default","ast-global-header-display":"","ast-banner-title-visibility":"","ast-main-header-display":"","ast-hfb-above-header-display":"","ast-hfb-below-header-display":"","ast-hfb-mobile-header-display":"","site-post-title":"","ast-breadcrumbs-content":"","ast-featured-img":"","footer-sml-layout":"","theme-transparent-header-meta":"","adv-header-id-meta":"","stick-header-meta":"","header-above-stick-meta":"","header-main-stick-meta":"","header-below-stick-meta":"","astra-migrate-meta-layouts":"default","ast-page-background-enabled":"default","ast-page-background-meta":{"desktop":{"background-color":"var(--ast-global-color-4)","background-image":"","background-repeat":"repeat","background-position":"center center","background-size":"auto","background-attachment":"scroll","background-type":"","background-media":"","overlay-type":"","overlay-color":"","overlay-opacity":"","overlay-gradient":""},"tablet":{"background-color":"","background-image":"","background-repeat":"repeat","background-position":"center center","background-size":"auto","background-attachment":"scroll","background-type":"","background-media":"","overlay-type":"","overlay-color":"","overlay-opacity":"","overlay-gradient":""},"mobile":{"background-color":"","background-image":"","background-repeat":"repeat","background-position":"center center","background-size":"auto","background-attachment":"scroll","background-type":"","background-media":"","overlay-type":"","overlay-color":"","overlay-opacity":"","overlay-gradient":""}},"ast-content-background-meta":{"desktop":{"background-color":"var(--ast-global-color-5)","background-image":"","background-repeat":"repeat","background-position":"center center","background-size":"auto","background-attachment":"scroll","background-type":"","background-media":"","overlay-type":"","overlay-color":"","overlay-opacity":"","overlay-gradient":""},"tablet":{"background-color":"var(--ast-global-color-5)","background-image":"","background-repeat":"repeat","background-position":"center center","background-size":"auto","background-attachment":"scroll","background-type":"","background-media":"","overlay-type":"","overlay-color":"","overlay-opacity":"","overlay-gradient":""},"mobile":{"background-color":"var(--ast-global-color-5)","background-image":"","background-repeat":"repeat","background-position":"center center","background-size":"auto","background-attachment":"scroll","background-type":"","background-media":"","overlay-type":"","overlay-color":"","overlay-opacity":"","overlay-gradient":""}},"footnotes":""},"categories":[59,8,61],"tags":[],"class_list":["post-18967","post","type-post","status-publish","format-standard","has-post-thumbnail","hentry","category-destacado-noticia","category-noticias","category-novedades"],"yoast_head":"<!-- This site is optimized with the Yoast SEO plugin v25.4 - https:\/\/yoast.com\/wordpress\/plugins\/seo\/ -->\n<title>Sebasti\u00e1n Mej\u00eda y su obra fotogr\u00e1fica llegaron al Museo Violeta Parra - Museo Violeta Parra<\/title>\n<meta name=\"robots\" content=\"index, follow, max-snippet:-1, max-image-preview:large, max-video-preview:-1\" \/>\n<link rel=\"canonical\" href=\"http:\/\/vientosur.top\/museo\/sebastian-mejia-obra-fotografica-llegan-al-museo-violeta-parra\/\" \/>\n<meta property=\"og:locale\" content=\"es_ES\" \/>\n<meta property=\"og:type\" content=\"article\" \/>\n<meta property=\"og:title\" content=\"Sebasti\u00e1n Mej\u00eda y su obra fotogr\u00e1fica llegaron al Museo Violeta Parra - Museo Violeta Parra\" \/>\n<meta property=\"og:description\" content=\"En una nueva charla del Ciclo Pupila de \u00c1guila, en el que diversos fot\u00f3grafos reflexionan sobre la identidad chilena, Sebasti\u00e1n Mej\u00eda present\u00f3 su obra catalogada como una fotograf\u00eda que reivindica la tradici\u00f3n de su medio. \u201cCada instancia de presentaci\u00f3n de mi trabajo es una experiencia de aprendizaje, la interacci\u00f3n con el p\u00fablico es clave, porque [&hellip;]\" \/>\n<meta property=\"og:url\" content=\"http:\/\/vientosur.top\/museo\/sebastian-mejia-obra-fotografica-llegan-al-museo-violeta-parra\/\" \/>\n<meta property=\"og:site_name\" content=\"Museo Violeta Parra\" \/>\n<meta property=\"article:published_time\" content=\"2019-04-22T23:54:09+00:00\" \/>\n<meta property=\"og:image\" content=\"http:\/\/vientosur.top\/museo\/wp-content\/uploads\/2019\/04\/Sebastian-Mej\u00eda.jpg\" \/>\n\t<meta property=\"og:image:width\" content=\"2000\" \/>\n\t<meta property=\"og:image:height\" content=\"1345\" \/>\n\t<meta property=\"og:image:type\" content=\"image\/jpeg\" \/>\n<meta name=\"author\" content=\"admin\" \/>\n<meta name=\"twitter:card\" content=\"summary_large_image\" \/>\n<meta name=\"twitter:label1\" content=\"Escrito por\" \/>\n\t<meta name=\"twitter:data1\" content=\"admin\" \/>\n\t<meta name=\"twitter:label2\" content=\"Tiempo de lectura\" \/>\n\t<meta name=\"twitter:data2\" content=\"2 minutos\" \/>\n<script type=\"application\/ld+json\" class=\"yoast-schema-graph\">{\"@context\":\"https:\/\/schema.org\",\"@graph\":[{\"@type\":\"WebPage\",\"@id\":\"http:\/\/vientosur.top\/museo\/sebastian-mejia-obra-fotografica-llegan-al-museo-violeta-parra\/\",\"url\":\"http:\/\/vientosur.top\/museo\/sebastian-mejia-obra-fotografica-llegan-al-museo-violeta-parra\/\",\"name\":\"Sebasti\u00e1n Mej\u00eda y su obra fotogr\u00e1fica llegaron al Museo Violeta Parra - Museo Violeta Parra\",\"isPartOf\":{\"@id\":\"http:\/\/vientosur.top\/museo\/#website\"},\"primaryImageOfPage\":{\"@id\":\"http:\/\/vientosur.top\/museo\/sebastian-mejia-obra-fotografica-llegan-al-museo-violeta-parra\/#primaryimage\"},\"image\":{\"@id\":\"http:\/\/vientosur.top\/museo\/sebastian-mejia-obra-fotografica-llegan-al-museo-violeta-parra\/#primaryimage\"},\"thumbnailUrl\":\"http:\/\/vientosur.top\/museo\/wp-content\/uploads\/2019\/04\/Sebastian-Mej\u00eda.jpg\",\"datePublished\":\"2019-04-22T23:54:09+00:00\",\"author\":{\"@id\":\"http:\/\/vientosur.top\/museo\/#\/schema\/person\/20c79d3c38800971feec8c2693c3dd9c\"},\"breadcrumb\":{\"@id\":\"http:\/\/vientosur.top\/museo\/sebastian-mejia-obra-fotografica-llegan-al-museo-violeta-parra\/#breadcrumb\"},\"inLanguage\":\"es\",\"potentialAction\":[{\"@type\":\"ReadAction\",\"target\":[\"http:\/\/vientosur.top\/museo\/sebastian-mejia-obra-fotografica-llegan-al-museo-violeta-parra\/\"]}]},{\"@type\":\"ImageObject\",\"inLanguage\":\"es\",\"@id\":\"http:\/\/vientosur.top\/museo\/sebastian-mejia-obra-fotografica-llegan-al-museo-violeta-parra\/#primaryimage\",\"url\":\"http:\/\/vientosur.top\/museo\/wp-content\/uploads\/2019\/04\/Sebastian-Mej\u00eda.jpg\",\"contentUrl\":\"http:\/\/vientosur.top\/museo\/wp-content\/uploads\/2019\/04\/Sebastian-Mej\u00eda.jpg\",\"width\":2000,\"height\":1345},{\"@type\":\"BreadcrumbList\",\"@id\":\"http:\/\/vientosur.top\/museo\/sebastian-mejia-obra-fotografica-llegan-al-museo-violeta-parra\/#breadcrumb\",\"itemListElement\":[{\"@type\":\"ListItem\",\"position\":1,\"name\":\"Portada\",\"item\":\"http:\/\/vientosur.top\/museo\/\"},{\"@type\":\"ListItem\",\"position\":2,\"name\":\"Sebasti\u00e1n Mej\u00eda y su obra fotogr\u00e1fica llegaron al Museo Violeta Parra\"}]},{\"@type\":\"WebSite\",\"@id\":\"http:\/\/vientosur.top\/museo\/#website\",\"url\":\"http:\/\/vientosur.top\/museo\/\",\"name\":\"Museo Violeta Parra\",\"description\":\"Espacio que alberga tanto la memoria y legado creativo de la artista\",\"potentialAction\":[{\"@type\":\"SearchAction\",\"target\":{\"@type\":\"EntryPoint\",\"urlTemplate\":\"http:\/\/vientosur.top\/museo\/?s={search_term_string}\"},\"query-input\":{\"@type\":\"PropertyValueSpecification\",\"valueRequired\":true,\"valueName\":\"search_term_string\"}}],\"inLanguage\":\"es\"},{\"@type\":\"Person\",\"@id\":\"http:\/\/vientosur.top\/museo\/#\/schema\/person\/20c79d3c38800971feec8c2693c3dd9c\",\"name\":\"admin\",\"image\":{\"@type\":\"ImageObject\",\"inLanguage\":\"es\",\"@id\":\"http:\/\/vientosur.top\/museo\/#\/schema\/person\/image\/\",\"url\":\"https:\/\/secure.gravatar.com\/avatar\/713677ece3ffa642287213a80e5b773bce9ab81c269dd6d95102a990951c922f?s=96&d=mm&r=g\",\"contentUrl\":\"https:\/\/secure.gravatar.com\/avatar\/713677ece3ffa642287213a80e5b773bce9ab81c269dd6d95102a990951c922f?s=96&d=mm&r=g\",\"caption\":\"admin\"},\"sameAs\":[\"http:\/\/vientosur.top\/museo\"],\"url\":\"http:\/\/vientosur.top\/museo\/author\/comunicacionesmvp\/\"}]}<\/script>\n<!-- \/ Yoast SEO plugin. -->","yoast_head_json":{"title":"Sebasti\u00e1n Mej\u00eda y su obra fotogr\u00e1fica llegaron al Museo Violeta Parra - Museo Violeta Parra","robots":{"index":"index","follow":"follow","max-snippet":"max-snippet:-1","max-image-preview":"max-image-preview:large","max-video-preview":"max-video-preview:-1"},"canonical":"http:\/\/vientosur.top\/museo\/sebastian-mejia-obra-fotografica-llegan-al-museo-violeta-parra\/","og_locale":"es_ES","og_type":"article","og_title":"Sebasti\u00e1n Mej\u00eda y su obra fotogr\u00e1fica llegaron al Museo Violeta Parra - Museo Violeta Parra","og_description":"En una nueva charla del Ciclo Pupila de \u00c1guila, en el que diversos fot\u00f3grafos reflexionan sobre la identidad chilena, Sebasti\u00e1n Mej\u00eda present\u00f3 su obra catalogada como una fotograf\u00eda que reivindica la tradici\u00f3n de su medio. \u201cCada instancia de presentaci\u00f3n de mi trabajo es una experiencia de aprendizaje, la interacci\u00f3n con el p\u00fablico es clave, porque [&hellip;]","og_url":"http:\/\/vientosur.top\/museo\/sebastian-mejia-obra-fotografica-llegan-al-museo-violeta-parra\/","og_site_name":"Museo Violeta Parra","article_published_time":"2019-04-22T23:54:09+00:00","og_image":[{"width":2000,"height":1345,"url":"http:\/\/vientosur.top\/museo\/wp-content\/uploads\/2019\/04\/Sebastian-Mej\u00eda.jpg","type":"image\/jpeg"}],"author":"admin","twitter_card":"summary_large_image","twitter_misc":{"Escrito por":"admin","Tiempo de lectura":"2 minutos"},"schema":{"@context":"https:\/\/schema.org","@graph":[{"@type":"WebPage","@id":"http:\/\/vientosur.top\/museo\/sebastian-mejia-obra-fotografica-llegan-al-museo-violeta-parra\/","url":"http:\/\/vientosur.top\/museo\/sebastian-mejia-obra-fotografica-llegan-al-museo-violeta-parra\/","name":"Sebasti\u00e1n Mej\u00eda y su obra fotogr\u00e1fica llegaron al Museo Violeta Parra - Museo Violeta Parra","isPartOf":{"@id":"http:\/\/vientosur.top\/museo\/#website"},"primaryImageOfPage":{"@id":"http:\/\/vientosur.top\/museo\/sebastian-mejia-obra-fotografica-llegan-al-museo-violeta-parra\/#primaryimage"},"image":{"@id":"http:\/\/vientosur.top\/museo\/sebastian-mejia-obra-fotografica-llegan-al-museo-violeta-parra\/#primaryimage"},"thumbnailUrl":"http:\/\/vientosur.top\/museo\/wp-content\/uploads\/2019\/04\/Sebastian-Mej\u00eda.jpg","datePublished":"2019-04-22T23:54:09+00:00","author":{"@id":"http:\/\/vientosur.top\/museo\/#\/schema\/person\/20c79d3c38800971feec8c2693c3dd9c"},"breadcrumb":{"@id":"http:\/\/vientosur.top\/museo\/sebastian-mejia-obra-fotografica-llegan-al-museo-violeta-parra\/#breadcrumb"},"inLanguage":"es","potentialAction":[{"@type":"ReadAction","target":["http:\/\/vientosur.top\/museo\/sebastian-mejia-obra-fotografica-llegan-al-museo-violeta-parra\/"]}]},{"@type":"ImageObject","inLanguage":"es","@id":"http:\/\/vientosur.top\/museo\/sebastian-mejia-obra-fotografica-llegan-al-museo-violeta-parra\/#primaryimage","url":"http:\/\/vientosur.top\/museo\/wp-content\/uploads\/2019\/04\/Sebastian-Mej\u00eda.jpg","contentUrl":"http:\/\/vientosur.top\/museo\/wp-content\/uploads\/2019\/04\/Sebastian-Mej\u00eda.jpg","width":2000,"height":1345},{"@type":"BreadcrumbList","@id":"http:\/\/vientosur.top\/museo\/sebastian-mejia-obra-fotografica-llegan-al-museo-violeta-parra\/#breadcrumb","itemListElement":[{"@type":"ListItem","position":1,"name":"Portada","item":"http:\/\/vientosur.top\/museo\/"},{"@type":"ListItem","position":2,"name":"Sebasti\u00e1n Mej\u00eda y su obra fotogr\u00e1fica llegaron al Museo Violeta Parra"}]},{"@type":"WebSite","@id":"http:\/\/vientosur.top\/museo\/#website","url":"http:\/\/vientosur.top\/museo\/","name":"Museo Violeta Parra","description":"Espacio que alberga tanto la memoria y legado creativo de la artista","potentialAction":[{"@type":"SearchAction","target":{"@type":"EntryPoint","urlTemplate":"http:\/\/vientosur.top\/museo\/?s={search_term_string}"},"query-input":{"@type":"PropertyValueSpecification","valueRequired":true,"valueName":"search_term_string"}}],"inLanguage":"es"},{"@type":"Person","@id":"http:\/\/vientosur.top\/museo\/#\/schema\/person\/20c79d3c38800971feec8c2693c3dd9c","name":"admin","image":{"@type":"ImageObject","inLanguage":"es","@id":"http:\/\/vientosur.top\/museo\/#\/schema\/person\/image\/","url":"https:\/\/secure.gravatar.com\/avatar\/713677ece3ffa642287213a80e5b773bce9ab81c269dd6d95102a990951c922f?s=96&d=mm&r=g","contentUrl":"https:\/\/secure.gravatar.com\/avatar\/713677ece3ffa642287213a80e5b773bce9ab81c269dd6d95102a990951c922f?s=96&d=mm&r=g","caption":"admin"},"sameAs":["http:\/\/vientosur.top\/museo"],"url":"http:\/\/vientosur.top\/museo\/author\/comunicacionesmvp\/"}]}},"_links":{"self":[{"href":"http:\/\/vientosur.top\/museo\/wp-json\/wp\/v2\/posts\/18967","targetHints":{"allow":["GET"]}}],"collection":[{"href":"http:\/\/vientosur.top\/museo\/wp-json\/wp\/v2\/posts"}],"about":[{"href":"http:\/\/vientosur.top\/museo\/wp-json\/wp\/v2\/types\/post"}],"author":[{"embeddable":true,"href":"http:\/\/vientosur.top\/museo\/wp-json\/wp\/v2\/users\/5"}],"replies":[{"embeddable":true,"href":"http:\/\/vientosur.top\/museo\/wp-json\/wp\/v2\/comments?post=18967"}],"version-history":[{"count":0,"href":"http:\/\/vientosur.top\/museo\/wp-json\/wp\/v2\/posts\/18967\/revisions"}],"wp:featuredmedia":[{"embeddable":true,"href":"http:\/\/vientosur.top\/museo\/wp-json\/wp\/v2\/media\/19079"}],"wp:attachment":[{"href":"http:\/\/vientosur.top\/museo\/wp-json\/wp\/v2\/media?parent=18967"}],"wp:term":[{"taxonomy":"category","embeddable":true,"href":"http:\/\/vientosur.top\/museo\/wp-json\/wp\/v2\/categories?post=18967"},{"taxonomy":"post_tag","embeddable":true,"href":"http:\/\/vientosur.top\/museo\/wp-json\/wp\/v2\/tags?post=18967"}],"curies":[{"name":"wp","href":"https:\/\/api.w.org\/{rel}","templated":true}]}}