{"id":19087,"date":"2019-04-29T10:50:18","date_gmt":"2019-04-29T15:50:18","guid":{"rendered":"http:\/\/vientosur.top\/museo\/?p=19087"},"modified":"2019-04-29T10:50:18","modified_gmt":"2019-04-29T15:50:18","slug":"jovenes-del-centro-metropolitano-norte-del-sename-realizan-obra-teatro-titeres-museo-violeta-parra","status":"publish","type":"post","link":"http:\/\/vientosur.top\/museo\/jovenes-del-centro-metropolitano-norte-del-sename-realizan-obra-teatro-titeres-museo-violeta-parra\/","title":{"rendered":"J\u00f3venes del Centro Metropolitano Norte del SENAME presentaron obra de teatro de t\u00edteres en Museo Violeta Parra"},"content":{"rendered":"<p>El Museo Violeta Parra ha venido realizando un trabajo sistem\u00e1tico con el Centro Metropolitano Norte de Til Til, dependiente del SENAME, que ha incluido talleres de arpillera, talleres de pintura mural inspiradas en Violeta Parra, recitales y celebraciones, en el marco del convenio que ambas instituciones sostienen. \u201cEl ma\u00edz de la tierra sagrada\u201d, presentada el domingo 28 de mayo, es la creaci\u00f3n del colectivo cultural MAGIAMORFOSIS, integrado por j\u00f3venes del Centro Metropolitano Norte Til Til de SENAME.<\/p>\n<p>La obra, exhibida en la Sala Antar, plantea una historia que busca destacar la importancia del cuidado del medio ambiente, el respeto hacia la tierra y las tradiciones ancestrales de los pueblos originarios del norte de nuestro pa\u00eds. La propuesta teatral present\u00f3 la t\u00e9cnica de t\u00edteres g\u00fci\u00f1ol y estuvo acompa\u00f1ada por m\u00fasicos en vivo, que apoyan el trabajo de reinserci\u00f3n de los j\u00f3venes. La agrupaci\u00f3n ARUSKIPASI\u00d1ANI aport\u00f3 con ritmos ancestrales a la presentaci\u00f3n y la compa\u00f1\u00eda del grupo de m\u00fasica circense LA PIROLUSKA estuvo a cargo de la apertura del evento.<\/p>\n<p>\u201cEs importante, para nosotros como colectivo, el constante ejercicio de democratizaci\u00f3n del arte entre los j\u00f3venes. A trav\u00e9s de un proceso de educaci\u00f3n est\u00e9tica y de arte terapia, basado en din\u00e1micas participativas con un alto componente comunitario, incorporamos la creatividad de los propios j\u00f3venes al proceso de construcci\u00f3n, abriendo la posibilidad de transformar y crear nuevos mundos surgidos desde la imaginaci\u00f3n\u201d, sostuvo David Jeria, Director de la compa\u00f1\u00eda de T\u00edteres Gui\u00f1ol MAGIAMORFOSIS.<\/p>\n<p>\u201cCreemos profundamente en este tipo de alianzas que permiten que la obra y legado de Violeta Parra inspire a ni\u00f1os y j\u00f3venes a buscar caminos de plenitud, sobre todo si han enfrentado adversas condiciones. Hemos desarrollado un trabajo sistem\u00e1tico con el Centro, de manera que se ha establecido un v\u00ednculo que los enriquece a ellos y a nosotros. Estamos muy agradecidos de tener la oportunidad de trabajar con j\u00f3venes valiosos y creativos\u201d, coment\u00f3 la directora del museo, Cecilia Garc\u00eda Huidobro.<\/p>\n<p>Recientemente, los j\u00f3venes del Centro Metropolitano Norte Til Til tambi\u00e9n pintaron un mural en la explanada del museo inspirado en la canci\u00f3n \u00abEl diablo en el para\u00edso\u00bb, de Violeta Parra, para la segunda edici\u00f3n del proyecto \u00abCanciones que se pintan\u00bb.<\/p>\n<p>&nbsp;<\/p>\n","protected":false},"excerpt":{"rendered":"<p>El Museo Violeta Parra ha venido realizando un trabajo sistem\u00e1tico con el Centro Metropolitano Norte de Til Til, dependiente del SENAME, que ha incluido talleres de arpillera, talleres de pintura mural inspiradas en Violeta Parra, recitales y celebraciones, en el marco del convenio que ambas instituciones sostienen. \u201cEl ma\u00edz de la tierra sagrada\u201d, presentada el [&hellip;]<\/p>\n","protected":false},"author":5,"featured_media":19138,"comment_status":"open","ping_status":"open","sticky":false,"template":"","format":"standard","meta":{"site-sidebar-layout":"default","site-content-layout":"","ast-site-content-layout":"default","site-content-style":"default","site-sidebar-style":"default","ast-global-header-display":"","ast-banner-title-visibility":"","ast-main-header-display":"","ast-hfb-above-header-display":"","ast-hfb-below-header-display":"","ast-hfb-mobile-header-display":"","site-post-title":"","ast-breadcrumbs-content":"","ast-featured-img":"","footer-sml-layout":"","theme-transparent-header-meta":"","adv-header-id-meta":"","stick-header-meta":"","header-above-stick-meta":"","header-main-stick-meta":"","header-below-stick-meta":"","astra-migrate-meta-layouts":"default","ast-page-background-enabled":"default","ast-page-background-meta":{"desktop":{"background-color":"var(--ast-global-color-4)","background-image":"","background-repeat":"repeat","background-position":"center center","background-size":"auto","background-attachment":"scroll","background-type":"","background-media":"","overlay-type":"","overlay-color":"","overlay-opacity":"","overlay-gradient":""},"tablet":{"background-color":"","background-image":"","background-repeat":"repeat","background-position":"center center","background-size":"auto","background-attachment":"scroll","background-type":"","background-media":"","overlay-type":"","overlay-color":"","overlay-opacity":"","overlay-gradient":""},"mobile":{"background-color":"","background-image":"","background-repeat":"repeat","background-position":"center center","background-size":"auto","background-attachment":"scroll","background-type":"","background-media":"","overlay-type":"","overlay-color":"","overlay-opacity":"","overlay-gradient":""}},"ast-content-background-meta":{"desktop":{"background-color":"var(--ast-global-color-5)","background-image":"","background-repeat":"repeat","background-position":"center center","background-size":"auto","background-attachment":"scroll","background-type":"","background-media":"","overlay-type":"","overlay-color":"","overlay-opacity":"","overlay-gradient":""},"tablet":{"background-color":"var(--ast-global-color-5)","background-image":"","background-repeat":"repeat","background-position":"center center","background-size":"auto","background-attachment":"scroll","background-type":"","background-media":"","overlay-type":"","overlay-color":"","overlay-opacity":"","overlay-gradient":""},"mobile":{"background-color":"var(--ast-global-color-5)","background-image":"","background-repeat":"repeat","background-position":"center center","background-size":"auto","background-attachment":"scroll","background-type":"","background-media":"","overlay-type":"","overlay-color":"","overlay-opacity":"","overlay-gradient":""}},"footnotes":""},"categories":[59,8,61],"tags":[],"class_list":["post-19087","post","type-post","status-publish","format-standard","has-post-thumbnail","hentry","category-destacado-noticia","category-noticias","category-novedades"],"yoast_head":"<!-- This site is optimized with the Yoast SEO plugin v25.4 - https:\/\/yoast.com\/wordpress\/plugins\/seo\/ -->\n<title>J\u00f3venes del Centro Metropolitano Norte del SENAME presentaron obra de teatro de t\u00edteres en Museo Violeta Parra - Museo Violeta Parra<\/title>\n<meta name=\"robots\" content=\"index, follow, max-snippet:-1, max-image-preview:large, max-video-preview:-1\" \/>\n<link rel=\"canonical\" href=\"http:\/\/vientosur.top\/museo\/jovenes-del-centro-metropolitano-norte-del-sename-realizan-obra-teatro-titeres-museo-violeta-parra\/\" \/>\n<meta property=\"og:locale\" content=\"es_ES\" \/>\n<meta property=\"og:type\" content=\"article\" \/>\n<meta property=\"og:title\" content=\"J\u00f3venes del Centro Metropolitano Norte del SENAME presentaron obra de teatro de t\u00edteres en Museo Violeta Parra - Museo Violeta Parra\" \/>\n<meta property=\"og:description\" content=\"El Museo Violeta Parra ha venido realizando un trabajo sistem\u00e1tico con el Centro Metropolitano Norte de Til Til, dependiente del SENAME, que ha incluido talleres de arpillera, talleres de pintura mural inspiradas en Violeta Parra, recitales y celebraciones, en el marco del convenio que ambas instituciones sostienen. \u201cEl ma\u00edz de la tierra sagrada\u201d, presentada el [&hellip;]\" \/>\n<meta property=\"og:url\" content=\"http:\/\/vientosur.top\/museo\/jovenes-del-centro-metropolitano-norte-del-sename-realizan-obra-teatro-titeres-museo-violeta-parra\/\" \/>\n<meta property=\"og:site_name\" content=\"Museo Violeta Parra\" \/>\n<meta property=\"article:published_time\" content=\"2019-04-29T15:50:18+00:00\" \/>\n<meta property=\"og:image\" content=\"http:\/\/vientosur.top\/museo\/wp-content\/uploads\/2019\/04\/El-Maiz-de-la-Tierra.jpg\" \/>\n\t<meta property=\"og:image:width\" content=\"960\" \/>\n\t<meta property=\"og:image:height\" content=\"540\" \/>\n\t<meta property=\"og:image:type\" content=\"image\/jpeg\" \/>\n<meta name=\"author\" content=\"admin\" \/>\n<meta name=\"twitter:card\" content=\"summary_large_image\" \/>\n<meta name=\"twitter:label1\" content=\"Escrito por\" \/>\n\t<meta name=\"twitter:data1\" content=\"admin\" \/>\n\t<meta name=\"twitter:label2\" content=\"Tiempo de lectura\" \/>\n\t<meta name=\"twitter:data2\" content=\"2 minutos\" \/>\n<script type=\"application\/ld+json\" class=\"yoast-schema-graph\">{\"@context\":\"https:\/\/schema.org\",\"@graph\":[{\"@type\":\"WebPage\",\"@id\":\"http:\/\/vientosur.top\/museo\/jovenes-del-centro-metropolitano-norte-del-sename-realizan-obra-teatro-titeres-museo-violeta-parra\/\",\"url\":\"http:\/\/vientosur.top\/museo\/jovenes-del-centro-metropolitano-norte-del-sename-realizan-obra-teatro-titeres-museo-violeta-parra\/\",\"name\":\"J\u00f3venes del Centro Metropolitano Norte del SENAME presentaron obra de teatro de t\u00edteres en Museo Violeta Parra - Museo Violeta Parra\",\"isPartOf\":{\"@id\":\"http:\/\/vientosur.top\/museo\/#website\"},\"primaryImageOfPage\":{\"@id\":\"http:\/\/vientosur.top\/museo\/jovenes-del-centro-metropolitano-norte-del-sename-realizan-obra-teatro-titeres-museo-violeta-parra\/#primaryimage\"},\"image\":{\"@id\":\"http:\/\/vientosur.top\/museo\/jovenes-del-centro-metropolitano-norte-del-sename-realizan-obra-teatro-titeres-museo-violeta-parra\/#primaryimage\"},\"thumbnailUrl\":\"http:\/\/vientosur.top\/museo\/wp-content\/uploads\/2019\/04\/El-Maiz-de-la-Tierra.jpg\",\"datePublished\":\"2019-04-29T15:50:18+00:00\",\"author\":{\"@id\":\"http:\/\/vientosur.top\/museo\/#\/schema\/person\/20c79d3c38800971feec8c2693c3dd9c\"},\"breadcrumb\":{\"@id\":\"http:\/\/vientosur.top\/museo\/jovenes-del-centro-metropolitano-norte-del-sename-realizan-obra-teatro-titeres-museo-violeta-parra\/#breadcrumb\"},\"inLanguage\":\"es\",\"potentialAction\":[{\"@type\":\"ReadAction\",\"target\":[\"http:\/\/vientosur.top\/museo\/jovenes-del-centro-metropolitano-norte-del-sename-realizan-obra-teatro-titeres-museo-violeta-parra\/\"]}]},{\"@type\":\"ImageObject\",\"inLanguage\":\"es\",\"@id\":\"http:\/\/vientosur.top\/museo\/jovenes-del-centro-metropolitano-norte-del-sename-realizan-obra-teatro-titeres-museo-violeta-parra\/#primaryimage\",\"url\":\"http:\/\/vientosur.top\/museo\/wp-content\/uploads\/2019\/04\/El-Maiz-de-la-Tierra.jpg\",\"contentUrl\":\"http:\/\/vientosur.top\/museo\/wp-content\/uploads\/2019\/04\/El-Maiz-de-la-Tierra.jpg\",\"width\":960,\"height\":540},{\"@type\":\"BreadcrumbList\",\"@id\":\"http:\/\/vientosur.top\/museo\/jovenes-del-centro-metropolitano-norte-del-sename-realizan-obra-teatro-titeres-museo-violeta-parra\/#breadcrumb\",\"itemListElement\":[{\"@type\":\"ListItem\",\"position\":1,\"name\":\"Portada\",\"item\":\"http:\/\/vientosur.top\/museo\/\"},{\"@type\":\"ListItem\",\"position\":2,\"name\":\"J\u00f3venes del Centro Metropolitano Norte del SENAME presentaron obra de teatro de t\u00edteres en Museo Violeta Parra\"}]},{\"@type\":\"WebSite\",\"@id\":\"http:\/\/vientosur.top\/museo\/#website\",\"url\":\"http:\/\/vientosur.top\/museo\/\",\"name\":\"Museo Violeta Parra\",\"description\":\"Espacio que alberga tanto la memoria y legado creativo de la artista\",\"potentialAction\":[{\"@type\":\"SearchAction\",\"target\":{\"@type\":\"EntryPoint\",\"urlTemplate\":\"http:\/\/vientosur.top\/museo\/?s={search_term_string}\"},\"query-input\":{\"@type\":\"PropertyValueSpecification\",\"valueRequired\":true,\"valueName\":\"search_term_string\"}}],\"inLanguage\":\"es\"},{\"@type\":\"Person\",\"@id\":\"http:\/\/vientosur.top\/museo\/#\/schema\/person\/20c79d3c38800971feec8c2693c3dd9c\",\"name\":\"admin\",\"image\":{\"@type\":\"ImageObject\",\"inLanguage\":\"es\",\"@id\":\"http:\/\/vientosur.top\/museo\/#\/schema\/person\/image\/\",\"url\":\"https:\/\/secure.gravatar.com\/avatar\/713677ece3ffa642287213a80e5b773bce9ab81c269dd6d95102a990951c922f?s=96&d=mm&r=g\",\"contentUrl\":\"https:\/\/secure.gravatar.com\/avatar\/713677ece3ffa642287213a80e5b773bce9ab81c269dd6d95102a990951c922f?s=96&d=mm&r=g\",\"caption\":\"admin\"},\"sameAs\":[\"http:\/\/vientosur.top\/museo\"],\"url\":\"http:\/\/vientosur.top\/museo\/author\/comunicacionesmvp\/\"}]}<\/script>\n<!-- \/ Yoast SEO plugin. -->","yoast_head_json":{"title":"J\u00f3venes del Centro Metropolitano Norte del SENAME presentaron obra de teatro de t\u00edteres en Museo Violeta Parra - Museo Violeta Parra","robots":{"index":"index","follow":"follow","max-snippet":"max-snippet:-1","max-image-preview":"max-image-preview:large","max-video-preview":"max-video-preview:-1"},"canonical":"http:\/\/vientosur.top\/museo\/jovenes-del-centro-metropolitano-norte-del-sename-realizan-obra-teatro-titeres-museo-violeta-parra\/","og_locale":"es_ES","og_type":"article","og_title":"J\u00f3venes del Centro Metropolitano Norte del SENAME presentaron obra de teatro de t\u00edteres en Museo Violeta Parra - Museo Violeta Parra","og_description":"El Museo Violeta Parra ha venido realizando un trabajo sistem\u00e1tico con el Centro Metropolitano Norte de Til Til, dependiente del SENAME, que ha incluido talleres de arpillera, talleres de pintura mural inspiradas en Violeta Parra, recitales y celebraciones, en el marco del convenio que ambas instituciones sostienen. \u201cEl ma\u00edz de la tierra sagrada\u201d, presentada el [&hellip;]","og_url":"http:\/\/vientosur.top\/museo\/jovenes-del-centro-metropolitano-norte-del-sename-realizan-obra-teatro-titeres-museo-violeta-parra\/","og_site_name":"Museo Violeta Parra","article_published_time":"2019-04-29T15:50:18+00:00","og_image":[{"width":960,"height":540,"url":"http:\/\/vientosur.top\/museo\/wp-content\/uploads\/2019\/04\/El-Maiz-de-la-Tierra.jpg","type":"image\/jpeg"}],"author":"admin","twitter_card":"summary_large_image","twitter_misc":{"Escrito por":"admin","Tiempo de lectura":"2 minutos"},"schema":{"@context":"https:\/\/schema.org","@graph":[{"@type":"WebPage","@id":"http:\/\/vientosur.top\/museo\/jovenes-del-centro-metropolitano-norte-del-sename-realizan-obra-teatro-titeres-museo-violeta-parra\/","url":"http:\/\/vientosur.top\/museo\/jovenes-del-centro-metropolitano-norte-del-sename-realizan-obra-teatro-titeres-museo-violeta-parra\/","name":"J\u00f3venes del Centro Metropolitano Norte del SENAME presentaron obra de teatro de t\u00edteres en Museo Violeta Parra - Museo Violeta Parra","isPartOf":{"@id":"http:\/\/vientosur.top\/museo\/#website"},"primaryImageOfPage":{"@id":"http:\/\/vientosur.top\/museo\/jovenes-del-centro-metropolitano-norte-del-sename-realizan-obra-teatro-titeres-museo-violeta-parra\/#primaryimage"},"image":{"@id":"http:\/\/vientosur.top\/museo\/jovenes-del-centro-metropolitano-norte-del-sename-realizan-obra-teatro-titeres-museo-violeta-parra\/#primaryimage"},"thumbnailUrl":"http:\/\/vientosur.top\/museo\/wp-content\/uploads\/2019\/04\/El-Maiz-de-la-Tierra.jpg","datePublished":"2019-04-29T15:50:18+00:00","author":{"@id":"http:\/\/vientosur.top\/museo\/#\/schema\/person\/20c79d3c38800971feec8c2693c3dd9c"},"breadcrumb":{"@id":"http:\/\/vientosur.top\/museo\/jovenes-del-centro-metropolitano-norte-del-sename-realizan-obra-teatro-titeres-museo-violeta-parra\/#breadcrumb"},"inLanguage":"es","potentialAction":[{"@type":"ReadAction","target":["http:\/\/vientosur.top\/museo\/jovenes-del-centro-metropolitano-norte-del-sename-realizan-obra-teatro-titeres-museo-violeta-parra\/"]}]},{"@type":"ImageObject","inLanguage":"es","@id":"http:\/\/vientosur.top\/museo\/jovenes-del-centro-metropolitano-norte-del-sename-realizan-obra-teatro-titeres-museo-violeta-parra\/#primaryimage","url":"http:\/\/vientosur.top\/museo\/wp-content\/uploads\/2019\/04\/El-Maiz-de-la-Tierra.jpg","contentUrl":"http:\/\/vientosur.top\/museo\/wp-content\/uploads\/2019\/04\/El-Maiz-de-la-Tierra.jpg","width":960,"height":540},{"@type":"BreadcrumbList","@id":"http:\/\/vientosur.top\/museo\/jovenes-del-centro-metropolitano-norte-del-sename-realizan-obra-teatro-titeres-museo-violeta-parra\/#breadcrumb","itemListElement":[{"@type":"ListItem","position":1,"name":"Portada","item":"http:\/\/vientosur.top\/museo\/"},{"@type":"ListItem","position":2,"name":"J\u00f3venes del Centro Metropolitano Norte del SENAME presentaron obra de teatro de t\u00edteres en Museo Violeta Parra"}]},{"@type":"WebSite","@id":"http:\/\/vientosur.top\/museo\/#website","url":"http:\/\/vientosur.top\/museo\/","name":"Museo Violeta Parra","description":"Espacio que alberga tanto la memoria y legado creativo de la artista","potentialAction":[{"@type":"SearchAction","target":{"@type":"EntryPoint","urlTemplate":"http:\/\/vientosur.top\/museo\/?s={search_term_string}"},"query-input":{"@type":"PropertyValueSpecification","valueRequired":true,"valueName":"search_term_string"}}],"inLanguage":"es"},{"@type":"Person","@id":"http:\/\/vientosur.top\/museo\/#\/schema\/person\/20c79d3c38800971feec8c2693c3dd9c","name":"admin","image":{"@type":"ImageObject","inLanguage":"es","@id":"http:\/\/vientosur.top\/museo\/#\/schema\/person\/image\/","url":"https:\/\/secure.gravatar.com\/avatar\/713677ece3ffa642287213a80e5b773bce9ab81c269dd6d95102a990951c922f?s=96&d=mm&r=g","contentUrl":"https:\/\/secure.gravatar.com\/avatar\/713677ece3ffa642287213a80e5b773bce9ab81c269dd6d95102a990951c922f?s=96&d=mm&r=g","caption":"admin"},"sameAs":["http:\/\/vientosur.top\/museo"],"url":"http:\/\/vientosur.top\/museo\/author\/comunicacionesmvp\/"}]}},"_links":{"self":[{"href":"http:\/\/vientosur.top\/museo\/wp-json\/wp\/v2\/posts\/19087","targetHints":{"allow":["GET"]}}],"collection":[{"href":"http:\/\/vientosur.top\/museo\/wp-json\/wp\/v2\/posts"}],"about":[{"href":"http:\/\/vientosur.top\/museo\/wp-json\/wp\/v2\/types\/post"}],"author":[{"embeddable":true,"href":"http:\/\/vientosur.top\/museo\/wp-json\/wp\/v2\/users\/5"}],"replies":[{"embeddable":true,"href":"http:\/\/vientosur.top\/museo\/wp-json\/wp\/v2\/comments?post=19087"}],"version-history":[{"count":0,"href":"http:\/\/vientosur.top\/museo\/wp-json\/wp\/v2\/posts\/19087\/revisions"}],"wp:featuredmedia":[{"embeddable":true,"href":"http:\/\/vientosur.top\/museo\/wp-json\/wp\/v2\/media\/19138"}],"wp:attachment":[{"href":"http:\/\/vientosur.top\/museo\/wp-json\/wp\/v2\/media?parent=19087"}],"wp:term":[{"taxonomy":"category","embeddable":true,"href":"http:\/\/vientosur.top\/museo\/wp-json\/wp\/v2\/categories?post=19087"},{"taxonomy":"post_tag","embeddable":true,"href":"http:\/\/vientosur.top\/museo\/wp-json\/wp\/v2\/tags?post=19087"}],"curies":[{"name":"wp","href":"https:\/\/api.w.org\/{rel}","templated":true}]}}