{"id":19190,"date":"2019-05-02T14:43:50","date_gmt":"2019-05-02T19:43:50","guid":{"rendered":"http:\/\/vientosur.top\/museo\/?p=19190"},"modified":"2019-05-02T14:43:50","modified_gmt":"2019-05-02T19:43:50","slug":"museo-violeta-parra-exhibe-gratuitamente-seleccion-documentales-cine-lebu","status":"publish","type":"post","link":"http:\/\/vientosur.top\/museo\/museo-violeta-parra-exhibe-gratuitamente-seleccion-documentales-cine-lebu\/","title":{"rendered":"Museo Violeta Parra exhibi\u00f3 gratuitamente selecci\u00f3n de documentales de Cine Lebu"},"content":{"rendered":"<p>En el marco del convenio de colaboraci\u00f3n que el Museo Violeta Parra sostiene con el Festival Internacional de Cine de Lebu, el domingo 5 de mayo se proyect\u00f3 una selecci\u00f3n de producciones documentales que han participado en este certamen cinematogr\u00e1fico.<\/p>\n<p>La actividad, que estuvo abierta a todo p\u00fablico, mostr\u00f3 el trabajo de cuatro directores que retrataron la vida de diversos personajes en localidades como Carahue, Valpara\u00edso y Aconcagua. Las obras de este ciclo hicieron una reflexi\u00f3n sobre la violencia homof\u00f3bica, la estigmatizaci\u00f3n de las enfermedades mentales y la permanencia de las tradiciones en espacios rurales.<\/p>\n<p>Los cortometrajes que se presentaron fueron los siguientes:<\/p>\n<p><strong>\u00abPrisiones: La ruina del cuerpo social\u00bb<\/strong><br \/>\nDirecci\u00f3n: Cristian Vidal\/ Duraci\u00f3n: 06 Min.\/ Valpara\u00edso.<br \/>\nLa antigua y la nueva C\u00e1rcel de Valpara\u00edso se ven reflejadas en el trabajo pict\u00f3rico de la artista \u201cJojo\u201d Fuentes. Se visualiza su proceso de trabajo y sus motivaciones para sacar el arte del museo y ubicarlo en espacios de reclusi\u00f3n.<\/p>\n<p><strong>\u00abF\u00fatbol Rural Carahue, Chile\u00bb<\/strong><br \/>\nDirecci\u00f3n: Jennifer Lobos Saavedra\/ Duraci\u00f3n: 11 Min.\/ Carahue.<br \/>\nCon casi 100 a\u00f1os de historia, las ligas campesinas de Carahue, en el sur de Chile, forman una mezcla de pasi\u00f3n y alegr\u00eda permanente para el mundo rural. Cada domingo, cinco ligas de distintos sectores dan vida al f\u00fatbol campesino y traspasan generaciones.<\/p>\n<p><strong>\u00abEl \u00faltimo d\u00eda de invierno\u00bb<\/strong><br \/>\nDirecci\u00f3n: Bel\u00e9n Ortega\/ Duraci\u00f3n: 27 Min\/ Quillota.<br \/>\nEl a\u00f1o 2016, Nicole Saavedra fue secuestrada y asesinada por ser lesbiana. El film evoca a Nicole a trav\u00e9s de testimonios (en voz en off) de sus m\u00e1s cercanos, junto con una fotograf\u00eda que retrata la ausencia de los lugares que marcaron su vida.<\/p>\n<p><strong>\u00abCaballo Loco\u00bb<\/strong><br \/>\nDirecci\u00f3n: Carlos V\u00e1squez Contreras\/ Duraci\u00f3n: 30 Min.\/ Putaendo.<br \/>\nUn grupo de pacientes psiqui\u00e1tricos del Valle de Aconcagua realiza un taller de arte una vez por semana. Es en esta instancia donde descubrir\u00e1n que son due\u00f1os de sus propios sue\u00f1os, y que la creatividad es el arma m\u00e1s importante para salir adelante y soportar el estigma de ser llamados locos.<\/p>\n","protected":false},"excerpt":{"rendered":"<p>En el marco del convenio de colaboraci\u00f3n que el Museo Violeta Parra sostiene con el Festival Internacional de Cine de Lebu, el domingo 5 de mayo se proyect\u00f3 una selecci\u00f3n de producciones documentales que han participado en este certamen cinematogr\u00e1fico. La actividad, que estuvo abierta a todo p\u00fablico, mostr\u00f3 el trabajo de cuatro directores que [&hellip;]<\/p>\n","protected":false},"author":5,"featured_media":19184,"comment_status":"open","ping_status":"open","sticky":false,"template":"","format":"standard","meta":{"site-sidebar-layout":"default","site-content-layout":"","ast-site-content-layout":"default","site-content-style":"default","site-sidebar-style":"default","ast-global-header-display":"","ast-banner-title-visibility":"","ast-main-header-display":"","ast-hfb-above-header-display":"","ast-hfb-below-header-display":"","ast-hfb-mobile-header-display":"","site-post-title":"","ast-breadcrumbs-content":"","ast-featured-img":"","footer-sml-layout":"","theme-transparent-header-meta":"","adv-header-id-meta":"","stick-header-meta":"","header-above-stick-meta":"","header-main-stick-meta":"","header-below-stick-meta":"","astra-migrate-meta-layouts":"default","ast-page-background-enabled":"default","ast-page-background-meta":{"desktop":{"background-color":"var(--ast-global-color-4)","background-image":"","background-repeat":"repeat","background-position":"center center","background-size":"auto","background-attachment":"scroll","background-type":"","background-media":"","overlay-type":"","overlay-color":"","overlay-opacity":"","overlay-gradient":""},"tablet":{"background-color":"","background-image":"","background-repeat":"repeat","background-position":"center center","background-size":"auto","background-attachment":"scroll","background-type":"","background-media":"","overlay-type":"","overlay-color":"","overlay-opacity":"","overlay-gradient":""},"mobile":{"background-color":"","background-image":"","background-repeat":"repeat","background-position":"center center","background-size":"auto","background-attachment":"scroll","background-type":"","background-media":"","overlay-type":"","overlay-color":"","overlay-opacity":"","overlay-gradient":""}},"ast-content-background-meta":{"desktop":{"background-color":"var(--ast-global-color-5)","background-image":"","background-repeat":"repeat","background-position":"center center","background-size":"auto","background-attachment":"scroll","background-type":"","background-media":"","overlay-type":"","overlay-color":"","overlay-opacity":"","overlay-gradient":""},"tablet":{"background-color":"var(--ast-global-color-5)","background-image":"","background-repeat":"repeat","background-position":"center center","background-size":"auto","background-attachment":"scroll","background-type":"","background-media":"","overlay-type":"","overlay-color":"","overlay-opacity":"","overlay-gradient":""},"mobile":{"background-color":"var(--ast-global-color-5)","background-image":"","background-repeat":"repeat","background-position":"center center","background-size":"auto","background-attachment":"scroll","background-type":"","background-media":"","overlay-type":"","overlay-color":"","overlay-opacity":"","overlay-gradient":""}},"footnotes":""},"categories":[59,8,61],"tags":[],"class_list":["post-19190","post","type-post","status-publish","format-standard","has-post-thumbnail","hentry","category-destacado-noticia","category-noticias","category-novedades"],"yoast_head":"<!-- This site is optimized with the Yoast SEO plugin v25.4 - https:\/\/yoast.com\/wordpress\/plugins\/seo\/ -->\n<title>Museo Violeta Parra exhibi\u00f3 gratuitamente selecci\u00f3n de documentales de Cine Lebu - Museo Violeta Parra<\/title>\n<meta name=\"robots\" content=\"index, follow, max-snippet:-1, max-image-preview:large, max-video-preview:-1\" \/>\n<link rel=\"canonical\" href=\"http:\/\/vientosur.top\/museo\/museo-violeta-parra-exhibe-gratuitamente-seleccion-documentales-cine-lebu\/\" \/>\n<meta property=\"og:locale\" content=\"es_ES\" \/>\n<meta property=\"og:type\" content=\"article\" \/>\n<meta property=\"og:title\" content=\"Museo Violeta Parra exhibi\u00f3 gratuitamente selecci\u00f3n de documentales de Cine Lebu - Museo Violeta Parra\" \/>\n<meta property=\"og:description\" content=\"En el marco del convenio de colaboraci\u00f3n que el Museo Violeta Parra sostiene con el Festival Internacional de Cine de Lebu, el domingo 5 de mayo se proyect\u00f3 una selecci\u00f3n de producciones documentales que han participado en este certamen cinematogr\u00e1fico. La actividad, que estuvo abierta a todo p\u00fablico, mostr\u00f3 el trabajo de cuatro directores que [&hellip;]\" \/>\n<meta property=\"og:url\" content=\"http:\/\/vientosur.top\/museo\/museo-violeta-parra-exhibe-gratuitamente-seleccion-documentales-cine-lebu\/\" \/>\n<meta property=\"og:site_name\" content=\"Museo Violeta Parra\" \/>\n<meta property=\"article:published_time\" content=\"2019-05-02T19:43:50+00:00\" \/>\n<meta property=\"og:image\" content=\"http:\/\/vientosur.top\/museo\/wp-content\/uploads\/2019\/05\/1-poster_Fu\u0301tbol-Rural-Carahue-Chile.jpg\" \/>\n\t<meta property=\"og:image:width\" content=\"1152\" \/>\n\t<meta property=\"og:image:height\" content=\"864\" \/>\n\t<meta property=\"og:image:type\" content=\"image\/jpeg\" \/>\n<meta name=\"author\" content=\"admin\" \/>\n<meta name=\"twitter:card\" content=\"summary_large_image\" \/>\n<meta name=\"twitter:label1\" content=\"Escrito por\" \/>\n\t<meta name=\"twitter:data1\" content=\"admin\" \/>\n\t<meta name=\"twitter:label2\" content=\"Tiempo de lectura\" \/>\n\t<meta name=\"twitter:data2\" content=\"2 minutos\" \/>\n<script type=\"application\/ld+json\" class=\"yoast-schema-graph\">{\"@context\":\"https:\/\/schema.org\",\"@graph\":[{\"@type\":\"WebPage\",\"@id\":\"http:\/\/vientosur.top\/museo\/museo-violeta-parra-exhibe-gratuitamente-seleccion-documentales-cine-lebu\/\",\"url\":\"http:\/\/vientosur.top\/museo\/museo-violeta-parra-exhibe-gratuitamente-seleccion-documentales-cine-lebu\/\",\"name\":\"Museo Violeta Parra exhibi\u00f3 gratuitamente selecci\u00f3n de documentales de Cine Lebu - Museo Violeta Parra\",\"isPartOf\":{\"@id\":\"http:\/\/vientosur.top\/museo\/#website\"},\"primaryImageOfPage\":{\"@id\":\"http:\/\/vientosur.top\/museo\/museo-violeta-parra-exhibe-gratuitamente-seleccion-documentales-cine-lebu\/#primaryimage\"},\"image\":{\"@id\":\"http:\/\/vientosur.top\/museo\/museo-violeta-parra-exhibe-gratuitamente-seleccion-documentales-cine-lebu\/#primaryimage\"},\"thumbnailUrl\":\"http:\/\/vientosur.top\/museo\/wp-content\/uploads\/2019\/05\/1-poster_Fu\u0301tbol-Rural-Carahue-Chile.jpg\",\"datePublished\":\"2019-05-02T19:43:50+00:00\",\"author\":{\"@id\":\"http:\/\/vientosur.top\/museo\/#\/schema\/person\/20c79d3c38800971feec8c2693c3dd9c\"},\"breadcrumb\":{\"@id\":\"http:\/\/vientosur.top\/museo\/museo-violeta-parra-exhibe-gratuitamente-seleccion-documentales-cine-lebu\/#breadcrumb\"},\"inLanguage\":\"es\",\"potentialAction\":[{\"@type\":\"ReadAction\",\"target\":[\"http:\/\/vientosur.top\/museo\/museo-violeta-parra-exhibe-gratuitamente-seleccion-documentales-cine-lebu\/\"]}]},{\"@type\":\"ImageObject\",\"inLanguage\":\"es\",\"@id\":\"http:\/\/vientosur.top\/museo\/museo-violeta-parra-exhibe-gratuitamente-seleccion-documentales-cine-lebu\/#primaryimage\",\"url\":\"http:\/\/vientosur.top\/museo\/wp-content\/uploads\/2019\/05\/1-poster_Fu\u0301tbol-Rural-Carahue-Chile.jpg\",\"contentUrl\":\"http:\/\/vientosur.top\/museo\/wp-content\/uploads\/2019\/05\/1-poster_Fu\u0301tbol-Rural-Carahue-Chile.jpg\",\"width\":1152,\"height\":864},{\"@type\":\"BreadcrumbList\",\"@id\":\"http:\/\/vientosur.top\/museo\/museo-violeta-parra-exhibe-gratuitamente-seleccion-documentales-cine-lebu\/#breadcrumb\",\"itemListElement\":[{\"@type\":\"ListItem\",\"position\":1,\"name\":\"Portada\",\"item\":\"http:\/\/vientosur.top\/museo\/\"},{\"@type\":\"ListItem\",\"position\":2,\"name\":\"Museo Violeta Parra exhibi\u00f3 gratuitamente selecci\u00f3n de documentales de Cine Lebu\"}]},{\"@type\":\"WebSite\",\"@id\":\"http:\/\/vientosur.top\/museo\/#website\",\"url\":\"http:\/\/vientosur.top\/museo\/\",\"name\":\"Museo Violeta Parra\",\"description\":\"Espacio que alberga tanto la memoria y legado creativo de la artista\",\"potentialAction\":[{\"@type\":\"SearchAction\",\"target\":{\"@type\":\"EntryPoint\",\"urlTemplate\":\"http:\/\/vientosur.top\/museo\/?s={search_term_string}\"},\"query-input\":{\"@type\":\"PropertyValueSpecification\",\"valueRequired\":true,\"valueName\":\"search_term_string\"}}],\"inLanguage\":\"es\"},{\"@type\":\"Person\",\"@id\":\"http:\/\/vientosur.top\/museo\/#\/schema\/person\/20c79d3c38800971feec8c2693c3dd9c\",\"name\":\"admin\",\"image\":{\"@type\":\"ImageObject\",\"inLanguage\":\"es\",\"@id\":\"http:\/\/vientosur.top\/museo\/#\/schema\/person\/image\/\",\"url\":\"https:\/\/secure.gravatar.com\/avatar\/713677ece3ffa642287213a80e5b773bce9ab81c269dd6d95102a990951c922f?s=96&d=mm&r=g\",\"contentUrl\":\"https:\/\/secure.gravatar.com\/avatar\/713677ece3ffa642287213a80e5b773bce9ab81c269dd6d95102a990951c922f?s=96&d=mm&r=g\",\"caption\":\"admin\"},\"sameAs\":[\"http:\/\/vientosur.top\/museo\"],\"url\":\"http:\/\/vientosur.top\/museo\/author\/comunicacionesmvp\/\"}]}<\/script>\n<!-- \/ Yoast SEO plugin. -->","yoast_head_json":{"title":"Museo Violeta Parra exhibi\u00f3 gratuitamente selecci\u00f3n de documentales de Cine Lebu - Museo Violeta Parra","robots":{"index":"index","follow":"follow","max-snippet":"max-snippet:-1","max-image-preview":"max-image-preview:large","max-video-preview":"max-video-preview:-1"},"canonical":"http:\/\/vientosur.top\/museo\/museo-violeta-parra-exhibe-gratuitamente-seleccion-documentales-cine-lebu\/","og_locale":"es_ES","og_type":"article","og_title":"Museo Violeta Parra exhibi\u00f3 gratuitamente selecci\u00f3n de documentales de Cine Lebu - Museo Violeta Parra","og_description":"En el marco del convenio de colaboraci\u00f3n que el Museo Violeta Parra sostiene con el Festival Internacional de Cine de Lebu, el domingo 5 de mayo se proyect\u00f3 una selecci\u00f3n de producciones documentales que han participado en este certamen cinematogr\u00e1fico. La actividad, que estuvo abierta a todo p\u00fablico, mostr\u00f3 el trabajo de cuatro directores que [&hellip;]","og_url":"http:\/\/vientosur.top\/museo\/museo-violeta-parra-exhibe-gratuitamente-seleccion-documentales-cine-lebu\/","og_site_name":"Museo Violeta Parra","article_published_time":"2019-05-02T19:43:50+00:00","og_image":[{"width":1152,"height":864,"url":"http:\/\/vientosur.top\/museo\/wp-content\/uploads\/2019\/05\/1-poster_Fu\u0301tbol-Rural-Carahue-Chile.jpg","type":"image\/jpeg"}],"author":"admin","twitter_card":"summary_large_image","twitter_misc":{"Escrito por":"admin","Tiempo de lectura":"2 minutos"},"schema":{"@context":"https:\/\/schema.org","@graph":[{"@type":"WebPage","@id":"http:\/\/vientosur.top\/museo\/museo-violeta-parra-exhibe-gratuitamente-seleccion-documentales-cine-lebu\/","url":"http:\/\/vientosur.top\/museo\/museo-violeta-parra-exhibe-gratuitamente-seleccion-documentales-cine-lebu\/","name":"Museo Violeta Parra exhibi\u00f3 gratuitamente selecci\u00f3n de documentales de Cine Lebu - Museo Violeta Parra","isPartOf":{"@id":"http:\/\/vientosur.top\/museo\/#website"},"primaryImageOfPage":{"@id":"http:\/\/vientosur.top\/museo\/museo-violeta-parra-exhibe-gratuitamente-seleccion-documentales-cine-lebu\/#primaryimage"},"image":{"@id":"http:\/\/vientosur.top\/museo\/museo-violeta-parra-exhibe-gratuitamente-seleccion-documentales-cine-lebu\/#primaryimage"},"thumbnailUrl":"http:\/\/vientosur.top\/museo\/wp-content\/uploads\/2019\/05\/1-poster_Fu\u0301tbol-Rural-Carahue-Chile.jpg","datePublished":"2019-05-02T19:43:50+00:00","author":{"@id":"http:\/\/vientosur.top\/museo\/#\/schema\/person\/20c79d3c38800971feec8c2693c3dd9c"},"breadcrumb":{"@id":"http:\/\/vientosur.top\/museo\/museo-violeta-parra-exhibe-gratuitamente-seleccion-documentales-cine-lebu\/#breadcrumb"},"inLanguage":"es","potentialAction":[{"@type":"ReadAction","target":["http:\/\/vientosur.top\/museo\/museo-violeta-parra-exhibe-gratuitamente-seleccion-documentales-cine-lebu\/"]}]},{"@type":"ImageObject","inLanguage":"es","@id":"http:\/\/vientosur.top\/museo\/museo-violeta-parra-exhibe-gratuitamente-seleccion-documentales-cine-lebu\/#primaryimage","url":"http:\/\/vientosur.top\/museo\/wp-content\/uploads\/2019\/05\/1-poster_Fu\u0301tbol-Rural-Carahue-Chile.jpg","contentUrl":"http:\/\/vientosur.top\/museo\/wp-content\/uploads\/2019\/05\/1-poster_Fu\u0301tbol-Rural-Carahue-Chile.jpg","width":1152,"height":864},{"@type":"BreadcrumbList","@id":"http:\/\/vientosur.top\/museo\/museo-violeta-parra-exhibe-gratuitamente-seleccion-documentales-cine-lebu\/#breadcrumb","itemListElement":[{"@type":"ListItem","position":1,"name":"Portada","item":"http:\/\/vientosur.top\/museo\/"},{"@type":"ListItem","position":2,"name":"Museo Violeta Parra exhibi\u00f3 gratuitamente selecci\u00f3n de documentales de Cine Lebu"}]},{"@type":"WebSite","@id":"http:\/\/vientosur.top\/museo\/#website","url":"http:\/\/vientosur.top\/museo\/","name":"Museo Violeta Parra","description":"Espacio que alberga tanto la memoria y legado creativo de la artista","potentialAction":[{"@type":"SearchAction","target":{"@type":"EntryPoint","urlTemplate":"http:\/\/vientosur.top\/museo\/?s={search_term_string}"},"query-input":{"@type":"PropertyValueSpecification","valueRequired":true,"valueName":"search_term_string"}}],"inLanguage":"es"},{"@type":"Person","@id":"http:\/\/vientosur.top\/museo\/#\/schema\/person\/20c79d3c38800971feec8c2693c3dd9c","name":"admin","image":{"@type":"ImageObject","inLanguage":"es","@id":"http:\/\/vientosur.top\/museo\/#\/schema\/person\/image\/","url":"https:\/\/secure.gravatar.com\/avatar\/713677ece3ffa642287213a80e5b773bce9ab81c269dd6d95102a990951c922f?s=96&d=mm&r=g","contentUrl":"https:\/\/secure.gravatar.com\/avatar\/713677ece3ffa642287213a80e5b773bce9ab81c269dd6d95102a990951c922f?s=96&d=mm&r=g","caption":"admin"},"sameAs":["http:\/\/vientosur.top\/museo"],"url":"http:\/\/vientosur.top\/museo\/author\/comunicacionesmvp\/"}]}},"_links":{"self":[{"href":"http:\/\/vientosur.top\/museo\/wp-json\/wp\/v2\/posts\/19190","targetHints":{"allow":["GET"]}}],"collection":[{"href":"http:\/\/vientosur.top\/museo\/wp-json\/wp\/v2\/posts"}],"about":[{"href":"http:\/\/vientosur.top\/museo\/wp-json\/wp\/v2\/types\/post"}],"author":[{"embeddable":true,"href":"http:\/\/vientosur.top\/museo\/wp-json\/wp\/v2\/users\/5"}],"replies":[{"embeddable":true,"href":"http:\/\/vientosur.top\/museo\/wp-json\/wp\/v2\/comments?post=19190"}],"version-history":[{"count":0,"href":"http:\/\/vientosur.top\/museo\/wp-json\/wp\/v2\/posts\/19190\/revisions"}],"wp:featuredmedia":[{"embeddable":true,"href":"http:\/\/vientosur.top\/museo\/wp-json\/wp\/v2\/media\/19184"}],"wp:attachment":[{"href":"http:\/\/vientosur.top\/museo\/wp-json\/wp\/v2\/media?parent=19190"}],"wp:term":[{"taxonomy":"category","embeddable":true,"href":"http:\/\/vientosur.top\/museo\/wp-json\/wp\/v2\/categories?post=19190"},{"taxonomy":"post_tag","embeddable":true,"href":"http:\/\/vientosur.top\/museo\/wp-json\/wp\/v2\/tags?post=19190"}],"curies":[{"name":"wp","href":"https:\/\/api.w.org\/{rel}","templated":true}]}}