{"id":19220,"date":"2019-05-03T11:49:00","date_gmt":"2019-05-03T16:49:00","guid":{"rendered":"http:\/\/vientosur.top\/museo\/?p=19220"},"modified":"2019-05-03T11:49:00","modified_gmt":"2019-05-03T16:49:00","slug":"los-santiaguinos-abren-la-cartelera-mayo-museo-violeta-parra-repertorio-cuecas","status":"publish","type":"post","link":"http:\/\/vientosur.top\/museo\/los-santiaguinos-abren-la-cartelera-mayo-museo-violeta-parra-repertorio-cuecas\/","title":{"rendered":"Los Santiaguinos abrieron la cartelera de mayo en Museo Violeta Parra con su repertorio de cuecas"},"content":{"rendered":"<p>\u201cEs un desaf\u00edo, un compromiso social con la gente y una posibilidad de compartir nuestro estilo de cuecas. Tambi\u00e9n significa una oportunidad de dejar nuestro granito de arena para la cultura y quedar en el pensamiento colectivo de las personas\u201d, se\u00f1alaron Los Santiaguinos previo a su presentaci\u00f3n en el Ciclo de Cuecas del Museo Violeta Parra.<\/p>\n<p>La banda, integrada por cuatro m\u00fasicos, se present\u00f3 el s\u00e1bado 4 de mayo en la explanada del museo con un repertorio que hizo un repaso por los seis discos que han marcado su trayectoria art\u00edstica. Como herederos de Hern\u00e1n N\u00fa\u00f1ez Oyarce y de Los Chileneros, esta agrupaci\u00f3n ha desarrollado un estilo que busca darle un sentido urbano y de calle al g\u00e9nero de la cueca.<\/p>\n<p>\u201cTocar en el museo es una instancia muy enriquecedora, producto de que ya estamos formando una especie de tradici\u00f3n, que es s\u00faper importante. La disciplina,y\u00a0 el respeto por el p\u00fablico y por las tradiciones nos ha permitido entregar algo absolutamente fidedigno para las personas que quieren escuchar la cueca urbana, brava y chilena\u201d, concluyen.<\/p>\n<p>Los Santiaguinos tambi\u00e9n hacen un rescate de los antiguos barrios de la capital, como Matadero, Franklin, La Vega y Estaci\u00f3n Central. Su repertorio combina los sonidos de la cueca con los de Latinoam\u00e9rica (vals peruano, boleros y m\u00fasica popular).<\/p>\n<p>&nbsp;<\/p>\n","protected":false},"excerpt":{"rendered":"<p>\u201cEs un desaf\u00edo, un compromiso social con la gente y una posibilidad de compartir nuestro estilo de cuecas. Tambi\u00e9n significa una oportunidad de dejar nuestro granito de arena para la cultura y quedar en el pensamiento colectivo de las personas\u201d, se\u00f1alaron Los Santiaguinos previo a su presentaci\u00f3n en el Ciclo de Cuecas del Museo Violeta [&hellip;]<\/p>\n","protected":false},"author":5,"featured_media":19243,"comment_status":"open","ping_status":"open","sticky":false,"template":"","format":"standard","meta":{"site-sidebar-layout":"default","site-content-layout":"","ast-site-content-layout":"default","site-content-style":"default","site-sidebar-style":"default","ast-global-header-display":"","ast-banner-title-visibility":"","ast-main-header-display":"","ast-hfb-above-header-display":"","ast-hfb-below-header-display":"","ast-hfb-mobile-header-display":"","site-post-title":"","ast-breadcrumbs-content":"","ast-featured-img":"","footer-sml-layout":"","theme-transparent-header-meta":"","adv-header-id-meta":"","stick-header-meta":"","header-above-stick-meta":"","header-main-stick-meta":"","header-below-stick-meta":"","astra-migrate-meta-layouts":"default","ast-page-background-enabled":"default","ast-page-background-meta":{"desktop":{"background-color":"var(--ast-global-color-4)","background-image":"","background-repeat":"repeat","background-position":"center center","background-size":"auto","background-attachment":"scroll","background-type":"","background-media":"","overlay-type":"","overlay-color":"","overlay-opacity":"","overlay-gradient":""},"tablet":{"background-color":"","background-image":"","background-repeat":"repeat","background-position":"center center","background-size":"auto","background-attachment":"scroll","background-type":"","background-media":"","overlay-type":"","overlay-color":"","overlay-opacity":"","overlay-gradient":""},"mobile":{"background-color":"","background-image":"","background-repeat":"repeat","background-position":"center center","background-size":"auto","background-attachment":"scroll","background-type":"","background-media":"","overlay-type":"","overlay-color":"","overlay-opacity":"","overlay-gradient":""}},"ast-content-background-meta":{"desktop":{"background-color":"var(--ast-global-color-5)","background-image":"","background-repeat":"repeat","background-position":"center center","background-size":"auto","background-attachment":"scroll","background-type":"","background-media":"","overlay-type":"","overlay-color":"","overlay-opacity":"","overlay-gradient":""},"tablet":{"background-color":"var(--ast-global-color-5)","background-image":"","background-repeat":"repeat","background-position":"center center","background-size":"auto","background-attachment":"scroll","background-type":"","background-media":"","overlay-type":"","overlay-color":"","overlay-opacity":"","overlay-gradient":""},"mobile":{"background-color":"var(--ast-global-color-5)","background-image":"","background-repeat":"repeat","background-position":"center center","background-size":"auto","background-attachment":"scroll","background-type":"","background-media":"","overlay-type":"","overlay-color":"","overlay-opacity":"","overlay-gradient":""}},"footnotes":""},"categories":[59,8,61],"tags":[],"class_list":["post-19220","post","type-post","status-publish","format-standard","has-post-thumbnail","hentry","category-destacado-noticia","category-noticias","category-novedades"],"yoast_head":"<!-- This site is optimized with the Yoast SEO plugin v25.4 - https:\/\/yoast.com\/wordpress\/plugins\/seo\/ -->\n<title>Los Santiaguinos abrieron la cartelera de mayo en Museo Violeta Parra con su repertorio de cuecas - Museo Violeta Parra<\/title>\n<meta name=\"robots\" content=\"index, follow, max-snippet:-1, max-image-preview:large, max-video-preview:-1\" \/>\n<link rel=\"canonical\" href=\"http:\/\/vientosur.top\/museo\/los-santiaguinos-abren-la-cartelera-mayo-museo-violeta-parra-repertorio-cuecas\/\" \/>\n<meta property=\"og:locale\" content=\"es_ES\" \/>\n<meta property=\"og:type\" content=\"article\" \/>\n<meta property=\"og:title\" content=\"Los Santiaguinos abrieron la cartelera de mayo en Museo Violeta Parra con su repertorio de cuecas - Museo Violeta Parra\" \/>\n<meta property=\"og:description\" content=\"\u201cEs un desaf\u00edo, un compromiso social con la gente y una posibilidad de compartir nuestro estilo de cuecas. Tambi\u00e9n significa una oportunidad de dejar nuestro granito de arena para la cultura y quedar en el pensamiento colectivo de las personas\u201d, se\u00f1alaron Los Santiaguinos previo a su presentaci\u00f3n en el Ciclo de Cuecas del Museo Violeta [&hellip;]\" \/>\n<meta property=\"og:url\" content=\"http:\/\/vientosur.top\/museo\/los-santiaguinos-abren-la-cartelera-mayo-museo-violeta-parra-repertorio-cuecas\/\" \/>\n<meta property=\"og:site_name\" content=\"Museo Violeta Parra\" \/>\n<meta property=\"article:published_time\" content=\"2019-05-03T16:49:00+00:00\" \/>\n<meta property=\"og:image\" content=\"http:\/\/vientosur.top\/museo\/wp-content\/uploads\/2019\/05\/DSC_0307-scaled.jpg\" \/>\n\t<meta property=\"og:image:width\" content=\"2560\" \/>\n\t<meta property=\"og:image:height\" content=\"1702\" \/>\n\t<meta property=\"og:image:type\" content=\"image\/jpeg\" \/>\n<meta name=\"author\" content=\"admin\" \/>\n<meta name=\"twitter:card\" content=\"summary_large_image\" \/>\n<meta name=\"twitter:label1\" content=\"Escrito por\" \/>\n\t<meta name=\"twitter:data1\" content=\"admin\" \/>\n\t<meta name=\"twitter:label2\" content=\"Tiempo de lectura\" \/>\n\t<meta name=\"twitter:data2\" content=\"1 minuto\" \/>\n<script type=\"application\/ld+json\" class=\"yoast-schema-graph\">{\"@context\":\"https:\/\/schema.org\",\"@graph\":[{\"@type\":\"WebPage\",\"@id\":\"http:\/\/vientosur.top\/museo\/los-santiaguinos-abren-la-cartelera-mayo-museo-violeta-parra-repertorio-cuecas\/\",\"url\":\"http:\/\/vientosur.top\/museo\/los-santiaguinos-abren-la-cartelera-mayo-museo-violeta-parra-repertorio-cuecas\/\",\"name\":\"Los Santiaguinos abrieron la cartelera de mayo en Museo Violeta Parra con su repertorio de cuecas - Museo Violeta Parra\",\"isPartOf\":{\"@id\":\"http:\/\/vientosur.top\/museo\/#website\"},\"primaryImageOfPage\":{\"@id\":\"http:\/\/vientosur.top\/museo\/los-santiaguinos-abren-la-cartelera-mayo-museo-violeta-parra-repertorio-cuecas\/#primaryimage\"},\"image\":{\"@id\":\"http:\/\/vientosur.top\/museo\/los-santiaguinos-abren-la-cartelera-mayo-museo-violeta-parra-repertorio-cuecas\/#primaryimage\"},\"thumbnailUrl\":\"http:\/\/vientosur.top\/museo\/wp-content\/uploads\/2019\/05\/DSC_0307-scaled.jpg\",\"datePublished\":\"2019-05-03T16:49:00+00:00\",\"author\":{\"@id\":\"http:\/\/vientosur.top\/museo\/#\/schema\/person\/20c79d3c38800971feec8c2693c3dd9c\"},\"breadcrumb\":{\"@id\":\"http:\/\/vientosur.top\/museo\/los-santiaguinos-abren-la-cartelera-mayo-museo-violeta-parra-repertorio-cuecas\/#breadcrumb\"},\"inLanguage\":\"es\",\"potentialAction\":[{\"@type\":\"ReadAction\",\"target\":[\"http:\/\/vientosur.top\/museo\/los-santiaguinos-abren-la-cartelera-mayo-museo-violeta-parra-repertorio-cuecas\/\"]}]},{\"@type\":\"ImageObject\",\"inLanguage\":\"es\",\"@id\":\"http:\/\/vientosur.top\/museo\/los-santiaguinos-abren-la-cartelera-mayo-museo-violeta-parra-repertorio-cuecas\/#primaryimage\",\"url\":\"http:\/\/vientosur.top\/museo\/wp-content\/uploads\/2019\/05\/DSC_0307-scaled.jpg\",\"contentUrl\":\"http:\/\/vientosur.top\/museo\/wp-content\/uploads\/2019\/05\/DSC_0307-scaled.jpg\",\"width\":2560,\"height\":1702},{\"@type\":\"BreadcrumbList\",\"@id\":\"http:\/\/vientosur.top\/museo\/los-santiaguinos-abren-la-cartelera-mayo-museo-violeta-parra-repertorio-cuecas\/#breadcrumb\",\"itemListElement\":[{\"@type\":\"ListItem\",\"position\":1,\"name\":\"Portada\",\"item\":\"http:\/\/vientosur.top\/museo\/\"},{\"@type\":\"ListItem\",\"position\":2,\"name\":\"Los Santiaguinos abrieron la cartelera de mayo en Museo Violeta Parra con su repertorio de cuecas\"}]},{\"@type\":\"WebSite\",\"@id\":\"http:\/\/vientosur.top\/museo\/#website\",\"url\":\"http:\/\/vientosur.top\/museo\/\",\"name\":\"Museo Violeta Parra\",\"description\":\"Espacio que alberga tanto la memoria y legado creativo de la artista\",\"potentialAction\":[{\"@type\":\"SearchAction\",\"target\":{\"@type\":\"EntryPoint\",\"urlTemplate\":\"http:\/\/vientosur.top\/museo\/?s={search_term_string}\"},\"query-input\":{\"@type\":\"PropertyValueSpecification\",\"valueRequired\":true,\"valueName\":\"search_term_string\"}}],\"inLanguage\":\"es\"},{\"@type\":\"Person\",\"@id\":\"http:\/\/vientosur.top\/museo\/#\/schema\/person\/20c79d3c38800971feec8c2693c3dd9c\",\"name\":\"admin\",\"image\":{\"@type\":\"ImageObject\",\"inLanguage\":\"es\",\"@id\":\"http:\/\/vientosur.top\/museo\/#\/schema\/person\/image\/\",\"url\":\"https:\/\/secure.gravatar.com\/avatar\/713677ece3ffa642287213a80e5b773bce9ab81c269dd6d95102a990951c922f?s=96&d=mm&r=g\",\"contentUrl\":\"https:\/\/secure.gravatar.com\/avatar\/713677ece3ffa642287213a80e5b773bce9ab81c269dd6d95102a990951c922f?s=96&d=mm&r=g\",\"caption\":\"admin\"},\"sameAs\":[\"http:\/\/vientosur.top\/museo\"],\"url\":\"http:\/\/vientosur.top\/museo\/author\/comunicacionesmvp\/\"}]}<\/script>\n<!-- \/ Yoast SEO plugin. -->","yoast_head_json":{"title":"Los Santiaguinos abrieron la cartelera de mayo en Museo Violeta Parra con su repertorio de cuecas - Museo Violeta Parra","robots":{"index":"index","follow":"follow","max-snippet":"max-snippet:-1","max-image-preview":"max-image-preview:large","max-video-preview":"max-video-preview:-1"},"canonical":"http:\/\/vientosur.top\/museo\/los-santiaguinos-abren-la-cartelera-mayo-museo-violeta-parra-repertorio-cuecas\/","og_locale":"es_ES","og_type":"article","og_title":"Los Santiaguinos abrieron la cartelera de mayo en Museo Violeta Parra con su repertorio de cuecas - Museo Violeta Parra","og_description":"\u201cEs un desaf\u00edo, un compromiso social con la gente y una posibilidad de compartir nuestro estilo de cuecas. Tambi\u00e9n significa una oportunidad de dejar nuestro granito de arena para la cultura y quedar en el pensamiento colectivo de las personas\u201d, se\u00f1alaron Los Santiaguinos previo a su presentaci\u00f3n en el Ciclo de Cuecas del Museo Violeta [&hellip;]","og_url":"http:\/\/vientosur.top\/museo\/los-santiaguinos-abren-la-cartelera-mayo-museo-violeta-parra-repertorio-cuecas\/","og_site_name":"Museo Violeta Parra","article_published_time":"2019-05-03T16:49:00+00:00","og_image":[{"width":2560,"height":1702,"url":"http:\/\/vientosur.top\/museo\/wp-content\/uploads\/2019\/05\/DSC_0307-scaled.jpg","type":"image\/jpeg"}],"author":"admin","twitter_card":"summary_large_image","twitter_misc":{"Escrito por":"admin","Tiempo de lectura":"1 minuto"},"schema":{"@context":"https:\/\/schema.org","@graph":[{"@type":"WebPage","@id":"http:\/\/vientosur.top\/museo\/los-santiaguinos-abren-la-cartelera-mayo-museo-violeta-parra-repertorio-cuecas\/","url":"http:\/\/vientosur.top\/museo\/los-santiaguinos-abren-la-cartelera-mayo-museo-violeta-parra-repertorio-cuecas\/","name":"Los Santiaguinos abrieron la cartelera de mayo en Museo Violeta Parra con su repertorio de cuecas - Museo Violeta Parra","isPartOf":{"@id":"http:\/\/vientosur.top\/museo\/#website"},"primaryImageOfPage":{"@id":"http:\/\/vientosur.top\/museo\/los-santiaguinos-abren-la-cartelera-mayo-museo-violeta-parra-repertorio-cuecas\/#primaryimage"},"image":{"@id":"http:\/\/vientosur.top\/museo\/los-santiaguinos-abren-la-cartelera-mayo-museo-violeta-parra-repertorio-cuecas\/#primaryimage"},"thumbnailUrl":"http:\/\/vientosur.top\/museo\/wp-content\/uploads\/2019\/05\/DSC_0307-scaled.jpg","datePublished":"2019-05-03T16:49:00+00:00","author":{"@id":"http:\/\/vientosur.top\/museo\/#\/schema\/person\/20c79d3c38800971feec8c2693c3dd9c"},"breadcrumb":{"@id":"http:\/\/vientosur.top\/museo\/los-santiaguinos-abren-la-cartelera-mayo-museo-violeta-parra-repertorio-cuecas\/#breadcrumb"},"inLanguage":"es","potentialAction":[{"@type":"ReadAction","target":["http:\/\/vientosur.top\/museo\/los-santiaguinos-abren-la-cartelera-mayo-museo-violeta-parra-repertorio-cuecas\/"]}]},{"@type":"ImageObject","inLanguage":"es","@id":"http:\/\/vientosur.top\/museo\/los-santiaguinos-abren-la-cartelera-mayo-museo-violeta-parra-repertorio-cuecas\/#primaryimage","url":"http:\/\/vientosur.top\/museo\/wp-content\/uploads\/2019\/05\/DSC_0307-scaled.jpg","contentUrl":"http:\/\/vientosur.top\/museo\/wp-content\/uploads\/2019\/05\/DSC_0307-scaled.jpg","width":2560,"height":1702},{"@type":"BreadcrumbList","@id":"http:\/\/vientosur.top\/museo\/los-santiaguinos-abren-la-cartelera-mayo-museo-violeta-parra-repertorio-cuecas\/#breadcrumb","itemListElement":[{"@type":"ListItem","position":1,"name":"Portada","item":"http:\/\/vientosur.top\/museo\/"},{"@type":"ListItem","position":2,"name":"Los Santiaguinos abrieron la cartelera de mayo en Museo Violeta Parra con su repertorio de cuecas"}]},{"@type":"WebSite","@id":"http:\/\/vientosur.top\/museo\/#website","url":"http:\/\/vientosur.top\/museo\/","name":"Museo Violeta Parra","description":"Espacio que alberga tanto la memoria y legado creativo de la artista","potentialAction":[{"@type":"SearchAction","target":{"@type":"EntryPoint","urlTemplate":"http:\/\/vientosur.top\/museo\/?s={search_term_string}"},"query-input":{"@type":"PropertyValueSpecification","valueRequired":true,"valueName":"search_term_string"}}],"inLanguage":"es"},{"@type":"Person","@id":"http:\/\/vientosur.top\/museo\/#\/schema\/person\/20c79d3c38800971feec8c2693c3dd9c","name":"admin","image":{"@type":"ImageObject","inLanguage":"es","@id":"http:\/\/vientosur.top\/museo\/#\/schema\/person\/image\/","url":"https:\/\/secure.gravatar.com\/avatar\/713677ece3ffa642287213a80e5b773bce9ab81c269dd6d95102a990951c922f?s=96&d=mm&r=g","contentUrl":"https:\/\/secure.gravatar.com\/avatar\/713677ece3ffa642287213a80e5b773bce9ab81c269dd6d95102a990951c922f?s=96&d=mm&r=g","caption":"admin"},"sameAs":["http:\/\/vientosur.top\/museo"],"url":"http:\/\/vientosur.top\/museo\/author\/comunicacionesmvp\/"}]}},"_links":{"self":[{"href":"http:\/\/vientosur.top\/museo\/wp-json\/wp\/v2\/posts\/19220","targetHints":{"allow":["GET"]}}],"collection":[{"href":"http:\/\/vientosur.top\/museo\/wp-json\/wp\/v2\/posts"}],"about":[{"href":"http:\/\/vientosur.top\/museo\/wp-json\/wp\/v2\/types\/post"}],"author":[{"embeddable":true,"href":"http:\/\/vientosur.top\/museo\/wp-json\/wp\/v2\/users\/5"}],"replies":[{"embeddable":true,"href":"http:\/\/vientosur.top\/museo\/wp-json\/wp\/v2\/comments?post=19220"}],"version-history":[{"count":0,"href":"http:\/\/vientosur.top\/museo\/wp-json\/wp\/v2\/posts\/19220\/revisions"}],"wp:featuredmedia":[{"embeddable":true,"href":"http:\/\/vientosur.top\/museo\/wp-json\/wp\/v2\/media\/19243"}],"wp:attachment":[{"href":"http:\/\/vientosur.top\/museo\/wp-json\/wp\/v2\/media?parent=19220"}],"wp:term":[{"taxonomy":"category","embeddable":true,"href":"http:\/\/vientosur.top\/museo\/wp-json\/wp\/v2\/categories?post=19220"},{"taxonomy":"post_tag","embeddable":true,"href":"http:\/\/vientosur.top\/museo\/wp-json\/wp\/v2\/tags?post=19220"}],"curies":[{"name":"wp","href":"https:\/\/api.w.org\/{rel}","templated":true}]}}