{"id":19227,"date":"2019-05-03T12:23:08","date_gmt":"2019-05-03T17:23:08","guid":{"rendered":"http:\/\/vientosur.top\/museo\/?p=19227"},"modified":"2019-05-03T12:23:08","modified_gmt":"2019-05-03T17:23:08","slug":"museo-violeta-parra-centro-nacional-conservacion-restauracion-cncr-convocan-jornada-reflexion-la-restauracion-obra-justice-du-monde-violeta-parra","status":"publish","type":"post","link":"http:\/\/vientosur.top\/museo\/museo-violeta-parra-centro-nacional-conservacion-restauracion-cncr-convocan-jornada-reflexion-la-restauracion-obra-justice-du-monde-violeta-parra\/","title":{"rendered":"Museo Violeta Parra y Centro Nacional de Conservaci\u00f3n y Restauraci\u00f3n (CNCR) convocan a jornada de reflexi\u00f3n sobre la restauraci\u00f3n de obra \u201cJustice du Monde\u201d de Violeta Parra"},"content":{"rendered":"<p>Una invitaci\u00f3n a participar de la V Jornada de Declaraci\u00f3n de Significado en torno a la pintura de 1964 permitir\u00e1 conocer el proceso de restauraci\u00f3n de la obra que es parte de la colecci\u00f3n del Museo Violeta Parra.<\/p>\n<p><a href=\"http:\/\/vientosur.top\/museo\/wp-content\/uploads\/2019\/05\/Invitacion2_CNCR_JusticeduMonde_Marzo2019.jpg\"><img fetchpriority=\"high\" decoding=\"async\" class=\"size-medium wp-image-19232 alignleft\" src=\"http:\/\/vientosur.top\/museo\/wp-content\/uploads\/2019\/05\/Invitacion2_CNCR_JusticeduMonde_Marzo2019-240x300.jpg\" alt=\"\" width=\"240\" height=\"300\" \/><\/a>\u201cJustice du Monde\u201d es una de las 41 obras de Violeta Parra que fueron declaradas Monumento Nacional en la categor\u00eda Monumento Hist\u00f3rico el 4 de octubre de 2017, para el centenario del nacimiento de la artista. La obra ingres\u00f3 al Laboratorio de Pintura del Centro Nacional de Conservaci\u00f3n y Restauraci\u00f3n (CNCR), luego de firmar un convenio de colaboraci\u00f3n entre el Museo Violeta Parra y el CNCR, para iniciar el proceso de restauraci\u00f3n.<\/p>\n<p>La V Jornada de Declaraci\u00f3n de Significado se realizar\u00e1 con una metodolog\u00eda que busca comprender y describir el c\u00f3mo y por qu\u00e9 una pieza es significativa revisando, desde diferentes perspectivas, el significado y valor actual de la pintura.<\/p>\n<p>\u201cJustice du Monde\u201d es un \u00f3leo sobre tela de 149 cm.x 109,5 com. Fue un regalo de matrimonio de Violeta Parra a una pareja de amigos en Francia en 1964, quienes la tuvieron expuesta en su casa hasta que se la entregaron a \u00c1ngel Parra para integrar la colecci\u00f3n del Museo.<\/p>\n<p>La jornada es abierta y se desarrollar\u00e1 el mi\u00e9rcoles 22 de mayo de 2019, de 09:30 a 17:00 horas, en el Sal\u00f3n Refectorio del Centro Patrimonial Recoleta Dom\u00ednica, ubicado en Av. Recoleta 683, Recoleta, Metro Cerro Blanco.<\/p>\n<p><strong>Inscripciones al correo cncr@patrimoniocultural.gob.cl. <\/strong>M\u00e1s informaci\u00f3n en en <a href=\"https:\/\/www.cncr.gob.cl\/sitio\/Contenido\/Noticias\/90719:Justice-du-Monde-de-Violeta-Parra-1964\">siguiente enlace<\/a>.<\/p>\n","protected":false},"excerpt":{"rendered":"<p>Una invitaci\u00f3n a participar de la V Jornada de Declaraci\u00f3n de Significado en torno a la pintura de 1964 permitir\u00e1 conocer el proceso de restauraci\u00f3n de la obra que es parte de la colecci\u00f3n del Museo Violeta Parra. \u201cJustice du Monde\u201d es una de las 41 obras de Violeta Parra que fueron declaradas Monumento Nacional [&hellip;]<\/p>\n","protected":false},"author":5,"featured_media":19231,"comment_status":"open","ping_status":"open","sticky":false,"template":"","format":"standard","meta":{"site-sidebar-layout":"default","site-content-layout":"","ast-site-content-layout":"default","site-content-style":"default","site-sidebar-style":"default","ast-global-header-display":"","ast-banner-title-visibility":"","ast-main-header-display":"","ast-hfb-above-header-display":"","ast-hfb-below-header-display":"","ast-hfb-mobile-header-display":"","site-post-title":"","ast-breadcrumbs-content":"","ast-featured-img":"","footer-sml-layout":"","theme-transparent-header-meta":"","adv-header-id-meta":"","stick-header-meta":"","header-above-stick-meta":"","header-main-stick-meta":"","header-below-stick-meta":"","astra-migrate-meta-layouts":"default","ast-page-background-enabled":"default","ast-page-background-meta":{"desktop":{"background-color":"var(--ast-global-color-4)","background-image":"","background-repeat":"repeat","background-position":"center center","background-size":"auto","background-attachment":"scroll","background-type":"","background-media":"","overlay-type":"","overlay-color":"","overlay-opacity":"","overlay-gradient":""},"tablet":{"background-color":"","background-image":"","background-repeat":"repeat","background-position":"center center","background-size":"auto","background-attachment":"scroll","background-type":"","background-media":"","overlay-type":"","overlay-color":"","overlay-opacity":"","overlay-gradient":""},"mobile":{"background-color":"","background-image":"","background-repeat":"repeat","background-position":"center center","background-size":"auto","background-attachment":"scroll","background-type":"","background-media":"","overlay-type":"","overlay-color":"","overlay-opacity":"","overlay-gradient":""}},"ast-content-background-meta":{"desktop":{"background-color":"var(--ast-global-color-5)","background-image":"","background-repeat":"repeat","background-position":"center center","background-size":"auto","background-attachment":"scroll","background-type":"","background-media":"","overlay-type":"","overlay-color":"","overlay-opacity":"","overlay-gradient":""},"tablet":{"background-color":"var(--ast-global-color-5)","background-image":"","background-repeat":"repeat","background-position":"center center","background-size":"auto","background-attachment":"scroll","background-type":"","background-media":"","overlay-type":"","overlay-color":"","overlay-opacity":"","overlay-gradient":""},"mobile":{"background-color":"var(--ast-global-color-5)","background-image":"","background-repeat":"repeat","background-position":"center center","background-size":"auto","background-attachment":"scroll","background-type":"","background-media":"","overlay-type":"","overlay-color":"","overlay-opacity":"","overlay-gradient":""}},"footnotes":""},"categories":[59,8,61],"tags":[],"class_list":["post-19227","post","type-post","status-publish","format-standard","has-post-thumbnail","hentry","category-destacado-noticia","category-noticias","category-novedades"],"yoast_head":"<!-- This site is optimized with the Yoast SEO plugin v25.4 - https:\/\/yoast.com\/wordpress\/plugins\/seo\/ -->\n<title>Museo Violeta Parra y Centro Nacional de Conservaci\u00f3n y Restauraci\u00f3n (CNCR) convocan a jornada de reflexi\u00f3n sobre la restauraci\u00f3n de obra \u201cJustice du Monde\u201d de Violeta Parra - Museo Violeta Parra<\/title>\n<meta name=\"robots\" content=\"index, follow, max-snippet:-1, max-image-preview:large, max-video-preview:-1\" \/>\n<link rel=\"canonical\" href=\"http:\/\/vientosur.top\/museo\/museo-violeta-parra-centro-nacional-conservacion-restauracion-cncr-convocan-jornada-reflexion-la-restauracion-obra-justice-du-monde-violeta-parra\/\" \/>\n<meta property=\"og:locale\" content=\"es_ES\" \/>\n<meta property=\"og:type\" content=\"article\" \/>\n<meta property=\"og:title\" content=\"Museo Violeta Parra y Centro Nacional de Conservaci\u00f3n y Restauraci\u00f3n (CNCR) convocan a jornada de reflexi\u00f3n sobre la restauraci\u00f3n de obra \u201cJustice du Monde\u201d de Violeta Parra - Museo Violeta Parra\" \/>\n<meta property=\"og:description\" content=\"Una invitaci\u00f3n a participar de la V Jornada de Declaraci\u00f3n de Significado en torno a la pintura de 1964 permitir\u00e1 conocer el proceso de restauraci\u00f3n de la obra que es parte de la colecci\u00f3n del Museo Violeta Parra. \u201cJustice du Monde\u201d es una de las 41 obras de Violeta Parra que fueron declaradas Monumento Nacional [&hellip;]\" \/>\n<meta property=\"og:url\" content=\"http:\/\/vientosur.top\/museo\/museo-violeta-parra-centro-nacional-conservacion-restauracion-cncr-convocan-jornada-reflexion-la-restauracion-obra-justice-du-monde-violeta-parra\/\" \/>\n<meta property=\"og:site_name\" content=\"Museo Violeta Parra\" \/>\n<meta property=\"article:published_time\" content=\"2019-05-03T17:23:08+00:00\" \/>\n<meta property=\"og:image\" content=\"http:\/\/vientosur.top\/museo\/wp-content\/uploads\/2019\/05\/justice-du-monde-1.jpg\" \/>\n\t<meta property=\"og:image:width\" content=\"1119\" \/>\n\t<meta property=\"og:image:height\" content=\"528\" \/>\n\t<meta property=\"og:image:type\" content=\"image\/jpeg\" \/>\n<meta name=\"author\" content=\"admin\" \/>\n<meta name=\"twitter:card\" content=\"summary_large_image\" \/>\n<meta name=\"twitter:label1\" content=\"Escrito por\" \/>\n\t<meta name=\"twitter:data1\" content=\"admin\" \/>\n\t<meta name=\"twitter:label2\" content=\"Tiempo de lectura\" \/>\n\t<meta name=\"twitter:data2\" content=\"1 minuto\" \/>\n<script type=\"application\/ld+json\" class=\"yoast-schema-graph\">{\"@context\":\"https:\/\/schema.org\",\"@graph\":[{\"@type\":\"WebPage\",\"@id\":\"http:\/\/vientosur.top\/museo\/museo-violeta-parra-centro-nacional-conservacion-restauracion-cncr-convocan-jornada-reflexion-la-restauracion-obra-justice-du-monde-violeta-parra\/\",\"url\":\"http:\/\/vientosur.top\/museo\/museo-violeta-parra-centro-nacional-conservacion-restauracion-cncr-convocan-jornada-reflexion-la-restauracion-obra-justice-du-monde-violeta-parra\/\",\"name\":\"Museo Violeta Parra y Centro Nacional de Conservaci\u00f3n y Restauraci\u00f3n (CNCR) convocan a jornada de reflexi\u00f3n sobre la restauraci\u00f3n de obra \u201cJustice du Monde\u201d de Violeta Parra - Museo Violeta Parra\",\"isPartOf\":{\"@id\":\"http:\/\/vientosur.top\/museo\/#website\"},\"primaryImageOfPage\":{\"@id\":\"http:\/\/vientosur.top\/museo\/museo-violeta-parra-centro-nacional-conservacion-restauracion-cncr-convocan-jornada-reflexion-la-restauracion-obra-justice-du-monde-violeta-parra\/#primaryimage\"},\"image\":{\"@id\":\"http:\/\/vientosur.top\/museo\/museo-violeta-parra-centro-nacional-conservacion-restauracion-cncr-convocan-jornada-reflexion-la-restauracion-obra-justice-du-monde-violeta-parra\/#primaryimage\"},\"thumbnailUrl\":\"http:\/\/vientosur.top\/museo\/wp-content\/uploads\/2019\/05\/justice-du-monde-1.jpg\",\"datePublished\":\"2019-05-03T17:23:08+00:00\",\"author\":{\"@id\":\"http:\/\/vientosur.top\/museo\/#\/schema\/person\/20c79d3c38800971feec8c2693c3dd9c\"},\"breadcrumb\":{\"@id\":\"http:\/\/vientosur.top\/museo\/museo-violeta-parra-centro-nacional-conservacion-restauracion-cncr-convocan-jornada-reflexion-la-restauracion-obra-justice-du-monde-violeta-parra\/#breadcrumb\"},\"inLanguage\":\"es\",\"potentialAction\":[{\"@type\":\"ReadAction\",\"target\":[\"http:\/\/vientosur.top\/museo\/museo-violeta-parra-centro-nacional-conservacion-restauracion-cncr-convocan-jornada-reflexion-la-restauracion-obra-justice-du-monde-violeta-parra\/\"]}]},{\"@type\":\"ImageObject\",\"inLanguage\":\"es\",\"@id\":\"http:\/\/vientosur.top\/museo\/museo-violeta-parra-centro-nacional-conservacion-restauracion-cncr-convocan-jornada-reflexion-la-restauracion-obra-justice-du-monde-violeta-parra\/#primaryimage\",\"url\":\"http:\/\/vientosur.top\/museo\/wp-content\/uploads\/2019\/05\/justice-du-monde-1.jpg\",\"contentUrl\":\"http:\/\/vientosur.top\/museo\/wp-content\/uploads\/2019\/05\/justice-du-monde-1.jpg\",\"width\":1119,\"height\":528},{\"@type\":\"BreadcrumbList\",\"@id\":\"http:\/\/vientosur.top\/museo\/museo-violeta-parra-centro-nacional-conservacion-restauracion-cncr-convocan-jornada-reflexion-la-restauracion-obra-justice-du-monde-violeta-parra\/#breadcrumb\",\"itemListElement\":[{\"@type\":\"ListItem\",\"position\":1,\"name\":\"Portada\",\"item\":\"http:\/\/vientosur.top\/museo\/\"},{\"@type\":\"ListItem\",\"position\":2,\"name\":\"Museo Violeta Parra y Centro Nacional de Conservaci\u00f3n y Restauraci\u00f3n (CNCR) convocan a jornada de reflexi\u00f3n sobre la restauraci\u00f3n de obra \u201cJustice du Monde\u201d de Violeta Parra\"}]},{\"@type\":\"WebSite\",\"@id\":\"http:\/\/vientosur.top\/museo\/#website\",\"url\":\"http:\/\/vientosur.top\/museo\/\",\"name\":\"Museo Violeta Parra\",\"description\":\"Espacio que alberga tanto la memoria y legado creativo de la artista\",\"potentialAction\":[{\"@type\":\"SearchAction\",\"target\":{\"@type\":\"EntryPoint\",\"urlTemplate\":\"http:\/\/vientosur.top\/museo\/?s={search_term_string}\"},\"query-input\":{\"@type\":\"PropertyValueSpecification\",\"valueRequired\":true,\"valueName\":\"search_term_string\"}}],\"inLanguage\":\"es\"},{\"@type\":\"Person\",\"@id\":\"http:\/\/vientosur.top\/museo\/#\/schema\/person\/20c79d3c38800971feec8c2693c3dd9c\",\"name\":\"admin\",\"image\":{\"@type\":\"ImageObject\",\"inLanguage\":\"es\",\"@id\":\"http:\/\/vientosur.top\/museo\/#\/schema\/person\/image\/\",\"url\":\"https:\/\/secure.gravatar.com\/avatar\/713677ece3ffa642287213a80e5b773bce9ab81c269dd6d95102a990951c922f?s=96&d=mm&r=g\",\"contentUrl\":\"https:\/\/secure.gravatar.com\/avatar\/713677ece3ffa642287213a80e5b773bce9ab81c269dd6d95102a990951c922f?s=96&d=mm&r=g\",\"caption\":\"admin\"},\"sameAs\":[\"http:\/\/vientosur.top\/museo\"],\"url\":\"http:\/\/vientosur.top\/museo\/author\/comunicacionesmvp\/\"}]}<\/script>\n<!-- \/ Yoast SEO plugin. -->","yoast_head_json":{"title":"Museo Violeta Parra y Centro Nacional de Conservaci\u00f3n y Restauraci\u00f3n (CNCR) convocan a jornada de reflexi\u00f3n sobre la restauraci\u00f3n de obra \u201cJustice du Monde\u201d de Violeta Parra - Museo Violeta Parra","robots":{"index":"index","follow":"follow","max-snippet":"max-snippet:-1","max-image-preview":"max-image-preview:large","max-video-preview":"max-video-preview:-1"},"canonical":"http:\/\/vientosur.top\/museo\/museo-violeta-parra-centro-nacional-conservacion-restauracion-cncr-convocan-jornada-reflexion-la-restauracion-obra-justice-du-monde-violeta-parra\/","og_locale":"es_ES","og_type":"article","og_title":"Museo Violeta Parra y Centro Nacional de Conservaci\u00f3n y Restauraci\u00f3n (CNCR) convocan a jornada de reflexi\u00f3n sobre la restauraci\u00f3n de obra \u201cJustice du Monde\u201d de Violeta Parra - Museo Violeta Parra","og_description":"Una invitaci\u00f3n a participar de la V Jornada de Declaraci\u00f3n de Significado en torno a la pintura de 1964 permitir\u00e1 conocer el proceso de restauraci\u00f3n de la obra que es parte de la colecci\u00f3n del Museo Violeta Parra. \u201cJustice du Monde\u201d es una de las 41 obras de Violeta Parra que fueron declaradas Monumento Nacional [&hellip;]","og_url":"http:\/\/vientosur.top\/museo\/museo-violeta-parra-centro-nacional-conservacion-restauracion-cncr-convocan-jornada-reflexion-la-restauracion-obra-justice-du-monde-violeta-parra\/","og_site_name":"Museo Violeta Parra","article_published_time":"2019-05-03T17:23:08+00:00","og_image":[{"width":1119,"height":528,"url":"http:\/\/vientosur.top\/museo\/wp-content\/uploads\/2019\/05\/justice-du-monde-1.jpg","type":"image\/jpeg"}],"author":"admin","twitter_card":"summary_large_image","twitter_misc":{"Escrito por":"admin","Tiempo de lectura":"1 minuto"},"schema":{"@context":"https:\/\/schema.org","@graph":[{"@type":"WebPage","@id":"http:\/\/vientosur.top\/museo\/museo-violeta-parra-centro-nacional-conservacion-restauracion-cncr-convocan-jornada-reflexion-la-restauracion-obra-justice-du-monde-violeta-parra\/","url":"http:\/\/vientosur.top\/museo\/museo-violeta-parra-centro-nacional-conservacion-restauracion-cncr-convocan-jornada-reflexion-la-restauracion-obra-justice-du-monde-violeta-parra\/","name":"Museo Violeta Parra y Centro Nacional de Conservaci\u00f3n y Restauraci\u00f3n (CNCR) convocan a jornada de reflexi\u00f3n sobre la restauraci\u00f3n de obra \u201cJustice du Monde\u201d de Violeta Parra - Museo Violeta Parra","isPartOf":{"@id":"http:\/\/vientosur.top\/museo\/#website"},"primaryImageOfPage":{"@id":"http:\/\/vientosur.top\/museo\/museo-violeta-parra-centro-nacional-conservacion-restauracion-cncr-convocan-jornada-reflexion-la-restauracion-obra-justice-du-monde-violeta-parra\/#primaryimage"},"image":{"@id":"http:\/\/vientosur.top\/museo\/museo-violeta-parra-centro-nacional-conservacion-restauracion-cncr-convocan-jornada-reflexion-la-restauracion-obra-justice-du-monde-violeta-parra\/#primaryimage"},"thumbnailUrl":"http:\/\/vientosur.top\/museo\/wp-content\/uploads\/2019\/05\/justice-du-monde-1.jpg","datePublished":"2019-05-03T17:23:08+00:00","author":{"@id":"http:\/\/vientosur.top\/museo\/#\/schema\/person\/20c79d3c38800971feec8c2693c3dd9c"},"breadcrumb":{"@id":"http:\/\/vientosur.top\/museo\/museo-violeta-parra-centro-nacional-conservacion-restauracion-cncr-convocan-jornada-reflexion-la-restauracion-obra-justice-du-monde-violeta-parra\/#breadcrumb"},"inLanguage":"es","potentialAction":[{"@type":"ReadAction","target":["http:\/\/vientosur.top\/museo\/museo-violeta-parra-centro-nacional-conservacion-restauracion-cncr-convocan-jornada-reflexion-la-restauracion-obra-justice-du-monde-violeta-parra\/"]}]},{"@type":"ImageObject","inLanguage":"es","@id":"http:\/\/vientosur.top\/museo\/museo-violeta-parra-centro-nacional-conservacion-restauracion-cncr-convocan-jornada-reflexion-la-restauracion-obra-justice-du-monde-violeta-parra\/#primaryimage","url":"http:\/\/vientosur.top\/museo\/wp-content\/uploads\/2019\/05\/justice-du-monde-1.jpg","contentUrl":"http:\/\/vientosur.top\/museo\/wp-content\/uploads\/2019\/05\/justice-du-monde-1.jpg","width":1119,"height":528},{"@type":"BreadcrumbList","@id":"http:\/\/vientosur.top\/museo\/museo-violeta-parra-centro-nacional-conservacion-restauracion-cncr-convocan-jornada-reflexion-la-restauracion-obra-justice-du-monde-violeta-parra\/#breadcrumb","itemListElement":[{"@type":"ListItem","position":1,"name":"Portada","item":"http:\/\/vientosur.top\/museo\/"},{"@type":"ListItem","position":2,"name":"Museo Violeta Parra y Centro Nacional de Conservaci\u00f3n y Restauraci\u00f3n (CNCR) convocan a jornada de reflexi\u00f3n sobre la restauraci\u00f3n de obra \u201cJustice du Monde\u201d de Violeta Parra"}]},{"@type":"WebSite","@id":"http:\/\/vientosur.top\/museo\/#website","url":"http:\/\/vientosur.top\/museo\/","name":"Museo Violeta Parra","description":"Espacio que alberga tanto la memoria y legado creativo de la artista","potentialAction":[{"@type":"SearchAction","target":{"@type":"EntryPoint","urlTemplate":"http:\/\/vientosur.top\/museo\/?s={search_term_string}"},"query-input":{"@type":"PropertyValueSpecification","valueRequired":true,"valueName":"search_term_string"}}],"inLanguage":"es"},{"@type":"Person","@id":"http:\/\/vientosur.top\/museo\/#\/schema\/person\/20c79d3c38800971feec8c2693c3dd9c","name":"admin","image":{"@type":"ImageObject","inLanguage":"es","@id":"http:\/\/vientosur.top\/museo\/#\/schema\/person\/image\/","url":"https:\/\/secure.gravatar.com\/avatar\/713677ece3ffa642287213a80e5b773bce9ab81c269dd6d95102a990951c922f?s=96&d=mm&r=g","contentUrl":"https:\/\/secure.gravatar.com\/avatar\/713677ece3ffa642287213a80e5b773bce9ab81c269dd6d95102a990951c922f?s=96&d=mm&r=g","caption":"admin"},"sameAs":["http:\/\/vientosur.top\/museo"],"url":"http:\/\/vientosur.top\/museo\/author\/comunicacionesmvp\/"}]}},"_links":{"self":[{"href":"http:\/\/vientosur.top\/museo\/wp-json\/wp\/v2\/posts\/19227","targetHints":{"allow":["GET"]}}],"collection":[{"href":"http:\/\/vientosur.top\/museo\/wp-json\/wp\/v2\/posts"}],"about":[{"href":"http:\/\/vientosur.top\/museo\/wp-json\/wp\/v2\/types\/post"}],"author":[{"embeddable":true,"href":"http:\/\/vientosur.top\/museo\/wp-json\/wp\/v2\/users\/5"}],"replies":[{"embeddable":true,"href":"http:\/\/vientosur.top\/museo\/wp-json\/wp\/v2\/comments?post=19227"}],"version-history":[{"count":0,"href":"http:\/\/vientosur.top\/museo\/wp-json\/wp\/v2\/posts\/19227\/revisions"}],"wp:featuredmedia":[{"embeddable":true,"href":"http:\/\/vientosur.top\/museo\/wp-json\/wp\/v2\/media\/19231"}],"wp:attachment":[{"href":"http:\/\/vientosur.top\/museo\/wp-json\/wp\/v2\/media?parent=19227"}],"wp:term":[{"taxonomy":"category","embeddable":true,"href":"http:\/\/vientosur.top\/museo\/wp-json\/wp\/v2\/categories?post=19227"},{"taxonomy":"post_tag","embeddable":true,"href":"http:\/\/vientosur.top\/museo\/wp-json\/wp\/v2\/tags?post=19227"}],"curies":[{"name":"wp","href":"https:\/\/api.w.org\/{rel}","templated":true}]}}