{"id":19283,"date":"2019-05-09T08:47:00","date_gmt":"2019-05-09T13:47:00","guid":{"rendered":"http:\/\/vientosur.top\/museo\/?p=19283"},"modified":"2019-05-09T08:47:00","modified_gmt":"2019-05-09T13:47:00","slug":"museo-violeta-parra-se-suma-museumweek-este-2019","status":"publish","type":"post","link":"http:\/\/vientosur.top\/museo\/museo-violeta-parra-se-suma-museumweek-este-2019\/","title":{"rendered":"Museo Violeta Parra se suma a #MuseumWeek este 2019"},"content":{"rendered":"<p><strong>La convocatoria internacional alrededor de la Cultura invita a favorecer experiencias muse\u00edsticas trasversales, l\u00fadicas y educativas, y a comunicarlas a trav\u00e9s de redes sociales.\u00a0<\/strong><\/p>\n<p><strong>Nuestra programaci\u00f3n especial contempla, adem\u00e1s, conmemorar el D\u00eda Internacional de los Museos con el Taller de Violeta Muse\u00f3loga el s\u00e1bado 18 de mayo.<\/strong><\/p>\n<p>El Museo Violeta Parra se suma este a\u00f1o al llamado a participar de una experiencia mundial \u00fanica, que ya va en su sexta edici\u00f3n, con una bater\u00eda de activaciones de acuerdo a las tem\u00e1ticas de cada d\u00eda de la llamada \u201cSemana de los Museos\u201d.<\/p>\n<p>Este 2019 estar\u00e1 marcado por el apoyo a la causa de las mujeres utilizando el hashtag com\u00fan #WomenInCulture, lo que cobra una especial relevancia para uno de los pocos museos en el mundo dedicados a la vida, obra y legado de una mujer, \u00a0como es el caso de Violeta Parra.<\/p>\n<p><a href=\"http:\/\/vientosur.top\/museo\/wp-content\/uploads\/2019\/05\/logoMW.png\"><img decoding=\"async\" class=\"alignleft wp-image-19287 \" src=\"http:\/\/vientosur.top\/museo\/wp-content\/uploads\/2019\/05\/logoMW-150x150.png\" alt=\"\" width=\"172\" height=\"172\" \/><\/a>El 2018 fueron 5.000 instituciones culturales a nivel global las que participaron en una movilizaci\u00f3n alrededor de la Cultura.\u00a0 La activaci\u00f3n internacional ha sido definida por sus organizadores como \u201cuna semana de sinergia \u00fanica en el mundo, fuente de tr\u00e1fico, diversidad y creatividad\u201d. \u00a0A partir del 13 de mayo, el hashtag #MuseumWeek y otros siete hashtags diferentes circular\u00e1n en la web con variados t\u00f3picos preparados especialmente para cada d\u00eda.<\/p>\n<p>Cada jornada ha sido preparada por el Museo Violeta Parra tomando en cuenta el enfoque internacional del d\u00eda y a trav\u00e9s de una\u00a0 b\u00fasqueda por visibilizar la instituci\u00f3n, dar a conocer secretos de sus colecciones, invitar a sus audiencias a concursar, entregar sus testimonios, manifestar apoyo en la promoci\u00f3n de la paz, entre otras actividades que son parte del llamado de los organizadores.<\/p>\n<p>El d\u00eda <strong>lunes 13 <\/strong>de mayo abre la semana el hashtag <strong>#WomenInCulture<\/strong>, donde nuestro foco ser\u00e1 mostrar a Violeta Parra como artista integral. Destacaremos su obra y la existencia de este museo llevando un mensaje a nivel internacional de su legado.<\/p>\n<p>El <strong>martes 14 <\/strong>de mayo es el turno de <strong>#SecretsMW<\/strong>, un momento para mostrar los secretos que esconden los museos donde daremos a conocer algunos detalles de la restauraci\u00f3n que se realiza actualmente de la obra \u201cJustice du Monde\u201d, \u00f3leo de Violeta Parra. El <strong>mi\u00e9rcoles 15<\/strong> se invitar\u00e1 a jugar con <strong>#PlayMW<\/strong> convocando a nuestro p\u00fablico a responder preguntas y realizar comentarios, siempre en torno a las colecciones u obras de Violeta.<\/p>\n<p>El <strong>jueves 16<\/strong> se viralizar\u00e1 el hashtag <strong>#RainbowMW<\/strong>, donde se busca promover la paz y la diversidad en las instituciones culturales. Esa jornada destacaremos el valor de la arpillera \u201cContra la Guerra\u201d.<\/p>\n<p>El<strong> viernes 17<\/strong>, en tanto, \u00a0nos enfocaremos en <strong>#ExploreMW<\/strong> con experiencias creativas que se viven al interior del museo, especialmente en los talleres abiertos a la comunidad.<\/p>\n<p>El <strong>s\u00e1bado 18<\/strong> de mayo ser\u00e1 el turno de compartir fotograf\u00edas hechas al interior del museo con el hashtag <strong>#PhotoMW<\/strong>. Esa jornada tambi\u00e9n\u00a0conmemoraramos el D\u00eda Internacional de los Museos con el Taller de Violeta Muse\u00f3loga.\u00a0Para finalizar, el <strong>domingo 19<\/strong> de mayo, bajo la consigna <strong>#FriendsMW<\/strong>, haremos un llamado a invitar a un amigo a una jornada cinematogr\u00e1fica gratuita en nuestro Ciclo Miradoc.<\/p>\n<p>Una semana destinada a la comunicaci\u00f3n y visibilidad de los espacios culturales, donde el Museo Violeta Parra quiere hacer un potente llamado a la participaci\u00f3n.<\/p>\n","protected":false},"excerpt":{"rendered":"<p>La convocatoria internacional alrededor de la Cultura invita a favorecer experiencias muse\u00edsticas trasversales, l\u00fadicas y educativas, y a comunicarlas a trav\u00e9s de redes sociales.\u00a0 Nuestra programaci\u00f3n especial contempla, adem\u00e1s, conmemorar el D\u00eda Internacional de los Museos con el Taller de Violeta Muse\u00f3loga el s\u00e1bado 18 de mayo. El Museo Violeta Parra se suma este a\u00f1o [&hellip;]<\/p>\n","protected":false},"author":5,"featured_media":19286,"comment_status":"open","ping_status":"open","sticky":false,"template":"","format":"standard","meta":{"site-sidebar-layout":"default","site-content-layout":"","ast-site-content-layout":"default","site-content-style":"default","site-sidebar-style":"default","ast-global-header-display":"","ast-banner-title-visibility":"","ast-main-header-display":"","ast-hfb-above-header-display":"","ast-hfb-below-header-display":"","ast-hfb-mobile-header-display":"","site-post-title":"","ast-breadcrumbs-content":"","ast-featured-img":"","footer-sml-layout":"","theme-transparent-header-meta":"","adv-header-id-meta":"","stick-header-meta":"","header-above-stick-meta":"","header-main-stick-meta":"","header-below-stick-meta":"","astra-migrate-meta-layouts":"default","ast-page-background-enabled":"default","ast-page-background-meta":{"desktop":{"background-color":"var(--ast-global-color-4)","background-image":"","background-repeat":"repeat","background-position":"center center","background-size":"auto","background-attachment":"scroll","background-type":"","background-media":"","overlay-type":"","overlay-color":"","overlay-opacity":"","overlay-gradient":""},"tablet":{"background-color":"","background-image":"","background-repeat":"repeat","background-position":"center center","background-size":"auto","background-attachment":"scroll","background-type":"","background-media":"","overlay-type":"","overlay-color":"","overlay-opacity":"","overlay-gradient":""},"mobile":{"background-color":"","background-image":"","background-repeat":"repeat","background-position":"center center","background-size":"auto","background-attachment":"scroll","background-type":"","background-media":"","overlay-type":"","overlay-color":"","overlay-opacity":"","overlay-gradient":""}},"ast-content-background-meta":{"desktop":{"background-color":"var(--ast-global-color-5)","background-image":"","background-repeat":"repeat","background-position":"center center","background-size":"auto","background-attachment":"scroll","background-type":"","background-media":"","overlay-type":"","overlay-color":"","overlay-opacity":"","overlay-gradient":""},"tablet":{"background-color":"var(--ast-global-color-5)","background-image":"","background-repeat":"repeat","background-position":"center center","background-size":"auto","background-attachment":"scroll","background-type":"","background-media":"","overlay-type":"","overlay-color":"","overlay-opacity":"","overlay-gradient":""},"mobile":{"background-color":"var(--ast-global-color-5)","background-image":"","background-repeat":"repeat","background-position":"center center","background-size":"auto","background-attachment":"scroll","background-type":"","background-media":"","overlay-type":"","overlay-color":"","overlay-opacity":"","overlay-gradient":""}},"footnotes":""},"categories":[59,8,61],"tags":[],"class_list":["post-19283","post","type-post","status-publish","format-standard","has-post-thumbnail","hentry","category-destacado-noticia","category-noticias","category-novedades"],"yoast_head":"<!-- This site is optimized with the Yoast SEO plugin v25.4 - https:\/\/yoast.com\/wordpress\/plugins\/seo\/ -->\n<title>Museo Violeta Parra se suma a #MuseumWeek este 2019 - Museo Violeta Parra<\/title>\n<meta name=\"robots\" content=\"index, follow, max-snippet:-1, max-image-preview:large, max-video-preview:-1\" \/>\n<link rel=\"canonical\" href=\"http:\/\/vientosur.top\/museo\/museo-violeta-parra-se-suma-museumweek-este-2019\/\" \/>\n<meta property=\"og:locale\" content=\"es_ES\" \/>\n<meta property=\"og:type\" content=\"article\" \/>\n<meta property=\"og:title\" content=\"Museo Violeta Parra se suma a #MuseumWeek este 2019 - Museo Violeta Parra\" \/>\n<meta property=\"og:description\" content=\"La convocatoria internacional alrededor de la Cultura invita a favorecer experiencias muse\u00edsticas trasversales, l\u00fadicas y educativas, y a comunicarlas a trav\u00e9s de redes sociales.\u00a0 Nuestra programaci\u00f3n especial contempla, adem\u00e1s, conmemorar el D\u00eda Internacional de los Museos con el Taller de Violeta Muse\u00f3loga el s\u00e1bado 18 de mayo. El Museo Violeta Parra se suma este a\u00f1o [&hellip;]\" \/>\n<meta property=\"og:url\" content=\"http:\/\/vientosur.top\/museo\/museo-violeta-parra-se-suma-museumweek-este-2019\/\" \/>\n<meta property=\"og:site_name\" content=\"Museo Violeta Parra\" \/>\n<meta property=\"article:published_time\" content=\"2019-05-09T13:47:00+00:00\" \/>\n<meta property=\"og:image\" content=\"http:\/\/vientosur.top\/museo\/wp-content\/uploads\/2019\/05\/Museo-Violeta-Parra.jpg\" \/>\n\t<meta property=\"og:image:width\" content=\"2000\" \/>\n\t<meta property=\"og:image:height\" content=\"1330\" \/>\n\t<meta property=\"og:image:type\" content=\"image\/jpeg\" \/>\n<meta name=\"author\" content=\"admin\" \/>\n<meta name=\"twitter:card\" content=\"summary_large_image\" \/>\n<meta name=\"twitter:label1\" content=\"Escrito por\" \/>\n\t<meta name=\"twitter:data1\" content=\"admin\" \/>\n\t<meta name=\"twitter:label2\" content=\"Tiempo de lectura\" \/>\n\t<meta name=\"twitter:data2\" content=\"3 minutos\" \/>\n<script type=\"application\/ld+json\" class=\"yoast-schema-graph\">{\"@context\":\"https:\/\/schema.org\",\"@graph\":[{\"@type\":\"WebPage\",\"@id\":\"http:\/\/vientosur.top\/museo\/museo-violeta-parra-se-suma-museumweek-este-2019\/\",\"url\":\"http:\/\/vientosur.top\/museo\/museo-violeta-parra-se-suma-museumweek-este-2019\/\",\"name\":\"Museo Violeta Parra se suma a #MuseumWeek este 2019 - Museo Violeta Parra\",\"isPartOf\":{\"@id\":\"http:\/\/vientosur.top\/museo\/#website\"},\"primaryImageOfPage\":{\"@id\":\"http:\/\/vientosur.top\/museo\/museo-violeta-parra-se-suma-museumweek-este-2019\/#primaryimage\"},\"image\":{\"@id\":\"http:\/\/vientosur.top\/museo\/museo-violeta-parra-se-suma-museumweek-este-2019\/#primaryimage\"},\"thumbnailUrl\":\"http:\/\/vientosur.top\/museo\/wp-content\/uploads\/2019\/05\/Museo-Violeta-Parra.jpg\",\"datePublished\":\"2019-05-09T13:47:00+00:00\",\"author\":{\"@id\":\"http:\/\/vientosur.top\/museo\/#\/schema\/person\/20c79d3c38800971feec8c2693c3dd9c\"},\"breadcrumb\":{\"@id\":\"http:\/\/vientosur.top\/museo\/museo-violeta-parra-se-suma-museumweek-este-2019\/#breadcrumb\"},\"inLanguage\":\"es\",\"potentialAction\":[{\"@type\":\"ReadAction\",\"target\":[\"http:\/\/vientosur.top\/museo\/museo-violeta-parra-se-suma-museumweek-este-2019\/\"]}]},{\"@type\":\"ImageObject\",\"inLanguage\":\"es\",\"@id\":\"http:\/\/vientosur.top\/museo\/museo-violeta-parra-se-suma-museumweek-este-2019\/#primaryimage\",\"url\":\"http:\/\/vientosur.top\/museo\/wp-content\/uploads\/2019\/05\/Museo-Violeta-Parra.jpg\",\"contentUrl\":\"http:\/\/vientosur.top\/museo\/wp-content\/uploads\/2019\/05\/Museo-Violeta-Parra.jpg\",\"width\":2000,\"height\":1330},{\"@type\":\"BreadcrumbList\",\"@id\":\"http:\/\/vientosur.top\/museo\/museo-violeta-parra-se-suma-museumweek-este-2019\/#breadcrumb\",\"itemListElement\":[{\"@type\":\"ListItem\",\"position\":1,\"name\":\"Portada\",\"item\":\"http:\/\/vientosur.top\/museo\/\"},{\"@type\":\"ListItem\",\"position\":2,\"name\":\"Museo Violeta Parra se suma a #MuseumWeek este 2019\"}]},{\"@type\":\"WebSite\",\"@id\":\"http:\/\/vientosur.top\/museo\/#website\",\"url\":\"http:\/\/vientosur.top\/museo\/\",\"name\":\"Museo Violeta Parra\",\"description\":\"Espacio que alberga tanto la memoria y legado creativo de la artista\",\"potentialAction\":[{\"@type\":\"SearchAction\",\"target\":{\"@type\":\"EntryPoint\",\"urlTemplate\":\"http:\/\/vientosur.top\/museo\/?s={search_term_string}\"},\"query-input\":{\"@type\":\"PropertyValueSpecification\",\"valueRequired\":true,\"valueName\":\"search_term_string\"}}],\"inLanguage\":\"es\"},{\"@type\":\"Person\",\"@id\":\"http:\/\/vientosur.top\/museo\/#\/schema\/person\/20c79d3c38800971feec8c2693c3dd9c\",\"name\":\"admin\",\"image\":{\"@type\":\"ImageObject\",\"inLanguage\":\"es\",\"@id\":\"http:\/\/vientosur.top\/museo\/#\/schema\/person\/image\/\",\"url\":\"https:\/\/secure.gravatar.com\/avatar\/713677ece3ffa642287213a80e5b773bce9ab81c269dd6d95102a990951c922f?s=96&d=mm&r=g\",\"contentUrl\":\"https:\/\/secure.gravatar.com\/avatar\/713677ece3ffa642287213a80e5b773bce9ab81c269dd6d95102a990951c922f?s=96&d=mm&r=g\",\"caption\":\"admin\"},\"sameAs\":[\"http:\/\/vientosur.top\/museo\"],\"url\":\"http:\/\/vientosur.top\/museo\/author\/comunicacionesmvp\/\"}]}<\/script>\n<!-- \/ Yoast SEO plugin. -->","yoast_head_json":{"title":"Museo Violeta Parra se suma a #MuseumWeek este 2019 - Museo Violeta Parra","robots":{"index":"index","follow":"follow","max-snippet":"max-snippet:-1","max-image-preview":"max-image-preview:large","max-video-preview":"max-video-preview:-1"},"canonical":"http:\/\/vientosur.top\/museo\/museo-violeta-parra-se-suma-museumweek-este-2019\/","og_locale":"es_ES","og_type":"article","og_title":"Museo Violeta Parra se suma a #MuseumWeek este 2019 - Museo Violeta Parra","og_description":"La convocatoria internacional alrededor de la Cultura invita a favorecer experiencias muse\u00edsticas trasversales, l\u00fadicas y educativas, y a comunicarlas a trav\u00e9s de redes sociales.\u00a0 Nuestra programaci\u00f3n especial contempla, adem\u00e1s, conmemorar el D\u00eda Internacional de los Museos con el Taller de Violeta Muse\u00f3loga el s\u00e1bado 18 de mayo. El Museo Violeta Parra se suma este a\u00f1o [&hellip;]","og_url":"http:\/\/vientosur.top\/museo\/museo-violeta-parra-se-suma-museumweek-este-2019\/","og_site_name":"Museo Violeta Parra","article_published_time":"2019-05-09T13:47:00+00:00","og_image":[{"width":2000,"height":1330,"url":"http:\/\/vientosur.top\/museo\/wp-content\/uploads\/2019\/05\/Museo-Violeta-Parra.jpg","type":"image\/jpeg"}],"author":"admin","twitter_card":"summary_large_image","twitter_misc":{"Escrito por":"admin","Tiempo de lectura":"3 minutos"},"schema":{"@context":"https:\/\/schema.org","@graph":[{"@type":"WebPage","@id":"http:\/\/vientosur.top\/museo\/museo-violeta-parra-se-suma-museumweek-este-2019\/","url":"http:\/\/vientosur.top\/museo\/museo-violeta-parra-se-suma-museumweek-este-2019\/","name":"Museo Violeta Parra se suma a #MuseumWeek este 2019 - Museo Violeta Parra","isPartOf":{"@id":"http:\/\/vientosur.top\/museo\/#website"},"primaryImageOfPage":{"@id":"http:\/\/vientosur.top\/museo\/museo-violeta-parra-se-suma-museumweek-este-2019\/#primaryimage"},"image":{"@id":"http:\/\/vientosur.top\/museo\/museo-violeta-parra-se-suma-museumweek-este-2019\/#primaryimage"},"thumbnailUrl":"http:\/\/vientosur.top\/museo\/wp-content\/uploads\/2019\/05\/Museo-Violeta-Parra.jpg","datePublished":"2019-05-09T13:47:00+00:00","author":{"@id":"http:\/\/vientosur.top\/museo\/#\/schema\/person\/20c79d3c38800971feec8c2693c3dd9c"},"breadcrumb":{"@id":"http:\/\/vientosur.top\/museo\/museo-violeta-parra-se-suma-museumweek-este-2019\/#breadcrumb"},"inLanguage":"es","potentialAction":[{"@type":"ReadAction","target":["http:\/\/vientosur.top\/museo\/museo-violeta-parra-se-suma-museumweek-este-2019\/"]}]},{"@type":"ImageObject","inLanguage":"es","@id":"http:\/\/vientosur.top\/museo\/museo-violeta-parra-se-suma-museumweek-este-2019\/#primaryimage","url":"http:\/\/vientosur.top\/museo\/wp-content\/uploads\/2019\/05\/Museo-Violeta-Parra.jpg","contentUrl":"http:\/\/vientosur.top\/museo\/wp-content\/uploads\/2019\/05\/Museo-Violeta-Parra.jpg","width":2000,"height":1330},{"@type":"BreadcrumbList","@id":"http:\/\/vientosur.top\/museo\/museo-violeta-parra-se-suma-museumweek-este-2019\/#breadcrumb","itemListElement":[{"@type":"ListItem","position":1,"name":"Portada","item":"http:\/\/vientosur.top\/museo\/"},{"@type":"ListItem","position":2,"name":"Museo Violeta Parra se suma a #MuseumWeek este 2019"}]},{"@type":"WebSite","@id":"http:\/\/vientosur.top\/museo\/#website","url":"http:\/\/vientosur.top\/museo\/","name":"Museo Violeta Parra","description":"Espacio que alberga tanto la memoria y legado creativo de la artista","potentialAction":[{"@type":"SearchAction","target":{"@type":"EntryPoint","urlTemplate":"http:\/\/vientosur.top\/museo\/?s={search_term_string}"},"query-input":{"@type":"PropertyValueSpecification","valueRequired":true,"valueName":"search_term_string"}}],"inLanguage":"es"},{"@type":"Person","@id":"http:\/\/vientosur.top\/museo\/#\/schema\/person\/20c79d3c38800971feec8c2693c3dd9c","name":"admin","image":{"@type":"ImageObject","inLanguage":"es","@id":"http:\/\/vientosur.top\/museo\/#\/schema\/person\/image\/","url":"https:\/\/secure.gravatar.com\/avatar\/713677ece3ffa642287213a80e5b773bce9ab81c269dd6d95102a990951c922f?s=96&d=mm&r=g","contentUrl":"https:\/\/secure.gravatar.com\/avatar\/713677ece3ffa642287213a80e5b773bce9ab81c269dd6d95102a990951c922f?s=96&d=mm&r=g","caption":"admin"},"sameAs":["http:\/\/vientosur.top\/museo"],"url":"http:\/\/vientosur.top\/museo\/author\/comunicacionesmvp\/"}]}},"_links":{"self":[{"href":"http:\/\/vientosur.top\/museo\/wp-json\/wp\/v2\/posts\/19283","targetHints":{"allow":["GET"]}}],"collection":[{"href":"http:\/\/vientosur.top\/museo\/wp-json\/wp\/v2\/posts"}],"about":[{"href":"http:\/\/vientosur.top\/museo\/wp-json\/wp\/v2\/types\/post"}],"author":[{"embeddable":true,"href":"http:\/\/vientosur.top\/museo\/wp-json\/wp\/v2\/users\/5"}],"replies":[{"embeddable":true,"href":"http:\/\/vientosur.top\/museo\/wp-json\/wp\/v2\/comments?post=19283"}],"version-history":[{"count":0,"href":"http:\/\/vientosur.top\/museo\/wp-json\/wp\/v2\/posts\/19283\/revisions"}],"wp:featuredmedia":[{"embeddable":true,"href":"http:\/\/vientosur.top\/museo\/wp-json\/wp\/v2\/media\/19286"}],"wp:attachment":[{"href":"http:\/\/vientosur.top\/museo\/wp-json\/wp\/v2\/media?parent=19283"}],"wp:term":[{"taxonomy":"category","embeddable":true,"href":"http:\/\/vientosur.top\/museo\/wp-json\/wp\/v2\/categories?post=19283"},{"taxonomy":"post_tag","embeddable":true,"href":"http:\/\/vientosur.top\/museo\/wp-json\/wp\/v2\/tags?post=19283"}],"curies":[{"name":"wp","href":"https:\/\/api.w.org\/{rel}","templated":true}]}}