{"id":19300,"date":"2019-05-10T08:28:07","date_gmt":"2019-05-10T13:28:07","guid":{"rendered":"http:\/\/vientosur.top\/museo\/?p=19300"},"modified":"2019-05-10T08:28:07","modified_gmt":"2019-05-10T13:28:07","slug":"rodrigo-vuskovic-estrena-guitarroamerica-volumen-1-museo-violeta-parra","status":"publish","type":"post","link":"http:\/\/vientosur.top\/museo\/rodrigo-vuskovic-estrena-guitarroamerica-volumen-1-museo-violeta-parra\/","title":{"rendered":"Rodrigo Vuskovic estren\u00f3 \u201cGuitarroamerica Volumen 1\u201d en Museo Violeta Parra"},"content":{"rendered":"<p>Rodrigo Vuskovic, artista chileno-mexicano dedicado a la investigaci\u00f3n de la etnomusicolog\u00eda, escogi\u00f3 el Museo Violeta Parra para presentar su primera producci\u00f3n discogr\u00e1fica, titulada \u201cGuitarroamerica Volumen 1\u201d. Este trabajo, que fue grabado en M\u00e9xico y que se abord\u00f3 el s\u00e1bado 11 de mayo en la Sala Antar, est\u00e1 \u00edntimamente vinculado a los territorios chilenos desplegados a trav\u00e9s de la guitarra y otros instrumentos.<\/p>\n<p>El concierto \u201cM\u00fasica chilena hecha en M\u00e9xico\u201d incluy\u00f3 diez piezas musicales para guitarra solista, que fueron compuestas entre los a\u00f1os 2011 y 2018. Dentro de esa selecci\u00f3n sum\u00f3 la voz en tres canciones para interpretar las letras de tres autores diferentes.<\/p>\n<p>\u201cPara la creaci\u00f3n de esta obra fue necesaria la inmersi\u00f3n profunda en las memorias del exilio chileno en M\u00e9xico y el estudio sistem\u00e1tico de los diferentes toques guitarr\u00edsticos que en esas memorias aparecen\u201d, cont\u00f3 el artista previo a su espect\u00e1culo. El repertorio del programa incluy\u00f3 una cueca, una tonada, dos ton\u00e1dicas, dos zambas, un vals, un chamam\u00e9, un canto de tambores y una polka.<\/p>\n<p>\u201cTocar en el Museo Violeta Parra significa para m\u00ed revelar que la convicci\u00f3n que me trajo a Chile es ahora una certeza. A las voces que me preguntaban para qu\u00e9 vengo a Chile, que mejor viajara a cualquier pa\u00eds de Europa o a Estados Unidos, a esas voces les respond\u00ed que vengo a Chile porque si no \u00bfcu\u00e1ndo? \u00bfCu\u00e1ndo vamos a mirarnos as\u00ed como miramos a ellos? \u00bfCu\u00e1ndo vamos a escucharnos as\u00ed como les escuchamos a ellos? El museo es un gran aporte en ese sentido. Este monumento alberga el legado de una gigante de la historia, y por estos mismos territorios hay m\u00e1s gigantes. Latinoam\u00e9rica est\u00e1 lleno y nosotros somos los primeros en reconocerles, si no \u00bfqui\u00e9n?\u201d, plante\u00f3 el artista, que tambi\u00e9n ha interpretado las anticuecas de Violeta Parra en espacios culturales de M\u00e9xico.<\/p>\n","protected":false},"excerpt":{"rendered":"<p>Rodrigo Vuskovic, artista chileno-mexicano dedicado a la investigaci\u00f3n de la etnomusicolog\u00eda, escogi\u00f3 el Museo Violeta Parra para presentar su primera producci\u00f3n discogr\u00e1fica, titulada \u201cGuitarroamerica Volumen 1\u201d. Este trabajo, que fue grabado en M\u00e9xico y que se abord\u00f3 el s\u00e1bado 11 de mayo en la Sala Antar, est\u00e1 \u00edntimamente vinculado a los territorios chilenos desplegados a [&hellip;]<\/p>\n","protected":false},"author":5,"featured_media":19315,"comment_status":"open","ping_status":"open","sticky":false,"template":"","format":"standard","meta":{"site-sidebar-layout":"default","site-content-layout":"","ast-site-content-layout":"default","site-content-style":"default","site-sidebar-style":"default","ast-global-header-display":"","ast-banner-title-visibility":"","ast-main-header-display":"","ast-hfb-above-header-display":"","ast-hfb-below-header-display":"","ast-hfb-mobile-header-display":"","site-post-title":"","ast-breadcrumbs-content":"","ast-featured-img":"","footer-sml-layout":"","theme-transparent-header-meta":"","adv-header-id-meta":"","stick-header-meta":"","header-above-stick-meta":"","header-main-stick-meta":"","header-below-stick-meta":"","astra-migrate-meta-layouts":"default","ast-page-background-enabled":"default","ast-page-background-meta":{"desktop":{"background-color":"var(--ast-global-color-4)","background-image":"","background-repeat":"repeat","background-position":"center center","background-size":"auto","background-attachment":"scroll","background-type":"","background-media":"","overlay-type":"","overlay-color":"","overlay-opacity":"","overlay-gradient":""},"tablet":{"background-color":"","background-image":"","background-repeat":"repeat","background-position":"center center","background-size":"auto","background-attachment":"scroll","background-type":"","background-media":"","overlay-type":"","overlay-color":"","overlay-opacity":"","overlay-gradient":""},"mobile":{"background-color":"","background-image":"","background-repeat":"repeat","background-position":"center center","background-size":"auto","background-attachment":"scroll","background-type":"","background-media":"","overlay-type":"","overlay-color":"","overlay-opacity":"","overlay-gradient":""}},"ast-content-background-meta":{"desktop":{"background-color":"var(--ast-global-color-5)","background-image":"","background-repeat":"repeat","background-position":"center center","background-size":"auto","background-attachment":"scroll","background-type":"","background-media":"","overlay-type":"","overlay-color":"","overlay-opacity":"","overlay-gradient":""},"tablet":{"background-color":"var(--ast-global-color-5)","background-image":"","background-repeat":"repeat","background-position":"center center","background-size":"auto","background-attachment":"scroll","background-type":"","background-media":"","overlay-type":"","overlay-color":"","overlay-opacity":"","overlay-gradient":""},"mobile":{"background-color":"var(--ast-global-color-5)","background-image":"","background-repeat":"repeat","background-position":"center center","background-size":"auto","background-attachment":"scroll","background-type":"","background-media":"","overlay-type":"","overlay-color":"","overlay-opacity":"","overlay-gradient":""}},"footnotes":""},"categories":[59,8,61],"tags":[],"class_list":["post-19300","post","type-post","status-publish","format-standard","has-post-thumbnail","hentry","category-destacado-noticia","category-noticias","category-novedades"],"yoast_head":"<!-- This site is optimized with the Yoast SEO plugin v25.4 - https:\/\/yoast.com\/wordpress\/plugins\/seo\/ -->\n<title>Rodrigo Vuskovic estren\u00f3 \u201cGuitarroamerica Volumen 1\u201d en Museo Violeta Parra - Museo Violeta Parra<\/title>\n<meta name=\"robots\" content=\"index, follow, max-snippet:-1, max-image-preview:large, max-video-preview:-1\" \/>\n<link rel=\"canonical\" href=\"http:\/\/vientosur.top\/museo\/rodrigo-vuskovic-estrena-guitarroamerica-volumen-1-museo-violeta-parra\/\" \/>\n<meta property=\"og:locale\" content=\"es_ES\" \/>\n<meta property=\"og:type\" content=\"article\" \/>\n<meta property=\"og:title\" content=\"Rodrigo Vuskovic estren\u00f3 \u201cGuitarroamerica Volumen 1\u201d en Museo Violeta Parra - Museo Violeta Parra\" \/>\n<meta property=\"og:description\" content=\"Rodrigo Vuskovic, artista chileno-mexicano dedicado a la investigaci\u00f3n de la etnomusicolog\u00eda, escogi\u00f3 el Museo Violeta Parra para presentar su primera producci\u00f3n discogr\u00e1fica, titulada \u201cGuitarroamerica Volumen 1\u201d. Este trabajo, que fue grabado en M\u00e9xico y que se abord\u00f3 el s\u00e1bado 11 de mayo en la Sala Antar, est\u00e1 \u00edntimamente vinculado a los territorios chilenos desplegados a [&hellip;]\" \/>\n<meta property=\"og:url\" content=\"http:\/\/vientosur.top\/museo\/rodrigo-vuskovic-estrena-guitarroamerica-volumen-1-museo-violeta-parra\/\" \/>\n<meta property=\"og:site_name\" content=\"Museo Violeta Parra\" \/>\n<meta property=\"article:published_time\" content=\"2019-05-10T13:28:07+00:00\" \/>\n<meta property=\"og:image\" content=\"http:\/\/vientosur.top\/museo\/wp-content\/uploads\/2019\/05\/DSC_0002-scaled.jpg\" \/>\n\t<meta property=\"og:image:width\" content=\"2560\" \/>\n\t<meta property=\"og:image:height\" content=\"1702\" \/>\n\t<meta property=\"og:image:type\" content=\"image\/jpeg\" \/>\n<meta name=\"author\" content=\"admin\" \/>\n<meta name=\"twitter:card\" content=\"summary_large_image\" \/>\n<meta name=\"twitter:label1\" content=\"Escrito por\" \/>\n\t<meta name=\"twitter:data1\" content=\"admin\" \/>\n\t<meta name=\"twitter:label2\" content=\"Tiempo de lectura\" \/>\n\t<meta name=\"twitter:data2\" content=\"2 minutos\" \/>\n<script type=\"application\/ld+json\" class=\"yoast-schema-graph\">{\"@context\":\"https:\/\/schema.org\",\"@graph\":[{\"@type\":\"WebPage\",\"@id\":\"http:\/\/vientosur.top\/museo\/rodrigo-vuskovic-estrena-guitarroamerica-volumen-1-museo-violeta-parra\/\",\"url\":\"http:\/\/vientosur.top\/museo\/rodrigo-vuskovic-estrena-guitarroamerica-volumen-1-museo-violeta-parra\/\",\"name\":\"Rodrigo Vuskovic estren\u00f3 \u201cGuitarroamerica Volumen 1\u201d en Museo Violeta Parra - Museo Violeta Parra\",\"isPartOf\":{\"@id\":\"http:\/\/vientosur.top\/museo\/#website\"},\"primaryImageOfPage\":{\"@id\":\"http:\/\/vientosur.top\/museo\/rodrigo-vuskovic-estrena-guitarroamerica-volumen-1-museo-violeta-parra\/#primaryimage\"},\"image\":{\"@id\":\"http:\/\/vientosur.top\/museo\/rodrigo-vuskovic-estrena-guitarroamerica-volumen-1-museo-violeta-parra\/#primaryimage\"},\"thumbnailUrl\":\"http:\/\/vientosur.top\/museo\/wp-content\/uploads\/2019\/05\/DSC_0002-scaled.jpg\",\"datePublished\":\"2019-05-10T13:28:07+00:00\",\"author\":{\"@id\":\"http:\/\/vientosur.top\/museo\/#\/schema\/person\/20c79d3c38800971feec8c2693c3dd9c\"},\"breadcrumb\":{\"@id\":\"http:\/\/vientosur.top\/museo\/rodrigo-vuskovic-estrena-guitarroamerica-volumen-1-museo-violeta-parra\/#breadcrumb\"},\"inLanguage\":\"es\",\"potentialAction\":[{\"@type\":\"ReadAction\",\"target\":[\"http:\/\/vientosur.top\/museo\/rodrigo-vuskovic-estrena-guitarroamerica-volumen-1-museo-violeta-parra\/\"]}]},{\"@type\":\"ImageObject\",\"inLanguage\":\"es\",\"@id\":\"http:\/\/vientosur.top\/museo\/rodrigo-vuskovic-estrena-guitarroamerica-volumen-1-museo-violeta-parra\/#primaryimage\",\"url\":\"http:\/\/vientosur.top\/museo\/wp-content\/uploads\/2019\/05\/DSC_0002-scaled.jpg\",\"contentUrl\":\"http:\/\/vientosur.top\/museo\/wp-content\/uploads\/2019\/05\/DSC_0002-scaled.jpg\",\"width\":2560,\"height\":1702},{\"@type\":\"BreadcrumbList\",\"@id\":\"http:\/\/vientosur.top\/museo\/rodrigo-vuskovic-estrena-guitarroamerica-volumen-1-museo-violeta-parra\/#breadcrumb\",\"itemListElement\":[{\"@type\":\"ListItem\",\"position\":1,\"name\":\"Portada\",\"item\":\"http:\/\/vientosur.top\/museo\/\"},{\"@type\":\"ListItem\",\"position\":2,\"name\":\"Rodrigo Vuskovic estren\u00f3 \u201cGuitarroamerica Volumen 1\u201d en Museo Violeta Parra\"}]},{\"@type\":\"WebSite\",\"@id\":\"http:\/\/vientosur.top\/museo\/#website\",\"url\":\"http:\/\/vientosur.top\/museo\/\",\"name\":\"Museo Violeta Parra\",\"description\":\"Espacio que alberga tanto la memoria y legado creativo de la artista\",\"potentialAction\":[{\"@type\":\"SearchAction\",\"target\":{\"@type\":\"EntryPoint\",\"urlTemplate\":\"http:\/\/vientosur.top\/museo\/?s={search_term_string}\"},\"query-input\":{\"@type\":\"PropertyValueSpecification\",\"valueRequired\":true,\"valueName\":\"search_term_string\"}}],\"inLanguage\":\"es\"},{\"@type\":\"Person\",\"@id\":\"http:\/\/vientosur.top\/museo\/#\/schema\/person\/20c79d3c38800971feec8c2693c3dd9c\",\"name\":\"admin\",\"image\":{\"@type\":\"ImageObject\",\"inLanguage\":\"es\",\"@id\":\"http:\/\/vientosur.top\/museo\/#\/schema\/person\/image\/\",\"url\":\"https:\/\/secure.gravatar.com\/avatar\/713677ece3ffa642287213a80e5b773bce9ab81c269dd6d95102a990951c922f?s=96&d=mm&r=g\",\"contentUrl\":\"https:\/\/secure.gravatar.com\/avatar\/713677ece3ffa642287213a80e5b773bce9ab81c269dd6d95102a990951c922f?s=96&d=mm&r=g\",\"caption\":\"admin\"},\"sameAs\":[\"http:\/\/vientosur.top\/museo\"],\"url\":\"http:\/\/vientosur.top\/museo\/author\/comunicacionesmvp\/\"}]}<\/script>\n<!-- \/ Yoast SEO plugin. -->","yoast_head_json":{"title":"Rodrigo Vuskovic estren\u00f3 \u201cGuitarroamerica Volumen 1\u201d en Museo Violeta Parra - Museo Violeta Parra","robots":{"index":"index","follow":"follow","max-snippet":"max-snippet:-1","max-image-preview":"max-image-preview:large","max-video-preview":"max-video-preview:-1"},"canonical":"http:\/\/vientosur.top\/museo\/rodrigo-vuskovic-estrena-guitarroamerica-volumen-1-museo-violeta-parra\/","og_locale":"es_ES","og_type":"article","og_title":"Rodrigo Vuskovic estren\u00f3 \u201cGuitarroamerica Volumen 1\u201d en Museo Violeta Parra - Museo Violeta Parra","og_description":"Rodrigo Vuskovic, artista chileno-mexicano dedicado a la investigaci\u00f3n de la etnomusicolog\u00eda, escogi\u00f3 el Museo Violeta Parra para presentar su primera producci\u00f3n discogr\u00e1fica, titulada \u201cGuitarroamerica Volumen 1\u201d. Este trabajo, que fue grabado en M\u00e9xico y que se abord\u00f3 el s\u00e1bado 11 de mayo en la Sala Antar, est\u00e1 \u00edntimamente vinculado a los territorios chilenos desplegados a [&hellip;]","og_url":"http:\/\/vientosur.top\/museo\/rodrigo-vuskovic-estrena-guitarroamerica-volumen-1-museo-violeta-parra\/","og_site_name":"Museo Violeta Parra","article_published_time":"2019-05-10T13:28:07+00:00","og_image":[{"width":2560,"height":1702,"url":"http:\/\/vientosur.top\/museo\/wp-content\/uploads\/2019\/05\/DSC_0002-scaled.jpg","type":"image\/jpeg"}],"author":"admin","twitter_card":"summary_large_image","twitter_misc":{"Escrito por":"admin","Tiempo de lectura":"2 minutos"},"schema":{"@context":"https:\/\/schema.org","@graph":[{"@type":"WebPage","@id":"http:\/\/vientosur.top\/museo\/rodrigo-vuskovic-estrena-guitarroamerica-volumen-1-museo-violeta-parra\/","url":"http:\/\/vientosur.top\/museo\/rodrigo-vuskovic-estrena-guitarroamerica-volumen-1-museo-violeta-parra\/","name":"Rodrigo Vuskovic estren\u00f3 \u201cGuitarroamerica Volumen 1\u201d en Museo Violeta Parra - Museo Violeta Parra","isPartOf":{"@id":"http:\/\/vientosur.top\/museo\/#website"},"primaryImageOfPage":{"@id":"http:\/\/vientosur.top\/museo\/rodrigo-vuskovic-estrena-guitarroamerica-volumen-1-museo-violeta-parra\/#primaryimage"},"image":{"@id":"http:\/\/vientosur.top\/museo\/rodrigo-vuskovic-estrena-guitarroamerica-volumen-1-museo-violeta-parra\/#primaryimage"},"thumbnailUrl":"http:\/\/vientosur.top\/museo\/wp-content\/uploads\/2019\/05\/DSC_0002-scaled.jpg","datePublished":"2019-05-10T13:28:07+00:00","author":{"@id":"http:\/\/vientosur.top\/museo\/#\/schema\/person\/20c79d3c38800971feec8c2693c3dd9c"},"breadcrumb":{"@id":"http:\/\/vientosur.top\/museo\/rodrigo-vuskovic-estrena-guitarroamerica-volumen-1-museo-violeta-parra\/#breadcrumb"},"inLanguage":"es","potentialAction":[{"@type":"ReadAction","target":["http:\/\/vientosur.top\/museo\/rodrigo-vuskovic-estrena-guitarroamerica-volumen-1-museo-violeta-parra\/"]}]},{"@type":"ImageObject","inLanguage":"es","@id":"http:\/\/vientosur.top\/museo\/rodrigo-vuskovic-estrena-guitarroamerica-volumen-1-museo-violeta-parra\/#primaryimage","url":"http:\/\/vientosur.top\/museo\/wp-content\/uploads\/2019\/05\/DSC_0002-scaled.jpg","contentUrl":"http:\/\/vientosur.top\/museo\/wp-content\/uploads\/2019\/05\/DSC_0002-scaled.jpg","width":2560,"height":1702},{"@type":"BreadcrumbList","@id":"http:\/\/vientosur.top\/museo\/rodrigo-vuskovic-estrena-guitarroamerica-volumen-1-museo-violeta-parra\/#breadcrumb","itemListElement":[{"@type":"ListItem","position":1,"name":"Portada","item":"http:\/\/vientosur.top\/museo\/"},{"@type":"ListItem","position":2,"name":"Rodrigo Vuskovic estren\u00f3 \u201cGuitarroamerica Volumen 1\u201d en Museo Violeta Parra"}]},{"@type":"WebSite","@id":"http:\/\/vientosur.top\/museo\/#website","url":"http:\/\/vientosur.top\/museo\/","name":"Museo Violeta Parra","description":"Espacio que alberga tanto la memoria y legado creativo de la artista","potentialAction":[{"@type":"SearchAction","target":{"@type":"EntryPoint","urlTemplate":"http:\/\/vientosur.top\/museo\/?s={search_term_string}"},"query-input":{"@type":"PropertyValueSpecification","valueRequired":true,"valueName":"search_term_string"}}],"inLanguage":"es"},{"@type":"Person","@id":"http:\/\/vientosur.top\/museo\/#\/schema\/person\/20c79d3c38800971feec8c2693c3dd9c","name":"admin","image":{"@type":"ImageObject","inLanguage":"es","@id":"http:\/\/vientosur.top\/museo\/#\/schema\/person\/image\/","url":"https:\/\/secure.gravatar.com\/avatar\/713677ece3ffa642287213a80e5b773bce9ab81c269dd6d95102a990951c922f?s=96&d=mm&r=g","contentUrl":"https:\/\/secure.gravatar.com\/avatar\/713677ece3ffa642287213a80e5b773bce9ab81c269dd6d95102a990951c922f?s=96&d=mm&r=g","caption":"admin"},"sameAs":["http:\/\/vientosur.top\/museo"],"url":"http:\/\/vientosur.top\/museo\/author\/comunicacionesmvp\/"}]}},"_links":{"self":[{"href":"http:\/\/vientosur.top\/museo\/wp-json\/wp\/v2\/posts\/19300","targetHints":{"allow":["GET"]}}],"collection":[{"href":"http:\/\/vientosur.top\/museo\/wp-json\/wp\/v2\/posts"}],"about":[{"href":"http:\/\/vientosur.top\/museo\/wp-json\/wp\/v2\/types\/post"}],"author":[{"embeddable":true,"href":"http:\/\/vientosur.top\/museo\/wp-json\/wp\/v2\/users\/5"}],"replies":[{"embeddable":true,"href":"http:\/\/vientosur.top\/museo\/wp-json\/wp\/v2\/comments?post=19300"}],"version-history":[{"count":0,"href":"http:\/\/vientosur.top\/museo\/wp-json\/wp\/v2\/posts\/19300\/revisions"}],"wp:featuredmedia":[{"embeddable":true,"href":"http:\/\/vientosur.top\/museo\/wp-json\/wp\/v2\/media\/19315"}],"wp:attachment":[{"href":"http:\/\/vientosur.top\/museo\/wp-json\/wp\/v2\/media?parent=19300"}],"wp:term":[{"taxonomy":"category","embeddable":true,"href":"http:\/\/vientosur.top\/museo\/wp-json\/wp\/v2\/categories?post=19300"},{"taxonomy":"post_tag","embeddable":true,"href":"http:\/\/vientosur.top\/museo\/wp-json\/wp\/v2\/tags?post=19300"}],"curies":[{"name":"wp","href":"https:\/\/api.w.org\/{rel}","templated":true}]}}