{"id":19486,"date":"2019-05-17T12:41:02","date_gmt":"2019-05-17T17:41:02","guid":{"rendered":"http:\/\/vientosur.top\/museo\/?p=19486"},"modified":"2019-05-17T12:41:02","modified_gmt":"2019-05-17T17:41:02","slug":"museo-violeta-parra-mostrara-documental-la-tragedia-antuco-ciclo-miradoc","status":"publish","type":"post","link":"http:\/\/vientosur.top\/museo\/museo-violeta-parra-mostrara-documental-la-tragedia-antuco-ciclo-miradoc\/","title":{"rendered":"Museo Violeta Parra mostr\u00f3 documental sobre la tragedia de Antuco\u00a0en Ciclo Miradoc"},"content":{"rendered":"<p>El s\u00e1bado 18 de mayo se cumplieron 14 a\u00f1os de la tragedia de Antuco \u2013donde 45 soldados murieron de hipotermia\u2013, que es considerada la peor cat\u00e1strofe vivida por militares chilenos en tiempos de paz. El cineasta Juan Elgueta Ortiz reconstruy\u00f3 las circunstancias del lamentable episodio a trav\u00e9s de in\u00e9ditas im\u00e1genes de archivo de los j\u00f3venes dos meses antes de su muerte y de testimonios de sobrevivientes y familiares. As\u00ed, compone un \u201cinfierno blanco\u201d en el que, entre reflexiones y nuevas luces, tambi\u00e9n detalla c\u00f3mo funciona el proceso de la hipotermia a trav\u00e9s de un cortometraje.<\/p>\n<p>El origen de \u201cBlanca Oscuridad\u201d, producci\u00f3n que se mostr\u00f3 el domingo 19 de mayo como parte de nuestro Ciclo Miradoc, se remonta a la \u00f3pera \u201cViento Blanco\u201d, de Sebasti\u00e1n Err\u00e1zuriz, donde Elgueta realiz\u00f3 un documental sobre su composici\u00f3n. En esa \u00f3pera se retrataba la fat\u00eddica marcha y fue ella la inspiraci\u00f3n del\u00a0 realizador para ir m\u00e1s all\u00e1 y llevar la historia del suceso a trav\u00e9s de un documental.<\/p>\n<p>El director ha se\u00f1alado: \u201cEn el fondo, \u2018Blanca Oscuridad\u2019 habla sobre j\u00f3venes que, para hacer reales sus sue\u00f1os o simplemente huir del letargo de la pobreza, concentran sus vidas en la carrera militar, una existencia alternativa con el fin de cambiar sus destinos que parecen irreversibles\u201d.<\/p>\n<p>El proceso de rodaje dur\u00f3 cinco a\u00f1os con el contacto de las familias de reclutas fallecidos y sobrevivientes, \u00a0incluye im\u00e1genes de archivo y de prensa, recorre la marcha de la tragedia y muestra a los protagonistas\u00a0 que sobrevivieron relatando las consecuencias desde su ingreso voluntario a las filas del Ej\u00e9rcito hasta el momento de la realizaci\u00f3n del documental, diez a\u00f1os despu\u00e9s.<\/p>\n","protected":false},"excerpt":{"rendered":"<p>El s\u00e1bado 18 de mayo se cumplieron 14 a\u00f1os de la tragedia de Antuco \u2013donde 45 soldados murieron de hipotermia\u2013, que es considerada la peor cat\u00e1strofe vivida por militares chilenos en tiempos de paz. El cineasta Juan Elgueta Ortiz reconstruy\u00f3 las circunstancias del lamentable episodio a trav\u00e9s de in\u00e9ditas im\u00e1genes de archivo de los j\u00f3venes [&hellip;]<\/p>\n","protected":false},"author":5,"featured_media":19432,"comment_status":"open","ping_status":"open","sticky":false,"template":"","format":"standard","meta":{"site-sidebar-layout":"default","site-content-layout":"","ast-site-content-layout":"default","site-content-style":"default","site-sidebar-style":"default","ast-global-header-display":"","ast-banner-title-visibility":"","ast-main-header-display":"","ast-hfb-above-header-display":"","ast-hfb-below-header-display":"","ast-hfb-mobile-header-display":"","site-post-title":"","ast-breadcrumbs-content":"","ast-featured-img":"","footer-sml-layout":"","theme-transparent-header-meta":"","adv-header-id-meta":"","stick-header-meta":"","header-above-stick-meta":"","header-main-stick-meta":"","header-below-stick-meta":"","astra-migrate-meta-layouts":"default","ast-page-background-enabled":"default","ast-page-background-meta":{"desktop":{"background-color":"var(--ast-global-color-4)","background-image":"","background-repeat":"repeat","background-position":"center center","background-size":"auto","background-attachment":"scroll","background-type":"","background-media":"","overlay-type":"","overlay-color":"","overlay-opacity":"","overlay-gradient":""},"tablet":{"background-color":"","background-image":"","background-repeat":"repeat","background-position":"center center","background-size":"auto","background-attachment":"scroll","background-type":"","background-media":"","overlay-type":"","overlay-color":"","overlay-opacity":"","overlay-gradient":""},"mobile":{"background-color":"","background-image":"","background-repeat":"repeat","background-position":"center center","background-size":"auto","background-attachment":"scroll","background-type":"","background-media":"","overlay-type":"","overlay-color":"","overlay-opacity":"","overlay-gradient":""}},"ast-content-background-meta":{"desktop":{"background-color":"var(--ast-global-color-5)","background-image":"","background-repeat":"repeat","background-position":"center center","background-size":"auto","background-attachment":"scroll","background-type":"","background-media":"","overlay-type":"","overlay-color":"","overlay-opacity":"","overlay-gradient":""},"tablet":{"background-color":"var(--ast-global-color-5)","background-image":"","background-repeat":"repeat","background-position":"center center","background-size":"auto","background-attachment":"scroll","background-type":"","background-media":"","overlay-type":"","overlay-color":"","overlay-opacity":"","overlay-gradient":""},"mobile":{"background-color":"var(--ast-global-color-5)","background-image":"","background-repeat":"repeat","background-position":"center center","background-size":"auto","background-attachment":"scroll","background-type":"","background-media":"","overlay-type":"","overlay-color":"","overlay-opacity":"","overlay-gradient":""}},"footnotes":""},"categories":[59,8,61],"tags":[],"class_list":["post-19486","post","type-post","status-publish","format-standard","has-post-thumbnail","hentry","category-destacado-noticia","category-noticias","category-novedades"],"yoast_head":"<!-- This site is optimized with the Yoast SEO plugin v25.4 - https:\/\/yoast.com\/wordpress\/plugins\/seo\/ -->\n<title>Museo Violeta Parra mostr\u00f3 documental sobre la tragedia de Antuco\u00a0en Ciclo Miradoc - Museo Violeta Parra<\/title>\n<meta name=\"robots\" content=\"index, follow, max-snippet:-1, max-image-preview:large, max-video-preview:-1\" \/>\n<link rel=\"canonical\" href=\"http:\/\/vientosur.top\/museo\/museo-violeta-parra-mostrara-documental-la-tragedia-antuco-ciclo-miradoc\/\" \/>\n<meta property=\"og:locale\" content=\"es_ES\" \/>\n<meta property=\"og:type\" content=\"article\" \/>\n<meta property=\"og:title\" content=\"Museo Violeta Parra mostr\u00f3 documental sobre la tragedia de Antuco\u00a0en Ciclo Miradoc - Museo Violeta Parra\" \/>\n<meta property=\"og:description\" content=\"El s\u00e1bado 18 de mayo se cumplieron 14 a\u00f1os de la tragedia de Antuco \u2013donde 45 soldados murieron de hipotermia\u2013, que es considerada la peor cat\u00e1strofe vivida por militares chilenos en tiempos de paz. El cineasta Juan Elgueta Ortiz reconstruy\u00f3 las circunstancias del lamentable episodio a trav\u00e9s de in\u00e9ditas im\u00e1genes de archivo de los j\u00f3venes [&hellip;]\" \/>\n<meta property=\"og:url\" content=\"http:\/\/vientosur.top\/museo\/museo-violeta-parra-mostrara-documental-la-tragedia-antuco-ciclo-miradoc\/\" \/>\n<meta property=\"og:site_name\" content=\"Museo Violeta Parra\" \/>\n<meta property=\"article:published_time\" content=\"2019-05-17T17:41:02+00:00\" \/>\n<meta property=\"og:image\" content=\"http:\/\/vientosur.top\/museo\/wp-content\/uploads\/2019\/05\/BO_FOTO_12_PAULO-URREA-825x465@2x.jpg\" \/>\n\t<meta property=\"og:image:width\" content=\"1650\" \/>\n\t<meta property=\"og:image:height\" content=\"930\" \/>\n\t<meta property=\"og:image:type\" content=\"image\/jpeg\" \/>\n<meta name=\"author\" content=\"admin\" \/>\n<meta name=\"twitter:card\" content=\"summary_large_image\" \/>\n<meta name=\"twitter:label1\" content=\"Escrito por\" \/>\n\t<meta name=\"twitter:data1\" content=\"admin\" \/>\n\t<meta name=\"twitter:label2\" content=\"Tiempo de lectura\" \/>\n\t<meta name=\"twitter:data2\" content=\"1 minuto\" \/>\n<script type=\"application\/ld+json\" class=\"yoast-schema-graph\">{\"@context\":\"https:\/\/schema.org\",\"@graph\":[{\"@type\":\"WebPage\",\"@id\":\"http:\/\/vientosur.top\/museo\/museo-violeta-parra-mostrara-documental-la-tragedia-antuco-ciclo-miradoc\/\",\"url\":\"http:\/\/vientosur.top\/museo\/museo-violeta-parra-mostrara-documental-la-tragedia-antuco-ciclo-miradoc\/\",\"name\":\"Museo Violeta Parra mostr\u00f3 documental sobre la tragedia de Antuco\u00a0en Ciclo Miradoc - Museo Violeta Parra\",\"isPartOf\":{\"@id\":\"http:\/\/vientosur.top\/museo\/#website\"},\"primaryImageOfPage\":{\"@id\":\"http:\/\/vientosur.top\/museo\/museo-violeta-parra-mostrara-documental-la-tragedia-antuco-ciclo-miradoc\/#primaryimage\"},\"image\":{\"@id\":\"http:\/\/vientosur.top\/museo\/museo-violeta-parra-mostrara-documental-la-tragedia-antuco-ciclo-miradoc\/#primaryimage\"},\"thumbnailUrl\":\"http:\/\/vientosur.top\/museo\/wp-content\/uploads\/2019\/05\/BO_FOTO_12_PAULO-URREA-825x465@2x.jpg\",\"datePublished\":\"2019-05-17T17:41:02+00:00\",\"author\":{\"@id\":\"http:\/\/vientosur.top\/museo\/#\/schema\/person\/20c79d3c38800971feec8c2693c3dd9c\"},\"breadcrumb\":{\"@id\":\"http:\/\/vientosur.top\/museo\/museo-violeta-parra-mostrara-documental-la-tragedia-antuco-ciclo-miradoc\/#breadcrumb\"},\"inLanguage\":\"es\",\"potentialAction\":[{\"@type\":\"ReadAction\",\"target\":[\"http:\/\/vientosur.top\/museo\/museo-violeta-parra-mostrara-documental-la-tragedia-antuco-ciclo-miradoc\/\"]}]},{\"@type\":\"ImageObject\",\"inLanguage\":\"es\",\"@id\":\"http:\/\/vientosur.top\/museo\/museo-violeta-parra-mostrara-documental-la-tragedia-antuco-ciclo-miradoc\/#primaryimage\",\"url\":\"http:\/\/vientosur.top\/museo\/wp-content\/uploads\/2019\/05\/BO_FOTO_12_PAULO-URREA-825x465@2x.jpg\",\"contentUrl\":\"http:\/\/vientosur.top\/museo\/wp-content\/uploads\/2019\/05\/BO_FOTO_12_PAULO-URREA-825x465@2x.jpg\",\"width\":1650,\"height\":930},{\"@type\":\"BreadcrumbList\",\"@id\":\"http:\/\/vientosur.top\/museo\/museo-violeta-parra-mostrara-documental-la-tragedia-antuco-ciclo-miradoc\/#breadcrumb\",\"itemListElement\":[{\"@type\":\"ListItem\",\"position\":1,\"name\":\"Portada\",\"item\":\"http:\/\/vientosur.top\/museo\/\"},{\"@type\":\"ListItem\",\"position\":2,\"name\":\"Museo Violeta Parra mostr\u00f3 documental sobre la tragedia de Antuco\u00a0en Ciclo Miradoc\"}]},{\"@type\":\"WebSite\",\"@id\":\"http:\/\/vientosur.top\/museo\/#website\",\"url\":\"http:\/\/vientosur.top\/museo\/\",\"name\":\"Museo Violeta Parra\",\"description\":\"Espacio que alberga tanto la memoria y legado creativo de la artista\",\"potentialAction\":[{\"@type\":\"SearchAction\",\"target\":{\"@type\":\"EntryPoint\",\"urlTemplate\":\"http:\/\/vientosur.top\/museo\/?s={search_term_string}\"},\"query-input\":{\"@type\":\"PropertyValueSpecification\",\"valueRequired\":true,\"valueName\":\"search_term_string\"}}],\"inLanguage\":\"es\"},{\"@type\":\"Person\",\"@id\":\"http:\/\/vientosur.top\/museo\/#\/schema\/person\/20c79d3c38800971feec8c2693c3dd9c\",\"name\":\"admin\",\"image\":{\"@type\":\"ImageObject\",\"inLanguage\":\"es\",\"@id\":\"http:\/\/vientosur.top\/museo\/#\/schema\/person\/image\/\",\"url\":\"https:\/\/secure.gravatar.com\/avatar\/713677ece3ffa642287213a80e5b773bce9ab81c269dd6d95102a990951c922f?s=96&d=mm&r=g\",\"contentUrl\":\"https:\/\/secure.gravatar.com\/avatar\/713677ece3ffa642287213a80e5b773bce9ab81c269dd6d95102a990951c922f?s=96&d=mm&r=g\",\"caption\":\"admin\"},\"sameAs\":[\"http:\/\/vientosur.top\/museo\"],\"url\":\"http:\/\/vientosur.top\/museo\/author\/comunicacionesmvp\/\"}]}<\/script>\n<!-- \/ Yoast SEO plugin. -->","yoast_head_json":{"title":"Museo Violeta Parra mostr\u00f3 documental sobre la tragedia de Antuco\u00a0en Ciclo Miradoc - Museo Violeta Parra","robots":{"index":"index","follow":"follow","max-snippet":"max-snippet:-1","max-image-preview":"max-image-preview:large","max-video-preview":"max-video-preview:-1"},"canonical":"http:\/\/vientosur.top\/museo\/museo-violeta-parra-mostrara-documental-la-tragedia-antuco-ciclo-miradoc\/","og_locale":"es_ES","og_type":"article","og_title":"Museo Violeta Parra mostr\u00f3 documental sobre la tragedia de Antuco\u00a0en Ciclo Miradoc - Museo Violeta Parra","og_description":"El s\u00e1bado 18 de mayo se cumplieron 14 a\u00f1os de la tragedia de Antuco \u2013donde 45 soldados murieron de hipotermia\u2013, que es considerada la peor cat\u00e1strofe vivida por militares chilenos en tiempos de paz. El cineasta Juan Elgueta Ortiz reconstruy\u00f3 las circunstancias del lamentable episodio a trav\u00e9s de in\u00e9ditas im\u00e1genes de archivo de los j\u00f3venes [&hellip;]","og_url":"http:\/\/vientosur.top\/museo\/museo-violeta-parra-mostrara-documental-la-tragedia-antuco-ciclo-miradoc\/","og_site_name":"Museo Violeta Parra","article_published_time":"2019-05-17T17:41:02+00:00","og_image":[{"width":1650,"height":930,"url":"http:\/\/vientosur.top\/museo\/wp-content\/uploads\/2019\/05\/BO_FOTO_12_PAULO-URREA-825x465@2x.jpg","type":"image\/jpeg"}],"author":"admin","twitter_card":"summary_large_image","twitter_misc":{"Escrito por":"admin","Tiempo de lectura":"1 minuto"},"schema":{"@context":"https:\/\/schema.org","@graph":[{"@type":"WebPage","@id":"http:\/\/vientosur.top\/museo\/museo-violeta-parra-mostrara-documental-la-tragedia-antuco-ciclo-miradoc\/","url":"http:\/\/vientosur.top\/museo\/museo-violeta-parra-mostrara-documental-la-tragedia-antuco-ciclo-miradoc\/","name":"Museo Violeta Parra mostr\u00f3 documental sobre la tragedia de Antuco\u00a0en Ciclo Miradoc - Museo Violeta Parra","isPartOf":{"@id":"http:\/\/vientosur.top\/museo\/#website"},"primaryImageOfPage":{"@id":"http:\/\/vientosur.top\/museo\/museo-violeta-parra-mostrara-documental-la-tragedia-antuco-ciclo-miradoc\/#primaryimage"},"image":{"@id":"http:\/\/vientosur.top\/museo\/museo-violeta-parra-mostrara-documental-la-tragedia-antuco-ciclo-miradoc\/#primaryimage"},"thumbnailUrl":"http:\/\/vientosur.top\/museo\/wp-content\/uploads\/2019\/05\/BO_FOTO_12_PAULO-URREA-825x465@2x.jpg","datePublished":"2019-05-17T17:41:02+00:00","author":{"@id":"http:\/\/vientosur.top\/museo\/#\/schema\/person\/20c79d3c38800971feec8c2693c3dd9c"},"breadcrumb":{"@id":"http:\/\/vientosur.top\/museo\/museo-violeta-parra-mostrara-documental-la-tragedia-antuco-ciclo-miradoc\/#breadcrumb"},"inLanguage":"es","potentialAction":[{"@type":"ReadAction","target":["http:\/\/vientosur.top\/museo\/museo-violeta-parra-mostrara-documental-la-tragedia-antuco-ciclo-miradoc\/"]}]},{"@type":"ImageObject","inLanguage":"es","@id":"http:\/\/vientosur.top\/museo\/museo-violeta-parra-mostrara-documental-la-tragedia-antuco-ciclo-miradoc\/#primaryimage","url":"http:\/\/vientosur.top\/museo\/wp-content\/uploads\/2019\/05\/BO_FOTO_12_PAULO-URREA-825x465@2x.jpg","contentUrl":"http:\/\/vientosur.top\/museo\/wp-content\/uploads\/2019\/05\/BO_FOTO_12_PAULO-URREA-825x465@2x.jpg","width":1650,"height":930},{"@type":"BreadcrumbList","@id":"http:\/\/vientosur.top\/museo\/museo-violeta-parra-mostrara-documental-la-tragedia-antuco-ciclo-miradoc\/#breadcrumb","itemListElement":[{"@type":"ListItem","position":1,"name":"Portada","item":"http:\/\/vientosur.top\/museo\/"},{"@type":"ListItem","position":2,"name":"Museo Violeta Parra mostr\u00f3 documental sobre la tragedia de Antuco\u00a0en Ciclo Miradoc"}]},{"@type":"WebSite","@id":"http:\/\/vientosur.top\/museo\/#website","url":"http:\/\/vientosur.top\/museo\/","name":"Museo Violeta Parra","description":"Espacio que alberga tanto la memoria y legado creativo de la artista","potentialAction":[{"@type":"SearchAction","target":{"@type":"EntryPoint","urlTemplate":"http:\/\/vientosur.top\/museo\/?s={search_term_string}"},"query-input":{"@type":"PropertyValueSpecification","valueRequired":true,"valueName":"search_term_string"}}],"inLanguage":"es"},{"@type":"Person","@id":"http:\/\/vientosur.top\/museo\/#\/schema\/person\/20c79d3c38800971feec8c2693c3dd9c","name":"admin","image":{"@type":"ImageObject","inLanguage":"es","@id":"http:\/\/vientosur.top\/museo\/#\/schema\/person\/image\/","url":"https:\/\/secure.gravatar.com\/avatar\/713677ece3ffa642287213a80e5b773bce9ab81c269dd6d95102a990951c922f?s=96&d=mm&r=g","contentUrl":"https:\/\/secure.gravatar.com\/avatar\/713677ece3ffa642287213a80e5b773bce9ab81c269dd6d95102a990951c922f?s=96&d=mm&r=g","caption":"admin"},"sameAs":["http:\/\/vientosur.top\/museo"],"url":"http:\/\/vientosur.top\/museo\/author\/comunicacionesmvp\/"}]}},"_links":{"self":[{"href":"http:\/\/vientosur.top\/museo\/wp-json\/wp\/v2\/posts\/19486","targetHints":{"allow":["GET"]}}],"collection":[{"href":"http:\/\/vientosur.top\/museo\/wp-json\/wp\/v2\/posts"}],"about":[{"href":"http:\/\/vientosur.top\/museo\/wp-json\/wp\/v2\/types\/post"}],"author":[{"embeddable":true,"href":"http:\/\/vientosur.top\/museo\/wp-json\/wp\/v2\/users\/5"}],"replies":[{"embeddable":true,"href":"http:\/\/vientosur.top\/museo\/wp-json\/wp\/v2\/comments?post=19486"}],"version-history":[{"count":0,"href":"http:\/\/vientosur.top\/museo\/wp-json\/wp\/v2\/posts\/19486\/revisions"}],"wp:featuredmedia":[{"embeddable":true,"href":"http:\/\/vientosur.top\/museo\/wp-json\/wp\/v2\/media\/19432"}],"wp:attachment":[{"href":"http:\/\/vientosur.top\/museo\/wp-json\/wp\/v2\/media?parent=19486"}],"wp:term":[{"taxonomy":"category","embeddable":true,"href":"http:\/\/vientosur.top\/museo\/wp-json\/wp\/v2\/categories?post=19486"},{"taxonomy":"post_tag","embeddable":true,"href":"http:\/\/vientosur.top\/museo\/wp-json\/wp\/v2\/tags?post=19486"}],"curies":[{"name":"wp","href":"https:\/\/api.w.org\/{rel}","templated":true}]}}