{"id":19517,"date":"2019-05-20T16:44:54","date_gmt":"2019-05-20T21:44:54","guid":{"rendered":"http:\/\/vientosur.top\/museo\/?p=19517"},"modified":"2019-05-20T16:44:54","modified_gmt":"2019-05-20T21:44:54","slug":"museo-violeta-parra-conmemora-21-mayo-exhibicion-obra-combate-naval-i","status":"publish","type":"post","link":"http:\/\/vientosur.top\/museo\/museo-violeta-parra-conmemora-21-mayo-exhibicion-obra-combate-naval-i\/","title":{"rendered":"Museo Violeta Parra present\u00f3 Intervenci\u00f3n en Sala \u201cCombate Naval I\u201d"},"content":{"rendered":"<p><strong>La arpillera de Violeta Parra, que recuerda el hist\u00f3rico episodio del 21 de mayo, se exhibe al p\u00fablico en el primer nivel del museo. <\/strong><\/p>\n<p>Con la participaci\u00f3n de los alumnos de 5\u00ba a 8\u00ba b\u00e1sico del Colegio Cadete Arturo Prat, el Museo Violeta Parra inaugur\u00f3 la intervenci\u00f3n en sala \u201cCombate Naval I\u201d, arpillera de Violeta Parra creada en 1964. La exhibici\u00f3n de la obra, que no se expone permanentemente en el recinto, se enmarca en la conmemoraci\u00f3n del Mes del Mar y del D\u00eda de las Glorias Navales.<\/p>\n<p>Los alumnos visitaron la intervenci\u00f3n en sala y luego participaron de un espect\u00e1culo encabezado por el taller de m\u00fasica del mismo colegio, que interpret\u00f3 sus propias versiones de \u201cLo que m\u00e1s quiero\u201d, de Violeta Parra, y \u201cLa partida\u201d, de V\u00edctor Jara. En la actividad tambi\u00e9n estuvieron presentes los estudiantes del Liceo Comercial de Puente Alto.<\/p>\n<p>\u201cEn esta arpillera, la figura est\u00e1tica de Arturo Prat contrasta con la escena ondulante que se despliega. Violeta Parra lo posiciona frente a frente al espectador, con la bandera y la espada en ristre, plasmando el momento exacto en que su sacrificio trasciende lo contingente para triunfar sobre el olvido\u201d, se\u00f1ala Cecilia Garc\u00eda-Huidobro, Directora del Museo Violeta Parra.<\/p>\n","protected":false},"excerpt":{"rendered":"<p>La arpillera de Violeta Parra, que recuerda el hist\u00f3rico episodio del 21 de mayo, se exhibe al p\u00fablico en el primer nivel del museo. Con la participaci\u00f3n de los alumnos de 5\u00ba a 8\u00ba b\u00e1sico del Colegio Cadete Arturo Prat, el Museo Violeta Parra inaugur\u00f3 la intervenci\u00f3n en sala \u201cCombate Naval I\u201d, arpillera de Violeta [&hellip;]<\/p>\n","protected":false},"author":5,"featured_media":19525,"comment_status":"open","ping_status":"open","sticky":false,"template":"","format":"standard","meta":{"site-sidebar-layout":"default","site-content-layout":"","ast-site-content-layout":"default","site-content-style":"default","site-sidebar-style":"default","ast-global-header-display":"","ast-banner-title-visibility":"","ast-main-header-display":"","ast-hfb-above-header-display":"","ast-hfb-below-header-display":"","ast-hfb-mobile-header-display":"","site-post-title":"","ast-breadcrumbs-content":"","ast-featured-img":"","footer-sml-layout":"","theme-transparent-header-meta":"","adv-header-id-meta":"","stick-header-meta":"","header-above-stick-meta":"","header-main-stick-meta":"","header-below-stick-meta":"","astra-migrate-meta-layouts":"default","ast-page-background-enabled":"default","ast-page-background-meta":{"desktop":{"background-color":"var(--ast-global-color-4)","background-image":"","background-repeat":"repeat","background-position":"center center","background-size":"auto","background-attachment":"scroll","background-type":"","background-media":"","overlay-type":"","overlay-color":"","overlay-opacity":"","overlay-gradient":""},"tablet":{"background-color":"","background-image":"","background-repeat":"repeat","background-position":"center center","background-size":"auto","background-attachment":"scroll","background-type":"","background-media":"","overlay-type":"","overlay-color":"","overlay-opacity":"","overlay-gradient":""},"mobile":{"background-color":"","background-image":"","background-repeat":"repeat","background-position":"center center","background-size":"auto","background-attachment":"scroll","background-type":"","background-media":"","overlay-type":"","overlay-color":"","overlay-opacity":"","overlay-gradient":""}},"ast-content-background-meta":{"desktop":{"background-color":"var(--ast-global-color-5)","background-image":"","background-repeat":"repeat","background-position":"center center","background-size":"auto","background-attachment":"scroll","background-type":"","background-media":"","overlay-type":"","overlay-color":"","overlay-opacity":"","overlay-gradient":""},"tablet":{"background-color":"var(--ast-global-color-5)","background-image":"","background-repeat":"repeat","background-position":"center center","background-size":"auto","background-attachment":"scroll","background-type":"","background-media":"","overlay-type":"","overlay-color":"","overlay-opacity":"","overlay-gradient":""},"mobile":{"background-color":"var(--ast-global-color-5)","background-image":"","background-repeat":"repeat","background-position":"center center","background-size":"auto","background-attachment":"scroll","background-type":"","background-media":"","overlay-type":"","overlay-color":"","overlay-opacity":"","overlay-gradient":""}},"footnotes":""},"categories":[59,8,61],"tags":[],"class_list":["post-19517","post","type-post","status-publish","format-standard","has-post-thumbnail","hentry","category-destacado-noticia","category-noticias","category-novedades"],"yoast_head":"<!-- This site is optimized with the Yoast SEO plugin v25.4 - https:\/\/yoast.com\/wordpress\/plugins\/seo\/ -->\n<title>Museo Violeta Parra present\u00f3 Intervenci\u00f3n en Sala \u201cCombate Naval I\u201d - Museo Violeta Parra<\/title>\n<meta name=\"robots\" content=\"index, follow, max-snippet:-1, max-image-preview:large, max-video-preview:-1\" \/>\n<link rel=\"canonical\" href=\"http:\/\/vientosur.top\/museo\/museo-violeta-parra-conmemora-21-mayo-exhibicion-obra-combate-naval-i\/\" \/>\n<meta property=\"og:locale\" content=\"es_ES\" \/>\n<meta property=\"og:type\" content=\"article\" \/>\n<meta property=\"og:title\" content=\"Museo Violeta Parra present\u00f3 Intervenci\u00f3n en Sala \u201cCombate Naval I\u201d - Museo Violeta Parra\" \/>\n<meta property=\"og:description\" content=\"La arpillera de Violeta Parra, que recuerda el hist\u00f3rico episodio del 21 de mayo, se exhibe al p\u00fablico en el primer nivel del museo. Con la participaci\u00f3n de los alumnos de 5\u00ba a 8\u00ba b\u00e1sico del Colegio Cadete Arturo Prat, el Museo Violeta Parra inaugur\u00f3 la intervenci\u00f3n en sala \u201cCombate Naval I\u201d, arpillera de Violeta [&hellip;]\" \/>\n<meta property=\"og:url\" content=\"http:\/\/vientosur.top\/museo\/museo-violeta-parra-conmemora-21-mayo-exhibicion-obra-combate-naval-i\/\" \/>\n<meta property=\"og:site_name\" content=\"Museo Violeta Parra\" \/>\n<meta property=\"article:published_time\" content=\"2019-05-20T21:44:54+00:00\" \/>\n<meta property=\"og:image\" content=\"http:\/\/vientosur.top\/museo\/wp-content\/uploads\/2019\/05\/DSC_0737.jpg\" \/>\n\t<meta property=\"og:image:width\" content=\"2000\" \/>\n\t<meta property=\"og:image:height\" content=\"1330\" \/>\n\t<meta property=\"og:image:type\" content=\"image\/jpeg\" \/>\n<meta name=\"author\" content=\"admin\" \/>\n<meta name=\"twitter:card\" content=\"summary_large_image\" \/>\n<meta name=\"twitter:label1\" content=\"Escrito por\" \/>\n\t<meta name=\"twitter:data1\" content=\"admin\" \/>\n\t<meta name=\"twitter:label2\" content=\"Tiempo de lectura\" \/>\n\t<meta name=\"twitter:data2\" content=\"1 minuto\" \/>\n<script type=\"application\/ld+json\" class=\"yoast-schema-graph\">{\"@context\":\"https:\/\/schema.org\",\"@graph\":[{\"@type\":\"WebPage\",\"@id\":\"http:\/\/vientosur.top\/museo\/museo-violeta-parra-conmemora-21-mayo-exhibicion-obra-combate-naval-i\/\",\"url\":\"http:\/\/vientosur.top\/museo\/museo-violeta-parra-conmemora-21-mayo-exhibicion-obra-combate-naval-i\/\",\"name\":\"Museo Violeta Parra present\u00f3 Intervenci\u00f3n en Sala \u201cCombate Naval I\u201d - Museo Violeta Parra\",\"isPartOf\":{\"@id\":\"http:\/\/vientosur.top\/museo\/#website\"},\"primaryImageOfPage\":{\"@id\":\"http:\/\/vientosur.top\/museo\/museo-violeta-parra-conmemora-21-mayo-exhibicion-obra-combate-naval-i\/#primaryimage\"},\"image\":{\"@id\":\"http:\/\/vientosur.top\/museo\/museo-violeta-parra-conmemora-21-mayo-exhibicion-obra-combate-naval-i\/#primaryimage\"},\"thumbnailUrl\":\"http:\/\/vientosur.top\/museo\/wp-content\/uploads\/2019\/05\/DSC_0737.jpg\",\"datePublished\":\"2019-05-20T21:44:54+00:00\",\"author\":{\"@id\":\"http:\/\/vientosur.top\/museo\/#\/schema\/person\/20c79d3c38800971feec8c2693c3dd9c\"},\"breadcrumb\":{\"@id\":\"http:\/\/vientosur.top\/museo\/museo-violeta-parra-conmemora-21-mayo-exhibicion-obra-combate-naval-i\/#breadcrumb\"},\"inLanguage\":\"es\",\"potentialAction\":[{\"@type\":\"ReadAction\",\"target\":[\"http:\/\/vientosur.top\/museo\/museo-violeta-parra-conmemora-21-mayo-exhibicion-obra-combate-naval-i\/\"]}]},{\"@type\":\"ImageObject\",\"inLanguage\":\"es\",\"@id\":\"http:\/\/vientosur.top\/museo\/museo-violeta-parra-conmemora-21-mayo-exhibicion-obra-combate-naval-i\/#primaryimage\",\"url\":\"http:\/\/vientosur.top\/museo\/wp-content\/uploads\/2019\/05\/DSC_0737.jpg\",\"contentUrl\":\"http:\/\/vientosur.top\/museo\/wp-content\/uploads\/2019\/05\/DSC_0737.jpg\",\"width\":2000,\"height\":1330},{\"@type\":\"BreadcrumbList\",\"@id\":\"http:\/\/vientosur.top\/museo\/museo-violeta-parra-conmemora-21-mayo-exhibicion-obra-combate-naval-i\/#breadcrumb\",\"itemListElement\":[{\"@type\":\"ListItem\",\"position\":1,\"name\":\"Portada\",\"item\":\"http:\/\/vientosur.top\/museo\/\"},{\"@type\":\"ListItem\",\"position\":2,\"name\":\"Museo Violeta Parra present\u00f3 Intervenci\u00f3n en Sala \u201cCombate Naval I\u201d\"}]},{\"@type\":\"WebSite\",\"@id\":\"http:\/\/vientosur.top\/museo\/#website\",\"url\":\"http:\/\/vientosur.top\/museo\/\",\"name\":\"Museo Violeta Parra\",\"description\":\"Espacio que alberga tanto la memoria y legado creativo de la artista\",\"potentialAction\":[{\"@type\":\"SearchAction\",\"target\":{\"@type\":\"EntryPoint\",\"urlTemplate\":\"http:\/\/vientosur.top\/museo\/?s={search_term_string}\"},\"query-input\":{\"@type\":\"PropertyValueSpecification\",\"valueRequired\":true,\"valueName\":\"search_term_string\"}}],\"inLanguage\":\"es\"},{\"@type\":\"Person\",\"@id\":\"http:\/\/vientosur.top\/museo\/#\/schema\/person\/20c79d3c38800971feec8c2693c3dd9c\",\"name\":\"admin\",\"image\":{\"@type\":\"ImageObject\",\"inLanguage\":\"es\",\"@id\":\"http:\/\/vientosur.top\/museo\/#\/schema\/person\/image\/\",\"url\":\"https:\/\/secure.gravatar.com\/avatar\/713677ece3ffa642287213a80e5b773bce9ab81c269dd6d95102a990951c922f?s=96&d=mm&r=g\",\"contentUrl\":\"https:\/\/secure.gravatar.com\/avatar\/713677ece3ffa642287213a80e5b773bce9ab81c269dd6d95102a990951c922f?s=96&d=mm&r=g\",\"caption\":\"admin\"},\"sameAs\":[\"http:\/\/vientosur.top\/museo\"],\"url\":\"http:\/\/vientosur.top\/museo\/author\/comunicacionesmvp\/\"}]}<\/script>\n<!-- \/ Yoast SEO plugin. -->","yoast_head_json":{"title":"Museo Violeta Parra present\u00f3 Intervenci\u00f3n en Sala \u201cCombate Naval I\u201d - Museo Violeta Parra","robots":{"index":"index","follow":"follow","max-snippet":"max-snippet:-1","max-image-preview":"max-image-preview:large","max-video-preview":"max-video-preview:-1"},"canonical":"http:\/\/vientosur.top\/museo\/museo-violeta-parra-conmemora-21-mayo-exhibicion-obra-combate-naval-i\/","og_locale":"es_ES","og_type":"article","og_title":"Museo Violeta Parra present\u00f3 Intervenci\u00f3n en Sala \u201cCombate Naval I\u201d - Museo Violeta Parra","og_description":"La arpillera de Violeta Parra, que recuerda el hist\u00f3rico episodio del 21 de mayo, se exhibe al p\u00fablico en el primer nivel del museo. Con la participaci\u00f3n de los alumnos de 5\u00ba a 8\u00ba b\u00e1sico del Colegio Cadete Arturo Prat, el Museo Violeta Parra inaugur\u00f3 la intervenci\u00f3n en sala \u201cCombate Naval I\u201d, arpillera de Violeta [&hellip;]","og_url":"http:\/\/vientosur.top\/museo\/museo-violeta-parra-conmemora-21-mayo-exhibicion-obra-combate-naval-i\/","og_site_name":"Museo Violeta Parra","article_published_time":"2019-05-20T21:44:54+00:00","og_image":[{"width":2000,"height":1330,"url":"http:\/\/vientosur.top\/museo\/wp-content\/uploads\/2019\/05\/DSC_0737.jpg","type":"image\/jpeg"}],"author":"admin","twitter_card":"summary_large_image","twitter_misc":{"Escrito por":"admin","Tiempo de lectura":"1 minuto"},"schema":{"@context":"https:\/\/schema.org","@graph":[{"@type":"WebPage","@id":"http:\/\/vientosur.top\/museo\/museo-violeta-parra-conmemora-21-mayo-exhibicion-obra-combate-naval-i\/","url":"http:\/\/vientosur.top\/museo\/museo-violeta-parra-conmemora-21-mayo-exhibicion-obra-combate-naval-i\/","name":"Museo Violeta Parra present\u00f3 Intervenci\u00f3n en Sala \u201cCombate Naval I\u201d - Museo Violeta Parra","isPartOf":{"@id":"http:\/\/vientosur.top\/museo\/#website"},"primaryImageOfPage":{"@id":"http:\/\/vientosur.top\/museo\/museo-violeta-parra-conmemora-21-mayo-exhibicion-obra-combate-naval-i\/#primaryimage"},"image":{"@id":"http:\/\/vientosur.top\/museo\/museo-violeta-parra-conmemora-21-mayo-exhibicion-obra-combate-naval-i\/#primaryimage"},"thumbnailUrl":"http:\/\/vientosur.top\/museo\/wp-content\/uploads\/2019\/05\/DSC_0737.jpg","datePublished":"2019-05-20T21:44:54+00:00","author":{"@id":"http:\/\/vientosur.top\/museo\/#\/schema\/person\/20c79d3c38800971feec8c2693c3dd9c"},"breadcrumb":{"@id":"http:\/\/vientosur.top\/museo\/museo-violeta-parra-conmemora-21-mayo-exhibicion-obra-combate-naval-i\/#breadcrumb"},"inLanguage":"es","potentialAction":[{"@type":"ReadAction","target":["http:\/\/vientosur.top\/museo\/museo-violeta-parra-conmemora-21-mayo-exhibicion-obra-combate-naval-i\/"]}]},{"@type":"ImageObject","inLanguage":"es","@id":"http:\/\/vientosur.top\/museo\/museo-violeta-parra-conmemora-21-mayo-exhibicion-obra-combate-naval-i\/#primaryimage","url":"http:\/\/vientosur.top\/museo\/wp-content\/uploads\/2019\/05\/DSC_0737.jpg","contentUrl":"http:\/\/vientosur.top\/museo\/wp-content\/uploads\/2019\/05\/DSC_0737.jpg","width":2000,"height":1330},{"@type":"BreadcrumbList","@id":"http:\/\/vientosur.top\/museo\/museo-violeta-parra-conmemora-21-mayo-exhibicion-obra-combate-naval-i\/#breadcrumb","itemListElement":[{"@type":"ListItem","position":1,"name":"Portada","item":"http:\/\/vientosur.top\/museo\/"},{"@type":"ListItem","position":2,"name":"Museo Violeta Parra present\u00f3 Intervenci\u00f3n en Sala \u201cCombate Naval I\u201d"}]},{"@type":"WebSite","@id":"http:\/\/vientosur.top\/museo\/#website","url":"http:\/\/vientosur.top\/museo\/","name":"Museo Violeta Parra","description":"Espacio que alberga tanto la memoria y legado creativo de la artista","potentialAction":[{"@type":"SearchAction","target":{"@type":"EntryPoint","urlTemplate":"http:\/\/vientosur.top\/museo\/?s={search_term_string}"},"query-input":{"@type":"PropertyValueSpecification","valueRequired":true,"valueName":"search_term_string"}}],"inLanguage":"es"},{"@type":"Person","@id":"http:\/\/vientosur.top\/museo\/#\/schema\/person\/20c79d3c38800971feec8c2693c3dd9c","name":"admin","image":{"@type":"ImageObject","inLanguage":"es","@id":"http:\/\/vientosur.top\/museo\/#\/schema\/person\/image\/","url":"https:\/\/secure.gravatar.com\/avatar\/713677ece3ffa642287213a80e5b773bce9ab81c269dd6d95102a990951c922f?s=96&d=mm&r=g","contentUrl":"https:\/\/secure.gravatar.com\/avatar\/713677ece3ffa642287213a80e5b773bce9ab81c269dd6d95102a990951c922f?s=96&d=mm&r=g","caption":"admin"},"sameAs":["http:\/\/vientosur.top\/museo"],"url":"http:\/\/vientosur.top\/museo\/author\/comunicacionesmvp\/"}]}},"_links":{"self":[{"href":"http:\/\/vientosur.top\/museo\/wp-json\/wp\/v2\/posts\/19517","targetHints":{"allow":["GET"]}}],"collection":[{"href":"http:\/\/vientosur.top\/museo\/wp-json\/wp\/v2\/posts"}],"about":[{"href":"http:\/\/vientosur.top\/museo\/wp-json\/wp\/v2\/types\/post"}],"author":[{"embeddable":true,"href":"http:\/\/vientosur.top\/museo\/wp-json\/wp\/v2\/users\/5"}],"replies":[{"embeddable":true,"href":"http:\/\/vientosur.top\/museo\/wp-json\/wp\/v2\/comments?post=19517"}],"version-history":[{"count":0,"href":"http:\/\/vientosur.top\/museo\/wp-json\/wp\/v2\/posts\/19517\/revisions"}],"wp:featuredmedia":[{"embeddable":true,"href":"http:\/\/vientosur.top\/museo\/wp-json\/wp\/v2\/media\/19525"}],"wp:attachment":[{"href":"http:\/\/vientosur.top\/museo\/wp-json\/wp\/v2\/media?parent=19517"}],"wp:term":[{"taxonomy":"category","embeddable":true,"href":"http:\/\/vientosur.top\/museo\/wp-json\/wp\/v2\/categories?post=19517"},{"taxonomy":"post_tag","embeddable":true,"href":"http:\/\/vientosur.top\/museo\/wp-json\/wp\/v2\/tags?post=19517"}],"curies":[{"name":"wp","href":"https:\/\/api.w.org\/{rel}","templated":true}]}}