{"id":19632,"date":"2019-06-07T08:24:07","date_gmt":"2019-06-07T13:24:07","guid":{"rendered":"http:\/\/vientosur.top\/museo\/?p=19632"},"modified":"2019-06-07T08:24:07","modified_gmt":"2019-06-07T13:24:07","slug":"museo-violeta-parra-inaugura-proyecto-canciones-se-pintan-25-agrupaciones-participantes","status":"publish","type":"post","link":"http:\/\/vientosur.top\/museo\/museo-violeta-parra-inaugura-proyecto-canciones-se-pintan-25-agrupaciones-participantes\/","title":{"rendered":"Museo Violeta Parra inaugur\u00f3 proyecto \u201cCanciones que se pintan\u201d con 25 agrupaciones participantes"},"content":{"rendered":"<p>Entre el 26 de marzo y el 15 de mayo, un total de 25 agrupaciones desarrollaron, a trav\u00e9s del arte mural, cuadros de gran formato en la explanada del Museo Violeta Parra. Estas obras estuvieron inspiradas en canciones de la artista chilena con el objetivo de dar a conocer su legado musical y de realizar un homenaje visual a sus composiciones.<\/p>\n<p>\u201cCanciones que se pintan\u201d cont\u00f3 con la participaci\u00f3n de diferentes grupos representativos de la diversidad de visitantes del museo, como agrupaciones ciudadanas, establecimientos educacionales p\u00fablicos y privados, organizaciones sociales, personas en situaci\u00f3n de discapacidad y voluntarios del museo.<\/p>\n<p>Ahora, tras finalizar el proceso de creaci\u00f3n, se realiz\u00f3 una ceremonia de inauguraci\u00f3n de las 25 obras que actualmente se exhiben en la explanada del recinto, el pasado s\u00e1bado 8 de junio. La actividad fue abierta a todo p\u00fablico y cont\u00f3 con la participaci\u00f3n de los artistas e instituciones que trabajaron en el proyecto.<\/p>\n<p>Tambi\u00e9n se present\u00f3 un espect\u00e1culo de danza de la corporaci\u00f3n Renacer, un ensamble electro-ac\u00fastico del Colegio Art\u00edstico Salvador, un mensaje a cargo del Centro Creativo de Inclusi\u00f3n de MAVI y una presentaci\u00f3n de la agrupaci\u00f3n cultural Legua York.<\/p>\n<p>\u201cVioleta Parra se\u00f1al\u00f3 que sus arpilleras son como \u2018canciones que se pintan\u2019, por eso quisimos tomar ese concepto como eje curatorial para este proyecto. Su obra trasciende en el tiempo y el valioso trabajo que realizaron los 25 grupos participantes mantiene vivo ese legado con interpretaciones sensibles, cargadas de color y ancladas a nuestra realidad social. Estas nuevas obras, que generan una conexi\u00f3n directa y emotiva con el p\u00fablico, ampl\u00edan nuestra colecci\u00f3n con un alto nivel art\u00edstico\u201d, plante\u00f3 Cecilia Garc\u00eda-Huidobro, Directora del Museo Violeta Parra.<\/p>\n<p>El proyecto \u201cCanciones que se pintan\u201d refleja el objetivo del museo de acercarse a la gente, permitir el intercambio art\u00edstico con el p\u00fablico y entregar un espacio a diversas agrupaciones. Las obras fueron desarrolladas por grupos de Red Chilena contra la Violencia hacia las Mujeres, Centro Metropolitano Norte Til Til de SENAME, Jard\u00edn Infantil Mujeres de Chile de Fundaci\u00f3n INTEGRA, Colectivo Brigada Ramona Parra, Colectiva La Perra Negra (UMCE), Mujeres Arpilleristas del Museo La Ligua, Colegio Amaranta de Fundaci\u00f3n Selenna, Unidades Muralistas Luchador Ernesto Miranda (UMLEM),\u00a0 Colectivo Mitosis de Balmaceda Arte Joven, Renacer Padres en Duelo, Colegio Santa Luc\u00eda de Fundaci\u00f3n Luz, Colegio Art\u00edstico Salvador, CREAD Galvarino de SENAME, Liceo Art\u00edstico Guillermo Gronemeyer de Quilpu\u00e9, Agrupaci\u00f3n Cultural Legua York, Fundaci\u00f3n V\u00edctor Jara, Vecinos del barrio San Borja, Centro Creativo de Inclusi\u00f3n de MAVI, Voluntariado Museo Violeta Parra 2019, Cultiva, Instituto Nacional, Newen Wakolda, Asociaci\u00f3n CREA, Flor de Arte de COANIL y Liceo Experimental Art\u00edstico.<\/p>\n","protected":false},"excerpt":{"rendered":"<p>Entre el 26 de marzo y el 15 de mayo, un total de 25 agrupaciones desarrollaron, a trav\u00e9s del arte mural, cuadros de gran formato en la explanada del Museo Violeta Parra. Estas obras estuvieron inspiradas en canciones de la artista chilena con el objetivo de dar a conocer su legado musical y de realizar [&hellip;]<\/p>\n","protected":false},"author":5,"featured_media":19641,"comment_status":"open","ping_status":"open","sticky":false,"template":"","format":"standard","meta":{"site-sidebar-layout":"default","site-content-layout":"","ast-site-content-layout":"default","site-content-style":"default","site-sidebar-style":"default","ast-global-header-display":"","ast-banner-title-visibility":"","ast-main-header-display":"","ast-hfb-above-header-display":"","ast-hfb-below-header-display":"","ast-hfb-mobile-header-display":"","site-post-title":"","ast-breadcrumbs-content":"","ast-featured-img":"","footer-sml-layout":"","theme-transparent-header-meta":"","adv-header-id-meta":"","stick-header-meta":"","header-above-stick-meta":"","header-main-stick-meta":"","header-below-stick-meta":"","astra-migrate-meta-layouts":"default","ast-page-background-enabled":"default","ast-page-background-meta":{"desktop":{"background-color":"var(--ast-global-color-4)","background-image":"","background-repeat":"repeat","background-position":"center center","background-size":"auto","background-attachment":"scroll","background-type":"","background-media":"","overlay-type":"","overlay-color":"","overlay-opacity":"","overlay-gradient":""},"tablet":{"background-color":"","background-image":"","background-repeat":"repeat","background-position":"center center","background-size":"auto","background-attachment":"scroll","background-type":"","background-media":"","overlay-type":"","overlay-color":"","overlay-opacity":"","overlay-gradient":""},"mobile":{"background-color":"","background-image":"","background-repeat":"repeat","background-position":"center center","background-size":"auto","background-attachment":"scroll","background-type":"","background-media":"","overlay-type":"","overlay-color":"","overlay-opacity":"","overlay-gradient":""}},"ast-content-background-meta":{"desktop":{"background-color":"var(--ast-global-color-5)","background-image":"","background-repeat":"repeat","background-position":"center center","background-size":"auto","background-attachment":"scroll","background-type":"","background-media":"","overlay-type":"","overlay-color":"","overlay-opacity":"","overlay-gradient":""},"tablet":{"background-color":"var(--ast-global-color-5)","background-image":"","background-repeat":"repeat","background-position":"center center","background-size":"auto","background-attachment":"scroll","background-type":"","background-media":"","overlay-type":"","overlay-color":"","overlay-opacity":"","overlay-gradient":""},"mobile":{"background-color":"var(--ast-global-color-5)","background-image":"","background-repeat":"repeat","background-position":"center center","background-size":"auto","background-attachment":"scroll","background-type":"","background-media":"","overlay-type":"","overlay-color":"","overlay-opacity":"","overlay-gradient":""}},"footnotes":""},"categories":[59,8,61],"tags":[],"class_list":["post-19632","post","type-post","status-publish","format-standard","has-post-thumbnail","hentry","category-destacado-noticia","category-noticias","category-novedades"],"yoast_head":"<!-- This site is optimized with the Yoast SEO plugin v25.4 - https:\/\/yoast.com\/wordpress\/plugins\/seo\/ -->\n<title>Museo Violeta Parra inaugur\u00f3 proyecto \u201cCanciones que se pintan\u201d con 25 agrupaciones participantes - Museo Violeta Parra<\/title>\n<meta name=\"robots\" content=\"index, follow, max-snippet:-1, max-image-preview:large, max-video-preview:-1\" \/>\n<link rel=\"canonical\" href=\"http:\/\/vientosur.top\/museo\/museo-violeta-parra-inaugura-proyecto-canciones-se-pintan-25-agrupaciones-participantes\/\" \/>\n<meta property=\"og:locale\" content=\"es_ES\" \/>\n<meta property=\"og:type\" content=\"article\" \/>\n<meta property=\"og:title\" content=\"Museo Violeta Parra inaugur\u00f3 proyecto \u201cCanciones que se pintan\u201d con 25 agrupaciones participantes - Museo Violeta Parra\" \/>\n<meta property=\"og:description\" content=\"Entre el 26 de marzo y el 15 de mayo, un total de 25 agrupaciones desarrollaron, a trav\u00e9s del arte mural, cuadros de gran formato en la explanada del Museo Violeta Parra. Estas obras estuvieron inspiradas en canciones de la artista chilena con el objetivo de dar a conocer su legado musical y de realizar [&hellip;]\" \/>\n<meta property=\"og:url\" content=\"http:\/\/vientosur.top\/museo\/museo-violeta-parra-inaugura-proyecto-canciones-se-pintan-25-agrupaciones-participantes\/\" \/>\n<meta property=\"og:site_name\" content=\"Museo Violeta Parra\" \/>\n<meta property=\"article:published_time\" content=\"2019-06-07T13:24:07+00:00\" \/>\n<meta property=\"og:image\" content=\"http:\/\/vientosur.top\/museo\/wp-content\/uploads\/2019\/06\/DSC_0521-scaled.jpg\" \/>\n\t<meta property=\"og:image:width\" content=\"2560\" \/>\n\t<meta property=\"og:image:height\" content=\"1702\" \/>\n\t<meta property=\"og:image:type\" content=\"image\/jpeg\" \/>\n<meta name=\"author\" content=\"admin\" \/>\n<meta name=\"twitter:card\" content=\"summary_large_image\" \/>\n<meta name=\"twitter:label1\" content=\"Escrito por\" \/>\n\t<meta name=\"twitter:data1\" content=\"admin\" \/>\n\t<meta name=\"twitter:label2\" content=\"Tiempo de lectura\" \/>\n\t<meta name=\"twitter:data2\" content=\"2 minutos\" \/>\n<script type=\"application\/ld+json\" class=\"yoast-schema-graph\">{\"@context\":\"https:\/\/schema.org\",\"@graph\":[{\"@type\":\"WebPage\",\"@id\":\"http:\/\/vientosur.top\/museo\/museo-violeta-parra-inaugura-proyecto-canciones-se-pintan-25-agrupaciones-participantes\/\",\"url\":\"http:\/\/vientosur.top\/museo\/museo-violeta-parra-inaugura-proyecto-canciones-se-pintan-25-agrupaciones-participantes\/\",\"name\":\"Museo Violeta Parra inaugur\u00f3 proyecto \u201cCanciones que se pintan\u201d con 25 agrupaciones participantes - Museo Violeta Parra\",\"isPartOf\":{\"@id\":\"http:\/\/vientosur.top\/museo\/#website\"},\"primaryImageOfPage\":{\"@id\":\"http:\/\/vientosur.top\/museo\/museo-violeta-parra-inaugura-proyecto-canciones-se-pintan-25-agrupaciones-participantes\/#primaryimage\"},\"image\":{\"@id\":\"http:\/\/vientosur.top\/museo\/museo-violeta-parra-inaugura-proyecto-canciones-se-pintan-25-agrupaciones-participantes\/#primaryimage\"},\"thumbnailUrl\":\"http:\/\/vientosur.top\/museo\/wp-content\/uploads\/2019\/06\/DSC_0521-scaled.jpg\",\"datePublished\":\"2019-06-07T13:24:07+00:00\",\"author\":{\"@id\":\"http:\/\/vientosur.top\/museo\/#\/schema\/person\/20c79d3c38800971feec8c2693c3dd9c\"},\"breadcrumb\":{\"@id\":\"http:\/\/vientosur.top\/museo\/museo-violeta-parra-inaugura-proyecto-canciones-se-pintan-25-agrupaciones-participantes\/#breadcrumb\"},\"inLanguage\":\"es\",\"potentialAction\":[{\"@type\":\"ReadAction\",\"target\":[\"http:\/\/vientosur.top\/museo\/museo-violeta-parra-inaugura-proyecto-canciones-se-pintan-25-agrupaciones-participantes\/\"]}]},{\"@type\":\"ImageObject\",\"inLanguage\":\"es\",\"@id\":\"http:\/\/vientosur.top\/museo\/museo-violeta-parra-inaugura-proyecto-canciones-se-pintan-25-agrupaciones-participantes\/#primaryimage\",\"url\":\"http:\/\/vientosur.top\/museo\/wp-content\/uploads\/2019\/06\/DSC_0521-scaled.jpg\",\"contentUrl\":\"http:\/\/vientosur.top\/museo\/wp-content\/uploads\/2019\/06\/DSC_0521-scaled.jpg\",\"width\":2560,\"height\":1702},{\"@type\":\"BreadcrumbList\",\"@id\":\"http:\/\/vientosur.top\/museo\/museo-violeta-parra-inaugura-proyecto-canciones-se-pintan-25-agrupaciones-participantes\/#breadcrumb\",\"itemListElement\":[{\"@type\":\"ListItem\",\"position\":1,\"name\":\"Portada\",\"item\":\"http:\/\/vientosur.top\/museo\/\"},{\"@type\":\"ListItem\",\"position\":2,\"name\":\"Museo Violeta Parra inaugur\u00f3 proyecto \u201cCanciones que se pintan\u201d con 25 agrupaciones participantes\"}]},{\"@type\":\"WebSite\",\"@id\":\"http:\/\/vientosur.top\/museo\/#website\",\"url\":\"http:\/\/vientosur.top\/museo\/\",\"name\":\"Museo Violeta Parra\",\"description\":\"Espacio que alberga tanto la memoria y legado creativo de la artista\",\"potentialAction\":[{\"@type\":\"SearchAction\",\"target\":{\"@type\":\"EntryPoint\",\"urlTemplate\":\"http:\/\/vientosur.top\/museo\/?s={search_term_string}\"},\"query-input\":{\"@type\":\"PropertyValueSpecification\",\"valueRequired\":true,\"valueName\":\"search_term_string\"}}],\"inLanguage\":\"es\"},{\"@type\":\"Person\",\"@id\":\"http:\/\/vientosur.top\/museo\/#\/schema\/person\/20c79d3c38800971feec8c2693c3dd9c\",\"name\":\"admin\",\"image\":{\"@type\":\"ImageObject\",\"inLanguage\":\"es\",\"@id\":\"http:\/\/vientosur.top\/museo\/#\/schema\/person\/image\/\",\"url\":\"https:\/\/secure.gravatar.com\/avatar\/713677ece3ffa642287213a80e5b773bce9ab81c269dd6d95102a990951c922f?s=96&d=mm&r=g\",\"contentUrl\":\"https:\/\/secure.gravatar.com\/avatar\/713677ece3ffa642287213a80e5b773bce9ab81c269dd6d95102a990951c922f?s=96&d=mm&r=g\",\"caption\":\"admin\"},\"sameAs\":[\"http:\/\/vientosur.top\/museo\"],\"url\":\"http:\/\/vientosur.top\/museo\/author\/comunicacionesmvp\/\"}]}<\/script>\n<!-- \/ Yoast SEO plugin. -->","yoast_head_json":{"title":"Museo Violeta Parra inaugur\u00f3 proyecto \u201cCanciones que se pintan\u201d con 25 agrupaciones participantes - Museo Violeta Parra","robots":{"index":"index","follow":"follow","max-snippet":"max-snippet:-1","max-image-preview":"max-image-preview:large","max-video-preview":"max-video-preview:-1"},"canonical":"http:\/\/vientosur.top\/museo\/museo-violeta-parra-inaugura-proyecto-canciones-se-pintan-25-agrupaciones-participantes\/","og_locale":"es_ES","og_type":"article","og_title":"Museo Violeta Parra inaugur\u00f3 proyecto \u201cCanciones que se pintan\u201d con 25 agrupaciones participantes - Museo Violeta Parra","og_description":"Entre el 26 de marzo y el 15 de mayo, un total de 25 agrupaciones desarrollaron, a trav\u00e9s del arte mural, cuadros de gran formato en la explanada del Museo Violeta Parra. Estas obras estuvieron inspiradas en canciones de la artista chilena con el objetivo de dar a conocer su legado musical y de realizar [&hellip;]","og_url":"http:\/\/vientosur.top\/museo\/museo-violeta-parra-inaugura-proyecto-canciones-se-pintan-25-agrupaciones-participantes\/","og_site_name":"Museo Violeta Parra","article_published_time":"2019-06-07T13:24:07+00:00","og_image":[{"width":2560,"height":1702,"url":"http:\/\/vientosur.top\/museo\/wp-content\/uploads\/2019\/06\/DSC_0521-scaled.jpg","type":"image\/jpeg"}],"author":"admin","twitter_card":"summary_large_image","twitter_misc":{"Escrito por":"admin","Tiempo de lectura":"2 minutos"},"schema":{"@context":"https:\/\/schema.org","@graph":[{"@type":"WebPage","@id":"http:\/\/vientosur.top\/museo\/museo-violeta-parra-inaugura-proyecto-canciones-se-pintan-25-agrupaciones-participantes\/","url":"http:\/\/vientosur.top\/museo\/museo-violeta-parra-inaugura-proyecto-canciones-se-pintan-25-agrupaciones-participantes\/","name":"Museo Violeta Parra inaugur\u00f3 proyecto \u201cCanciones que se pintan\u201d con 25 agrupaciones participantes - Museo Violeta Parra","isPartOf":{"@id":"http:\/\/vientosur.top\/museo\/#website"},"primaryImageOfPage":{"@id":"http:\/\/vientosur.top\/museo\/museo-violeta-parra-inaugura-proyecto-canciones-se-pintan-25-agrupaciones-participantes\/#primaryimage"},"image":{"@id":"http:\/\/vientosur.top\/museo\/museo-violeta-parra-inaugura-proyecto-canciones-se-pintan-25-agrupaciones-participantes\/#primaryimage"},"thumbnailUrl":"http:\/\/vientosur.top\/museo\/wp-content\/uploads\/2019\/06\/DSC_0521-scaled.jpg","datePublished":"2019-06-07T13:24:07+00:00","author":{"@id":"http:\/\/vientosur.top\/museo\/#\/schema\/person\/20c79d3c38800971feec8c2693c3dd9c"},"breadcrumb":{"@id":"http:\/\/vientosur.top\/museo\/museo-violeta-parra-inaugura-proyecto-canciones-se-pintan-25-agrupaciones-participantes\/#breadcrumb"},"inLanguage":"es","potentialAction":[{"@type":"ReadAction","target":["http:\/\/vientosur.top\/museo\/museo-violeta-parra-inaugura-proyecto-canciones-se-pintan-25-agrupaciones-participantes\/"]}]},{"@type":"ImageObject","inLanguage":"es","@id":"http:\/\/vientosur.top\/museo\/museo-violeta-parra-inaugura-proyecto-canciones-se-pintan-25-agrupaciones-participantes\/#primaryimage","url":"http:\/\/vientosur.top\/museo\/wp-content\/uploads\/2019\/06\/DSC_0521-scaled.jpg","contentUrl":"http:\/\/vientosur.top\/museo\/wp-content\/uploads\/2019\/06\/DSC_0521-scaled.jpg","width":2560,"height":1702},{"@type":"BreadcrumbList","@id":"http:\/\/vientosur.top\/museo\/museo-violeta-parra-inaugura-proyecto-canciones-se-pintan-25-agrupaciones-participantes\/#breadcrumb","itemListElement":[{"@type":"ListItem","position":1,"name":"Portada","item":"http:\/\/vientosur.top\/museo\/"},{"@type":"ListItem","position":2,"name":"Museo Violeta Parra inaugur\u00f3 proyecto \u201cCanciones que se pintan\u201d con 25 agrupaciones participantes"}]},{"@type":"WebSite","@id":"http:\/\/vientosur.top\/museo\/#website","url":"http:\/\/vientosur.top\/museo\/","name":"Museo Violeta Parra","description":"Espacio que alberga tanto la memoria y legado creativo de la artista","potentialAction":[{"@type":"SearchAction","target":{"@type":"EntryPoint","urlTemplate":"http:\/\/vientosur.top\/museo\/?s={search_term_string}"},"query-input":{"@type":"PropertyValueSpecification","valueRequired":true,"valueName":"search_term_string"}}],"inLanguage":"es"},{"@type":"Person","@id":"http:\/\/vientosur.top\/museo\/#\/schema\/person\/20c79d3c38800971feec8c2693c3dd9c","name":"admin","image":{"@type":"ImageObject","inLanguage":"es","@id":"http:\/\/vientosur.top\/museo\/#\/schema\/person\/image\/","url":"https:\/\/secure.gravatar.com\/avatar\/713677ece3ffa642287213a80e5b773bce9ab81c269dd6d95102a990951c922f?s=96&d=mm&r=g","contentUrl":"https:\/\/secure.gravatar.com\/avatar\/713677ece3ffa642287213a80e5b773bce9ab81c269dd6d95102a990951c922f?s=96&d=mm&r=g","caption":"admin"},"sameAs":["http:\/\/vientosur.top\/museo"],"url":"http:\/\/vientosur.top\/museo\/author\/comunicacionesmvp\/"}]}},"_links":{"self":[{"href":"http:\/\/vientosur.top\/museo\/wp-json\/wp\/v2\/posts\/19632","targetHints":{"allow":["GET"]}}],"collection":[{"href":"http:\/\/vientosur.top\/museo\/wp-json\/wp\/v2\/posts"}],"about":[{"href":"http:\/\/vientosur.top\/museo\/wp-json\/wp\/v2\/types\/post"}],"author":[{"embeddable":true,"href":"http:\/\/vientosur.top\/museo\/wp-json\/wp\/v2\/users\/5"}],"replies":[{"embeddable":true,"href":"http:\/\/vientosur.top\/museo\/wp-json\/wp\/v2\/comments?post=19632"}],"version-history":[{"count":0,"href":"http:\/\/vientosur.top\/museo\/wp-json\/wp\/v2\/posts\/19632\/revisions"}],"wp:featuredmedia":[{"embeddable":true,"href":"http:\/\/vientosur.top\/museo\/wp-json\/wp\/v2\/media\/19641"}],"wp:attachment":[{"href":"http:\/\/vientosur.top\/museo\/wp-json\/wp\/v2\/media?parent=19632"}],"wp:term":[{"taxonomy":"category","embeddable":true,"href":"http:\/\/vientosur.top\/museo\/wp-json\/wp\/v2\/categories?post=19632"},{"taxonomy":"post_tag","embeddable":true,"href":"http:\/\/vientosur.top\/museo\/wp-json\/wp\/v2\/tags?post=19632"}],"curies":[{"name":"wp","href":"https:\/\/api.w.org\/{rel}","templated":true}]}}