{"id":19644,"date":"2019-06-12T16:32:37","date_gmt":"2019-06-12T21:32:37","guid":{"rendered":"http:\/\/vientosur.top\/museo\/?p=19644"},"modified":"2019-06-12T16:32:37","modified_gmt":"2019-06-12T21:32:37","slug":"miguel-cariaga-presentara-recorrido-musical-la-vida-artistica-violeta-parra","status":"publish","type":"post","link":"http:\/\/vientosur.top\/museo\/miguel-cariaga-presentara-recorrido-musical-la-vida-artistica-violeta-parra\/","title":{"rendered":"Miguel Cariaga present\u00f3 un recorrido musical por la vida art\u00edstica de Violeta Parra"},"content":{"rendered":"<p>Este s\u00e1bado 15 de junio, el folclorista Miguel Cariaga se present\u00f3 en el Museo Violeta Parra, haciendo un interesante recorrido por la trayectoria de Violeta, concentrado en tres etapas de su vida art\u00edstica: la recopilaci\u00f3n tierra y ra\u00edz, el crecimiento y desarrollo creativo y, finalmente, su compromiso social.<\/p>\n<p>El espect\u00e1culo combin\u00f3 lo musical, ejecutando instrumentos como guitarra, cuatro, charango, cultr\u00fan y arpa, con relatos de an\u00e9cdotas y versos. Miguel manifiest\u00f3 que la m\u00fasica de Violeta e Isabel Parra han sido, desde sus inicios, una profunda fuente de inspiraci\u00f3n. Tambi\u00e9n expresa la importancia que representa para \u00e9l presentarse en la Sala Antar del museo.<\/p>\n<p>\u201cMe estremece pensar en lo vivido y en esta puerta que se me abre generosa, respetuosa, limpia y hasta luminosa. Es como lo he dicho muchas veces, un examen de grado, oficialmente asumir que soy profesional despu\u00e9s de tantos a\u00f1os de estudio. Gracias Violeta, porque me abres tu casa y me recibes con tus canciones\u201d, se\u00f1al\u00f3 Miguel Cariaga.<\/p>\n<p>&nbsp;<\/p>\n<p>&nbsp;<\/p>\n","protected":false},"excerpt":{"rendered":"<p>Este s\u00e1bado 15 de junio, el folclorista Miguel Cariaga se present\u00f3 en el Museo Violeta Parra, haciendo un interesante recorrido por la trayectoria de Violeta, concentrado en tres etapas de su vida art\u00edstica: la recopilaci\u00f3n tierra y ra\u00edz, el crecimiento y desarrollo creativo y, finalmente, su compromiso social. El espect\u00e1culo combin\u00f3 lo musical, ejecutando instrumentos [&hellip;]<\/p>\n","protected":false},"author":5,"featured_media":19648,"comment_status":"open","ping_status":"open","sticky":false,"template":"","format":"standard","meta":{"site-sidebar-layout":"default","site-content-layout":"","ast-site-content-layout":"default","site-content-style":"default","site-sidebar-style":"default","ast-global-header-display":"","ast-banner-title-visibility":"","ast-main-header-display":"","ast-hfb-above-header-display":"","ast-hfb-below-header-display":"","ast-hfb-mobile-header-display":"","site-post-title":"","ast-breadcrumbs-content":"","ast-featured-img":"","footer-sml-layout":"","theme-transparent-header-meta":"","adv-header-id-meta":"","stick-header-meta":"","header-above-stick-meta":"","header-main-stick-meta":"","header-below-stick-meta":"","astra-migrate-meta-layouts":"default","ast-page-background-enabled":"default","ast-page-background-meta":{"desktop":{"background-color":"var(--ast-global-color-4)","background-image":"","background-repeat":"repeat","background-position":"center center","background-size":"auto","background-attachment":"scroll","background-type":"","background-media":"","overlay-type":"","overlay-color":"","overlay-opacity":"","overlay-gradient":""},"tablet":{"background-color":"","background-image":"","background-repeat":"repeat","background-position":"center center","background-size":"auto","background-attachment":"scroll","background-type":"","background-media":"","overlay-type":"","overlay-color":"","overlay-opacity":"","overlay-gradient":""},"mobile":{"background-color":"","background-image":"","background-repeat":"repeat","background-position":"center center","background-size":"auto","background-attachment":"scroll","background-type":"","background-media":"","overlay-type":"","overlay-color":"","overlay-opacity":"","overlay-gradient":""}},"ast-content-background-meta":{"desktop":{"background-color":"var(--ast-global-color-5)","background-image":"","background-repeat":"repeat","background-position":"center center","background-size":"auto","background-attachment":"scroll","background-type":"","background-media":"","overlay-type":"","overlay-color":"","overlay-opacity":"","overlay-gradient":""},"tablet":{"background-color":"var(--ast-global-color-5)","background-image":"","background-repeat":"repeat","background-position":"center center","background-size":"auto","background-attachment":"scroll","background-type":"","background-media":"","overlay-type":"","overlay-color":"","overlay-opacity":"","overlay-gradient":""},"mobile":{"background-color":"var(--ast-global-color-5)","background-image":"","background-repeat":"repeat","background-position":"center center","background-size":"auto","background-attachment":"scroll","background-type":"","background-media":"","overlay-type":"","overlay-color":"","overlay-opacity":"","overlay-gradient":""}},"footnotes":""},"categories":[59,8,61],"tags":[],"class_list":["post-19644","post","type-post","status-publish","format-standard","has-post-thumbnail","hentry","category-destacado-noticia","category-noticias","category-novedades"],"yoast_head":"<!-- This site is optimized with the Yoast SEO plugin v25.4 - https:\/\/yoast.com\/wordpress\/plugins\/seo\/ -->\n<title>Miguel Cariaga present\u00f3 un recorrido musical por la vida art\u00edstica de Violeta Parra - Museo Violeta Parra<\/title>\n<meta name=\"robots\" content=\"index, follow, max-snippet:-1, max-image-preview:large, max-video-preview:-1\" \/>\n<link rel=\"canonical\" href=\"http:\/\/vientosur.top\/museo\/miguel-cariaga-presentara-recorrido-musical-la-vida-artistica-violeta-parra\/\" \/>\n<meta property=\"og:locale\" content=\"es_ES\" \/>\n<meta property=\"og:type\" content=\"article\" \/>\n<meta property=\"og:title\" content=\"Miguel Cariaga present\u00f3 un recorrido musical por la vida art\u00edstica de Violeta Parra - Museo Violeta Parra\" \/>\n<meta property=\"og:description\" content=\"Este s\u00e1bado 15 de junio, el folclorista Miguel Cariaga se present\u00f3 en el Museo Violeta Parra, haciendo un interesante recorrido por la trayectoria de Violeta, concentrado en tres etapas de su vida art\u00edstica: la recopilaci\u00f3n tierra y ra\u00edz, el crecimiento y desarrollo creativo y, finalmente, su compromiso social. El espect\u00e1culo combin\u00f3 lo musical, ejecutando instrumentos [&hellip;]\" \/>\n<meta property=\"og:url\" content=\"http:\/\/vientosur.top\/museo\/miguel-cariaga-presentara-recorrido-musical-la-vida-artistica-violeta-parra\/\" \/>\n<meta property=\"og:site_name\" content=\"Museo Violeta Parra\" \/>\n<meta property=\"article:published_time\" content=\"2019-06-12T21:32:37+00:00\" \/>\n<meta property=\"og:image\" content=\"http:\/\/vientosur.top\/museo\/wp-content\/uploads\/2019\/06\/IMG-20171119-WA0011-Copy-1-1.jpg\" \/>\n\t<meta property=\"og:image:width\" content=\"1619\" \/>\n\t<meta property=\"og:image:height\" content=\"877\" \/>\n\t<meta property=\"og:image:type\" content=\"image\/jpeg\" \/>\n<meta name=\"author\" content=\"admin\" \/>\n<meta name=\"twitter:card\" content=\"summary_large_image\" \/>\n<meta name=\"twitter:label1\" content=\"Escrito por\" \/>\n\t<meta name=\"twitter:data1\" content=\"admin\" \/>\n\t<meta name=\"twitter:label2\" content=\"Tiempo de lectura\" \/>\n\t<meta name=\"twitter:data2\" content=\"1 minuto\" \/>\n<script type=\"application\/ld+json\" class=\"yoast-schema-graph\">{\"@context\":\"https:\/\/schema.org\",\"@graph\":[{\"@type\":\"WebPage\",\"@id\":\"http:\/\/vientosur.top\/museo\/miguel-cariaga-presentara-recorrido-musical-la-vida-artistica-violeta-parra\/\",\"url\":\"http:\/\/vientosur.top\/museo\/miguel-cariaga-presentara-recorrido-musical-la-vida-artistica-violeta-parra\/\",\"name\":\"Miguel Cariaga present\u00f3 un recorrido musical por la vida art\u00edstica de Violeta Parra - Museo Violeta Parra\",\"isPartOf\":{\"@id\":\"http:\/\/vientosur.top\/museo\/#website\"},\"primaryImageOfPage\":{\"@id\":\"http:\/\/vientosur.top\/museo\/miguel-cariaga-presentara-recorrido-musical-la-vida-artistica-violeta-parra\/#primaryimage\"},\"image\":{\"@id\":\"http:\/\/vientosur.top\/museo\/miguel-cariaga-presentara-recorrido-musical-la-vida-artistica-violeta-parra\/#primaryimage\"},\"thumbnailUrl\":\"http:\/\/vientosur.top\/museo\/wp-content\/uploads\/2019\/06\/IMG-20171119-WA0011-Copy-1-1.jpg\",\"datePublished\":\"2019-06-12T21:32:37+00:00\",\"author\":{\"@id\":\"http:\/\/vientosur.top\/museo\/#\/schema\/person\/20c79d3c38800971feec8c2693c3dd9c\"},\"breadcrumb\":{\"@id\":\"http:\/\/vientosur.top\/museo\/miguel-cariaga-presentara-recorrido-musical-la-vida-artistica-violeta-parra\/#breadcrumb\"},\"inLanguage\":\"es\",\"potentialAction\":[{\"@type\":\"ReadAction\",\"target\":[\"http:\/\/vientosur.top\/museo\/miguel-cariaga-presentara-recorrido-musical-la-vida-artistica-violeta-parra\/\"]}]},{\"@type\":\"ImageObject\",\"inLanguage\":\"es\",\"@id\":\"http:\/\/vientosur.top\/museo\/miguel-cariaga-presentara-recorrido-musical-la-vida-artistica-violeta-parra\/#primaryimage\",\"url\":\"http:\/\/vientosur.top\/museo\/wp-content\/uploads\/2019\/06\/IMG-20171119-WA0011-Copy-1-1.jpg\",\"contentUrl\":\"http:\/\/vientosur.top\/museo\/wp-content\/uploads\/2019\/06\/IMG-20171119-WA0011-Copy-1-1.jpg\",\"width\":1619,\"height\":877},{\"@type\":\"BreadcrumbList\",\"@id\":\"http:\/\/vientosur.top\/museo\/miguel-cariaga-presentara-recorrido-musical-la-vida-artistica-violeta-parra\/#breadcrumb\",\"itemListElement\":[{\"@type\":\"ListItem\",\"position\":1,\"name\":\"Portada\",\"item\":\"http:\/\/vientosur.top\/museo\/\"},{\"@type\":\"ListItem\",\"position\":2,\"name\":\"Miguel Cariaga present\u00f3 un recorrido musical por la vida art\u00edstica de Violeta Parra\"}]},{\"@type\":\"WebSite\",\"@id\":\"http:\/\/vientosur.top\/museo\/#website\",\"url\":\"http:\/\/vientosur.top\/museo\/\",\"name\":\"Museo Violeta Parra\",\"description\":\"Espacio que alberga tanto la memoria y legado creativo de la artista\",\"potentialAction\":[{\"@type\":\"SearchAction\",\"target\":{\"@type\":\"EntryPoint\",\"urlTemplate\":\"http:\/\/vientosur.top\/museo\/?s={search_term_string}\"},\"query-input\":{\"@type\":\"PropertyValueSpecification\",\"valueRequired\":true,\"valueName\":\"search_term_string\"}}],\"inLanguage\":\"es\"},{\"@type\":\"Person\",\"@id\":\"http:\/\/vientosur.top\/museo\/#\/schema\/person\/20c79d3c38800971feec8c2693c3dd9c\",\"name\":\"admin\",\"image\":{\"@type\":\"ImageObject\",\"inLanguage\":\"es\",\"@id\":\"http:\/\/vientosur.top\/museo\/#\/schema\/person\/image\/\",\"url\":\"https:\/\/secure.gravatar.com\/avatar\/713677ece3ffa642287213a80e5b773bce9ab81c269dd6d95102a990951c922f?s=96&d=mm&r=g\",\"contentUrl\":\"https:\/\/secure.gravatar.com\/avatar\/713677ece3ffa642287213a80e5b773bce9ab81c269dd6d95102a990951c922f?s=96&d=mm&r=g\",\"caption\":\"admin\"},\"sameAs\":[\"http:\/\/vientosur.top\/museo\"],\"url\":\"http:\/\/vientosur.top\/museo\/author\/comunicacionesmvp\/\"}]}<\/script>\n<!-- \/ Yoast SEO plugin. -->","yoast_head_json":{"title":"Miguel Cariaga present\u00f3 un recorrido musical por la vida art\u00edstica de Violeta Parra - Museo Violeta Parra","robots":{"index":"index","follow":"follow","max-snippet":"max-snippet:-1","max-image-preview":"max-image-preview:large","max-video-preview":"max-video-preview:-1"},"canonical":"http:\/\/vientosur.top\/museo\/miguel-cariaga-presentara-recorrido-musical-la-vida-artistica-violeta-parra\/","og_locale":"es_ES","og_type":"article","og_title":"Miguel Cariaga present\u00f3 un recorrido musical por la vida art\u00edstica de Violeta Parra - Museo Violeta Parra","og_description":"Este s\u00e1bado 15 de junio, el folclorista Miguel Cariaga se present\u00f3 en el Museo Violeta Parra, haciendo un interesante recorrido por la trayectoria de Violeta, concentrado en tres etapas de su vida art\u00edstica: la recopilaci\u00f3n tierra y ra\u00edz, el crecimiento y desarrollo creativo y, finalmente, su compromiso social. El espect\u00e1culo combin\u00f3 lo musical, ejecutando instrumentos [&hellip;]","og_url":"http:\/\/vientosur.top\/museo\/miguel-cariaga-presentara-recorrido-musical-la-vida-artistica-violeta-parra\/","og_site_name":"Museo Violeta Parra","article_published_time":"2019-06-12T21:32:37+00:00","og_image":[{"width":1619,"height":877,"url":"http:\/\/vientosur.top\/museo\/wp-content\/uploads\/2019\/06\/IMG-20171119-WA0011-Copy-1-1.jpg","type":"image\/jpeg"}],"author":"admin","twitter_card":"summary_large_image","twitter_misc":{"Escrito por":"admin","Tiempo de lectura":"1 minuto"},"schema":{"@context":"https:\/\/schema.org","@graph":[{"@type":"WebPage","@id":"http:\/\/vientosur.top\/museo\/miguel-cariaga-presentara-recorrido-musical-la-vida-artistica-violeta-parra\/","url":"http:\/\/vientosur.top\/museo\/miguel-cariaga-presentara-recorrido-musical-la-vida-artistica-violeta-parra\/","name":"Miguel Cariaga present\u00f3 un recorrido musical por la vida art\u00edstica de Violeta Parra - Museo Violeta Parra","isPartOf":{"@id":"http:\/\/vientosur.top\/museo\/#website"},"primaryImageOfPage":{"@id":"http:\/\/vientosur.top\/museo\/miguel-cariaga-presentara-recorrido-musical-la-vida-artistica-violeta-parra\/#primaryimage"},"image":{"@id":"http:\/\/vientosur.top\/museo\/miguel-cariaga-presentara-recorrido-musical-la-vida-artistica-violeta-parra\/#primaryimage"},"thumbnailUrl":"http:\/\/vientosur.top\/museo\/wp-content\/uploads\/2019\/06\/IMG-20171119-WA0011-Copy-1-1.jpg","datePublished":"2019-06-12T21:32:37+00:00","author":{"@id":"http:\/\/vientosur.top\/museo\/#\/schema\/person\/20c79d3c38800971feec8c2693c3dd9c"},"breadcrumb":{"@id":"http:\/\/vientosur.top\/museo\/miguel-cariaga-presentara-recorrido-musical-la-vida-artistica-violeta-parra\/#breadcrumb"},"inLanguage":"es","potentialAction":[{"@type":"ReadAction","target":["http:\/\/vientosur.top\/museo\/miguel-cariaga-presentara-recorrido-musical-la-vida-artistica-violeta-parra\/"]}]},{"@type":"ImageObject","inLanguage":"es","@id":"http:\/\/vientosur.top\/museo\/miguel-cariaga-presentara-recorrido-musical-la-vida-artistica-violeta-parra\/#primaryimage","url":"http:\/\/vientosur.top\/museo\/wp-content\/uploads\/2019\/06\/IMG-20171119-WA0011-Copy-1-1.jpg","contentUrl":"http:\/\/vientosur.top\/museo\/wp-content\/uploads\/2019\/06\/IMG-20171119-WA0011-Copy-1-1.jpg","width":1619,"height":877},{"@type":"BreadcrumbList","@id":"http:\/\/vientosur.top\/museo\/miguel-cariaga-presentara-recorrido-musical-la-vida-artistica-violeta-parra\/#breadcrumb","itemListElement":[{"@type":"ListItem","position":1,"name":"Portada","item":"http:\/\/vientosur.top\/museo\/"},{"@type":"ListItem","position":2,"name":"Miguel Cariaga present\u00f3 un recorrido musical por la vida art\u00edstica de Violeta Parra"}]},{"@type":"WebSite","@id":"http:\/\/vientosur.top\/museo\/#website","url":"http:\/\/vientosur.top\/museo\/","name":"Museo Violeta Parra","description":"Espacio que alberga tanto la memoria y legado creativo de la artista","potentialAction":[{"@type":"SearchAction","target":{"@type":"EntryPoint","urlTemplate":"http:\/\/vientosur.top\/museo\/?s={search_term_string}"},"query-input":{"@type":"PropertyValueSpecification","valueRequired":true,"valueName":"search_term_string"}}],"inLanguage":"es"},{"@type":"Person","@id":"http:\/\/vientosur.top\/museo\/#\/schema\/person\/20c79d3c38800971feec8c2693c3dd9c","name":"admin","image":{"@type":"ImageObject","inLanguage":"es","@id":"http:\/\/vientosur.top\/museo\/#\/schema\/person\/image\/","url":"https:\/\/secure.gravatar.com\/avatar\/713677ece3ffa642287213a80e5b773bce9ab81c269dd6d95102a990951c922f?s=96&d=mm&r=g","contentUrl":"https:\/\/secure.gravatar.com\/avatar\/713677ece3ffa642287213a80e5b773bce9ab81c269dd6d95102a990951c922f?s=96&d=mm&r=g","caption":"admin"},"sameAs":["http:\/\/vientosur.top\/museo"],"url":"http:\/\/vientosur.top\/museo\/author\/comunicacionesmvp\/"}]}},"_links":{"self":[{"href":"http:\/\/vientosur.top\/museo\/wp-json\/wp\/v2\/posts\/19644","targetHints":{"allow":["GET"]}}],"collection":[{"href":"http:\/\/vientosur.top\/museo\/wp-json\/wp\/v2\/posts"}],"about":[{"href":"http:\/\/vientosur.top\/museo\/wp-json\/wp\/v2\/types\/post"}],"author":[{"embeddable":true,"href":"http:\/\/vientosur.top\/museo\/wp-json\/wp\/v2\/users\/5"}],"replies":[{"embeddable":true,"href":"http:\/\/vientosur.top\/museo\/wp-json\/wp\/v2\/comments?post=19644"}],"version-history":[{"count":0,"href":"http:\/\/vientosur.top\/museo\/wp-json\/wp\/v2\/posts\/19644\/revisions"}],"wp:featuredmedia":[{"embeddable":true,"href":"http:\/\/vientosur.top\/museo\/wp-json\/wp\/v2\/media\/19648"}],"wp:attachment":[{"href":"http:\/\/vientosur.top\/museo\/wp-json\/wp\/v2\/media?parent=19644"}],"wp:term":[{"taxonomy":"category","embeddable":true,"href":"http:\/\/vientosur.top\/museo\/wp-json\/wp\/v2\/categories?post=19644"},{"taxonomy":"post_tag","embeddable":true,"href":"http:\/\/vientosur.top\/museo\/wp-json\/wp\/v2\/tags?post=19644"}],"curies":[{"name":"wp","href":"https:\/\/api.w.org\/{rel}","templated":true}]}}