{"id":19690,"date":"2019-06-13T17:00:11","date_gmt":"2019-06-13T22:00:11","guid":{"rendered":"http:\/\/vientosur.top\/museo\/?p=19690"},"modified":"2019-06-13T17:00:11","modified_gmt":"2019-06-13T22:00:11","slug":"museo-violeta-parra-prepara-programacion-especial-celebrar-dia-del-padre","status":"publish","type":"post","link":"http:\/\/vientosur.top\/museo\/museo-violeta-parra-prepara-programacion-especial-celebrar-dia-del-padre\/","title":{"rendered":"Museo Violeta Parra tuvo programaci\u00f3n especial para celebrar el D\u00eda del Padre"},"content":{"rendered":"<p><strong>Talleres gastron\u00f3micos, un concierto en vivo, visitas mediadas musicalizadas y la proyecci\u00f3n del documental \u201cUnfinished Plan: El camino de Alain Johannes\u201d integraron la programaci\u00f3n. <\/strong><\/p>\n<p>Cinco actividades de car\u00e1cter familiar y cultural fueron parte del programa especial que present\u00f3 el Museo Violeta Parra, en conmemoraci\u00f3n del D\u00eda del Padre. La instituci\u00f3n prepar\u00f3 una serie de actividades gratuitas para que los hijos asistieran al museo junto a sus progenitores y familiares el s\u00e1bado 15 y el domingo 16 de junio.<\/p>\n<p>La cartelera abri\u00f3 con el <strong>Taller de Galletas para mi Taita<\/strong>, que invit\u00f3 a los participantes a preparar galletas artesanales con ingredientes saludables y frutos secos de especies producidas en Chile. La actividad se realiz\u00f3 el s\u00e1bado, a las 15:00 horas. Al d\u00eda siguiente se dict\u00f3 el <strong>Taller de Churrascas para mi Taita<\/strong>, en el mismo horario, con un llamado a cocinar y degustar este tipo de pan casero hecho con harina y aceite.<\/p>\n<p>La jornada del s\u00e1bado tambi\u00e9n cont\u00f3 con el <strong>concierto del folclorista Miguel Cariaga<\/strong>, quien present\u00f3 un recorrido por la trayectoria de Violeta Parra con instrumentos como guitarra, cuatro, charango,\u00a0 cultr\u00fan y arpa. Entrada liberada <a href=\"http:\/\/vientosur.top\/museo\/actividades\/actividad\/concierto-del-folclorista-miguel-cariaga\/\">previa reserva<\/a> mediante un formulario en el sitio web.<\/p>\n<p>Para el domingo, en tanto, se desarroll\u00f3 una <strong>visita mediada musical<\/strong>, donde el recorrido por las salas del museo estuvo acompa\u00f1ado por la interpretaci\u00f3n en vivo de canciones de Violeta Parra.<\/p>\n<p>La jornada del D\u00eda del Padre concluy\u00f3 con la historia de uno de los m\u00fasicos m\u00e1s influyentes del rock de los \u00faltimos a\u00f1os. Como parte del Ciclo Miradoc, el museo emitir\u00e1 el documental <strong>\u201cUnfinished Plan: El camino de Alain Johannes\u201d<\/strong>, que narra la vida del destacado m\u00fasico chileno tras la muerte de su esposa.<\/p>\n","protected":false},"excerpt":{"rendered":"<p>Talleres gastron\u00f3micos, un concierto en vivo, visitas mediadas musicalizadas y la proyecci\u00f3n del documental \u201cUnfinished Plan: El camino de Alain Johannes\u201d integraron la programaci\u00f3n. Cinco actividades de car\u00e1cter familiar y cultural fueron parte del programa especial que present\u00f3 el Museo Violeta Parra, en conmemoraci\u00f3n del D\u00eda del Padre. La instituci\u00f3n prepar\u00f3 una serie de actividades [&hellip;]<\/p>\n","protected":false},"author":5,"featured_media":19570,"comment_status":"open","ping_status":"open","sticky":false,"template":"","format":"standard","meta":{"site-sidebar-layout":"default","site-content-layout":"","ast-site-content-layout":"default","site-content-style":"default","site-sidebar-style":"default","ast-global-header-display":"","ast-banner-title-visibility":"","ast-main-header-display":"","ast-hfb-above-header-display":"","ast-hfb-below-header-display":"","ast-hfb-mobile-header-display":"","site-post-title":"","ast-breadcrumbs-content":"","ast-featured-img":"","footer-sml-layout":"","theme-transparent-header-meta":"","adv-header-id-meta":"","stick-header-meta":"","header-above-stick-meta":"","header-main-stick-meta":"","header-below-stick-meta":"","astra-migrate-meta-layouts":"default","ast-page-background-enabled":"default","ast-page-background-meta":{"desktop":{"background-color":"var(--ast-global-color-4)","background-image":"","background-repeat":"repeat","background-position":"center center","background-size":"auto","background-attachment":"scroll","background-type":"","background-media":"","overlay-type":"","overlay-color":"","overlay-opacity":"","overlay-gradient":""},"tablet":{"background-color":"","background-image":"","background-repeat":"repeat","background-position":"center center","background-size":"auto","background-attachment":"scroll","background-type":"","background-media":"","overlay-type":"","overlay-color":"","overlay-opacity":"","overlay-gradient":""},"mobile":{"background-color":"","background-image":"","background-repeat":"repeat","background-position":"center center","background-size":"auto","background-attachment":"scroll","background-type":"","background-media":"","overlay-type":"","overlay-color":"","overlay-opacity":"","overlay-gradient":""}},"ast-content-background-meta":{"desktop":{"background-color":"var(--ast-global-color-5)","background-image":"","background-repeat":"repeat","background-position":"center center","background-size":"auto","background-attachment":"scroll","background-type":"","background-media":"","overlay-type":"","overlay-color":"","overlay-opacity":"","overlay-gradient":""},"tablet":{"background-color":"var(--ast-global-color-5)","background-image":"","background-repeat":"repeat","background-position":"center center","background-size":"auto","background-attachment":"scroll","background-type":"","background-media":"","overlay-type":"","overlay-color":"","overlay-opacity":"","overlay-gradient":""},"mobile":{"background-color":"var(--ast-global-color-5)","background-image":"","background-repeat":"repeat","background-position":"center center","background-size":"auto","background-attachment":"scroll","background-type":"","background-media":"","overlay-type":"","overlay-color":"","overlay-opacity":"","overlay-gradient":""}},"footnotes":""},"categories":[59,8,61],"tags":[],"class_list":["post-19690","post","type-post","status-publish","format-standard","has-post-thumbnail","hentry","category-destacado-noticia","category-noticias","category-novedades"],"yoast_head":"<!-- This site is optimized with the Yoast SEO plugin v25.4 - https:\/\/yoast.com\/wordpress\/plugins\/seo\/ -->\n<title>Museo Violeta Parra tuvo programaci\u00f3n especial para celebrar el D\u00eda del Padre - Museo Violeta Parra<\/title>\n<meta name=\"robots\" content=\"index, follow, max-snippet:-1, max-image-preview:large, max-video-preview:-1\" \/>\n<link rel=\"canonical\" href=\"http:\/\/vientosur.top\/museo\/museo-violeta-parra-prepara-programacion-especial-celebrar-dia-del-padre\/\" \/>\n<meta property=\"og:locale\" content=\"es_ES\" \/>\n<meta property=\"og:type\" content=\"article\" \/>\n<meta property=\"og:title\" content=\"Museo Violeta Parra tuvo programaci\u00f3n especial para celebrar el D\u00eda del Padre - Museo Violeta Parra\" \/>\n<meta property=\"og:description\" content=\"Talleres gastron\u00f3micos, un concierto en vivo, visitas mediadas musicalizadas y la proyecci\u00f3n del documental \u201cUnfinished Plan: El camino de Alain Johannes\u201d integraron la programaci\u00f3n. Cinco actividades de car\u00e1cter familiar y cultural fueron parte del programa especial que present\u00f3 el Museo Violeta Parra, en conmemoraci\u00f3n del D\u00eda del Padre. La instituci\u00f3n prepar\u00f3 una serie de actividades [&hellip;]\" \/>\n<meta property=\"og:url\" content=\"http:\/\/vientosur.top\/museo\/museo-violeta-parra-prepara-programacion-especial-celebrar-dia-del-padre\/\" \/>\n<meta property=\"og:site_name\" content=\"Museo Violeta Parra\" \/>\n<meta property=\"article:published_time\" content=\"2019-06-13T22:00:11+00:00\" \/>\n<meta property=\"og:image\" content=\"http:\/\/vientosur.top\/museo\/wp-content\/uploads\/2019\/06\/06_UP.jpg\" \/>\n\t<meta property=\"og:image:width\" content=\"1920\" \/>\n\t<meta property=\"og:image:height\" content=\"1080\" \/>\n\t<meta property=\"og:image:type\" content=\"image\/jpeg\" \/>\n<meta name=\"author\" content=\"admin\" \/>\n<meta name=\"twitter:card\" content=\"summary_large_image\" \/>\n<meta name=\"twitter:label1\" content=\"Escrito por\" \/>\n\t<meta name=\"twitter:data1\" content=\"admin\" \/>\n\t<meta name=\"twitter:label2\" content=\"Tiempo de lectura\" \/>\n\t<meta name=\"twitter:data2\" content=\"1 minuto\" \/>\n<script type=\"application\/ld+json\" class=\"yoast-schema-graph\">{\"@context\":\"https:\/\/schema.org\",\"@graph\":[{\"@type\":\"WebPage\",\"@id\":\"http:\/\/vientosur.top\/museo\/museo-violeta-parra-prepara-programacion-especial-celebrar-dia-del-padre\/\",\"url\":\"http:\/\/vientosur.top\/museo\/museo-violeta-parra-prepara-programacion-especial-celebrar-dia-del-padre\/\",\"name\":\"Museo Violeta Parra tuvo programaci\u00f3n especial para celebrar el D\u00eda del Padre - Museo Violeta Parra\",\"isPartOf\":{\"@id\":\"http:\/\/vientosur.top\/museo\/#website\"},\"primaryImageOfPage\":{\"@id\":\"http:\/\/vientosur.top\/museo\/museo-violeta-parra-prepara-programacion-especial-celebrar-dia-del-padre\/#primaryimage\"},\"image\":{\"@id\":\"http:\/\/vientosur.top\/museo\/museo-violeta-parra-prepara-programacion-especial-celebrar-dia-del-padre\/#primaryimage\"},\"thumbnailUrl\":\"http:\/\/vientosur.top\/museo\/wp-content\/uploads\/2019\/06\/06_UP.jpg\",\"datePublished\":\"2019-06-13T22:00:11+00:00\",\"author\":{\"@id\":\"http:\/\/vientosur.top\/museo\/#\/schema\/person\/20c79d3c38800971feec8c2693c3dd9c\"},\"breadcrumb\":{\"@id\":\"http:\/\/vientosur.top\/museo\/museo-violeta-parra-prepara-programacion-especial-celebrar-dia-del-padre\/#breadcrumb\"},\"inLanguage\":\"es\",\"potentialAction\":[{\"@type\":\"ReadAction\",\"target\":[\"http:\/\/vientosur.top\/museo\/museo-violeta-parra-prepara-programacion-especial-celebrar-dia-del-padre\/\"]}]},{\"@type\":\"ImageObject\",\"inLanguage\":\"es\",\"@id\":\"http:\/\/vientosur.top\/museo\/museo-violeta-parra-prepara-programacion-especial-celebrar-dia-del-padre\/#primaryimage\",\"url\":\"http:\/\/vientosur.top\/museo\/wp-content\/uploads\/2019\/06\/06_UP.jpg\",\"contentUrl\":\"http:\/\/vientosur.top\/museo\/wp-content\/uploads\/2019\/06\/06_UP.jpg\",\"width\":1920,\"height\":1080},{\"@type\":\"BreadcrumbList\",\"@id\":\"http:\/\/vientosur.top\/museo\/museo-violeta-parra-prepara-programacion-especial-celebrar-dia-del-padre\/#breadcrumb\",\"itemListElement\":[{\"@type\":\"ListItem\",\"position\":1,\"name\":\"Portada\",\"item\":\"http:\/\/vientosur.top\/museo\/\"},{\"@type\":\"ListItem\",\"position\":2,\"name\":\"Museo Violeta Parra tuvo programaci\u00f3n especial para celebrar el D\u00eda del Padre\"}]},{\"@type\":\"WebSite\",\"@id\":\"http:\/\/vientosur.top\/museo\/#website\",\"url\":\"http:\/\/vientosur.top\/museo\/\",\"name\":\"Museo Violeta Parra\",\"description\":\"Espacio que alberga tanto la memoria y legado creativo de la artista\",\"potentialAction\":[{\"@type\":\"SearchAction\",\"target\":{\"@type\":\"EntryPoint\",\"urlTemplate\":\"http:\/\/vientosur.top\/museo\/?s={search_term_string}\"},\"query-input\":{\"@type\":\"PropertyValueSpecification\",\"valueRequired\":true,\"valueName\":\"search_term_string\"}}],\"inLanguage\":\"es\"},{\"@type\":\"Person\",\"@id\":\"http:\/\/vientosur.top\/museo\/#\/schema\/person\/20c79d3c38800971feec8c2693c3dd9c\",\"name\":\"admin\",\"image\":{\"@type\":\"ImageObject\",\"inLanguage\":\"es\",\"@id\":\"http:\/\/vientosur.top\/museo\/#\/schema\/person\/image\/\",\"url\":\"https:\/\/secure.gravatar.com\/avatar\/713677ece3ffa642287213a80e5b773bce9ab81c269dd6d95102a990951c922f?s=96&d=mm&r=g\",\"contentUrl\":\"https:\/\/secure.gravatar.com\/avatar\/713677ece3ffa642287213a80e5b773bce9ab81c269dd6d95102a990951c922f?s=96&d=mm&r=g\",\"caption\":\"admin\"},\"sameAs\":[\"http:\/\/vientosur.top\/museo\"],\"url\":\"http:\/\/vientosur.top\/museo\/author\/comunicacionesmvp\/\"}]}<\/script>\n<!-- \/ Yoast SEO plugin. -->","yoast_head_json":{"title":"Museo Violeta Parra tuvo programaci\u00f3n especial para celebrar el D\u00eda del Padre - Museo Violeta Parra","robots":{"index":"index","follow":"follow","max-snippet":"max-snippet:-1","max-image-preview":"max-image-preview:large","max-video-preview":"max-video-preview:-1"},"canonical":"http:\/\/vientosur.top\/museo\/museo-violeta-parra-prepara-programacion-especial-celebrar-dia-del-padre\/","og_locale":"es_ES","og_type":"article","og_title":"Museo Violeta Parra tuvo programaci\u00f3n especial para celebrar el D\u00eda del Padre - Museo Violeta Parra","og_description":"Talleres gastron\u00f3micos, un concierto en vivo, visitas mediadas musicalizadas y la proyecci\u00f3n del documental \u201cUnfinished Plan: El camino de Alain Johannes\u201d integraron la programaci\u00f3n. Cinco actividades de car\u00e1cter familiar y cultural fueron parte del programa especial que present\u00f3 el Museo Violeta Parra, en conmemoraci\u00f3n del D\u00eda del Padre. La instituci\u00f3n prepar\u00f3 una serie de actividades [&hellip;]","og_url":"http:\/\/vientosur.top\/museo\/museo-violeta-parra-prepara-programacion-especial-celebrar-dia-del-padre\/","og_site_name":"Museo Violeta Parra","article_published_time":"2019-06-13T22:00:11+00:00","og_image":[{"width":1920,"height":1080,"url":"http:\/\/vientosur.top\/museo\/wp-content\/uploads\/2019\/06\/06_UP.jpg","type":"image\/jpeg"}],"author":"admin","twitter_card":"summary_large_image","twitter_misc":{"Escrito por":"admin","Tiempo de lectura":"1 minuto"},"schema":{"@context":"https:\/\/schema.org","@graph":[{"@type":"WebPage","@id":"http:\/\/vientosur.top\/museo\/museo-violeta-parra-prepara-programacion-especial-celebrar-dia-del-padre\/","url":"http:\/\/vientosur.top\/museo\/museo-violeta-parra-prepara-programacion-especial-celebrar-dia-del-padre\/","name":"Museo Violeta Parra tuvo programaci\u00f3n especial para celebrar el D\u00eda del Padre - Museo Violeta Parra","isPartOf":{"@id":"http:\/\/vientosur.top\/museo\/#website"},"primaryImageOfPage":{"@id":"http:\/\/vientosur.top\/museo\/museo-violeta-parra-prepara-programacion-especial-celebrar-dia-del-padre\/#primaryimage"},"image":{"@id":"http:\/\/vientosur.top\/museo\/museo-violeta-parra-prepara-programacion-especial-celebrar-dia-del-padre\/#primaryimage"},"thumbnailUrl":"http:\/\/vientosur.top\/museo\/wp-content\/uploads\/2019\/06\/06_UP.jpg","datePublished":"2019-06-13T22:00:11+00:00","author":{"@id":"http:\/\/vientosur.top\/museo\/#\/schema\/person\/20c79d3c38800971feec8c2693c3dd9c"},"breadcrumb":{"@id":"http:\/\/vientosur.top\/museo\/museo-violeta-parra-prepara-programacion-especial-celebrar-dia-del-padre\/#breadcrumb"},"inLanguage":"es","potentialAction":[{"@type":"ReadAction","target":["http:\/\/vientosur.top\/museo\/museo-violeta-parra-prepara-programacion-especial-celebrar-dia-del-padre\/"]}]},{"@type":"ImageObject","inLanguage":"es","@id":"http:\/\/vientosur.top\/museo\/museo-violeta-parra-prepara-programacion-especial-celebrar-dia-del-padre\/#primaryimage","url":"http:\/\/vientosur.top\/museo\/wp-content\/uploads\/2019\/06\/06_UP.jpg","contentUrl":"http:\/\/vientosur.top\/museo\/wp-content\/uploads\/2019\/06\/06_UP.jpg","width":1920,"height":1080},{"@type":"BreadcrumbList","@id":"http:\/\/vientosur.top\/museo\/museo-violeta-parra-prepara-programacion-especial-celebrar-dia-del-padre\/#breadcrumb","itemListElement":[{"@type":"ListItem","position":1,"name":"Portada","item":"http:\/\/vientosur.top\/museo\/"},{"@type":"ListItem","position":2,"name":"Museo Violeta Parra tuvo programaci\u00f3n especial para celebrar el D\u00eda del Padre"}]},{"@type":"WebSite","@id":"http:\/\/vientosur.top\/museo\/#website","url":"http:\/\/vientosur.top\/museo\/","name":"Museo Violeta Parra","description":"Espacio que alberga tanto la memoria y legado creativo de la artista","potentialAction":[{"@type":"SearchAction","target":{"@type":"EntryPoint","urlTemplate":"http:\/\/vientosur.top\/museo\/?s={search_term_string}"},"query-input":{"@type":"PropertyValueSpecification","valueRequired":true,"valueName":"search_term_string"}}],"inLanguage":"es"},{"@type":"Person","@id":"http:\/\/vientosur.top\/museo\/#\/schema\/person\/20c79d3c38800971feec8c2693c3dd9c","name":"admin","image":{"@type":"ImageObject","inLanguage":"es","@id":"http:\/\/vientosur.top\/museo\/#\/schema\/person\/image\/","url":"https:\/\/secure.gravatar.com\/avatar\/713677ece3ffa642287213a80e5b773bce9ab81c269dd6d95102a990951c922f?s=96&d=mm&r=g","contentUrl":"https:\/\/secure.gravatar.com\/avatar\/713677ece3ffa642287213a80e5b773bce9ab81c269dd6d95102a990951c922f?s=96&d=mm&r=g","caption":"admin"},"sameAs":["http:\/\/vientosur.top\/museo"],"url":"http:\/\/vientosur.top\/museo\/author\/comunicacionesmvp\/"}]}},"_links":{"self":[{"href":"http:\/\/vientosur.top\/museo\/wp-json\/wp\/v2\/posts\/19690","targetHints":{"allow":["GET"]}}],"collection":[{"href":"http:\/\/vientosur.top\/museo\/wp-json\/wp\/v2\/posts"}],"about":[{"href":"http:\/\/vientosur.top\/museo\/wp-json\/wp\/v2\/types\/post"}],"author":[{"embeddable":true,"href":"http:\/\/vientosur.top\/museo\/wp-json\/wp\/v2\/users\/5"}],"replies":[{"embeddable":true,"href":"http:\/\/vientosur.top\/museo\/wp-json\/wp\/v2\/comments?post=19690"}],"version-history":[{"count":0,"href":"http:\/\/vientosur.top\/museo\/wp-json\/wp\/v2\/posts\/19690\/revisions"}],"wp:featuredmedia":[{"embeddable":true,"href":"http:\/\/vientosur.top\/museo\/wp-json\/wp\/v2\/media\/19570"}],"wp:attachment":[{"href":"http:\/\/vientosur.top\/museo\/wp-json\/wp\/v2\/media?parent=19690"}],"wp:term":[{"taxonomy":"category","embeddable":true,"href":"http:\/\/vientosur.top\/museo\/wp-json\/wp\/v2\/categories?post=19690"},{"taxonomy":"post_tag","embeddable":true,"href":"http:\/\/vientosur.top\/museo\/wp-json\/wp\/v2\/tags?post=19690"}],"curies":[{"name":"wp","href":"https:\/\/api.w.org\/{rel}","templated":true}]}}