{"id":19700,"date":"2019-06-01T19:00:10","date_gmt":"2019-06-02T00:00:10","guid":{"rendered":"http:\/\/vientosur.top\/museo\/?p=19700"},"modified":"2019-06-01T19:00:10","modified_gmt":"2019-06-02T00:00:10","slug":"los-del-matadero-debutaron-ciclo-cuecas-museo-violeta-parra","status":"publish","type":"post","link":"http:\/\/vientosur.top\/museo\/los-del-matadero-debutaron-ciclo-cuecas-museo-violeta-parra\/","title":{"rendered":"Los del Matadero debutaron en el Ciclo de Cuecas de Museo Violeta Parra"},"content":{"rendered":"<p>&nbsp;<\/p>\n<p>Con un espect\u00e1culo de tradici\u00f3n, basado en un amplio repertorio de cueca chilena, la banda Los del Matadero protagoniz\u00f3 el Ciclo de Cuecas de junio en el Museo Violeta Parra. La agrupaci\u00f3n, que surgi\u00f3 por la inquietud del artista Ricardo Gonz\u00e1lez, est\u00e1 compuesta por cantores j\u00f3venes, m\u00fasicos y estudiantes. Con m\u00e1s de dos a\u00f1os de trayectoria han destacado por su fuerza interpretativa y su mirada del patrimonio musical en presentaciones en diversos espacios del pa\u00eds.<\/p>\n<p>\u00abAbriremos con una pata de nuestra autor\u00eda\u00bb, dijo la banda que actualmente produce su primer material discogr\u00e1fico. Este proyecto original se concentra en el Barrio Matadero, resaltando los personajes que dieron vida a uno de los lugares m\u00e1s emblem\u00e1ticos de Santiago.<\/p>\n<p>\u201cMostrar nuestro trabajo en el Museo de Violeta Parra significa varias cosas, entre ellas que un grupo de j\u00f3venes prevalece y prolonga, a trav\u00e9s de sus canciones, toda una tradici\u00f3n del canto de las antiguas cuecas. Presentarse en un escenario como este nos da un plus de experiencia cultural\u201d, se\u00f1alaron Los del Matadero.<\/p>\n","protected":false},"excerpt":{"rendered":"<p>&nbsp; Con un espect\u00e1culo de tradici\u00f3n, basado en un amplio repertorio de cueca chilena, la banda Los del Matadero protagoniz\u00f3 el Ciclo de Cuecas de junio en el Museo Violeta Parra. La agrupaci\u00f3n, que surgi\u00f3 por la inquietud del artista Ricardo Gonz\u00e1lez, est\u00e1 compuesta por cantores j\u00f3venes, m\u00fasicos y estudiantes. Con m\u00e1s de dos a\u00f1os [&hellip;]<\/p>\n","protected":false},"author":5,"featured_media":19701,"comment_status":"open","ping_status":"open","sticky":false,"template":"","format":"standard","meta":{"site-sidebar-layout":"default","site-content-layout":"","ast-site-content-layout":"default","site-content-style":"default","site-sidebar-style":"default","ast-global-header-display":"","ast-banner-title-visibility":"","ast-main-header-display":"","ast-hfb-above-header-display":"","ast-hfb-below-header-display":"","ast-hfb-mobile-header-display":"","site-post-title":"","ast-breadcrumbs-content":"","ast-featured-img":"","footer-sml-layout":"","theme-transparent-header-meta":"","adv-header-id-meta":"","stick-header-meta":"","header-above-stick-meta":"","header-main-stick-meta":"","header-below-stick-meta":"","astra-migrate-meta-layouts":"default","ast-page-background-enabled":"default","ast-page-background-meta":{"desktop":{"background-color":"var(--ast-global-color-4)","background-image":"","background-repeat":"repeat","background-position":"center center","background-size":"auto","background-attachment":"scroll","background-type":"","background-media":"","overlay-type":"","overlay-color":"","overlay-opacity":"","overlay-gradient":""},"tablet":{"background-color":"","background-image":"","background-repeat":"repeat","background-position":"center center","background-size":"auto","background-attachment":"scroll","background-type":"","background-media":"","overlay-type":"","overlay-color":"","overlay-opacity":"","overlay-gradient":""},"mobile":{"background-color":"","background-image":"","background-repeat":"repeat","background-position":"center center","background-size":"auto","background-attachment":"scroll","background-type":"","background-media":"","overlay-type":"","overlay-color":"","overlay-opacity":"","overlay-gradient":""}},"ast-content-background-meta":{"desktop":{"background-color":"var(--ast-global-color-5)","background-image":"","background-repeat":"repeat","background-position":"center center","background-size":"auto","background-attachment":"scroll","background-type":"","background-media":"","overlay-type":"","overlay-color":"","overlay-opacity":"","overlay-gradient":""},"tablet":{"background-color":"var(--ast-global-color-5)","background-image":"","background-repeat":"repeat","background-position":"center center","background-size":"auto","background-attachment":"scroll","background-type":"","background-media":"","overlay-type":"","overlay-color":"","overlay-opacity":"","overlay-gradient":""},"mobile":{"background-color":"var(--ast-global-color-5)","background-image":"","background-repeat":"repeat","background-position":"center center","background-size":"auto","background-attachment":"scroll","background-type":"","background-media":"","overlay-type":"","overlay-color":"","overlay-opacity":"","overlay-gradient":""}},"footnotes":""},"categories":[59,8,61],"tags":[],"class_list":["post-19700","post","type-post","status-publish","format-standard","has-post-thumbnail","hentry","category-destacado-noticia","category-noticias","category-novedades"],"yoast_head":"<!-- This site is optimized with the Yoast SEO plugin v25.4 - https:\/\/yoast.com\/wordpress\/plugins\/seo\/ -->\n<title>Los del Matadero debutaron en el Ciclo de Cuecas de Museo Violeta Parra - Museo Violeta Parra<\/title>\n<meta name=\"robots\" content=\"index, follow, max-snippet:-1, max-image-preview:large, max-video-preview:-1\" \/>\n<link rel=\"canonical\" href=\"http:\/\/vientosur.top\/museo\/los-del-matadero-debutaron-ciclo-cuecas-museo-violeta-parra\/\" \/>\n<meta property=\"og:locale\" content=\"es_ES\" \/>\n<meta property=\"og:type\" content=\"article\" \/>\n<meta property=\"og:title\" content=\"Los del Matadero debutaron en el Ciclo de Cuecas de Museo Violeta Parra - Museo Violeta Parra\" \/>\n<meta property=\"og:description\" content=\"&nbsp; Con un espect\u00e1culo de tradici\u00f3n, basado en un amplio repertorio de cueca chilena, la banda Los del Matadero protagoniz\u00f3 el Ciclo de Cuecas de junio en el Museo Violeta Parra. La agrupaci\u00f3n, que surgi\u00f3 por la inquietud del artista Ricardo Gonz\u00e1lez, est\u00e1 compuesta por cantores j\u00f3venes, m\u00fasicos y estudiantes. Con m\u00e1s de dos a\u00f1os [&hellip;]\" \/>\n<meta property=\"og:url\" content=\"http:\/\/vientosur.top\/museo\/los-del-matadero-debutaron-ciclo-cuecas-museo-violeta-parra\/\" \/>\n<meta property=\"og:site_name\" content=\"Museo Violeta Parra\" \/>\n<meta property=\"article:published_time\" content=\"2019-06-02T00:00:10+00:00\" \/>\n<meta property=\"og:image\" content=\"http:\/\/vientosur.top\/museo\/wp-content\/uploads\/2019\/06\/DSC_0375-scaled.jpg\" \/>\n\t<meta property=\"og:image:width\" content=\"2560\" \/>\n\t<meta property=\"og:image:height\" content=\"1702\" \/>\n\t<meta property=\"og:image:type\" content=\"image\/jpeg\" \/>\n<meta name=\"author\" content=\"admin\" \/>\n<meta name=\"twitter:card\" content=\"summary_large_image\" \/>\n<meta name=\"twitter:label1\" content=\"Escrito por\" \/>\n\t<meta name=\"twitter:data1\" content=\"admin\" \/>\n\t<meta name=\"twitter:label2\" content=\"Tiempo de lectura\" \/>\n\t<meta name=\"twitter:data2\" content=\"1 minuto\" \/>\n<script type=\"application\/ld+json\" class=\"yoast-schema-graph\">{\"@context\":\"https:\/\/schema.org\",\"@graph\":[{\"@type\":\"WebPage\",\"@id\":\"http:\/\/vientosur.top\/museo\/los-del-matadero-debutaron-ciclo-cuecas-museo-violeta-parra\/\",\"url\":\"http:\/\/vientosur.top\/museo\/los-del-matadero-debutaron-ciclo-cuecas-museo-violeta-parra\/\",\"name\":\"Los del Matadero debutaron en el Ciclo de Cuecas de Museo Violeta Parra - Museo Violeta Parra\",\"isPartOf\":{\"@id\":\"http:\/\/vientosur.top\/museo\/#website\"},\"primaryImageOfPage\":{\"@id\":\"http:\/\/vientosur.top\/museo\/los-del-matadero-debutaron-ciclo-cuecas-museo-violeta-parra\/#primaryimage\"},\"image\":{\"@id\":\"http:\/\/vientosur.top\/museo\/los-del-matadero-debutaron-ciclo-cuecas-museo-violeta-parra\/#primaryimage\"},\"thumbnailUrl\":\"http:\/\/vientosur.top\/museo\/wp-content\/uploads\/2019\/06\/DSC_0375-scaled.jpg\",\"datePublished\":\"2019-06-02T00:00:10+00:00\",\"author\":{\"@id\":\"http:\/\/vientosur.top\/museo\/#\/schema\/person\/20c79d3c38800971feec8c2693c3dd9c\"},\"breadcrumb\":{\"@id\":\"http:\/\/vientosur.top\/museo\/los-del-matadero-debutaron-ciclo-cuecas-museo-violeta-parra\/#breadcrumb\"},\"inLanguage\":\"es\",\"potentialAction\":[{\"@type\":\"ReadAction\",\"target\":[\"http:\/\/vientosur.top\/museo\/los-del-matadero-debutaron-ciclo-cuecas-museo-violeta-parra\/\"]}]},{\"@type\":\"ImageObject\",\"inLanguage\":\"es\",\"@id\":\"http:\/\/vientosur.top\/museo\/los-del-matadero-debutaron-ciclo-cuecas-museo-violeta-parra\/#primaryimage\",\"url\":\"http:\/\/vientosur.top\/museo\/wp-content\/uploads\/2019\/06\/DSC_0375-scaled.jpg\",\"contentUrl\":\"http:\/\/vientosur.top\/museo\/wp-content\/uploads\/2019\/06\/DSC_0375-scaled.jpg\",\"width\":2560,\"height\":1702},{\"@type\":\"BreadcrumbList\",\"@id\":\"http:\/\/vientosur.top\/museo\/los-del-matadero-debutaron-ciclo-cuecas-museo-violeta-parra\/#breadcrumb\",\"itemListElement\":[{\"@type\":\"ListItem\",\"position\":1,\"name\":\"Portada\",\"item\":\"http:\/\/vientosur.top\/museo\/\"},{\"@type\":\"ListItem\",\"position\":2,\"name\":\"Los del Matadero debutaron en el Ciclo de Cuecas de Museo Violeta Parra\"}]},{\"@type\":\"WebSite\",\"@id\":\"http:\/\/vientosur.top\/museo\/#website\",\"url\":\"http:\/\/vientosur.top\/museo\/\",\"name\":\"Museo Violeta Parra\",\"description\":\"Espacio que alberga tanto la memoria y legado creativo de la artista\",\"potentialAction\":[{\"@type\":\"SearchAction\",\"target\":{\"@type\":\"EntryPoint\",\"urlTemplate\":\"http:\/\/vientosur.top\/museo\/?s={search_term_string}\"},\"query-input\":{\"@type\":\"PropertyValueSpecification\",\"valueRequired\":true,\"valueName\":\"search_term_string\"}}],\"inLanguage\":\"es\"},{\"@type\":\"Person\",\"@id\":\"http:\/\/vientosur.top\/museo\/#\/schema\/person\/20c79d3c38800971feec8c2693c3dd9c\",\"name\":\"admin\",\"image\":{\"@type\":\"ImageObject\",\"inLanguage\":\"es\",\"@id\":\"http:\/\/vientosur.top\/museo\/#\/schema\/person\/image\/\",\"url\":\"https:\/\/secure.gravatar.com\/avatar\/713677ece3ffa642287213a80e5b773bce9ab81c269dd6d95102a990951c922f?s=96&d=mm&r=g\",\"contentUrl\":\"https:\/\/secure.gravatar.com\/avatar\/713677ece3ffa642287213a80e5b773bce9ab81c269dd6d95102a990951c922f?s=96&d=mm&r=g\",\"caption\":\"admin\"},\"sameAs\":[\"http:\/\/vientosur.top\/museo\"],\"url\":\"http:\/\/vientosur.top\/museo\/author\/comunicacionesmvp\/\"}]}<\/script>\n<!-- \/ Yoast SEO plugin. -->","yoast_head_json":{"title":"Los del Matadero debutaron en el Ciclo de Cuecas de Museo Violeta Parra - Museo Violeta Parra","robots":{"index":"index","follow":"follow","max-snippet":"max-snippet:-1","max-image-preview":"max-image-preview:large","max-video-preview":"max-video-preview:-1"},"canonical":"http:\/\/vientosur.top\/museo\/los-del-matadero-debutaron-ciclo-cuecas-museo-violeta-parra\/","og_locale":"es_ES","og_type":"article","og_title":"Los del Matadero debutaron en el Ciclo de Cuecas de Museo Violeta Parra - Museo Violeta Parra","og_description":"&nbsp; Con un espect\u00e1culo de tradici\u00f3n, basado en un amplio repertorio de cueca chilena, la banda Los del Matadero protagoniz\u00f3 el Ciclo de Cuecas de junio en el Museo Violeta Parra. La agrupaci\u00f3n, que surgi\u00f3 por la inquietud del artista Ricardo Gonz\u00e1lez, est\u00e1 compuesta por cantores j\u00f3venes, m\u00fasicos y estudiantes. Con m\u00e1s de dos a\u00f1os [&hellip;]","og_url":"http:\/\/vientosur.top\/museo\/los-del-matadero-debutaron-ciclo-cuecas-museo-violeta-parra\/","og_site_name":"Museo Violeta Parra","article_published_time":"2019-06-02T00:00:10+00:00","og_image":[{"width":2560,"height":1702,"url":"http:\/\/vientosur.top\/museo\/wp-content\/uploads\/2019\/06\/DSC_0375-scaled.jpg","type":"image\/jpeg"}],"author":"admin","twitter_card":"summary_large_image","twitter_misc":{"Escrito por":"admin","Tiempo de lectura":"1 minuto"},"schema":{"@context":"https:\/\/schema.org","@graph":[{"@type":"WebPage","@id":"http:\/\/vientosur.top\/museo\/los-del-matadero-debutaron-ciclo-cuecas-museo-violeta-parra\/","url":"http:\/\/vientosur.top\/museo\/los-del-matadero-debutaron-ciclo-cuecas-museo-violeta-parra\/","name":"Los del Matadero debutaron en el Ciclo de Cuecas de Museo Violeta Parra - Museo Violeta Parra","isPartOf":{"@id":"http:\/\/vientosur.top\/museo\/#website"},"primaryImageOfPage":{"@id":"http:\/\/vientosur.top\/museo\/los-del-matadero-debutaron-ciclo-cuecas-museo-violeta-parra\/#primaryimage"},"image":{"@id":"http:\/\/vientosur.top\/museo\/los-del-matadero-debutaron-ciclo-cuecas-museo-violeta-parra\/#primaryimage"},"thumbnailUrl":"http:\/\/vientosur.top\/museo\/wp-content\/uploads\/2019\/06\/DSC_0375-scaled.jpg","datePublished":"2019-06-02T00:00:10+00:00","author":{"@id":"http:\/\/vientosur.top\/museo\/#\/schema\/person\/20c79d3c38800971feec8c2693c3dd9c"},"breadcrumb":{"@id":"http:\/\/vientosur.top\/museo\/los-del-matadero-debutaron-ciclo-cuecas-museo-violeta-parra\/#breadcrumb"},"inLanguage":"es","potentialAction":[{"@type":"ReadAction","target":["http:\/\/vientosur.top\/museo\/los-del-matadero-debutaron-ciclo-cuecas-museo-violeta-parra\/"]}]},{"@type":"ImageObject","inLanguage":"es","@id":"http:\/\/vientosur.top\/museo\/los-del-matadero-debutaron-ciclo-cuecas-museo-violeta-parra\/#primaryimage","url":"http:\/\/vientosur.top\/museo\/wp-content\/uploads\/2019\/06\/DSC_0375-scaled.jpg","contentUrl":"http:\/\/vientosur.top\/museo\/wp-content\/uploads\/2019\/06\/DSC_0375-scaled.jpg","width":2560,"height":1702},{"@type":"BreadcrumbList","@id":"http:\/\/vientosur.top\/museo\/los-del-matadero-debutaron-ciclo-cuecas-museo-violeta-parra\/#breadcrumb","itemListElement":[{"@type":"ListItem","position":1,"name":"Portada","item":"http:\/\/vientosur.top\/museo\/"},{"@type":"ListItem","position":2,"name":"Los del Matadero debutaron en el Ciclo de Cuecas de Museo Violeta Parra"}]},{"@type":"WebSite","@id":"http:\/\/vientosur.top\/museo\/#website","url":"http:\/\/vientosur.top\/museo\/","name":"Museo Violeta Parra","description":"Espacio que alberga tanto la memoria y legado creativo de la artista","potentialAction":[{"@type":"SearchAction","target":{"@type":"EntryPoint","urlTemplate":"http:\/\/vientosur.top\/museo\/?s={search_term_string}"},"query-input":{"@type":"PropertyValueSpecification","valueRequired":true,"valueName":"search_term_string"}}],"inLanguage":"es"},{"@type":"Person","@id":"http:\/\/vientosur.top\/museo\/#\/schema\/person\/20c79d3c38800971feec8c2693c3dd9c","name":"admin","image":{"@type":"ImageObject","inLanguage":"es","@id":"http:\/\/vientosur.top\/museo\/#\/schema\/person\/image\/","url":"https:\/\/secure.gravatar.com\/avatar\/713677ece3ffa642287213a80e5b773bce9ab81c269dd6d95102a990951c922f?s=96&d=mm&r=g","contentUrl":"https:\/\/secure.gravatar.com\/avatar\/713677ece3ffa642287213a80e5b773bce9ab81c269dd6d95102a990951c922f?s=96&d=mm&r=g","caption":"admin"},"sameAs":["http:\/\/vientosur.top\/museo"],"url":"http:\/\/vientosur.top\/museo\/author\/comunicacionesmvp\/"}]}},"_links":{"self":[{"href":"http:\/\/vientosur.top\/museo\/wp-json\/wp\/v2\/posts\/19700","targetHints":{"allow":["GET"]}}],"collection":[{"href":"http:\/\/vientosur.top\/museo\/wp-json\/wp\/v2\/posts"}],"about":[{"href":"http:\/\/vientosur.top\/museo\/wp-json\/wp\/v2\/types\/post"}],"author":[{"embeddable":true,"href":"http:\/\/vientosur.top\/museo\/wp-json\/wp\/v2\/users\/5"}],"replies":[{"embeddable":true,"href":"http:\/\/vientosur.top\/museo\/wp-json\/wp\/v2\/comments?post=19700"}],"version-history":[{"count":0,"href":"http:\/\/vientosur.top\/museo\/wp-json\/wp\/v2\/posts\/19700\/revisions"}],"wp:featuredmedia":[{"embeddable":true,"href":"http:\/\/vientosur.top\/museo\/wp-json\/wp\/v2\/media\/19701"}],"wp:attachment":[{"href":"http:\/\/vientosur.top\/museo\/wp-json\/wp\/v2\/media?parent=19700"}],"wp:term":[{"taxonomy":"category","embeddable":true,"href":"http:\/\/vientosur.top\/museo\/wp-json\/wp\/v2\/categories?post=19700"},{"taxonomy":"post_tag","embeddable":true,"href":"http:\/\/vientosur.top\/museo\/wp-json\/wp\/v2\/tags?post=19700"}],"curies":[{"name":"wp","href":"https:\/\/api.w.org\/{rel}","templated":true}]}}