{"id":19707,"date":"2019-06-03T18:00:13","date_gmt":"2019-06-03T23:00:13","guid":{"rendered":"http:\/\/vientosur.top\/museo\/?p=19707"},"modified":"2019-06-03T18:00:13","modified_gmt":"2019-06-03T23:00:13","slug":"museo-violeta-parra-lanza-campana-inspirate-museo-verde-protagonizada-javiera-parra-hector-morales","status":"publish","type":"post","link":"http:\/\/vientosur.top\/museo\/museo-violeta-parra-lanza-campana-inspirate-museo-verde-protagonizada-javiera-parra-hector-morales\/","title":{"rendered":"Museo Violeta Parra lanza campa\u00f1a \u201cInsp\u00edrate en Museo Verde\u201d, protagonizada por Javiera Parra y H\u00e9ctor Morales"},"content":{"rendered":"<p><strong>Con cuatro piezas audiovisuales y en el marco del D\u00eda Mundial del Medio Ambiente, \u00a0el\u00a0\u00a0museo invita a sumarse a iniciativas sustentables que actualmente tiene en marcha. <\/strong><\/p>\n<p>El Museo Violeta Parra lanz\u00f3 su Pol\u00edtica Medioambiental en 2018, transform\u00e1ndose en el primer museo verde del pa\u00eds. Las medidas asumidas por la instituci\u00f3n fueron presentadas en una ceremonia encabezada por la Ministra Carolina Schmidt.<\/p>\n<p>Ahora, en el contexto del D\u00eda Mundial del Medio Ambiente, establecido por la Organizaci\u00f3n de las Naciones Unidas en 1972, el Museo Violeta Parra lanzar\u00e1 una campa\u00f1a para invitar a implementar medidas similares en casas y lugares de trabajo. Las piezas, que se liberar\u00e1n desde las 00:00 horas de este mi\u00e9rcoles 5 de junio en todas las plataformas digitales, fueron registradas en distintos espacios del museo con la participaci\u00f3n de la cantautora Javiera Parra y el actor H\u00e9ctor Morales. En ellas se muestra el cultivo de plantas en peque\u00f1os jardines, el reciclaje de residuos por tipo, el uso de iluminaci\u00f3n de bajo consumo y el fomento de la bicicleta como medio de transporte.<\/p>\n<p><a href=\"http:\/\/vientosur.top\/museo\/wp-content\/uploads\/2019\/06\/H\u00e9ctor.jpg\"><img fetchpriority=\"high\" decoding=\"async\" class=\"alignleft wp-image-19709 size-medium\" src=\"http:\/\/vientosur.top\/museo\/wp-content\/uploads\/2019\/06\/H\u00e9ctor-300x172.jpg\" alt=\"\" width=\"300\" height=\"172\" \/><\/a>\u201cUn museo es un polo de educaci\u00f3n y, por eso, hemos recogido el amor de Violeta Parra por la naturaleza, presente en toda su obra, y lo hemos incorporado a nuestro quehacer. Tenemos una obligaci\u00f3n \u00e9tica como instituci\u00f3n de colaborar con el Medio Ambiente. Estamos muy agradecidos de Javiera y H\u00e9ctor, que se sumaron a nuestra iniciativa\u201d, se\u00f1ala la Directora Cecilia Garc\u00eda-Huidobro.<\/p>\n<p>Algunas de las medidas que ha implementado el museo son el recambio de ampolletas tradicionales por luminarias led de bajo consumo, el reciclaje de papeles, vidrios y pl\u00e1stico; el ahorro de papel\u00a0 a trav\u00e9s de la comunicaci\u00f3n digital,\u00a0 dispositivos para disminuir el \u00a0consumo de agua y la eliminaci\u00f3n del pl\u00e1stico o elementos contaminantes en la museolog\u00eda.<\/p>\n<p>&nbsp;<\/p>\n<p>&nbsp;<\/p>\n<p>&nbsp;<\/p>\n<p>&nbsp;<\/p>\n","protected":false},"excerpt":{"rendered":"<p>Con cuatro piezas audiovisuales y en el marco del D\u00eda Mundial del Medio Ambiente, \u00a0el\u00a0\u00a0museo invita a sumarse a iniciativas sustentables que actualmente tiene en marcha. El Museo Violeta Parra lanz\u00f3 su Pol\u00edtica Medioambiental en 2018, transform\u00e1ndose en el primer museo verde del pa\u00eds. Las medidas asumidas por la instituci\u00f3n fueron presentadas en una ceremonia [&hellip;]<\/p>\n","protected":false},"author":5,"featured_media":19708,"comment_status":"open","ping_status":"open","sticky":false,"template":"","format":"standard","meta":{"site-sidebar-layout":"default","site-content-layout":"","ast-site-content-layout":"default","site-content-style":"default","site-sidebar-style":"default","ast-global-header-display":"","ast-banner-title-visibility":"","ast-main-header-display":"","ast-hfb-above-header-display":"","ast-hfb-below-header-display":"","ast-hfb-mobile-header-display":"","site-post-title":"","ast-breadcrumbs-content":"","ast-featured-img":"","footer-sml-layout":"","theme-transparent-header-meta":"","adv-header-id-meta":"","stick-header-meta":"","header-above-stick-meta":"","header-main-stick-meta":"","header-below-stick-meta":"","astra-migrate-meta-layouts":"default","ast-page-background-enabled":"default","ast-page-background-meta":{"desktop":{"background-color":"var(--ast-global-color-4)","background-image":"","background-repeat":"repeat","background-position":"center center","background-size":"auto","background-attachment":"scroll","background-type":"","background-media":"","overlay-type":"","overlay-color":"","overlay-opacity":"","overlay-gradient":""},"tablet":{"background-color":"","background-image":"","background-repeat":"repeat","background-position":"center center","background-size":"auto","background-attachment":"scroll","background-type":"","background-media":"","overlay-type":"","overlay-color":"","overlay-opacity":"","overlay-gradient":""},"mobile":{"background-color":"","background-image":"","background-repeat":"repeat","background-position":"center center","background-size":"auto","background-attachment":"scroll","background-type":"","background-media":"","overlay-type":"","overlay-color":"","overlay-opacity":"","overlay-gradient":""}},"ast-content-background-meta":{"desktop":{"background-color":"var(--ast-global-color-5)","background-image":"","background-repeat":"repeat","background-position":"center center","background-size":"auto","background-attachment":"scroll","background-type":"","background-media":"","overlay-type":"","overlay-color":"","overlay-opacity":"","overlay-gradient":""},"tablet":{"background-color":"var(--ast-global-color-5)","background-image":"","background-repeat":"repeat","background-position":"center center","background-size":"auto","background-attachment":"scroll","background-type":"","background-media":"","overlay-type":"","overlay-color":"","overlay-opacity":"","overlay-gradient":""},"mobile":{"background-color":"var(--ast-global-color-5)","background-image":"","background-repeat":"repeat","background-position":"center center","background-size":"auto","background-attachment":"scroll","background-type":"","background-media":"","overlay-type":"","overlay-color":"","overlay-opacity":"","overlay-gradient":""}},"footnotes":""},"categories":[59,8,61],"tags":[],"class_list":["post-19707","post","type-post","status-publish","format-standard","has-post-thumbnail","hentry","category-destacado-noticia","category-noticias","category-novedades"],"yoast_head":"<!-- This site is optimized with the Yoast SEO plugin v25.4 - https:\/\/yoast.com\/wordpress\/plugins\/seo\/ -->\n<title>Museo Violeta Parra lanza campa\u00f1a \u201cInsp\u00edrate en Museo Verde\u201d, protagonizada por Javiera Parra y H\u00e9ctor Morales - Museo Violeta Parra<\/title>\n<meta name=\"robots\" content=\"index, follow, max-snippet:-1, max-image-preview:large, max-video-preview:-1\" \/>\n<link rel=\"canonical\" href=\"http:\/\/vientosur.top\/museo\/museo-violeta-parra-lanza-campana-inspirate-museo-verde-protagonizada-javiera-parra-hector-morales\/\" \/>\n<meta property=\"og:locale\" content=\"es_ES\" \/>\n<meta property=\"og:type\" content=\"article\" \/>\n<meta property=\"og:title\" content=\"Museo Violeta Parra lanza campa\u00f1a \u201cInsp\u00edrate en Museo Verde\u201d, protagonizada por Javiera Parra y H\u00e9ctor Morales - Museo Violeta Parra\" \/>\n<meta property=\"og:description\" content=\"Con cuatro piezas audiovisuales y en el marco del D\u00eda Mundial del Medio Ambiente, \u00a0el\u00a0\u00a0museo invita a sumarse a iniciativas sustentables que actualmente tiene en marcha. El Museo Violeta Parra lanz\u00f3 su Pol\u00edtica Medioambiental en 2018, transform\u00e1ndose en el primer museo verde del pa\u00eds. Las medidas asumidas por la instituci\u00f3n fueron presentadas en una ceremonia [&hellip;]\" \/>\n<meta property=\"og:url\" content=\"http:\/\/vientosur.top\/museo\/museo-violeta-parra-lanza-campana-inspirate-museo-verde-protagonizada-javiera-parra-hector-morales\/\" \/>\n<meta property=\"og:site_name\" content=\"Museo Violeta Parra\" \/>\n<meta property=\"article:published_time\" content=\"2019-06-03T23:00:13+00:00\" \/>\n<meta property=\"og:image\" content=\"http:\/\/vientosur.top\/museo\/wp-content\/uploads\/2019\/06\/Javiera-en-La-Jardinera.jpg\" \/>\n\t<meta property=\"og:image:width\" content=\"1282\" \/>\n\t<meta property=\"og:image:height\" content=\"802\" \/>\n\t<meta property=\"og:image:type\" content=\"image\/jpeg\" \/>\n<meta name=\"author\" content=\"admin\" \/>\n<meta name=\"twitter:card\" content=\"summary_large_image\" \/>\n<meta name=\"twitter:label1\" content=\"Escrito por\" \/>\n\t<meta name=\"twitter:data1\" content=\"admin\" \/>\n\t<meta name=\"twitter:label2\" content=\"Tiempo de lectura\" \/>\n\t<meta name=\"twitter:data2\" content=\"2 minutos\" \/>\n<script type=\"application\/ld+json\" class=\"yoast-schema-graph\">{\"@context\":\"https:\/\/schema.org\",\"@graph\":[{\"@type\":\"WebPage\",\"@id\":\"http:\/\/vientosur.top\/museo\/museo-violeta-parra-lanza-campana-inspirate-museo-verde-protagonizada-javiera-parra-hector-morales\/\",\"url\":\"http:\/\/vientosur.top\/museo\/museo-violeta-parra-lanza-campana-inspirate-museo-verde-protagonizada-javiera-parra-hector-morales\/\",\"name\":\"Museo Violeta Parra lanza campa\u00f1a \u201cInsp\u00edrate en Museo Verde\u201d, protagonizada por Javiera Parra y H\u00e9ctor Morales - Museo Violeta Parra\",\"isPartOf\":{\"@id\":\"http:\/\/vientosur.top\/museo\/#website\"},\"primaryImageOfPage\":{\"@id\":\"http:\/\/vientosur.top\/museo\/museo-violeta-parra-lanza-campana-inspirate-museo-verde-protagonizada-javiera-parra-hector-morales\/#primaryimage\"},\"image\":{\"@id\":\"http:\/\/vientosur.top\/museo\/museo-violeta-parra-lanza-campana-inspirate-museo-verde-protagonizada-javiera-parra-hector-morales\/#primaryimage\"},\"thumbnailUrl\":\"http:\/\/vientosur.top\/museo\/wp-content\/uploads\/2019\/06\/Javiera-en-La-Jardinera.jpg\",\"datePublished\":\"2019-06-03T23:00:13+00:00\",\"author\":{\"@id\":\"http:\/\/vientosur.top\/museo\/#\/schema\/person\/20c79d3c38800971feec8c2693c3dd9c\"},\"breadcrumb\":{\"@id\":\"http:\/\/vientosur.top\/museo\/museo-violeta-parra-lanza-campana-inspirate-museo-verde-protagonizada-javiera-parra-hector-morales\/#breadcrumb\"},\"inLanguage\":\"es\",\"potentialAction\":[{\"@type\":\"ReadAction\",\"target\":[\"http:\/\/vientosur.top\/museo\/museo-violeta-parra-lanza-campana-inspirate-museo-verde-protagonizada-javiera-parra-hector-morales\/\"]}]},{\"@type\":\"ImageObject\",\"inLanguage\":\"es\",\"@id\":\"http:\/\/vientosur.top\/museo\/museo-violeta-parra-lanza-campana-inspirate-museo-verde-protagonizada-javiera-parra-hector-morales\/#primaryimage\",\"url\":\"http:\/\/vientosur.top\/museo\/wp-content\/uploads\/2019\/06\/Javiera-en-La-Jardinera.jpg\",\"contentUrl\":\"http:\/\/vientosur.top\/museo\/wp-content\/uploads\/2019\/06\/Javiera-en-La-Jardinera.jpg\",\"width\":1282,\"height\":802},{\"@type\":\"BreadcrumbList\",\"@id\":\"http:\/\/vientosur.top\/museo\/museo-violeta-parra-lanza-campana-inspirate-museo-verde-protagonizada-javiera-parra-hector-morales\/#breadcrumb\",\"itemListElement\":[{\"@type\":\"ListItem\",\"position\":1,\"name\":\"Portada\",\"item\":\"http:\/\/vientosur.top\/museo\/\"},{\"@type\":\"ListItem\",\"position\":2,\"name\":\"Museo Violeta Parra lanza campa\u00f1a \u201cInsp\u00edrate en Museo Verde\u201d, protagonizada por Javiera Parra y H\u00e9ctor Morales\"}]},{\"@type\":\"WebSite\",\"@id\":\"http:\/\/vientosur.top\/museo\/#website\",\"url\":\"http:\/\/vientosur.top\/museo\/\",\"name\":\"Museo Violeta Parra\",\"description\":\"Espacio que alberga tanto la memoria y legado creativo de la artista\",\"potentialAction\":[{\"@type\":\"SearchAction\",\"target\":{\"@type\":\"EntryPoint\",\"urlTemplate\":\"http:\/\/vientosur.top\/museo\/?s={search_term_string}\"},\"query-input\":{\"@type\":\"PropertyValueSpecification\",\"valueRequired\":true,\"valueName\":\"search_term_string\"}}],\"inLanguage\":\"es\"},{\"@type\":\"Person\",\"@id\":\"http:\/\/vientosur.top\/museo\/#\/schema\/person\/20c79d3c38800971feec8c2693c3dd9c\",\"name\":\"admin\",\"image\":{\"@type\":\"ImageObject\",\"inLanguage\":\"es\",\"@id\":\"http:\/\/vientosur.top\/museo\/#\/schema\/person\/image\/\",\"url\":\"https:\/\/secure.gravatar.com\/avatar\/713677ece3ffa642287213a80e5b773bce9ab81c269dd6d95102a990951c922f?s=96&d=mm&r=g\",\"contentUrl\":\"https:\/\/secure.gravatar.com\/avatar\/713677ece3ffa642287213a80e5b773bce9ab81c269dd6d95102a990951c922f?s=96&d=mm&r=g\",\"caption\":\"admin\"},\"sameAs\":[\"http:\/\/vientosur.top\/museo\"],\"url\":\"http:\/\/vientosur.top\/museo\/author\/comunicacionesmvp\/\"}]}<\/script>\n<!-- \/ Yoast SEO plugin. -->","yoast_head_json":{"title":"Museo Violeta Parra lanza campa\u00f1a \u201cInsp\u00edrate en Museo Verde\u201d, protagonizada por Javiera Parra y H\u00e9ctor Morales - Museo Violeta Parra","robots":{"index":"index","follow":"follow","max-snippet":"max-snippet:-1","max-image-preview":"max-image-preview:large","max-video-preview":"max-video-preview:-1"},"canonical":"http:\/\/vientosur.top\/museo\/museo-violeta-parra-lanza-campana-inspirate-museo-verde-protagonizada-javiera-parra-hector-morales\/","og_locale":"es_ES","og_type":"article","og_title":"Museo Violeta Parra lanza campa\u00f1a \u201cInsp\u00edrate en Museo Verde\u201d, protagonizada por Javiera Parra y H\u00e9ctor Morales - Museo Violeta Parra","og_description":"Con cuatro piezas audiovisuales y en el marco del D\u00eda Mundial del Medio Ambiente, \u00a0el\u00a0\u00a0museo invita a sumarse a iniciativas sustentables que actualmente tiene en marcha. El Museo Violeta Parra lanz\u00f3 su Pol\u00edtica Medioambiental en 2018, transform\u00e1ndose en el primer museo verde del pa\u00eds. Las medidas asumidas por la instituci\u00f3n fueron presentadas en una ceremonia [&hellip;]","og_url":"http:\/\/vientosur.top\/museo\/museo-violeta-parra-lanza-campana-inspirate-museo-verde-protagonizada-javiera-parra-hector-morales\/","og_site_name":"Museo Violeta Parra","article_published_time":"2019-06-03T23:00:13+00:00","og_image":[{"width":1282,"height":802,"url":"http:\/\/vientosur.top\/museo\/wp-content\/uploads\/2019\/06\/Javiera-en-La-Jardinera.jpg","type":"image\/jpeg"}],"author":"admin","twitter_card":"summary_large_image","twitter_misc":{"Escrito por":"admin","Tiempo de lectura":"2 minutos"},"schema":{"@context":"https:\/\/schema.org","@graph":[{"@type":"WebPage","@id":"http:\/\/vientosur.top\/museo\/museo-violeta-parra-lanza-campana-inspirate-museo-verde-protagonizada-javiera-parra-hector-morales\/","url":"http:\/\/vientosur.top\/museo\/museo-violeta-parra-lanza-campana-inspirate-museo-verde-protagonizada-javiera-parra-hector-morales\/","name":"Museo Violeta Parra lanza campa\u00f1a \u201cInsp\u00edrate en Museo Verde\u201d, protagonizada por Javiera Parra y H\u00e9ctor Morales - Museo Violeta Parra","isPartOf":{"@id":"http:\/\/vientosur.top\/museo\/#website"},"primaryImageOfPage":{"@id":"http:\/\/vientosur.top\/museo\/museo-violeta-parra-lanza-campana-inspirate-museo-verde-protagonizada-javiera-parra-hector-morales\/#primaryimage"},"image":{"@id":"http:\/\/vientosur.top\/museo\/museo-violeta-parra-lanza-campana-inspirate-museo-verde-protagonizada-javiera-parra-hector-morales\/#primaryimage"},"thumbnailUrl":"http:\/\/vientosur.top\/museo\/wp-content\/uploads\/2019\/06\/Javiera-en-La-Jardinera.jpg","datePublished":"2019-06-03T23:00:13+00:00","author":{"@id":"http:\/\/vientosur.top\/museo\/#\/schema\/person\/20c79d3c38800971feec8c2693c3dd9c"},"breadcrumb":{"@id":"http:\/\/vientosur.top\/museo\/museo-violeta-parra-lanza-campana-inspirate-museo-verde-protagonizada-javiera-parra-hector-morales\/#breadcrumb"},"inLanguage":"es","potentialAction":[{"@type":"ReadAction","target":["http:\/\/vientosur.top\/museo\/museo-violeta-parra-lanza-campana-inspirate-museo-verde-protagonizada-javiera-parra-hector-morales\/"]}]},{"@type":"ImageObject","inLanguage":"es","@id":"http:\/\/vientosur.top\/museo\/museo-violeta-parra-lanza-campana-inspirate-museo-verde-protagonizada-javiera-parra-hector-morales\/#primaryimage","url":"http:\/\/vientosur.top\/museo\/wp-content\/uploads\/2019\/06\/Javiera-en-La-Jardinera.jpg","contentUrl":"http:\/\/vientosur.top\/museo\/wp-content\/uploads\/2019\/06\/Javiera-en-La-Jardinera.jpg","width":1282,"height":802},{"@type":"BreadcrumbList","@id":"http:\/\/vientosur.top\/museo\/museo-violeta-parra-lanza-campana-inspirate-museo-verde-protagonizada-javiera-parra-hector-morales\/#breadcrumb","itemListElement":[{"@type":"ListItem","position":1,"name":"Portada","item":"http:\/\/vientosur.top\/museo\/"},{"@type":"ListItem","position":2,"name":"Museo Violeta Parra lanza campa\u00f1a \u201cInsp\u00edrate en Museo Verde\u201d, protagonizada por Javiera Parra y H\u00e9ctor Morales"}]},{"@type":"WebSite","@id":"http:\/\/vientosur.top\/museo\/#website","url":"http:\/\/vientosur.top\/museo\/","name":"Museo Violeta Parra","description":"Espacio que alberga tanto la memoria y legado creativo de la artista","potentialAction":[{"@type":"SearchAction","target":{"@type":"EntryPoint","urlTemplate":"http:\/\/vientosur.top\/museo\/?s={search_term_string}"},"query-input":{"@type":"PropertyValueSpecification","valueRequired":true,"valueName":"search_term_string"}}],"inLanguage":"es"},{"@type":"Person","@id":"http:\/\/vientosur.top\/museo\/#\/schema\/person\/20c79d3c38800971feec8c2693c3dd9c","name":"admin","image":{"@type":"ImageObject","inLanguage":"es","@id":"http:\/\/vientosur.top\/museo\/#\/schema\/person\/image\/","url":"https:\/\/secure.gravatar.com\/avatar\/713677ece3ffa642287213a80e5b773bce9ab81c269dd6d95102a990951c922f?s=96&d=mm&r=g","contentUrl":"https:\/\/secure.gravatar.com\/avatar\/713677ece3ffa642287213a80e5b773bce9ab81c269dd6d95102a990951c922f?s=96&d=mm&r=g","caption":"admin"},"sameAs":["http:\/\/vientosur.top\/museo"],"url":"http:\/\/vientosur.top\/museo\/author\/comunicacionesmvp\/"}]}},"_links":{"self":[{"href":"http:\/\/vientosur.top\/museo\/wp-json\/wp\/v2\/posts\/19707","targetHints":{"allow":["GET"]}}],"collection":[{"href":"http:\/\/vientosur.top\/museo\/wp-json\/wp\/v2\/posts"}],"about":[{"href":"http:\/\/vientosur.top\/museo\/wp-json\/wp\/v2\/types\/post"}],"author":[{"embeddable":true,"href":"http:\/\/vientosur.top\/museo\/wp-json\/wp\/v2\/users\/5"}],"replies":[{"embeddable":true,"href":"http:\/\/vientosur.top\/museo\/wp-json\/wp\/v2\/comments?post=19707"}],"version-history":[{"count":0,"href":"http:\/\/vientosur.top\/museo\/wp-json\/wp\/v2\/posts\/19707\/revisions"}],"wp:featuredmedia":[{"embeddable":true,"href":"http:\/\/vientosur.top\/museo\/wp-json\/wp\/v2\/media\/19708"}],"wp:attachment":[{"href":"http:\/\/vientosur.top\/museo\/wp-json\/wp\/v2\/media?parent=19707"}],"wp:term":[{"taxonomy":"category","embeddable":true,"href":"http:\/\/vientosur.top\/museo\/wp-json\/wp\/v2\/categories?post=19707"},{"taxonomy":"post_tag","embeddable":true,"href":"http:\/\/vientosur.top\/museo\/wp-json\/wp\/v2\/tags?post=19707"}],"curies":[{"name":"wp","href":"https:\/\/api.w.org\/{rel}","templated":true}]}}