{"id":19714,"date":"2019-05-28T18:00:32","date_gmt":"2019-05-28T23:00:32","guid":{"rendered":"http:\/\/vientosur.top\/museo\/?p=19714"},"modified":"2019-05-28T18:00:32","modified_gmt":"2019-05-28T23:00:32","slug":"la-maleta-violeta-se-fue-viaje-visitar-los-ninos-integra","status":"publish","type":"post","link":"http:\/\/vientosur.top\/museo\/la-maleta-violeta-se-fue-viaje-visitar-los-ninos-integra\/","title":{"rendered":"\u201cLa Maleta de Violeta\u201d se fue de viaje a visitar a los ni\u00f1os de INTEGRA"},"content":{"rendered":"<p style=\"font-weight: 400;\"><strong>La muestra itinerante del Museo Violeta Parra se present\u00f3 en el Jard\u00edn Infantil \u201cLos Alerces\u201d, de\u00a0 San Joaqu\u00edn, en \u00a0La Legua. \u00a0<\/strong><\/p>\n<p style=\"font-weight: 400;\">Al menos ocho establecimientos escolares de educaci\u00f3n p\u00fablica son visitados anualmente con el programa \u00abLa\u00a0Maleta de Violeta\u00bb en las comunidades pr\u00f3ximas de las comunas de San Joaqu\u00edn,\u00a0Estaci\u00f3n Central, Pe\u00f1alol\u00e9n y otras de la Regi\u00f3n Metropolitana.\u00a0Hoy fue el turno del Jard\u00edn Infantil \u201cLos Alerces\u201d de\u00a0 San Joaqu\u00edn, en \u00a0La Legua,<strong>\u00a0\u00a0<\/strong>gracias al<strong>\u00a0<\/strong>convenio suscrito el a\u00f1o 2017 entre el museo e Integra,\u00a0 el que busca que ni\u00f1os y ni\u00f1as puedan acceder, de manera gratuita, a actividades desarrolladas que difundan la obra de la gran artista nacional Violeta Parra.<\/p>\n<p style=\"font-weight: 400;\">\u201cLa Maleta de Violeta\u201d se resume en el concepto de micro museo. Esta maleta es un elemento con recursos multisensoriales que permite iterar, tomando como eje central la mediaci\u00f3n con las personas, pudiendo adaptarse a diferentes zonas geogr\u00e1ficas, contextos sociales y tipos de p\u00fablicos, permitiendo expandir la influencia e impacto educativo.<\/p>\n<p style=\"font-weight: 400;\">Cecilia Garc\u00eda- Huidobro, directora del Museo Violeta Parra, se\u00f1al\u00f3: \u201cEl Museo Violeta Parra trabaja con un fuerte componente social, con la clara conciencia de que el legado de la artista debe expandirse m\u00e1s all\u00e1 de sus fronteras f\u00edsicas. Estamos presente en hospitales, c\u00e1rceles, escuelas rurales, hogares de ancianos y, gracias al convenio con Fundaci\u00f3n Integra, hemos impactado positivamente a muchos m\u00e1s ni\u00f1os y ni\u00f1as. Nos hemos unido al compromiso de la instituci\u00f3n por la primera infancia con nuestro aporte\u201d.<\/p>\n<p style=\"font-weight: 400;\">El programa \u00a0contiene elementos did\u00e1cticos, visuales, t\u00e1ctiles y sonoros, que permiten a los\u00a0asistentes relacionarse con la artista y su obra. Dicha instalaci\u00f3n es acompa\u00f1ada de la presentaci\u00f3n y mediaci\u00f3n del \u00c1rea de Educaci\u00f3n del Museo Violeta Parra.<\/p>\n<p style=\"font-weight: 400;\">Por su parte, el director ejecutivo de Fundaci\u00f3n Integra, Jos\u00e9 Manuel Ready Salam\u00e9, destac\u00f3 la importancia de experiencias como \u00e9sta: \u201cCuando hablamos de que los ni\u00f1os est\u00e1n primeros en la fila, nos estamos refiriendo a que sean los primeros en tener acceso a actividades culturales que les permitan acercarse en este caso, a la vida y obra de la gran artista nacional Violeta Parra y as\u00ed pueden contar con una educaci\u00f3n parvularia de calidad\u201d.<\/p>\n<p style=\"font-weight: 400;\">Este a\u00f1o 2019 se encuentran programadas cinco salidas con jardines infantiles de Fundaci\u00f3n Integra.<\/p>\n","protected":false},"excerpt":{"rendered":"<p>La muestra itinerante del Museo Violeta Parra se present\u00f3 en el Jard\u00edn Infantil \u201cLos Alerces\u201d, de\u00a0 San Joaqu\u00edn, en \u00a0La Legua. \u00a0 Al menos ocho establecimientos escolares de educaci\u00f3n p\u00fablica son visitados anualmente con el programa \u00abLa\u00a0Maleta de Violeta\u00bb en las comunidades pr\u00f3ximas de las comunas de San Joaqu\u00edn,\u00a0Estaci\u00f3n Central, Pe\u00f1alol\u00e9n y otras de la [&hellip;]<\/p>\n","protected":false},"author":5,"featured_media":19715,"comment_status":"open","ping_status":"open","sticky":false,"template":"","format":"standard","meta":{"site-sidebar-layout":"default","site-content-layout":"","ast-site-content-layout":"default","site-content-style":"default","site-sidebar-style":"default","ast-global-header-display":"","ast-banner-title-visibility":"","ast-main-header-display":"","ast-hfb-above-header-display":"","ast-hfb-below-header-display":"","ast-hfb-mobile-header-display":"","site-post-title":"","ast-breadcrumbs-content":"","ast-featured-img":"","footer-sml-layout":"","theme-transparent-header-meta":"","adv-header-id-meta":"","stick-header-meta":"","header-above-stick-meta":"","header-main-stick-meta":"","header-below-stick-meta":"","astra-migrate-meta-layouts":"default","ast-page-background-enabled":"default","ast-page-background-meta":{"desktop":{"background-color":"var(--ast-global-color-4)","background-image":"","background-repeat":"repeat","background-position":"center center","background-size":"auto","background-attachment":"scroll","background-type":"","background-media":"","overlay-type":"","overlay-color":"","overlay-opacity":"","overlay-gradient":""},"tablet":{"background-color":"","background-image":"","background-repeat":"repeat","background-position":"center center","background-size":"auto","background-attachment":"scroll","background-type":"","background-media":"","overlay-type":"","overlay-color":"","overlay-opacity":"","overlay-gradient":""},"mobile":{"background-color":"","background-image":"","background-repeat":"repeat","background-position":"center center","background-size":"auto","background-attachment":"scroll","background-type":"","background-media":"","overlay-type":"","overlay-color":"","overlay-opacity":"","overlay-gradient":""}},"ast-content-background-meta":{"desktop":{"background-color":"var(--ast-global-color-5)","background-image":"","background-repeat":"repeat","background-position":"center center","background-size":"auto","background-attachment":"scroll","background-type":"","background-media":"","overlay-type":"","overlay-color":"","overlay-opacity":"","overlay-gradient":""},"tablet":{"background-color":"var(--ast-global-color-5)","background-image":"","background-repeat":"repeat","background-position":"center center","background-size":"auto","background-attachment":"scroll","background-type":"","background-media":"","overlay-type":"","overlay-color":"","overlay-opacity":"","overlay-gradient":""},"mobile":{"background-color":"var(--ast-global-color-5)","background-image":"","background-repeat":"repeat","background-position":"center center","background-size":"auto","background-attachment":"scroll","background-type":"","background-media":"","overlay-type":"","overlay-color":"","overlay-opacity":"","overlay-gradient":""}},"footnotes":""},"categories":[59,8,61],"tags":[],"class_list":["post-19714","post","type-post","status-publish","format-standard","has-post-thumbnail","hentry","category-destacado-noticia","category-noticias","category-novedades"],"yoast_head":"<!-- This site is optimized with the Yoast SEO plugin v25.4 - https:\/\/yoast.com\/wordpress\/plugins\/seo\/ -->\n<title>\u201cLa Maleta de Violeta\u201d se fue de viaje a visitar a los ni\u00f1os de INTEGRA - Museo Violeta Parra<\/title>\n<meta name=\"robots\" content=\"index, follow, max-snippet:-1, max-image-preview:large, max-video-preview:-1\" \/>\n<link rel=\"canonical\" href=\"http:\/\/vientosur.top\/museo\/la-maleta-violeta-se-fue-viaje-visitar-los-ninos-integra\/\" \/>\n<meta property=\"og:locale\" content=\"es_ES\" \/>\n<meta property=\"og:type\" content=\"article\" \/>\n<meta property=\"og:title\" content=\"\u201cLa Maleta de Violeta\u201d se fue de viaje a visitar a los ni\u00f1os de INTEGRA - Museo Violeta Parra\" \/>\n<meta property=\"og:description\" content=\"La muestra itinerante del Museo Violeta Parra se present\u00f3 en el Jard\u00edn Infantil \u201cLos Alerces\u201d, de\u00a0 San Joaqu\u00edn, en \u00a0La Legua. \u00a0 Al menos ocho establecimientos escolares de educaci\u00f3n p\u00fablica son visitados anualmente con el programa \u00abLa\u00a0Maleta de Violeta\u00bb en las comunidades pr\u00f3ximas de las comunas de San Joaqu\u00edn,\u00a0Estaci\u00f3n Central, Pe\u00f1alol\u00e9n y otras de la [&hellip;]\" \/>\n<meta property=\"og:url\" content=\"http:\/\/vientosur.top\/museo\/la-maleta-violeta-se-fue-viaje-visitar-los-ninos-integra\/\" \/>\n<meta property=\"og:site_name\" content=\"Museo Violeta Parra\" \/>\n<meta property=\"article:published_time\" content=\"2019-05-28T23:00:32+00:00\" \/>\n<meta property=\"og:image\" content=\"http:\/\/vientosur.top\/museo\/wp-content\/uploads\/2019\/06\/Maleta-Integra.jpg\" \/>\n\t<meta property=\"og:image:width\" content=\"1440\" \/>\n\t<meta property=\"og:image:height\" content=\"1072\" \/>\n\t<meta property=\"og:image:type\" content=\"image\/jpeg\" \/>\n<meta name=\"author\" content=\"admin\" \/>\n<meta name=\"twitter:card\" content=\"summary_large_image\" \/>\n<meta name=\"twitter:label1\" content=\"Escrito por\" \/>\n\t<meta name=\"twitter:data1\" content=\"admin\" \/>\n\t<meta name=\"twitter:label2\" content=\"Tiempo de lectura\" \/>\n\t<meta name=\"twitter:data2\" content=\"2 minutos\" \/>\n<script type=\"application\/ld+json\" class=\"yoast-schema-graph\">{\"@context\":\"https:\/\/schema.org\",\"@graph\":[{\"@type\":\"WebPage\",\"@id\":\"http:\/\/vientosur.top\/museo\/la-maleta-violeta-se-fue-viaje-visitar-los-ninos-integra\/\",\"url\":\"http:\/\/vientosur.top\/museo\/la-maleta-violeta-se-fue-viaje-visitar-los-ninos-integra\/\",\"name\":\"\u201cLa Maleta de Violeta\u201d se fue de viaje a visitar a los ni\u00f1os de INTEGRA - Museo Violeta Parra\",\"isPartOf\":{\"@id\":\"http:\/\/vientosur.top\/museo\/#website\"},\"primaryImageOfPage\":{\"@id\":\"http:\/\/vientosur.top\/museo\/la-maleta-violeta-se-fue-viaje-visitar-los-ninos-integra\/#primaryimage\"},\"image\":{\"@id\":\"http:\/\/vientosur.top\/museo\/la-maleta-violeta-se-fue-viaje-visitar-los-ninos-integra\/#primaryimage\"},\"thumbnailUrl\":\"http:\/\/vientosur.top\/museo\/wp-content\/uploads\/2019\/06\/Maleta-Integra.jpg\",\"datePublished\":\"2019-05-28T23:00:32+00:00\",\"author\":{\"@id\":\"http:\/\/vientosur.top\/museo\/#\/schema\/person\/20c79d3c38800971feec8c2693c3dd9c\"},\"breadcrumb\":{\"@id\":\"http:\/\/vientosur.top\/museo\/la-maleta-violeta-se-fue-viaje-visitar-los-ninos-integra\/#breadcrumb\"},\"inLanguage\":\"es\",\"potentialAction\":[{\"@type\":\"ReadAction\",\"target\":[\"http:\/\/vientosur.top\/museo\/la-maleta-violeta-se-fue-viaje-visitar-los-ninos-integra\/\"]}]},{\"@type\":\"ImageObject\",\"inLanguage\":\"es\",\"@id\":\"http:\/\/vientosur.top\/museo\/la-maleta-violeta-se-fue-viaje-visitar-los-ninos-integra\/#primaryimage\",\"url\":\"http:\/\/vientosur.top\/museo\/wp-content\/uploads\/2019\/06\/Maleta-Integra.jpg\",\"contentUrl\":\"http:\/\/vientosur.top\/museo\/wp-content\/uploads\/2019\/06\/Maleta-Integra.jpg\",\"width\":1440,\"height\":1072},{\"@type\":\"BreadcrumbList\",\"@id\":\"http:\/\/vientosur.top\/museo\/la-maleta-violeta-se-fue-viaje-visitar-los-ninos-integra\/#breadcrumb\",\"itemListElement\":[{\"@type\":\"ListItem\",\"position\":1,\"name\":\"Portada\",\"item\":\"http:\/\/vientosur.top\/museo\/\"},{\"@type\":\"ListItem\",\"position\":2,\"name\":\"\u201cLa Maleta de Violeta\u201d se fue de viaje a visitar a los ni\u00f1os de INTEGRA\"}]},{\"@type\":\"WebSite\",\"@id\":\"http:\/\/vientosur.top\/museo\/#website\",\"url\":\"http:\/\/vientosur.top\/museo\/\",\"name\":\"Museo Violeta Parra\",\"description\":\"Espacio que alberga tanto la memoria y legado creativo de la artista\",\"potentialAction\":[{\"@type\":\"SearchAction\",\"target\":{\"@type\":\"EntryPoint\",\"urlTemplate\":\"http:\/\/vientosur.top\/museo\/?s={search_term_string}\"},\"query-input\":{\"@type\":\"PropertyValueSpecification\",\"valueRequired\":true,\"valueName\":\"search_term_string\"}}],\"inLanguage\":\"es\"},{\"@type\":\"Person\",\"@id\":\"http:\/\/vientosur.top\/museo\/#\/schema\/person\/20c79d3c38800971feec8c2693c3dd9c\",\"name\":\"admin\",\"image\":{\"@type\":\"ImageObject\",\"inLanguage\":\"es\",\"@id\":\"http:\/\/vientosur.top\/museo\/#\/schema\/person\/image\/\",\"url\":\"https:\/\/secure.gravatar.com\/avatar\/713677ece3ffa642287213a80e5b773bce9ab81c269dd6d95102a990951c922f?s=96&d=mm&r=g\",\"contentUrl\":\"https:\/\/secure.gravatar.com\/avatar\/713677ece3ffa642287213a80e5b773bce9ab81c269dd6d95102a990951c922f?s=96&d=mm&r=g\",\"caption\":\"admin\"},\"sameAs\":[\"http:\/\/vientosur.top\/museo\"],\"url\":\"http:\/\/vientosur.top\/museo\/author\/comunicacionesmvp\/\"}]}<\/script>\n<!-- \/ Yoast SEO plugin. -->","yoast_head_json":{"title":"\u201cLa Maleta de Violeta\u201d se fue de viaje a visitar a los ni\u00f1os de INTEGRA - Museo Violeta Parra","robots":{"index":"index","follow":"follow","max-snippet":"max-snippet:-1","max-image-preview":"max-image-preview:large","max-video-preview":"max-video-preview:-1"},"canonical":"http:\/\/vientosur.top\/museo\/la-maleta-violeta-se-fue-viaje-visitar-los-ninos-integra\/","og_locale":"es_ES","og_type":"article","og_title":"\u201cLa Maleta de Violeta\u201d se fue de viaje a visitar a los ni\u00f1os de INTEGRA - Museo Violeta Parra","og_description":"La muestra itinerante del Museo Violeta Parra se present\u00f3 en el Jard\u00edn Infantil \u201cLos Alerces\u201d, de\u00a0 San Joaqu\u00edn, en \u00a0La Legua. \u00a0 Al menos ocho establecimientos escolares de educaci\u00f3n p\u00fablica son visitados anualmente con el programa \u00abLa\u00a0Maleta de Violeta\u00bb en las comunidades pr\u00f3ximas de las comunas de San Joaqu\u00edn,\u00a0Estaci\u00f3n Central, Pe\u00f1alol\u00e9n y otras de la [&hellip;]","og_url":"http:\/\/vientosur.top\/museo\/la-maleta-violeta-se-fue-viaje-visitar-los-ninos-integra\/","og_site_name":"Museo Violeta Parra","article_published_time":"2019-05-28T23:00:32+00:00","og_image":[{"width":1440,"height":1072,"url":"http:\/\/vientosur.top\/museo\/wp-content\/uploads\/2019\/06\/Maleta-Integra.jpg","type":"image\/jpeg"}],"author":"admin","twitter_card":"summary_large_image","twitter_misc":{"Escrito por":"admin","Tiempo de lectura":"2 minutos"},"schema":{"@context":"https:\/\/schema.org","@graph":[{"@type":"WebPage","@id":"http:\/\/vientosur.top\/museo\/la-maleta-violeta-se-fue-viaje-visitar-los-ninos-integra\/","url":"http:\/\/vientosur.top\/museo\/la-maleta-violeta-se-fue-viaje-visitar-los-ninos-integra\/","name":"\u201cLa Maleta de Violeta\u201d se fue de viaje a visitar a los ni\u00f1os de INTEGRA - Museo Violeta Parra","isPartOf":{"@id":"http:\/\/vientosur.top\/museo\/#website"},"primaryImageOfPage":{"@id":"http:\/\/vientosur.top\/museo\/la-maleta-violeta-se-fue-viaje-visitar-los-ninos-integra\/#primaryimage"},"image":{"@id":"http:\/\/vientosur.top\/museo\/la-maleta-violeta-se-fue-viaje-visitar-los-ninos-integra\/#primaryimage"},"thumbnailUrl":"http:\/\/vientosur.top\/museo\/wp-content\/uploads\/2019\/06\/Maleta-Integra.jpg","datePublished":"2019-05-28T23:00:32+00:00","author":{"@id":"http:\/\/vientosur.top\/museo\/#\/schema\/person\/20c79d3c38800971feec8c2693c3dd9c"},"breadcrumb":{"@id":"http:\/\/vientosur.top\/museo\/la-maleta-violeta-se-fue-viaje-visitar-los-ninos-integra\/#breadcrumb"},"inLanguage":"es","potentialAction":[{"@type":"ReadAction","target":["http:\/\/vientosur.top\/museo\/la-maleta-violeta-se-fue-viaje-visitar-los-ninos-integra\/"]}]},{"@type":"ImageObject","inLanguage":"es","@id":"http:\/\/vientosur.top\/museo\/la-maleta-violeta-se-fue-viaje-visitar-los-ninos-integra\/#primaryimage","url":"http:\/\/vientosur.top\/museo\/wp-content\/uploads\/2019\/06\/Maleta-Integra.jpg","contentUrl":"http:\/\/vientosur.top\/museo\/wp-content\/uploads\/2019\/06\/Maleta-Integra.jpg","width":1440,"height":1072},{"@type":"BreadcrumbList","@id":"http:\/\/vientosur.top\/museo\/la-maleta-violeta-se-fue-viaje-visitar-los-ninos-integra\/#breadcrumb","itemListElement":[{"@type":"ListItem","position":1,"name":"Portada","item":"http:\/\/vientosur.top\/museo\/"},{"@type":"ListItem","position":2,"name":"\u201cLa Maleta de Violeta\u201d se fue de viaje a visitar a los ni\u00f1os de INTEGRA"}]},{"@type":"WebSite","@id":"http:\/\/vientosur.top\/museo\/#website","url":"http:\/\/vientosur.top\/museo\/","name":"Museo Violeta Parra","description":"Espacio que alberga tanto la memoria y legado creativo de la artista","potentialAction":[{"@type":"SearchAction","target":{"@type":"EntryPoint","urlTemplate":"http:\/\/vientosur.top\/museo\/?s={search_term_string}"},"query-input":{"@type":"PropertyValueSpecification","valueRequired":true,"valueName":"search_term_string"}}],"inLanguage":"es"},{"@type":"Person","@id":"http:\/\/vientosur.top\/museo\/#\/schema\/person\/20c79d3c38800971feec8c2693c3dd9c","name":"admin","image":{"@type":"ImageObject","inLanguage":"es","@id":"http:\/\/vientosur.top\/museo\/#\/schema\/person\/image\/","url":"https:\/\/secure.gravatar.com\/avatar\/713677ece3ffa642287213a80e5b773bce9ab81c269dd6d95102a990951c922f?s=96&d=mm&r=g","contentUrl":"https:\/\/secure.gravatar.com\/avatar\/713677ece3ffa642287213a80e5b773bce9ab81c269dd6d95102a990951c922f?s=96&d=mm&r=g","caption":"admin"},"sameAs":["http:\/\/vientosur.top\/museo"],"url":"http:\/\/vientosur.top\/museo\/author\/comunicacionesmvp\/"}]}},"_links":{"self":[{"href":"http:\/\/vientosur.top\/museo\/wp-json\/wp\/v2\/posts\/19714","targetHints":{"allow":["GET"]}}],"collection":[{"href":"http:\/\/vientosur.top\/museo\/wp-json\/wp\/v2\/posts"}],"about":[{"href":"http:\/\/vientosur.top\/museo\/wp-json\/wp\/v2\/types\/post"}],"author":[{"embeddable":true,"href":"http:\/\/vientosur.top\/museo\/wp-json\/wp\/v2\/users\/5"}],"replies":[{"embeddable":true,"href":"http:\/\/vientosur.top\/museo\/wp-json\/wp\/v2\/comments?post=19714"}],"version-history":[{"count":0,"href":"http:\/\/vientosur.top\/museo\/wp-json\/wp\/v2\/posts\/19714\/revisions"}],"wp:featuredmedia":[{"embeddable":true,"href":"http:\/\/vientosur.top\/museo\/wp-json\/wp\/v2\/media\/19715"}],"wp:attachment":[{"href":"http:\/\/vientosur.top\/museo\/wp-json\/wp\/v2\/media?parent=19714"}],"wp:term":[{"taxonomy":"category","embeddable":true,"href":"http:\/\/vientosur.top\/museo\/wp-json\/wp\/v2\/categories?post=19714"},{"taxonomy":"post_tag","embeddable":true,"href":"http:\/\/vientosur.top\/museo\/wp-json\/wp\/v2\/tags?post=19714"}],"curies":[{"name":"wp","href":"https:\/\/api.w.org\/{rel}","templated":true}]}}