{"id":19725,"date":"2019-06-18T12:20:35","date_gmt":"2019-06-18T17:20:35","guid":{"rendered":"http:\/\/vientosur.top\/museo\/?p=19725"},"modified":"2019-06-18T12:20:35","modified_gmt":"2019-06-18T17:20:35","slug":"museo-violeta-parra-celebra-la-noche-san-juan-canto-lo-poeta-ritos-tradicionales","status":"publish","type":"post","link":"http:\/\/vientosur.top\/museo\/museo-violeta-parra-celebra-la-noche-san-juan-canto-lo-poeta-ritos-tradicionales\/","title":{"rendered":"Museo Violeta Parra celebr\u00f3 la Noche de San Juan con canto a lo poeta y ritos tradicionales"},"content":{"rendered":"<p><strong>La instituci\u00f3n rememora esta importante fiesta ligada al campo chileno.<br \/>\n<\/strong><br \/>\nEn 2017, el Museo Violeta Parra realiz\u00f3 por primera vez la conmemoraci\u00f3n de la Noche de San Juan y congreg\u00f3 a cientos de personas en la explanada para una jornada de celebraci\u00f3n y recuperaci\u00f3n de esta fiesta tradicional. La actividad se repiti\u00f3 exitosamente al a\u00f1o siguiente y este 2019 tambi\u00e9n fue parte de la programaci\u00f3n anual del museo.<\/p>\n<p>La Noche de San Juan se celebr\u00f3 este domingo 23 de junio, en la explanada. La jornada comenz\u00f3 con las palabras de Soledad Manterola, presidenta de la Corporaci\u00f3n Cultural Fidel Sep\u00falveda Llanos. Sigui\u00f3 con una rueda de canto a lo divino, dedicado a San Juan Bautista, con los m\u00fasicos Francisco Astorga, Myriam Arancibia y Alexis Y\u00e1\u00f1ez, quienes tambi\u00e9n interpretaron d\u00e9cimas a lo humano.<\/p>\n<p>El p\u00fablico particip\u00f3 de los ritos propios de esta fiesta y de la creaci\u00f3n culinaria del Museo Violeta Parra: las empanadas de estofado de San Juan.<\/p>\n<p>\u201cLa Noche de San Juan conserva la tradici\u00f3n arraigada en el campo chileno y es una muestra de nuestra identidad. Como instituci\u00f3n, tenemos el objetivo y la misi\u00f3n de rescatar, expandir y sostener las expresiones populares\u201d, se\u00f1ala Cecilia Garc\u00eda-Huidobro, Directora del Museo Violeta Parra.<\/p>\n<p>&nbsp;<\/p>\n","protected":false},"excerpt":{"rendered":"<p>La instituci\u00f3n rememora esta importante fiesta ligada al campo chileno. En 2017, el Museo Violeta Parra realiz\u00f3 por primera vez la conmemoraci\u00f3n de la Noche de San Juan y congreg\u00f3 a cientos de personas en la explanada para una jornada de celebraci\u00f3n y recuperaci\u00f3n de esta fiesta tradicional. La actividad se repiti\u00f3 exitosamente al a\u00f1o [&hellip;]<\/p>\n","protected":false},"author":5,"featured_media":19681,"comment_status":"open","ping_status":"open","sticky":false,"template":"","format":"standard","meta":{"site-sidebar-layout":"default","site-content-layout":"","ast-site-content-layout":"default","site-content-style":"default","site-sidebar-style":"default","ast-global-header-display":"","ast-banner-title-visibility":"","ast-main-header-display":"","ast-hfb-above-header-display":"","ast-hfb-below-header-display":"","ast-hfb-mobile-header-display":"","site-post-title":"","ast-breadcrumbs-content":"","ast-featured-img":"","footer-sml-layout":"","theme-transparent-header-meta":"","adv-header-id-meta":"","stick-header-meta":"","header-above-stick-meta":"","header-main-stick-meta":"","header-below-stick-meta":"","astra-migrate-meta-layouts":"default","ast-page-background-enabled":"default","ast-page-background-meta":{"desktop":{"background-color":"var(--ast-global-color-4)","background-image":"","background-repeat":"repeat","background-position":"center center","background-size":"auto","background-attachment":"scroll","background-type":"","background-media":"","overlay-type":"","overlay-color":"","overlay-opacity":"","overlay-gradient":""},"tablet":{"background-color":"","background-image":"","background-repeat":"repeat","background-position":"center center","background-size":"auto","background-attachment":"scroll","background-type":"","background-media":"","overlay-type":"","overlay-color":"","overlay-opacity":"","overlay-gradient":""},"mobile":{"background-color":"","background-image":"","background-repeat":"repeat","background-position":"center center","background-size":"auto","background-attachment":"scroll","background-type":"","background-media":"","overlay-type":"","overlay-color":"","overlay-opacity":"","overlay-gradient":""}},"ast-content-background-meta":{"desktop":{"background-color":"var(--ast-global-color-5)","background-image":"","background-repeat":"repeat","background-position":"center center","background-size":"auto","background-attachment":"scroll","background-type":"","background-media":"","overlay-type":"","overlay-color":"","overlay-opacity":"","overlay-gradient":""},"tablet":{"background-color":"var(--ast-global-color-5)","background-image":"","background-repeat":"repeat","background-position":"center center","background-size":"auto","background-attachment":"scroll","background-type":"","background-media":"","overlay-type":"","overlay-color":"","overlay-opacity":"","overlay-gradient":""},"mobile":{"background-color":"var(--ast-global-color-5)","background-image":"","background-repeat":"repeat","background-position":"center center","background-size":"auto","background-attachment":"scroll","background-type":"","background-media":"","overlay-type":"","overlay-color":"","overlay-opacity":"","overlay-gradient":""}},"footnotes":""},"categories":[59,8,61],"tags":[],"class_list":["post-19725","post","type-post","status-publish","format-standard","has-post-thumbnail","hentry","category-destacado-noticia","category-noticias","category-novedades"],"yoast_head":"<!-- This site is optimized with the Yoast SEO plugin v25.4 - https:\/\/yoast.com\/wordpress\/plugins\/seo\/ -->\n<title>Museo Violeta Parra celebr\u00f3 la Noche de San Juan con canto a lo poeta y ritos tradicionales - Museo Violeta Parra<\/title>\n<meta name=\"robots\" content=\"index, follow, max-snippet:-1, max-image-preview:large, max-video-preview:-1\" \/>\n<link rel=\"canonical\" href=\"http:\/\/vientosur.top\/museo\/museo-violeta-parra-celebra-la-noche-san-juan-canto-lo-poeta-ritos-tradicionales\/\" \/>\n<meta property=\"og:locale\" content=\"es_ES\" \/>\n<meta property=\"og:type\" content=\"article\" \/>\n<meta property=\"og:title\" content=\"Museo Violeta Parra celebr\u00f3 la Noche de San Juan con canto a lo poeta y ritos tradicionales - Museo Violeta Parra\" \/>\n<meta property=\"og:description\" content=\"La instituci\u00f3n rememora esta importante fiesta ligada al campo chileno. En 2017, el Museo Violeta Parra realiz\u00f3 por primera vez la conmemoraci\u00f3n de la Noche de San Juan y congreg\u00f3 a cientos de personas en la explanada para una jornada de celebraci\u00f3n y recuperaci\u00f3n de esta fiesta tradicional. La actividad se repiti\u00f3 exitosamente al a\u00f1o [&hellip;]\" \/>\n<meta property=\"og:url\" content=\"http:\/\/vientosur.top\/museo\/museo-violeta-parra-celebra-la-noche-san-juan-canto-lo-poeta-ritos-tradicionales\/\" \/>\n<meta property=\"og:site_name\" content=\"Museo Violeta Parra\" \/>\n<meta property=\"article:published_time\" content=\"2019-06-18T17:20:35+00:00\" \/>\n<meta property=\"og:image\" content=\"http:\/\/vientosur.top\/museo\/wp-content\/uploads\/2019\/06\/noche-de-san-juan-scaled.jpg\" \/>\n\t<meta property=\"og:image:width\" content=\"2560\" \/>\n\t<meta property=\"og:image:height\" content=\"1702\" \/>\n\t<meta property=\"og:image:type\" content=\"image\/jpeg\" \/>\n<meta name=\"author\" content=\"admin\" \/>\n<meta name=\"twitter:card\" content=\"summary_large_image\" \/>\n<meta name=\"twitter:label1\" content=\"Escrito por\" \/>\n\t<meta name=\"twitter:data1\" content=\"admin\" \/>\n\t<meta name=\"twitter:label2\" content=\"Tiempo de lectura\" \/>\n\t<meta name=\"twitter:data2\" content=\"1 minuto\" \/>\n<script type=\"application\/ld+json\" class=\"yoast-schema-graph\">{\"@context\":\"https:\/\/schema.org\",\"@graph\":[{\"@type\":\"WebPage\",\"@id\":\"http:\/\/vientosur.top\/museo\/museo-violeta-parra-celebra-la-noche-san-juan-canto-lo-poeta-ritos-tradicionales\/\",\"url\":\"http:\/\/vientosur.top\/museo\/museo-violeta-parra-celebra-la-noche-san-juan-canto-lo-poeta-ritos-tradicionales\/\",\"name\":\"Museo Violeta Parra celebr\u00f3 la Noche de San Juan con canto a lo poeta y ritos tradicionales - Museo Violeta Parra\",\"isPartOf\":{\"@id\":\"http:\/\/vientosur.top\/museo\/#website\"},\"primaryImageOfPage\":{\"@id\":\"http:\/\/vientosur.top\/museo\/museo-violeta-parra-celebra-la-noche-san-juan-canto-lo-poeta-ritos-tradicionales\/#primaryimage\"},\"image\":{\"@id\":\"http:\/\/vientosur.top\/museo\/museo-violeta-parra-celebra-la-noche-san-juan-canto-lo-poeta-ritos-tradicionales\/#primaryimage\"},\"thumbnailUrl\":\"http:\/\/vientosur.top\/museo\/wp-content\/uploads\/2019\/06\/noche-de-san-juan-scaled.jpg\",\"datePublished\":\"2019-06-18T17:20:35+00:00\",\"author\":{\"@id\":\"http:\/\/vientosur.top\/museo\/#\/schema\/person\/20c79d3c38800971feec8c2693c3dd9c\"},\"breadcrumb\":{\"@id\":\"http:\/\/vientosur.top\/museo\/museo-violeta-parra-celebra-la-noche-san-juan-canto-lo-poeta-ritos-tradicionales\/#breadcrumb\"},\"inLanguage\":\"es\",\"potentialAction\":[{\"@type\":\"ReadAction\",\"target\":[\"http:\/\/vientosur.top\/museo\/museo-violeta-parra-celebra-la-noche-san-juan-canto-lo-poeta-ritos-tradicionales\/\"]}]},{\"@type\":\"ImageObject\",\"inLanguage\":\"es\",\"@id\":\"http:\/\/vientosur.top\/museo\/museo-violeta-parra-celebra-la-noche-san-juan-canto-lo-poeta-ritos-tradicionales\/#primaryimage\",\"url\":\"http:\/\/vientosur.top\/museo\/wp-content\/uploads\/2019\/06\/noche-de-san-juan-scaled.jpg\",\"contentUrl\":\"http:\/\/vientosur.top\/museo\/wp-content\/uploads\/2019\/06\/noche-de-san-juan-scaled.jpg\",\"width\":2560,\"height\":1702},{\"@type\":\"BreadcrumbList\",\"@id\":\"http:\/\/vientosur.top\/museo\/museo-violeta-parra-celebra-la-noche-san-juan-canto-lo-poeta-ritos-tradicionales\/#breadcrumb\",\"itemListElement\":[{\"@type\":\"ListItem\",\"position\":1,\"name\":\"Portada\",\"item\":\"http:\/\/vientosur.top\/museo\/\"},{\"@type\":\"ListItem\",\"position\":2,\"name\":\"Museo Violeta Parra celebr\u00f3 la Noche de San Juan con canto a lo poeta y ritos tradicionales\"}]},{\"@type\":\"WebSite\",\"@id\":\"http:\/\/vientosur.top\/museo\/#website\",\"url\":\"http:\/\/vientosur.top\/museo\/\",\"name\":\"Museo Violeta Parra\",\"description\":\"Espacio que alberga tanto la memoria y legado creativo de la artista\",\"potentialAction\":[{\"@type\":\"SearchAction\",\"target\":{\"@type\":\"EntryPoint\",\"urlTemplate\":\"http:\/\/vientosur.top\/museo\/?s={search_term_string}\"},\"query-input\":{\"@type\":\"PropertyValueSpecification\",\"valueRequired\":true,\"valueName\":\"search_term_string\"}}],\"inLanguage\":\"es\"},{\"@type\":\"Person\",\"@id\":\"http:\/\/vientosur.top\/museo\/#\/schema\/person\/20c79d3c38800971feec8c2693c3dd9c\",\"name\":\"admin\",\"image\":{\"@type\":\"ImageObject\",\"inLanguage\":\"es\",\"@id\":\"http:\/\/vientosur.top\/museo\/#\/schema\/person\/image\/\",\"url\":\"https:\/\/secure.gravatar.com\/avatar\/713677ece3ffa642287213a80e5b773bce9ab81c269dd6d95102a990951c922f?s=96&d=mm&r=g\",\"contentUrl\":\"https:\/\/secure.gravatar.com\/avatar\/713677ece3ffa642287213a80e5b773bce9ab81c269dd6d95102a990951c922f?s=96&d=mm&r=g\",\"caption\":\"admin\"},\"sameAs\":[\"http:\/\/vientosur.top\/museo\"],\"url\":\"http:\/\/vientosur.top\/museo\/author\/comunicacionesmvp\/\"}]}<\/script>\n<!-- \/ Yoast SEO plugin. -->","yoast_head_json":{"title":"Museo Violeta Parra celebr\u00f3 la Noche de San Juan con canto a lo poeta y ritos tradicionales - Museo Violeta Parra","robots":{"index":"index","follow":"follow","max-snippet":"max-snippet:-1","max-image-preview":"max-image-preview:large","max-video-preview":"max-video-preview:-1"},"canonical":"http:\/\/vientosur.top\/museo\/museo-violeta-parra-celebra-la-noche-san-juan-canto-lo-poeta-ritos-tradicionales\/","og_locale":"es_ES","og_type":"article","og_title":"Museo Violeta Parra celebr\u00f3 la Noche de San Juan con canto a lo poeta y ritos tradicionales - Museo Violeta Parra","og_description":"La instituci\u00f3n rememora esta importante fiesta ligada al campo chileno. En 2017, el Museo Violeta Parra realiz\u00f3 por primera vez la conmemoraci\u00f3n de la Noche de San Juan y congreg\u00f3 a cientos de personas en la explanada para una jornada de celebraci\u00f3n y recuperaci\u00f3n de esta fiesta tradicional. La actividad se repiti\u00f3 exitosamente al a\u00f1o [&hellip;]","og_url":"http:\/\/vientosur.top\/museo\/museo-violeta-parra-celebra-la-noche-san-juan-canto-lo-poeta-ritos-tradicionales\/","og_site_name":"Museo Violeta Parra","article_published_time":"2019-06-18T17:20:35+00:00","og_image":[{"width":2560,"height":1702,"url":"http:\/\/vientosur.top\/museo\/wp-content\/uploads\/2019\/06\/noche-de-san-juan-scaled.jpg","type":"image\/jpeg"}],"author":"admin","twitter_card":"summary_large_image","twitter_misc":{"Escrito por":"admin","Tiempo de lectura":"1 minuto"},"schema":{"@context":"https:\/\/schema.org","@graph":[{"@type":"WebPage","@id":"http:\/\/vientosur.top\/museo\/museo-violeta-parra-celebra-la-noche-san-juan-canto-lo-poeta-ritos-tradicionales\/","url":"http:\/\/vientosur.top\/museo\/museo-violeta-parra-celebra-la-noche-san-juan-canto-lo-poeta-ritos-tradicionales\/","name":"Museo Violeta Parra celebr\u00f3 la Noche de San Juan con canto a lo poeta y ritos tradicionales - Museo Violeta Parra","isPartOf":{"@id":"http:\/\/vientosur.top\/museo\/#website"},"primaryImageOfPage":{"@id":"http:\/\/vientosur.top\/museo\/museo-violeta-parra-celebra-la-noche-san-juan-canto-lo-poeta-ritos-tradicionales\/#primaryimage"},"image":{"@id":"http:\/\/vientosur.top\/museo\/museo-violeta-parra-celebra-la-noche-san-juan-canto-lo-poeta-ritos-tradicionales\/#primaryimage"},"thumbnailUrl":"http:\/\/vientosur.top\/museo\/wp-content\/uploads\/2019\/06\/noche-de-san-juan-scaled.jpg","datePublished":"2019-06-18T17:20:35+00:00","author":{"@id":"http:\/\/vientosur.top\/museo\/#\/schema\/person\/20c79d3c38800971feec8c2693c3dd9c"},"breadcrumb":{"@id":"http:\/\/vientosur.top\/museo\/museo-violeta-parra-celebra-la-noche-san-juan-canto-lo-poeta-ritos-tradicionales\/#breadcrumb"},"inLanguage":"es","potentialAction":[{"@type":"ReadAction","target":["http:\/\/vientosur.top\/museo\/museo-violeta-parra-celebra-la-noche-san-juan-canto-lo-poeta-ritos-tradicionales\/"]}]},{"@type":"ImageObject","inLanguage":"es","@id":"http:\/\/vientosur.top\/museo\/museo-violeta-parra-celebra-la-noche-san-juan-canto-lo-poeta-ritos-tradicionales\/#primaryimage","url":"http:\/\/vientosur.top\/museo\/wp-content\/uploads\/2019\/06\/noche-de-san-juan-scaled.jpg","contentUrl":"http:\/\/vientosur.top\/museo\/wp-content\/uploads\/2019\/06\/noche-de-san-juan-scaled.jpg","width":2560,"height":1702},{"@type":"BreadcrumbList","@id":"http:\/\/vientosur.top\/museo\/museo-violeta-parra-celebra-la-noche-san-juan-canto-lo-poeta-ritos-tradicionales\/#breadcrumb","itemListElement":[{"@type":"ListItem","position":1,"name":"Portada","item":"http:\/\/vientosur.top\/museo\/"},{"@type":"ListItem","position":2,"name":"Museo Violeta Parra celebr\u00f3 la Noche de San Juan con canto a lo poeta y ritos tradicionales"}]},{"@type":"WebSite","@id":"http:\/\/vientosur.top\/museo\/#website","url":"http:\/\/vientosur.top\/museo\/","name":"Museo Violeta Parra","description":"Espacio que alberga tanto la memoria y legado creativo de la artista","potentialAction":[{"@type":"SearchAction","target":{"@type":"EntryPoint","urlTemplate":"http:\/\/vientosur.top\/museo\/?s={search_term_string}"},"query-input":{"@type":"PropertyValueSpecification","valueRequired":true,"valueName":"search_term_string"}}],"inLanguage":"es"},{"@type":"Person","@id":"http:\/\/vientosur.top\/museo\/#\/schema\/person\/20c79d3c38800971feec8c2693c3dd9c","name":"admin","image":{"@type":"ImageObject","inLanguage":"es","@id":"http:\/\/vientosur.top\/museo\/#\/schema\/person\/image\/","url":"https:\/\/secure.gravatar.com\/avatar\/713677ece3ffa642287213a80e5b773bce9ab81c269dd6d95102a990951c922f?s=96&d=mm&r=g","contentUrl":"https:\/\/secure.gravatar.com\/avatar\/713677ece3ffa642287213a80e5b773bce9ab81c269dd6d95102a990951c922f?s=96&d=mm&r=g","caption":"admin"},"sameAs":["http:\/\/vientosur.top\/museo"],"url":"http:\/\/vientosur.top\/museo\/author\/comunicacionesmvp\/"}]}},"_links":{"self":[{"href":"http:\/\/vientosur.top\/museo\/wp-json\/wp\/v2\/posts\/19725","targetHints":{"allow":["GET"]}}],"collection":[{"href":"http:\/\/vientosur.top\/museo\/wp-json\/wp\/v2\/posts"}],"about":[{"href":"http:\/\/vientosur.top\/museo\/wp-json\/wp\/v2\/types\/post"}],"author":[{"embeddable":true,"href":"http:\/\/vientosur.top\/museo\/wp-json\/wp\/v2\/users\/5"}],"replies":[{"embeddable":true,"href":"http:\/\/vientosur.top\/museo\/wp-json\/wp\/v2\/comments?post=19725"}],"version-history":[{"count":0,"href":"http:\/\/vientosur.top\/museo\/wp-json\/wp\/v2\/posts\/19725\/revisions"}],"wp:featuredmedia":[{"embeddable":true,"href":"http:\/\/vientosur.top\/museo\/wp-json\/wp\/v2\/media\/19681"}],"wp:attachment":[{"href":"http:\/\/vientosur.top\/museo\/wp-json\/wp\/v2\/media?parent=19725"}],"wp:term":[{"taxonomy":"category","embeddable":true,"href":"http:\/\/vientosur.top\/museo\/wp-json\/wp\/v2\/categories?post=19725"},{"taxonomy":"post_tag","embeddable":true,"href":"http:\/\/vientosur.top\/museo\/wp-json\/wp\/v2\/tags?post=19725"}],"curies":[{"name":"wp","href":"https:\/\/api.w.org\/{rel}","templated":true}]}}