{"id":19748,"date":"2019-06-24T10:57:41","date_gmt":"2019-06-24T15:57:41","guid":{"rendered":"http:\/\/vientosur.top\/museo\/?p=19748"},"modified":"2019-06-24T10:57:41","modified_gmt":"2019-06-24T15:57:41","slug":"cerca-1-300-personas-participaron-del-ano-nuevo-mapuche-museo-violeta-parra","status":"publish","type":"post","link":"http:\/\/vientosur.top\/museo\/cerca-1-300-personas-participaron-del-ano-nuevo-mapuche-museo-violeta-parra\/","title":{"rendered":"Cerca de 1.300 personas participaron del A\u00f1o Nuevo Mapuche en Museo Violeta Parra"},"content":{"rendered":"<p><strong>La celebraci\u00f3n de We Tripantu en el museo fue encabezada por el kimche (sabio de la palabra) Jos\u00e9 Llancafil Cayul y la cantautora Luisa Astorga.<\/strong><\/p>\n<p>Un masivo inter\u00e9s en el p\u00fablico concit\u00f3 la celebraci\u00f3n del We Tripantu en Museo Violeta Parra. La ceremonia de A\u00f1o Nuevo Mapuche congreg\u00f3 a m\u00e1s de 1.280 personas, la tarde de este s\u00e1bado, en la explanada del recinto para contemplar y conocer esta tradici\u00f3n del pueblo mapuche.<br \/>\nEn su tercera versi\u00f3n (antes se realiz\u00f3 en 2017 y 2018), la rogativa estuvo a cargo del kimche (sabio de la palabra) Jos\u00e9 Llancafil Cayul, poeta y orador de Carahue con m\u00e1s de 30 a\u00f1os de trayectoria cultural y literaria. Tambi\u00e9n se realiz\u00f3 la tradicional danza del rehu\u00e9 acompa\u00f1ada de instumentos en vivo como trutruca, cultr\u00fan y trompe. La actividad cerr\u00f3 con un purr\u00fan (danza grupal) abierto al p\u00fablico, que congreg\u00f3 a m\u00e1s de 100 de los asistentes. Finalmente, la cantautora Estela Astorga hizo una bendici\u00f3n a la Sala La Jardinera del museo.<br \/>\n<a href=\"http:\/\/vientosur.top\/museo\/wp-content\/uploads\/2019\/06\/DSC_0674.jpg\"><img fetchpriority=\"high\" decoding=\"async\" class=\"alignleft wp-image-19751 size-medium\" src=\"http:\/\/vientosur.top\/museo\/wp-content\/uploads\/2019\/06\/DSC_0674-300x200.jpg\" alt=\"\" width=\"300\" height=\"200\" \/><\/a>\u201cLa celebraci\u00f3n del We Tripantu en Museo Violeta Parra se enmarca en la cercana y estrecha relaci\u00f3n que tuvo la artista nacional con el pueblo mapuche\u201d, se\u00f1ala Cecilia Garc\u00eda-Huidobro, Directora del Museo Violeta Parra. \u201cSu trabajo con la machi Mar\u00eda Pain\u00e9n y sus estad\u00edas en Lautaro, Millelche, Rucahue o Labranza, influyeron poderosamente en su m\u00fasica y poes\u00eda, por lo que el museo es un espacio validado y pertinente para la realizar esta significativa ceremonia\u201d, agrega la Directora.<br \/>\nEn el marco del D\u00eda de los Pueblos Ind\u00edgenas, este domingo el Museo Violeta Parra exhibir\u00e1 dos funciones gratuitas de la 13\u00b0 Muestra de Cine+Video Ind\u00edgena: un programa infantil (12:00 horas) y un programa especial sobre pueblo mapuche (16:00 horas).<\/p>\n<p>&nbsp;<\/p>\n","protected":false},"excerpt":{"rendered":"<p>La celebraci\u00f3n de We Tripantu en el museo fue encabezada por el kimche (sabio de la palabra) Jos\u00e9 Llancafil Cayul y la cantautora Luisa Astorga. Un masivo inter\u00e9s en el p\u00fablico concit\u00f3 la celebraci\u00f3n del We Tripantu en Museo Violeta Parra. La ceremonia de A\u00f1o Nuevo Mapuche congreg\u00f3 a m\u00e1s de 1.280 personas, la tarde [&hellip;]<\/p>\n","protected":false},"author":5,"featured_media":19749,"comment_status":"open","ping_status":"open","sticky":false,"template":"","format":"standard","meta":{"site-sidebar-layout":"default","site-content-layout":"","ast-site-content-layout":"default","site-content-style":"default","site-sidebar-style":"default","ast-global-header-display":"","ast-banner-title-visibility":"","ast-main-header-display":"","ast-hfb-above-header-display":"","ast-hfb-below-header-display":"","ast-hfb-mobile-header-display":"","site-post-title":"","ast-breadcrumbs-content":"","ast-featured-img":"","footer-sml-layout":"","theme-transparent-header-meta":"","adv-header-id-meta":"","stick-header-meta":"","header-above-stick-meta":"","header-main-stick-meta":"","header-below-stick-meta":"","astra-migrate-meta-layouts":"default","ast-page-background-enabled":"default","ast-page-background-meta":{"desktop":{"background-color":"var(--ast-global-color-4)","background-image":"","background-repeat":"repeat","background-position":"center center","background-size":"auto","background-attachment":"scroll","background-type":"","background-media":"","overlay-type":"","overlay-color":"","overlay-opacity":"","overlay-gradient":""},"tablet":{"background-color":"","background-image":"","background-repeat":"repeat","background-position":"center center","background-size":"auto","background-attachment":"scroll","background-type":"","background-media":"","overlay-type":"","overlay-color":"","overlay-opacity":"","overlay-gradient":""},"mobile":{"background-color":"","background-image":"","background-repeat":"repeat","background-position":"center center","background-size":"auto","background-attachment":"scroll","background-type":"","background-media":"","overlay-type":"","overlay-color":"","overlay-opacity":"","overlay-gradient":""}},"ast-content-background-meta":{"desktop":{"background-color":"var(--ast-global-color-5)","background-image":"","background-repeat":"repeat","background-position":"center center","background-size":"auto","background-attachment":"scroll","background-type":"","background-media":"","overlay-type":"","overlay-color":"","overlay-opacity":"","overlay-gradient":""},"tablet":{"background-color":"var(--ast-global-color-5)","background-image":"","background-repeat":"repeat","background-position":"center center","background-size":"auto","background-attachment":"scroll","background-type":"","background-media":"","overlay-type":"","overlay-color":"","overlay-opacity":"","overlay-gradient":""},"mobile":{"background-color":"var(--ast-global-color-5)","background-image":"","background-repeat":"repeat","background-position":"center center","background-size":"auto","background-attachment":"scroll","background-type":"","background-media":"","overlay-type":"","overlay-color":"","overlay-opacity":"","overlay-gradient":""}},"footnotes":""},"categories":[59,8,61],"tags":[],"class_list":["post-19748","post","type-post","status-publish","format-standard","has-post-thumbnail","hentry","category-destacado-noticia","category-noticias","category-novedades"],"yoast_head":"<!-- This site is optimized with the Yoast SEO plugin v25.4 - https:\/\/yoast.com\/wordpress\/plugins\/seo\/ -->\n<title>Cerca de 1.300 personas participaron del A\u00f1o Nuevo Mapuche en Museo Violeta Parra - Museo Violeta Parra<\/title>\n<meta name=\"robots\" content=\"index, follow, max-snippet:-1, max-image-preview:large, max-video-preview:-1\" \/>\n<link rel=\"canonical\" href=\"http:\/\/vientosur.top\/museo\/cerca-1-300-personas-participaron-del-ano-nuevo-mapuche-museo-violeta-parra\/\" \/>\n<meta property=\"og:locale\" content=\"es_ES\" \/>\n<meta property=\"og:type\" content=\"article\" \/>\n<meta property=\"og:title\" content=\"Cerca de 1.300 personas participaron del A\u00f1o Nuevo Mapuche en Museo Violeta Parra - Museo Violeta Parra\" \/>\n<meta property=\"og:description\" content=\"La celebraci\u00f3n de We Tripantu en el museo fue encabezada por el kimche (sabio de la palabra) Jos\u00e9 Llancafil Cayul y la cantautora Luisa Astorga. Un masivo inter\u00e9s en el p\u00fablico concit\u00f3 la celebraci\u00f3n del We Tripantu en Museo Violeta Parra. La ceremonia de A\u00f1o Nuevo Mapuche congreg\u00f3 a m\u00e1s de 1.280 personas, la tarde [&hellip;]\" \/>\n<meta property=\"og:url\" content=\"http:\/\/vientosur.top\/museo\/cerca-1-300-personas-participaron-del-ano-nuevo-mapuche-museo-violeta-parra\/\" \/>\n<meta property=\"og:site_name\" content=\"Museo Violeta Parra\" \/>\n<meta property=\"article:published_time\" content=\"2019-06-24T15:57:41+00:00\" \/>\n<meta property=\"og:image\" content=\"http:\/\/vientosur.top\/museo\/wp-content\/uploads\/2019\/06\/DSC_0734.jpg\" \/>\n\t<meta property=\"og:image:width\" content=\"2000\" \/>\n\t<meta property=\"og:image:height\" content=\"1330\" \/>\n\t<meta property=\"og:image:type\" content=\"image\/jpeg\" \/>\n<meta name=\"author\" content=\"admin\" \/>\n<meta name=\"twitter:card\" content=\"summary_large_image\" \/>\n<meta name=\"twitter:label1\" content=\"Escrito por\" \/>\n\t<meta name=\"twitter:data1\" content=\"admin\" \/>\n\t<meta name=\"twitter:label2\" content=\"Tiempo de lectura\" \/>\n\t<meta name=\"twitter:data2\" content=\"2 minutos\" \/>\n<script type=\"application\/ld+json\" class=\"yoast-schema-graph\">{\"@context\":\"https:\/\/schema.org\",\"@graph\":[{\"@type\":\"WebPage\",\"@id\":\"http:\/\/vientosur.top\/museo\/cerca-1-300-personas-participaron-del-ano-nuevo-mapuche-museo-violeta-parra\/\",\"url\":\"http:\/\/vientosur.top\/museo\/cerca-1-300-personas-participaron-del-ano-nuevo-mapuche-museo-violeta-parra\/\",\"name\":\"Cerca de 1.300 personas participaron del A\u00f1o Nuevo Mapuche en Museo Violeta Parra - Museo Violeta Parra\",\"isPartOf\":{\"@id\":\"http:\/\/vientosur.top\/museo\/#website\"},\"primaryImageOfPage\":{\"@id\":\"http:\/\/vientosur.top\/museo\/cerca-1-300-personas-participaron-del-ano-nuevo-mapuche-museo-violeta-parra\/#primaryimage\"},\"image\":{\"@id\":\"http:\/\/vientosur.top\/museo\/cerca-1-300-personas-participaron-del-ano-nuevo-mapuche-museo-violeta-parra\/#primaryimage\"},\"thumbnailUrl\":\"http:\/\/vientosur.top\/museo\/wp-content\/uploads\/2019\/06\/DSC_0734.jpg\",\"datePublished\":\"2019-06-24T15:57:41+00:00\",\"author\":{\"@id\":\"http:\/\/vientosur.top\/museo\/#\/schema\/person\/20c79d3c38800971feec8c2693c3dd9c\"},\"breadcrumb\":{\"@id\":\"http:\/\/vientosur.top\/museo\/cerca-1-300-personas-participaron-del-ano-nuevo-mapuche-museo-violeta-parra\/#breadcrumb\"},\"inLanguage\":\"es\",\"potentialAction\":[{\"@type\":\"ReadAction\",\"target\":[\"http:\/\/vientosur.top\/museo\/cerca-1-300-personas-participaron-del-ano-nuevo-mapuche-museo-violeta-parra\/\"]}]},{\"@type\":\"ImageObject\",\"inLanguage\":\"es\",\"@id\":\"http:\/\/vientosur.top\/museo\/cerca-1-300-personas-participaron-del-ano-nuevo-mapuche-museo-violeta-parra\/#primaryimage\",\"url\":\"http:\/\/vientosur.top\/museo\/wp-content\/uploads\/2019\/06\/DSC_0734.jpg\",\"contentUrl\":\"http:\/\/vientosur.top\/museo\/wp-content\/uploads\/2019\/06\/DSC_0734.jpg\",\"width\":2000,\"height\":1330},{\"@type\":\"BreadcrumbList\",\"@id\":\"http:\/\/vientosur.top\/museo\/cerca-1-300-personas-participaron-del-ano-nuevo-mapuche-museo-violeta-parra\/#breadcrumb\",\"itemListElement\":[{\"@type\":\"ListItem\",\"position\":1,\"name\":\"Portada\",\"item\":\"http:\/\/vientosur.top\/museo\/\"},{\"@type\":\"ListItem\",\"position\":2,\"name\":\"Cerca de 1.300 personas participaron del A\u00f1o Nuevo Mapuche en Museo Violeta Parra\"}]},{\"@type\":\"WebSite\",\"@id\":\"http:\/\/vientosur.top\/museo\/#website\",\"url\":\"http:\/\/vientosur.top\/museo\/\",\"name\":\"Museo Violeta Parra\",\"description\":\"Espacio que alberga tanto la memoria y legado creativo de la artista\",\"potentialAction\":[{\"@type\":\"SearchAction\",\"target\":{\"@type\":\"EntryPoint\",\"urlTemplate\":\"http:\/\/vientosur.top\/museo\/?s={search_term_string}\"},\"query-input\":{\"@type\":\"PropertyValueSpecification\",\"valueRequired\":true,\"valueName\":\"search_term_string\"}}],\"inLanguage\":\"es\"},{\"@type\":\"Person\",\"@id\":\"http:\/\/vientosur.top\/museo\/#\/schema\/person\/20c79d3c38800971feec8c2693c3dd9c\",\"name\":\"admin\",\"image\":{\"@type\":\"ImageObject\",\"inLanguage\":\"es\",\"@id\":\"http:\/\/vientosur.top\/museo\/#\/schema\/person\/image\/\",\"url\":\"https:\/\/secure.gravatar.com\/avatar\/713677ece3ffa642287213a80e5b773bce9ab81c269dd6d95102a990951c922f?s=96&d=mm&r=g\",\"contentUrl\":\"https:\/\/secure.gravatar.com\/avatar\/713677ece3ffa642287213a80e5b773bce9ab81c269dd6d95102a990951c922f?s=96&d=mm&r=g\",\"caption\":\"admin\"},\"sameAs\":[\"http:\/\/vientosur.top\/museo\"],\"url\":\"http:\/\/vientosur.top\/museo\/author\/comunicacionesmvp\/\"}]}<\/script>\n<!-- \/ Yoast SEO plugin. -->","yoast_head_json":{"title":"Cerca de 1.300 personas participaron del A\u00f1o Nuevo Mapuche en Museo Violeta Parra - Museo Violeta Parra","robots":{"index":"index","follow":"follow","max-snippet":"max-snippet:-1","max-image-preview":"max-image-preview:large","max-video-preview":"max-video-preview:-1"},"canonical":"http:\/\/vientosur.top\/museo\/cerca-1-300-personas-participaron-del-ano-nuevo-mapuche-museo-violeta-parra\/","og_locale":"es_ES","og_type":"article","og_title":"Cerca de 1.300 personas participaron del A\u00f1o Nuevo Mapuche en Museo Violeta Parra - Museo Violeta Parra","og_description":"La celebraci\u00f3n de We Tripantu en el museo fue encabezada por el kimche (sabio de la palabra) Jos\u00e9 Llancafil Cayul y la cantautora Luisa Astorga. Un masivo inter\u00e9s en el p\u00fablico concit\u00f3 la celebraci\u00f3n del We Tripantu en Museo Violeta Parra. La ceremonia de A\u00f1o Nuevo Mapuche congreg\u00f3 a m\u00e1s de 1.280 personas, la tarde [&hellip;]","og_url":"http:\/\/vientosur.top\/museo\/cerca-1-300-personas-participaron-del-ano-nuevo-mapuche-museo-violeta-parra\/","og_site_name":"Museo Violeta Parra","article_published_time":"2019-06-24T15:57:41+00:00","og_image":[{"width":2000,"height":1330,"url":"http:\/\/vientosur.top\/museo\/wp-content\/uploads\/2019\/06\/DSC_0734.jpg","type":"image\/jpeg"}],"author":"admin","twitter_card":"summary_large_image","twitter_misc":{"Escrito por":"admin","Tiempo de lectura":"2 minutos"},"schema":{"@context":"https:\/\/schema.org","@graph":[{"@type":"WebPage","@id":"http:\/\/vientosur.top\/museo\/cerca-1-300-personas-participaron-del-ano-nuevo-mapuche-museo-violeta-parra\/","url":"http:\/\/vientosur.top\/museo\/cerca-1-300-personas-participaron-del-ano-nuevo-mapuche-museo-violeta-parra\/","name":"Cerca de 1.300 personas participaron del A\u00f1o Nuevo Mapuche en Museo Violeta Parra - Museo Violeta Parra","isPartOf":{"@id":"http:\/\/vientosur.top\/museo\/#website"},"primaryImageOfPage":{"@id":"http:\/\/vientosur.top\/museo\/cerca-1-300-personas-participaron-del-ano-nuevo-mapuche-museo-violeta-parra\/#primaryimage"},"image":{"@id":"http:\/\/vientosur.top\/museo\/cerca-1-300-personas-participaron-del-ano-nuevo-mapuche-museo-violeta-parra\/#primaryimage"},"thumbnailUrl":"http:\/\/vientosur.top\/museo\/wp-content\/uploads\/2019\/06\/DSC_0734.jpg","datePublished":"2019-06-24T15:57:41+00:00","author":{"@id":"http:\/\/vientosur.top\/museo\/#\/schema\/person\/20c79d3c38800971feec8c2693c3dd9c"},"breadcrumb":{"@id":"http:\/\/vientosur.top\/museo\/cerca-1-300-personas-participaron-del-ano-nuevo-mapuche-museo-violeta-parra\/#breadcrumb"},"inLanguage":"es","potentialAction":[{"@type":"ReadAction","target":["http:\/\/vientosur.top\/museo\/cerca-1-300-personas-participaron-del-ano-nuevo-mapuche-museo-violeta-parra\/"]}]},{"@type":"ImageObject","inLanguage":"es","@id":"http:\/\/vientosur.top\/museo\/cerca-1-300-personas-participaron-del-ano-nuevo-mapuche-museo-violeta-parra\/#primaryimage","url":"http:\/\/vientosur.top\/museo\/wp-content\/uploads\/2019\/06\/DSC_0734.jpg","contentUrl":"http:\/\/vientosur.top\/museo\/wp-content\/uploads\/2019\/06\/DSC_0734.jpg","width":2000,"height":1330},{"@type":"BreadcrumbList","@id":"http:\/\/vientosur.top\/museo\/cerca-1-300-personas-participaron-del-ano-nuevo-mapuche-museo-violeta-parra\/#breadcrumb","itemListElement":[{"@type":"ListItem","position":1,"name":"Portada","item":"http:\/\/vientosur.top\/museo\/"},{"@type":"ListItem","position":2,"name":"Cerca de 1.300 personas participaron del A\u00f1o Nuevo Mapuche en Museo Violeta Parra"}]},{"@type":"WebSite","@id":"http:\/\/vientosur.top\/museo\/#website","url":"http:\/\/vientosur.top\/museo\/","name":"Museo Violeta Parra","description":"Espacio que alberga tanto la memoria y legado creativo de la artista","potentialAction":[{"@type":"SearchAction","target":{"@type":"EntryPoint","urlTemplate":"http:\/\/vientosur.top\/museo\/?s={search_term_string}"},"query-input":{"@type":"PropertyValueSpecification","valueRequired":true,"valueName":"search_term_string"}}],"inLanguage":"es"},{"@type":"Person","@id":"http:\/\/vientosur.top\/museo\/#\/schema\/person\/20c79d3c38800971feec8c2693c3dd9c","name":"admin","image":{"@type":"ImageObject","inLanguage":"es","@id":"http:\/\/vientosur.top\/museo\/#\/schema\/person\/image\/","url":"https:\/\/secure.gravatar.com\/avatar\/713677ece3ffa642287213a80e5b773bce9ab81c269dd6d95102a990951c922f?s=96&d=mm&r=g","contentUrl":"https:\/\/secure.gravatar.com\/avatar\/713677ece3ffa642287213a80e5b773bce9ab81c269dd6d95102a990951c922f?s=96&d=mm&r=g","caption":"admin"},"sameAs":["http:\/\/vientosur.top\/museo"],"url":"http:\/\/vientosur.top\/museo\/author\/comunicacionesmvp\/"}]}},"_links":{"self":[{"href":"http:\/\/vientosur.top\/museo\/wp-json\/wp\/v2\/posts\/19748","targetHints":{"allow":["GET"]}}],"collection":[{"href":"http:\/\/vientosur.top\/museo\/wp-json\/wp\/v2\/posts"}],"about":[{"href":"http:\/\/vientosur.top\/museo\/wp-json\/wp\/v2\/types\/post"}],"author":[{"embeddable":true,"href":"http:\/\/vientosur.top\/museo\/wp-json\/wp\/v2\/users\/5"}],"replies":[{"embeddable":true,"href":"http:\/\/vientosur.top\/museo\/wp-json\/wp\/v2\/comments?post=19748"}],"version-history":[{"count":0,"href":"http:\/\/vientosur.top\/museo\/wp-json\/wp\/v2\/posts\/19748\/revisions"}],"wp:featuredmedia":[{"embeddable":true,"href":"http:\/\/vientosur.top\/museo\/wp-json\/wp\/v2\/media\/19749"}],"wp:attachment":[{"href":"http:\/\/vientosur.top\/museo\/wp-json\/wp\/v2\/media?parent=19748"}],"wp:term":[{"taxonomy":"category","embeddable":true,"href":"http:\/\/vientosur.top\/museo\/wp-json\/wp\/v2\/categories?post=19748"},{"taxonomy":"post_tag","embeddable":true,"href":"http:\/\/vientosur.top\/museo\/wp-json\/wp\/v2\/tags?post=19748"}],"curies":[{"name":"wp","href":"https:\/\/api.w.org\/{rel}","templated":true}]}}