{"id":19758,"date":"2019-06-28T12:11:21","date_gmt":"2019-06-28T17:11:21","guid":{"rendered":"http:\/\/vientosur.top\/museo\/?p=19758"},"modified":"2019-06-28T12:11:21","modified_gmt":"2019-06-28T17:11:21","slug":"beatriz-pichi-malen-hara-homenaje-los-pueblos-originarios-museo-violeta-parra","status":"publish","type":"post","link":"http:\/\/vientosur.top\/museo\/beatriz-pichi-malen-hara-homenaje-los-pueblos-originarios-museo-violeta-parra\/","title":{"rendered":"Beatriz Pichi Malen homenaje\u00f3 a los pueblos originarios en Museo Violeta Parra"},"content":{"rendered":"<p><strong>La cantante argentina, de origen mapuche, se present\u00f3 este s\u00e1bado en la Sala Antar.<\/strong><\/p>\n<p>\u201cVioleta Parra es atemporal y estar all\u00ed en un espacio con su energ\u00eda, con su fuerza, es conectarme con aquello que nos dio y con el presente tambi\u00e9n. Aquella mujer, aquella alta voz, supo ver un poco m\u00e1s all\u00e1 de todos los comunes y mortales que somos, en el sentido de la pintura, la escritura, la poes\u00eda, el cantar, el componer. Su cuerpo era peque\u00f1o para todas las Violetas que habitaban en s\u00ed misma\u201d, expres\u00f3 la cantautora Beatriz Pichi Mal\u00e9n, en relaci\u00f3n a la presentaci\u00f3n que realiz\u00f3 este s\u00e1bado 29 de junio en el Museo Violeta Parra.<\/p>\n<p>La artista de origen mapuche lleg\u00f3 a la Sala Antar del museo con un concierto que se enfoc\u00f3 en el legado de los pueblos originarios. \u201cVoy a ofrecer una presentaci\u00f3n que tiene que ver con la celebraci\u00f3n del regreso de la luz para todos los pueblos de esta parte del continente. No es un recital m\u00e1s, sino que tiene que ver con este regreso que volvemos a tener acerc\u00e1ndonos al sol. Mostrar\u00e9 un surtido de canciones, en su mayor\u00eda en lengua mapuche, pero tambi\u00e9n recreando otras voces como tehuelche, aymara y selknam\u201d, explic\u00f3 antes del concierto.<\/p>\n<p>Beatriz Pichi Malen ha destacado por una elogiada trayectoria musical que releva y rescata el valor de la cultura mapuche. Su concierto en Museo Violeta Parra agot\u00f3 los cupos el mismo d\u00eda en que se liber\u00f3 la inscripci\u00f3n.<\/p>\n","protected":false},"excerpt":{"rendered":"<p>La cantante argentina, de origen mapuche, se present\u00f3 este s\u00e1bado en la Sala Antar. \u201cVioleta Parra es atemporal y estar all\u00ed en un espacio con su energ\u00eda, con su fuerza, es conectarme con aquello que nos dio y con el presente tambi\u00e9n. Aquella mujer, aquella alta voz, supo ver un poco m\u00e1s all\u00e1 de todos [&hellip;]<\/p>\n","protected":false},"author":5,"featured_media":19760,"comment_status":"open","ping_status":"open","sticky":false,"template":"","format":"standard","meta":{"site-sidebar-layout":"default","site-content-layout":"","ast-site-content-layout":"default","site-content-style":"default","site-sidebar-style":"default","ast-global-header-display":"","ast-banner-title-visibility":"","ast-main-header-display":"","ast-hfb-above-header-display":"","ast-hfb-below-header-display":"","ast-hfb-mobile-header-display":"","site-post-title":"","ast-breadcrumbs-content":"","ast-featured-img":"","footer-sml-layout":"","theme-transparent-header-meta":"","adv-header-id-meta":"","stick-header-meta":"","header-above-stick-meta":"","header-main-stick-meta":"","header-below-stick-meta":"","astra-migrate-meta-layouts":"default","ast-page-background-enabled":"default","ast-page-background-meta":{"desktop":{"background-color":"var(--ast-global-color-4)","background-image":"","background-repeat":"repeat","background-position":"center center","background-size":"auto","background-attachment":"scroll","background-type":"","background-media":"","overlay-type":"","overlay-color":"","overlay-opacity":"","overlay-gradient":""},"tablet":{"background-color":"","background-image":"","background-repeat":"repeat","background-position":"center center","background-size":"auto","background-attachment":"scroll","background-type":"","background-media":"","overlay-type":"","overlay-color":"","overlay-opacity":"","overlay-gradient":""},"mobile":{"background-color":"","background-image":"","background-repeat":"repeat","background-position":"center center","background-size":"auto","background-attachment":"scroll","background-type":"","background-media":"","overlay-type":"","overlay-color":"","overlay-opacity":"","overlay-gradient":""}},"ast-content-background-meta":{"desktop":{"background-color":"var(--ast-global-color-5)","background-image":"","background-repeat":"repeat","background-position":"center center","background-size":"auto","background-attachment":"scroll","background-type":"","background-media":"","overlay-type":"","overlay-color":"","overlay-opacity":"","overlay-gradient":""},"tablet":{"background-color":"var(--ast-global-color-5)","background-image":"","background-repeat":"repeat","background-position":"center center","background-size":"auto","background-attachment":"scroll","background-type":"","background-media":"","overlay-type":"","overlay-color":"","overlay-opacity":"","overlay-gradient":""},"mobile":{"background-color":"var(--ast-global-color-5)","background-image":"","background-repeat":"repeat","background-position":"center center","background-size":"auto","background-attachment":"scroll","background-type":"","background-media":"","overlay-type":"","overlay-color":"","overlay-opacity":"","overlay-gradient":""}},"footnotes":""},"categories":[59,8,61],"tags":[],"class_list":["post-19758","post","type-post","status-publish","format-standard","has-post-thumbnail","hentry","category-destacado-noticia","category-noticias","category-novedades"],"yoast_head":"<!-- This site is optimized with the Yoast SEO plugin v25.4 - https:\/\/yoast.com\/wordpress\/plugins\/seo\/ -->\n<title>Beatriz Pichi Malen homenaje\u00f3 a los pueblos originarios en Museo Violeta Parra - Museo Violeta Parra<\/title>\n<meta name=\"robots\" content=\"index, follow, max-snippet:-1, max-image-preview:large, max-video-preview:-1\" \/>\n<link rel=\"canonical\" href=\"http:\/\/vientosur.top\/museo\/beatriz-pichi-malen-hara-homenaje-los-pueblos-originarios-museo-violeta-parra\/\" \/>\n<meta property=\"og:locale\" content=\"es_ES\" \/>\n<meta property=\"og:type\" content=\"article\" \/>\n<meta property=\"og:title\" content=\"Beatriz Pichi Malen homenaje\u00f3 a los pueblos originarios en Museo Violeta Parra - Museo Violeta Parra\" \/>\n<meta property=\"og:description\" content=\"La cantante argentina, de origen mapuche, se present\u00f3 este s\u00e1bado en la Sala Antar. \u201cVioleta Parra es atemporal y estar all\u00ed en un espacio con su energ\u00eda, con su fuerza, es conectarme con aquello que nos dio y con el presente tambi\u00e9n. Aquella mujer, aquella alta voz, supo ver un poco m\u00e1s all\u00e1 de todos [&hellip;]\" \/>\n<meta property=\"og:url\" content=\"http:\/\/vientosur.top\/museo\/beatriz-pichi-malen-hara-homenaje-los-pueblos-originarios-museo-violeta-parra\/\" \/>\n<meta property=\"og:site_name\" content=\"Museo Violeta Parra\" \/>\n<meta property=\"article:published_time\" content=\"2019-06-28T17:11:21+00:00\" \/>\n<meta property=\"og:image\" content=\"http:\/\/vientosur.top\/museo\/wp-content\/uploads\/2019\/06\/bea.jpg\" \/>\n\t<meta property=\"og:image:width\" content=\"1435\" \/>\n\t<meta property=\"og:image:height\" content=\"1435\" \/>\n\t<meta property=\"og:image:type\" content=\"image\/jpeg\" \/>\n<meta name=\"author\" content=\"admin\" \/>\n<meta name=\"twitter:card\" content=\"summary_large_image\" \/>\n<meta name=\"twitter:label1\" content=\"Escrito por\" \/>\n\t<meta name=\"twitter:data1\" content=\"admin\" \/>\n\t<meta name=\"twitter:label2\" content=\"Tiempo de lectura\" \/>\n\t<meta name=\"twitter:data2\" content=\"1 minuto\" \/>\n<script type=\"application\/ld+json\" class=\"yoast-schema-graph\">{\"@context\":\"https:\/\/schema.org\",\"@graph\":[{\"@type\":\"WebPage\",\"@id\":\"http:\/\/vientosur.top\/museo\/beatriz-pichi-malen-hara-homenaje-los-pueblos-originarios-museo-violeta-parra\/\",\"url\":\"http:\/\/vientosur.top\/museo\/beatriz-pichi-malen-hara-homenaje-los-pueblos-originarios-museo-violeta-parra\/\",\"name\":\"Beatriz Pichi Malen homenaje\u00f3 a los pueblos originarios en Museo Violeta Parra - Museo Violeta Parra\",\"isPartOf\":{\"@id\":\"http:\/\/vientosur.top\/museo\/#website\"},\"primaryImageOfPage\":{\"@id\":\"http:\/\/vientosur.top\/museo\/beatriz-pichi-malen-hara-homenaje-los-pueblos-originarios-museo-violeta-parra\/#primaryimage\"},\"image\":{\"@id\":\"http:\/\/vientosur.top\/museo\/beatriz-pichi-malen-hara-homenaje-los-pueblos-originarios-museo-violeta-parra\/#primaryimage\"},\"thumbnailUrl\":\"http:\/\/vientosur.top\/museo\/wp-content\/uploads\/2019\/06\/bea.jpg\",\"datePublished\":\"2019-06-28T17:11:21+00:00\",\"author\":{\"@id\":\"http:\/\/vientosur.top\/museo\/#\/schema\/person\/20c79d3c38800971feec8c2693c3dd9c\"},\"breadcrumb\":{\"@id\":\"http:\/\/vientosur.top\/museo\/beatriz-pichi-malen-hara-homenaje-los-pueblos-originarios-museo-violeta-parra\/#breadcrumb\"},\"inLanguage\":\"es\",\"potentialAction\":[{\"@type\":\"ReadAction\",\"target\":[\"http:\/\/vientosur.top\/museo\/beatriz-pichi-malen-hara-homenaje-los-pueblos-originarios-museo-violeta-parra\/\"]}]},{\"@type\":\"ImageObject\",\"inLanguage\":\"es\",\"@id\":\"http:\/\/vientosur.top\/museo\/beatriz-pichi-malen-hara-homenaje-los-pueblos-originarios-museo-violeta-parra\/#primaryimage\",\"url\":\"http:\/\/vientosur.top\/museo\/wp-content\/uploads\/2019\/06\/bea.jpg\",\"contentUrl\":\"http:\/\/vientosur.top\/museo\/wp-content\/uploads\/2019\/06\/bea.jpg\",\"width\":1435,\"height\":1435},{\"@type\":\"BreadcrumbList\",\"@id\":\"http:\/\/vientosur.top\/museo\/beatriz-pichi-malen-hara-homenaje-los-pueblos-originarios-museo-violeta-parra\/#breadcrumb\",\"itemListElement\":[{\"@type\":\"ListItem\",\"position\":1,\"name\":\"Portada\",\"item\":\"http:\/\/vientosur.top\/museo\/\"},{\"@type\":\"ListItem\",\"position\":2,\"name\":\"Beatriz Pichi Malen homenaje\u00f3 a los pueblos originarios en Museo Violeta Parra\"}]},{\"@type\":\"WebSite\",\"@id\":\"http:\/\/vientosur.top\/museo\/#website\",\"url\":\"http:\/\/vientosur.top\/museo\/\",\"name\":\"Museo Violeta Parra\",\"description\":\"Espacio que alberga tanto la memoria y legado creativo de la artista\",\"potentialAction\":[{\"@type\":\"SearchAction\",\"target\":{\"@type\":\"EntryPoint\",\"urlTemplate\":\"http:\/\/vientosur.top\/museo\/?s={search_term_string}\"},\"query-input\":{\"@type\":\"PropertyValueSpecification\",\"valueRequired\":true,\"valueName\":\"search_term_string\"}}],\"inLanguage\":\"es\"},{\"@type\":\"Person\",\"@id\":\"http:\/\/vientosur.top\/museo\/#\/schema\/person\/20c79d3c38800971feec8c2693c3dd9c\",\"name\":\"admin\",\"image\":{\"@type\":\"ImageObject\",\"inLanguage\":\"es\",\"@id\":\"http:\/\/vientosur.top\/museo\/#\/schema\/person\/image\/\",\"url\":\"https:\/\/secure.gravatar.com\/avatar\/713677ece3ffa642287213a80e5b773bce9ab81c269dd6d95102a990951c922f?s=96&d=mm&r=g\",\"contentUrl\":\"https:\/\/secure.gravatar.com\/avatar\/713677ece3ffa642287213a80e5b773bce9ab81c269dd6d95102a990951c922f?s=96&d=mm&r=g\",\"caption\":\"admin\"},\"sameAs\":[\"http:\/\/vientosur.top\/museo\"],\"url\":\"http:\/\/vientosur.top\/museo\/author\/comunicacionesmvp\/\"}]}<\/script>\n<!-- \/ Yoast SEO plugin. -->","yoast_head_json":{"title":"Beatriz Pichi Malen homenaje\u00f3 a los pueblos originarios en Museo Violeta Parra - Museo Violeta Parra","robots":{"index":"index","follow":"follow","max-snippet":"max-snippet:-1","max-image-preview":"max-image-preview:large","max-video-preview":"max-video-preview:-1"},"canonical":"http:\/\/vientosur.top\/museo\/beatriz-pichi-malen-hara-homenaje-los-pueblos-originarios-museo-violeta-parra\/","og_locale":"es_ES","og_type":"article","og_title":"Beatriz Pichi Malen homenaje\u00f3 a los pueblos originarios en Museo Violeta Parra - Museo Violeta Parra","og_description":"La cantante argentina, de origen mapuche, se present\u00f3 este s\u00e1bado en la Sala Antar. \u201cVioleta Parra es atemporal y estar all\u00ed en un espacio con su energ\u00eda, con su fuerza, es conectarme con aquello que nos dio y con el presente tambi\u00e9n. Aquella mujer, aquella alta voz, supo ver un poco m\u00e1s all\u00e1 de todos [&hellip;]","og_url":"http:\/\/vientosur.top\/museo\/beatriz-pichi-malen-hara-homenaje-los-pueblos-originarios-museo-violeta-parra\/","og_site_name":"Museo Violeta Parra","article_published_time":"2019-06-28T17:11:21+00:00","og_image":[{"width":1435,"height":1435,"url":"http:\/\/vientosur.top\/museo\/wp-content\/uploads\/2019\/06\/bea.jpg","type":"image\/jpeg"}],"author":"admin","twitter_card":"summary_large_image","twitter_misc":{"Escrito por":"admin","Tiempo de lectura":"1 minuto"},"schema":{"@context":"https:\/\/schema.org","@graph":[{"@type":"WebPage","@id":"http:\/\/vientosur.top\/museo\/beatriz-pichi-malen-hara-homenaje-los-pueblos-originarios-museo-violeta-parra\/","url":"http:\/\/vientosur.top\/museo\/beatriz-pichi-malen-hara-homenaje-los-pueblos-originarios-museo-violeta-parra\/","name":"Beatriz Pichi Malen homenaje\u00f3 a los pueblos originarios en Museo Violeta Parra - Museo Violeta Parra","isPartOf":{"@id":"http:\/\/vientosur.top\/museo\/#website"},"primaryImageOfPage":{"@id":"http:\/\/vientosur.top\/museo\/beatriz-pichi-malen-hara-homenaje-los-pueblos-originarios-museo-violeta-parra\/#primaryimage"},"image":{"@id":"http:\/\/vientosur.top\/museo\/beatriz-pichi-malen-hara-homenaje-los-pueblos-originarios-museo-violeta-parra\/#primaryimage"},"thumbnailUrl":"http:\/\/vientosur.top\/museo\/wp-content\/uploads\/2019\/06\/bea.jpg","datePublished":"2019-06-28T17:11:21+00:00","author":{"@id":"http:\/\/vientosur.top\/museo\/#\/schema\/person\/20c79d3c38800971feec8c2693c3dd9c"},"breadcrumb":{"@id":"http:\/\/vientosur.top\/museo\/beatriz-pichi-malen-hara-homenaje-los-pueblos-originarios-museo-violeta-parra\/#breadcrumb"},"inLanguage":"es","potentialAction":[{"@type":"ReadAction","target":["http:\/\/vientosur.top\/museo\/beatriz-pichi-malen-hara-homenaje-los-pueblos-originarios-museo-violeta-parra\/"]}]},{"@type":"ImageObject","inLanguage":"es","@id":"http:\/\/vientosur.top\/museo\/beatriz-pichi-malen-hara-homenaje-los-pueblos-originarios-museo-violeta-parra\/#primaryimage","url":"http:\/\/vientosur.top\/museo\/wp-content\/uploads\/2019\/06\/bea.jpg","contentUrl":"http:\/\/vientosur.top\/museo\/wp-content\/uploads\/2019\/06\/bea.jpg","width":1435,"height":1435},{"@type":"BreadcrumbList","@id":"http:\/\/vientosur.top\/museo\/beatriz-pichi-malen-hara-homenaje-los-pueblos-originarios-museo-violeta-parra\/#breadcrumb","itemListElement":[{"@type":"ListItem","position":1,"name":"Portada","item":"http:\/\/vientosur.top\/museo\/"},{"@type":"ListItem","position":2,"name":"Beatriz Pichi Malen homenaje\u00f3 a los pueblos originarios en Museo Violeta Parra"}]},{"@type":"WebSite","@id":"http:\/\/vientosur.top\/museo\/#website","url":"http:\/\/vientosur.top\/museo\/","name":"Museo Violeta Parra","description":"Espacio que alberga tanto la memoria y legado creativo de la artista","potentialAction":[{"@type":"SearchAction","target":{"@type":"EntryPoint","urlTemplate":"http:\/\/vientosur.top\/museo\/?s={search_term_string}"},"query-input":{"@type":"PropertyValueSpecification","valueRequired":true,"valueName":"search_term_string"}}],"inLanguage":"es"},{"@type":"Person","@id":"http:\/\/vientosur.top\/museo\/#\/schema\/person\/20c79d3c38800971feec8c2693c3dd9c","name":"admin","image":{"@type":"ImageObject","inLanguage":"es","@id":"http:\/\/vientosur.top\/museo\/#\/schema\/person\/image\/","url":"https:\/\/secure.gravatar.com\/avatar\/713677ece3ffa642287213a80e5b773bce9ab81c269dd6d95102a990951c922f?s=96&d=mm&r=g","contentUrl":"https:\/\/secure.gravatar.com\/avatar\/713677ece3ffa642287213a80e5b773bce9ab81c269dd6d95102a990951c922f?s=96&d=mm&r=g","caption":"admin"},"sameAs":["http:\/\/vientosur.top\/museo"],"url":"http:\/\/vientosur.top\/museo\/author\/comunicacionesmvp\/"}]}},"_links":{"self":[{"href":"http:\/\/vientosur.top\/museo\/wp-json\/wp\/v2\/posts\/19758","targetHints":{"allow":["GET"]}}],"collection":[{"href":"http:\/\/vientosur.top\/museo\/wp-json\/wp\/v2\/posts"}],"about":[{"href":"http:\/\/vientosur.top\/museo\/wp-json\/wp\/v2\/types\/post"}],"author":[{"embeddable":true,"href":"http:\/\/vientosur.top\/museo\/wp-json\/wp\/v2\/users\/5"}],"replies":[{"embeddable":true,"href":"http:\/\/vientosur.top\/museo\/wp-json\/wp\/v2\/comments?post=19758"}],"version-history":[{"count":0,"href":"http:\/\/vientosur.top\/museo\/wp-json\/wp\/v2\/posts\/19758\/revisions"}],"wp:featuredmedia":[{"embeddable":true,"href":"http:\/\/vientosur.top\/museo\/wp-json\/wp\/v2\/media\/19760"}],"wp:attachment":[{"href":"http:\/\/vientosur.top\/museo\/wp-json\/wp\/v2\/media?parent=19758"}],"wp:term":[{"taxonomy":"category","embeddable":true,"href":"http:\/\/vientosur.top\/museo\/wp-json\/wp\/v2\/categories?post=19758"},{"taxonomy":"post_tag","embeddable":true,"href":"http:\/\/vientosur.top\/museo\/wp-json\/wp\/v2\/tags?post=19758"}],"curies":[{"name":"wp","href":"https:\/\/api.w.org\/{rel}","templated":true}]}}