{"id":19916,"date":"2019-07-11T11:18:07","date_gmt":"2019-07-11T16:18:07","guid":{"rendered":"http:\/\/vientosur.top\/museo\/?p=19916"},"modified":"2019-07-11T11:18:07","modified_gmt":"2019-07-11T16:18:07","slug":"museo-violeta-parra-abre-actividades-conmemorativas-del-centenario-del-nacimiento-raquel-barros","status":"publish","type":"post","link":"http:\/\/vientosur.top\/museo\/museo-violeta-parra-abre-actividades-conmemorativas-del-centenario-del-nacimiento-raquel-barros\/","title":{"rendered":"Museo Violeta Parra abri\u00f3 actividades conmemorativas del centenario del nacimiento de Raquel Barros"},"content":{"rendered":"<p><strong>12 canciones fueron parte de este homenaje a realizado el s\u00e1bado 13.<\/strong><\/p>\n<p>La Agrupaci\u00f3n Folkl\u00f3rica Chilena Raquel Barros lider\u00f3 el homenaje a los 100 a\u00f1os del nacimiento de su fundadora, este s\u00e1bado 13 de julio, en la Sala Antar del Museo Violeta Parra. Esta es la primera actividad realizada en el contexto del a\u00f1o del centenario de la destacada folclorista (2 de diciembre de 1919), una de las figuras fundamentales de la investigaci\u00f3n y difusi\u00f3n del folclore en Chile, fallecida en el a\u00f1o 2014.<\/p>\n<p>\u201cLa idea es hacer un reconocimiento a Raquel en sus distintos \u00e1mbitos y celebrar los 100 a\u00f1os de su natalicio. Ha sido investigadora, profesora, due\u00f1a de casa. Ha sido un honor llevar su nombre durante todos estos a\u00f1os\u201d, se\u00f1al\u00f3 Flor\u00e1ngel Oberg, directora de la Agrupaci\u00f3n Folkl\u00f3rica Chilena Raquel Barros. El homenaje incluy\u00f3 la presentaci\u00f3n de 12 canciones en vivo intercaladas por espect\u00e1culos de danza.<\/p>\n<p>Raquel Barros Aldunate, fue int\u00e9rprete, recopiladora, profesora, directora de conjuntos, autora de ensayos y libros. Con una profunda dedicaci\u00f3n a las tradiciones del pa\u00eds, en 1952 fund\u00f3 la agrupaci\u00f3n folkl\u00f3rica que lleva su nombre y fue parte de del Instituto de Investigaciones Musicales de la Universidad de Chile desde 1958.<\/p>\n<p><strong>S\u00e1bado 13 de julio \/ 16:00 horas \/ Sala Antar<\/strong><\/p>\n<p><strong>Avenida Vicu\u00f1a Mackenna 37, Santiago<\/strong><\/p>\n<p><strong>Entrada liberada previa inscripci\u00f3n <a href=\"https:\/\/docs.google.com\/forms\/d\/e\/1FAIpQLSdnoa6Iv3K48bJWAC1PsDU4JGEzvllF-VB7A45_EIMddJbyAw\/viewform?usp=sf_link\">aqu\u00ed<\/a>.<\/strong><\/p>\n<p>&nbsp;<\/p>\n<p>&nbsp;<\/p>\n<p>&nbsp;<\/p>\n","protected":false},"excerpt":{"rendered":"<p>12 canciones fueron parte de este homenaje a realizado el s\u00e1bado 13. La Agrupaci\u00f3n Folkl\u00f3rica Chilena Raquel Barros lider\u00f3 el homenaje a los 100 a\u00f1os del nacimiento de su fundadora, este s\u00e1bado 13 de julio, en la Sala Antar del Museo Violeta Parra. Esta es la primera actividad realizada en el contexto del a\u00f1o del [&hellip;]<\/p>\n","protected":false},"author":5,"featured_media":19940,"comment_status":"open","ping_status":"open","sticky":false,"template":"","format":"standard","meta":{"site-sidebar-layout":"default","site-content-layout":"","ast-site-content-layout":"default","site-content-style":"default","site-sidebar-style":"default","ast-global-header-display":"","ast-banner-title-visibility":"","ast-main-header-display":"","ast-hfb-above-header-display":"","ast-hfb-below-header-display":"","ast-hfb-mobile-header-display":"","site-post-title":"","ast-breadcrumbs-content":"","ast-featured-img":"","footer-sml-layout":"","theme-transparent-header-meta":"","adv-header-id-meta":"","stick-header-meta":"","header-above-stick-meta":"","header-main-stick-meta":"","header-below-stick-meta":"","astra-migrate-meta-layouts":"default","ast-page-background-enabled":"default","ast-page-background-meta":{"desktop":{"background-color":"var(--ast-global-color-4)","background-image":"","background-repeat":"repeat","background-position":"center center","background-size":"auto","background-attachment":"scroll","background-type":"","background-media":"","overlay-type":"","overlay-color":"","overlay-opacity":"","overlay-gradient":""},"tablet":{"background-color":"","background-image":"","background-repeat":"repeat","background-position":"center center","background-size":"auto","background-attachment":"scroll","background-type":"","background-media":"","overlay-type":"","overlay-color":"","overlay-opacity":"","overlay-gradient":""},"mobile":{"background-color":"","background-image":"","background-repeat":"repeat","background-position":"center center","background-size":"auto","background-attachment":"scroll","background-type":"","background-media":"","overlay-type":"","overlay-color":"","overlay-opacity":"","overlay-gradient":""}},"ast-content-background-meta":{"desktop":{"background-color":"var(--ast-global-color-5)","background-image":"","background-repeat":"repeat","background-position":"center center","background-size":"auto","background-attachment":"scroll","background-type":"","background-media":"","overlay-type":"","overlay-color":"","overlay-opacity":"","overlay-gradient":""},"tablet":{"background-color":"var(--ast-global-color-5)","background-image":"","background-repeat":"repeat","background-position":"center center","background-size":"auto","background-attachment":"scroll","background-type":"","background-media":"","overlay-type":"","overlay-color":"","overlay-opacity":"","overlay-gradient":""},"mobile":{"background-color":"var(--ast-global-color-5)","background-image":"","background-repeat":"repeat","background-position":"center center","background-size":"auto","background-attachment":"scroll","background-type":"","background-media":"","overlay-type":"","overlay-color":"","overlay-opacity":"","overlay-gradient":""}},"footnotes":""},"categories":[59,8,61],"tags":[],"class_list":["post-19916","post","type-post","status-publish","format-standard","has-post-thumbnail","hentry","category-destacado-noticia","category-noticias","category-novedades"],"yoast_head":"<!-- This site is optimized with the Yoast SEO plugin v25.4 - https:\/\/yoast.com\/wordpress\/plugins\/seo\/ -->\n<title>Museo Violeta Parra abri\u00f3 actividades conmemorativas del centenario del nacimiento de Raquel Barros - Museo Violeta Parra<\/title>\n<meta name=\"robots\" content=\"index, follow, max-snippet:-1, max-image-preview:large, max-video-preview:-1\" \/>\n<link rel=\"canonical\" href=\"http:\/\/vientosur.top\/museo\/museo-violeta-parra-abre-actividades-conmemorativas-del-centenario-del-nacimiento-raquel-barros\/\" \/>\n<meta property=\"og:locale\" content=\"es_ES\" \/>\n<meta property=\"og:type\" content=\"article\" \/>\n<meta property=\"og:title\" content=\"Museo Violeta Parra abri\u00f3 actividades conmemorativas del centenario del nacimiento de Raquel Barros - Museo Violeta Parra\" \/>\n<meta property=\"og:description\" content=\"12 canciones fueron parte de este homenaje a realizado el s\u00e1bado 13. La Agrupaci\u00f3n Folkl\u00f3rica Chilena Raquel Barros lider\u00f3 el homenaje a los 100 a\u00f1os del nacimiento de su fundadora, este s\u00e1bado 13 de julio, en la Sala Antar del Museo Violeta Parra. Esta es la primera actividad realizada en el contexto del a\u00f1o del [&hellip;]\" \/>\n<meta property=\"og:url\" content=\"http:\/\/vientosur.top\/museo\/museo-violeta-parra-abre-actividades-conmemorativas-del-centenario-del-nacimiento-raquel-barros\/\" \/>\n<meta property=\"og:site_name\" content=\"Museo Violeta Parra\" \/>\n<meta property=\"article:published_time\" content=\"2019-07-11T16:18:07+00:00\" \/>\n<meta property=\"og:image\" content=\"http:\/\/vientosur.top\/museo\/wp-content\/uploads\/2019\/07\/DSC_0076-scaled.jpg\" \/>\n\t<meta property=\"og:image:width\" content=\"2560\" \/>\n\t<meta property=\"og:image:height\" content=\"1702\" \/>\n\t<meta property=\"og:image:type\" content=\"image\/jpeg\" \/>\n<meta name=\"author\" content=\"admin\" \/>\n<meta name=\"twitter:card\" content=\"summary_large_image\" \/>\n<meta name=\"twitter:label1\" content=\"Escrito por\" \/>\n\t<meta name=\"twitter:data1\" content=\"admin\" \/>\n\t<meta name=\"twitter:label2\" content=\"Tiempo de lectura\" \/>\n\t<meta name=\"twitter:data2\" content=\"1 minuto\" \/>\n<script type=\"application\/ld+json\" class=\"yoast-schema-graph\">{\"@context\":\"https:\/\/schema.org\",\"@graph\":[{\"@type\":\"WebPage\",\"@id\":\"http:\/\/vientosur.top\/museo\/museo-violeta-parra-abre-actividades-conmemorativas-del-centenario-del-nacimiento-raquel-barros\/\",\"url\":\"http:\/\/vientosur.top\/museo\/museo-violeta-parra-abre-actividades-conmemorativas-del-centenario-del-nacimiento-raquel-barros\/\",\"name\":\"Museo Violeta Parra abri\u00f3 actividades conmemorativas del centenario del nacimiento de Raquel Barros - Museo Violeta Parra\",\"isPartOf\":{\"@id\":\"http:\/\/vientosur.top\/museo\/#website\"},\"primaryImageOfPage\":{\"@id\":\"http:\/\/vientosur.top\/museo\/museo-violeta-parra-abre-actividades-conmemorativas-del-centenario-del-nacimiento-raquel-barros\/#primaryimage\"},\"image\":{\"@id\":\"http:\/\/vientosur.top\/museo\/museo-violeta-parra-abre-actividades-conmemorativas-del-centenario-del-nacimiento-raquel-barros\/#primaryimage\"},\"thumbnailUrl\":\"http:\/\/vientosur.top\/museo\/wp-content\/uploads\/2019\/07\/DSC_0076-scaled.jpg\",\"datePublished\":\"2019-07-11T16:18:07+00:00\",\"author\":{\"@id\":\"http:\/\/vientosur.top\/museo\/#\/schema\/person\/20c79d3c38800971feec8c2693c3dd9c\"},\"breadcrumb\":{\"@id\":\"http:\/\/vientosur.top\/museo\/museo-violeta-parra-abre-actividades-conmemorativas-del-centenario-del-nacimiento-raquel-barros\/#breadcrumb\"},\"inLanguage\":\"es\",\"potentialAction\":[{\"@type\":\"ReadAction\",\"target\":[\"http:\/\/vientosur.top\/museo\/museo-violeta-parra-abre-actividades-conmemorativas-del-centenario-del-nacimiento-raquel-barros\/\"]}]},{\"@type\":\"ImageObject\",\"inLanguage\":\"es\",\"@id\":\"http:\/\/vientosur.top\/museo\/museo-violeta-parra-abre-actividades-conmemorativas-del-centenario-del-nacimiento-raquel-barros\/#primaryimage\",\"url\":\"http:\/\/vientosur.top\/museo\/wp-content\/uploads\/2019\/07\/DSC_0076-scaled.jpg\",\"contentUrl\":\"http:\/\/vientosur.top\/museo\/wp-content\/uploads\/2019\/07\/DSC_0076-scaled.jpg\",\"width\":2560,\"height\":1702},{\"@type\":\"BreadcrumbList\",\"@id\":\"http:\/\/vientosur.top\/museo\/museo-violeta-parra-abre-actividades-conmemorativas-del-centenario-del-nacimiento-raquel-barros\/#breadcrumb\",\"itemListElement\":[{\"@type\":\"ListItem\",\"position\":1,\"name\":\"Portada\",\"item\":\"http:\/\/vientosur.top\/museo\/\"},{\"@type\":\"ListItem\",\"position\":2,\"name\":\"Museo Violeta Parra abri\u00f3 actividades conmemorativas del centenario del nacimiento de Raquel Barros\"}]},{\"@type\":\"WebSite\",\"@id\":\"http:\/\/vientosur.top\/museo\/#website\",\"url\":\"http:\/\/vientosur.top\/museo\/\",\"name\":\"Museo Violeta Parra\",\"description\":\"Espacio que alberga tanto la memoria y legado creativo de la artista\",\"potentialAction\":[{\"@type\":\"SearchAction\",\"target\":{\"@type\":\"EntryPoint\",\"urlTemplate\":\"http:\/\/vientosur.top\/museo\/?s={search_term_string}\"},\"query-input\":{\"@type\":\"PropertyValueSpecification\",\"valueRequired\":true,\"valueName\":\"search_term_string\"}}],\"inLanguage\":\"es\"},{\"@type\":\"Person\",\"@id\":\"http:\/\/vientosur.top\/museo\/#\/schema\/person\/20c79d3c38800971feec8c2693c3dd9c\",\"name\":\"admin\",\"image\":{\"@type\":\"ImageObject\",\"inLanguage\":\"es\",\"@id\":\"http:\/\/vientosur.top\/museo\/#\/schema\/person\/image\/\",\"url\":\"https:\/\/secure.gravatar.com\/avatar\/713677ece3ffa642287213a80e5b773bce9ab81c269dd6d95102a990951c922f?s=96&d=mm&r=g\",\"contentUrl\":\"https:\/\/secure.gravatar.com\/avatar\/713677ece3ffa642287213a80e5b773bce9ab81c269dd6d95102a990951c922f?s=96&d=mm&r=g\",\"caption\":\"admin\"},\"sameAs\":[\"http:\/\/vientosur.top\/museo\"],\"url\":\"http:\/\/vientosur.top\/museo\/author\/comunicacionesmvp\/\"}]}<\/script>\n<!-- \/ Yoast SEO plugin. -->","yoast_head_json":{"title":"Museo Violeta Parra abri\u00f3 actividades conmemorativas del centenario del nacimiento de Raquel Barros - Museo Violeta Parra","robots":{"index":"index","follow":"follow","max-snippet":"max-snippet:-1","max-image-preview":"max-image-preview:large","max-video-preview":"max-video-preview:-1"},"canonical":"http:\/\/vientosur.top\/museo\/museo-violeta-parra-abre-actividades-conmemorativas-del-centenario-del-nacimiento-raquel-barros\/","og_locale":"es_ES","og_type":"article","og_title":"Museo Violeta Parra abri\u00f3 actividades conmemorativas del centenario del nacimiento de Raquel Barros - Museo Violeta Parra","og_description":"12 canciones fueron parte de este homenaje a realizado el s\u00e1bado 13. La Agrupaci\u00f3n Folkl\u00f3rica Chilena Raquel Barros lider\u00f3 el homenaje a los 100 a\u00f1os del nacimiento de su fundadora, este s\u00e1bado 13 de julio, en la Sala Antar del Museo Violeta Parra. Esta es la primera actividad realizada en el contexto del a\u00f1o del [&hellip;]","og_url":"http:\/\/vientosur.top\/museo\/museo-violeta-parra-abre-actividades-conmemorativas-del-centenario-del-nacimiento-raquel-barros\/","og_site_name":"Museo Violeta Parra","article_published_time":"2019-07-11T16:18:07+00:00","og_image":[{"width":2560,"height":1702,"url":"http:\/\/vientosur.top\/museo\/wp-content\/uploads\/2019\/07\/DSC_0076-scaled.jpg","type":"image\/jpeg"}],"author":"admin","twitter_card":"summary_large_image","twitter_misc":{"Escrito por":"admin","Tiempo de lectura":"1 minuto"},"schema":{"@context":"https:\/\/schema.org","@graph":[{"@type":"WebPage","@id":"http:\/\/vientosur.top\/museo\/museo-violeta-parra-abre-actividades-conmemorativas-del-centenario-del-nacimiento-raquel-barros\/","url":"http:\/\/vientosur.top\/museo\/museo-violeta-parra-abre-actividades-conmemorativas-del-centenario-del-nacimiento-raquel-barros\/","name":"Museo Violeta Parra abri\u00f3 actividades conmemorativas del centenario del nacimiento de Raquel Barros - Museo Violeta Parra","isPartOf":{"@id":"http:\/\/vientosur.top\/museo\/#website"},"primaryImageOfPage":{"@id":"http:\/\/vientosur.top\/museo\/museo-violeta-parra-abre-actividades-conmemorativas-del-centenario-del-nacimiento-raquel-barros\/#primaryimage"},"image":{"@id":"http:\/\/vientosur.top\/museo\/museo-violeta-parra-abre-actividades-conmemorativas-del-centenario-del-nacimiento-raquel-barros\/#primaryimage"},"thumbnailUrl":"http:\/\/vientosur.top\/museo\/wp-content\/uploads\/2019\/07\/DSC_0076-scaled.jpg","datePublished":"2019-07-11T16:18:07+00:00","author":{"@id":"http:\/\/vientosur.top\/museo\/#\/schema\/person\/20c79d3c38800971feec8c2693c3dd9c"},"breadcrumb":{"@id":"http:\/\/vientosur.top\/museo\/museo-violeta-parra-abre-actividades-conmemorativas-del-centenario-del-nacimiento-raquel-barros\/#breadcrumb"},"inLanguage":"es","potentialAction":[{"@type":"ReadAction","target":["http:\/\/vientosur.top\/museo\/museo-violeta-parra-abre-actividades-conmemorativas-del-centenario-del-nacimiento-raquel-barros\/"]}]},{"@type":"ImageObject","inLanguage":"es","@id":"http:\/\/vientosur.top\/museo\/museo-violeta-parra-abre-actividades-conmemorativas-del-centenario-del-nacimiento-raquel-barros\/#primaryimage","url":"http:\/\/vientosur.top\/museo\/wp-content\/uploads\/2019\/07\/DSC_0076-scaled.jpg","contentUrl":"http:\/\/vientosur.top\/museo\/wp-content\/uploads\/2019\/07\/DSC_0076-scaled.jpg","width":2560,"height":1702},{"@type":"BreadcrumbList","@id":"http:\/\/vientosur.top\/museo\/museo-violeta-parra-abre-actividades-conmemorativas-del-centenario-del-nacimiento-raquel-barros\/#breadcrumb","itemListElement":[{"@type":"ListItem","position":1,"name":"Portada","item":"http:\/\/vientosur.top\/museo\/"},{"@type":"ListItem","position":2,"name":"Museo Violeta Parra abri\u00f3 actividades conmemorativas del centenario del nacimiento de Raquel Barros"}]},{"@type":"WebSite","@id":"http:\/\/vientosur.top\/museo\/#website","url":"http:\/\/vientosur.top\/museo\/","name":"Museo Violeta Parra","description":"Espacio que alberga tanto la memoria y legado creativo de la artista","potentialAction":[{"@type":"SearchAction","target":{"@type":"EntryPoint","urlTemplate":"http:\/\/vientosur.top\/museo\/?s={search_term_string}"},"query-input":{"@type":"PropertyValueSpecification","valueRequired":true,"valueName":"search_term_string"}}],"inLanguage":"es"},{"@type":"Person","@id":"http:\/\/vientosur.top\/museo\/#\/schema\/person\/20c79d3c38800971feec8c2693c3dd9c","name":"admin","image":{"@type":"ImageObject","inLanguage":"es","@id":"http:\/\/vientosur.top\/museo\/#\/schema\/person\/image\/","url":"https:\/\/secure.gravatar.com\/avatar\/713677ece3ffa642287213a80e5b773bce9ab81c269dd6d95102a990951c922f?s=96&d=mm&r=g","contentUrl":"https:\/\/secure.gravatar.com\/avatar\/713677ece3ffa642287213a80e5b773bce9ab81c269dd6d95102a990951c922f?s=96&d=mm&r=g","caption":"admin"},"sameAs":["http:\/\/vientosur.top\/museo"],"url":"http:\/\/vientosur.top\/museo\/author\/comunicacionesmvp\/"}]}},"_links":{"self":[{"href":"http:\/\/vientosur.top\/museo\/wp-json\/wp\/v2\/posts\/19916","targetHints":{"allow":["GET"]}}],"collection":[{"href":"http:\/\/vientosur.top\/museo\/wp-json\/wp\/v2\/posts"}],"about":[{"href":"http:\/\/vientosur.top\/museo\/wp-json\/wp\/v2\/types\/post"}],"author":[{"embeddable":true,"href":"http:\/\/vientosur.top\/museo\/wp-json\/wp\/v2\/users\/5"}],"replies":[{"embeddable":true,"href":"http:\/\/vientosur.top\/museo\/wp-json\/wp\/v2\/comments?post=19916"}],"version-history":[{"count":0,"href":"http:\/\/vientosur.top\/museo\/wp-json\/wp\/v2\/posts\/19916\/revisions"}],"wp:featuredmedia":[{"embeddable":true,"href":"http:\/\/vientosur.top\/museo\/wp-json\/wp\/v2\/media\/19940"}],"wp:attachment":[{"href":"http:\/\/vientosur.top\/museo\/wp-json\/wp\/v2\/media?parent=19916"}],"wp:term":[{"taxonomy":"category","embeddable":true,"href":"http:\/\/vientosur.top\/museo\/wp-json\/wp\/v2\/categories?post=19916"},{"taxonomy":"post_tag","embeddable":true,"href":"http:\/\/vientosur.top\/museo\/wp-json\/wp\/v2\/tags?post=19916"}],"curies":[{"name":"wp","href":"https:\/\/api.w.org\/{rel}","templated":true}]}}