{"id":2036,"date":"2016-11-16T16:02:55","date_gmt":"2016-11-16T16:02:55","guid":{"rendered":"http:\/\/vientosur.top\/museo\/\/?p=2036"},"modified":"2016-11-16T16:02:55","modified_gmt":"2016-11-16T16:02:55","slug":"museo-violeta-parra-participa-en-lanzamiento-de-violeta-en-mi-barrio","status":"publish","type":"post","link":"http:\/\/vientosur.top\/museo\/museo-violeta-parra-participa-en-lanzamiento-de-violeta-en-mi-barrio\/","title":{"rendered":"Museo Violeta Parra participa en lanzamiento de \u00abVioleta en mi barrio\u00bb"},"content":{"rendered":"<p>El Museo Violeta Parra particip\u00f3 de la presentaci\u00f3n del programa \u00abVioleta en mi barrio\u00bb, del Ministerio de Vivienda y Urbanismo, en conjunto con el Consejo Nacional de la Cultura y las Artes.<\/p>\n<p><!--more--><\/p>\n<p>La actividad, realizada en\u00a0el barrio Matadero-Placer-Biob\u00edo, en Santiago,\u00a0cont\u00f3 con la presencia de la titular de Vivienda, Paulina Saball, y de su par de Cultura, Ernesto Ottone, quienes compartieron con los representantes del Museo, Esteban Torres y Lorena Bruna.<\/p>\n<p>Ambos presentaron a las autoridades y vecinos del sector la denominada \u00abMaleta de Violeta\u00bb, el exitoso \u00faltimo proyecto del \u00c1rea de Educaci\u00f3n que lleva una muestra itinerante del trabajo de la artista a diversos colegios p\u00fablicos de Santiago y regiones.<\/p>\n<p>Como ha sido habitual, la presencia de la \u00abMaleta de Violeta\u00bb llam\u00f3 la atenci\u00f3n de p\u00fablico, que comprometi\u00f3 su pronta visita al espacio cultural.<\/p>\n","protected":false},"excerpt":{"rendered":"<p>El Museo Violeta Parra particip\u00f3 de la presentaci\u00f3n del programa \u00abVioleta en mi barrio\u00bb, del Ministerio de Vivienda y Urbanismo, en conjunto con el Consejo Nacional de la Cultura y las Artes.<\/p>\n","protected":false},"author":5,"featured_media":2038,"comment_status":"open","ping_status":"open","sticky":false,"template":"","format":"standard","meta":{"site-sidebar-layout":"default","site-content-layout":"","ast-site-content-layout":"default","site-content-style":"default","site-sidebar-style":"default","ast-global-header-display":"","ast-banner-title-visibility":"","ast-main-header-display":"","ast-hfb-above-header-display":"","ast-hfb-below-header-display":"","ast-hfb-mobile-header-display":"","site-post-title":"","ast-breadcrumbs-content":"","ast-featured-img":"","footer-sml-layout":"","theme-transparent-header-meta":"","adv-header-id-meta":"","stick-header-meta":"","header-above-stick-meta":"","header-main-stick-meta":"","header-below-stick-meta":"","astra-migrate-meta-layouts":"default","ast-page-background-enabled":"default","ast-page-background-meta":{"desktop":{"background-color":"var(--ast-global-color-4)","background-image":"","background-repeat":"repeat","background-position":"center center","background-size":"auto","background-attachment":"scroll","background-type":"","background-media":"","overlay-type":"","overlay-color":"","overlay-opacity":"","overlay-gradient":""},"tablet":{"background-color":"","background-image":"","background-repeat":"repeat","background-position":"center center","background-size":"auto","background-attachment":"scroll","background-type":"","background-media":"","overlay-type":"","overlay-color":"","overlay-opacity":"","overlay-gradient":""},"mobile":{"background-color":"","background-image":"","background-repeat":"repeat","background-position":"center center","background-size":"auto","background-attachment":"scroll","background-type":"","background-media":"","overlay-type":"","overlay-color":"","overlay-opacity":"","overlay-gradient":""}},"ast-content-background-meta":{"desktop":{"background-color":"var(--ast-global-color-5)","background-image":"","background-repeat":"repeat","background-position":"center center","background-size":"auto","background-attachment":"scroll","background-type":"","background-media":"","overlay-type":"","overlay-color":"","overlay-opacity":"","overlay-gradient":""},"tablet":{"background-color":"var(--ast-global-color-5)","background-image":"","background-repeat":"repeat","background-position":"center center","background-size":"auto","background-attachment":"scroll","background-type":"","background-media":"","overlay-type":"","overlay-color":"","overlay-opacity":"","overlay-gradient":""},"mobile":{"background-color":"var(--ast-global-color-5)","background-image":"","background-repeat":"repeat","background-position":"center center","background-size":"auto","background-attachment":"scroll","background-type":"","background-media":"","overlay-type":"","overlay-color":"","overlay-opacity":"","overlay-gradient":""}},"footnotes":""},"categories":[59,8,61],"tags":[],"class_list":["post-2036","post","type-post","status-publish","format-standard","has-post-thumbnail","hentry","category-destacado-noticia","category-noticias","category-novedades"],"yoast_head":"<!-- This site is optimized with the Yoast SEO plugin v25.4 - https:\/\/yoast.com\/wordpress\/plugins\/seo\/ -->\n<title>Museo Violeta Parra participa en lanzamiento de &quot;Violeta en mi barrio&quot; - Museo Violeta Parra<\/title>\n<meta name=\"robots\" content=\"index, follow, max-snippet:-1, max-image-preview:large, max-video-preview:-1\" \/>\n<link rel=\"canonical\" href=\"http:\/\/vientosur.top\/museo\/museo-violeta-parra-participa-en-lanzamiento-de-violeta-en-mi-barrio\/\" \/>\n<meta property=\"og:locale\" content=\"es_ES\" \/>\n<meta property=\"og:type\" content=\"article\" \/>\n<meta property=\"og:title\" content=\"Museo Violeta Parra participa en lanzamiento de &quot;Violeta en mi barrio&quot; - Museo Violeta Parra\" \/>\n<meta property=\"og:description\" content=\"El Museo Violeta Parra particip\u00f3 de la presentaci\u00f3n del programa \u00abVioleta en mi barrio\u00bb, del Ministerio de Vivienda y Urbanismo, en conjunto con el Consejo Nacional de la Cultura y las Artes.\" \/>\n<meta property=\"og:url\" content=\"http:\/\/vientosur.top\/museo\/museo-violeta-parra-participa-en-lanzamiento-de-violeta-en-mi-barrio\/\" \/>\n<meta property=\"og:site_name\" content=\"Museo Violeta Parra\" \/>\n<meta property=\"article:published_time\" content=\"2016-11-16T16:02:55+00:00\" \/>\n<meta property=\"og:image\" content=\"http:\/\/vientosur.top\/museo\/wp-content\/uploads\/2016\/11\/maleta-minvucnca.jpg\" \/>\n\t<meta property=\"og:image:width\" content=\"1024\" \/>\n\t<meta property=\"og:image:height\" content=\"681\" \/>\n\t<meta property=\"og:image:type\" content=\"image\/jpeg\" \/>\n<meta name=\"author\" content=\"admin\" \/>\n<meta name=\"twitter:card\" content=\"summary_large_image\" \/>\n<meta name=\"twitter:label1\" content=\"Escrito por\" \/>\n\t<meta name=\"twitter:data1\" content=\"admin\" \/>\n\t<meta name=\"twitter:label2\" content=\"Tiempo de lectura\" \/>\n\t<meta name=\"twitter:data2\" content=\"1 minuto\" \/>\n<script type=\"application\/ld+json\" class=\"yoast-schema-graph\">{\"@context\":\"https:\/\/schema.org\",\"@graph\":[{\"@type\":\"WebPage\",\"@id\":\"http:\/\/vientosur.top\/museo\/museo-violeta-parra-participa-en-lanzamiento-de-violeta-en-mi-barrio\/\",\"url\":\"http:\/\/vientosur.top\/museo\/museo-violeta-parra-participa-en-lanzamiento-de-violeta-en-mi-barrio\/\",\"name\":\"Museo Violeta Parra participa en lanzamiento de \\\"Violeta en mi barrio\\\" - Museo Violeta Parra\",\"isPartOf\":{\"@id\":\"http:\/\/vientosur.top\/museo\/#website\"},\"primaryImageOfPage\":{\"@id\":\"http:\/\/vientosur.top\/museo\/museo-violeta-parra-participa-en-lanzamiento-de-violeta-en-mi-barrio\/#primaryimage\"},\"image\":{\"@id\":\"http:\/\/vientosur.top\/museo\/museo-violeta-parra-participa-en-lanzamiento-de-violeta-en-mi-barrio\/#primaryimage\"},\"thumbnailUrl\":\"http:\/\/vientosur.top\/museo\/wp-content\/uploads\/2016\/11\/maleta-minvucnca.jpg\",\"datePublished\":\"2016-11-16T16:02:55+00:00\",\"author\":{\"@id\":\"http:\/\/vientosur.top\/museo\/#\/schema\/person\/20c79d3c38800971feec8c2693c3dd9c\"},\"breadcrumb\":{\"@id\":\"http:\/\/vientosur.top\/museo\/museo-violeta-parra-participa-en-lanzamiento-de-violeta-en-mi-barrio\/#breadcrumb\"},\"inLanguage\":\"es\",\"potentialAction\":[{\"@type\":\"ReadAction\",\"target\":[\"http:\/\/vientosur.top\/museo\/museo-violeta-parra-participa-en-lanzamiento-de-violeta-en-mi-barrio\/\"]}]},{\"@type\":\"ImageObject\",\"inLanguage\":\"es\",\"@id\":\"http:\/\/vientosur.top\/museo\/museo-violeta-parra-participa-en-lanzamiento-de-violeta-en-mi-barrio\/#primaryimage\",\"url\":\"http:\/\/vientosur.top\/museo\/wp-content\/uploads\/2016\/11\/maleta-minvucnca.jpg\",\"contentUrl\":\"http:\/\/vientosur.top\/museo\/wp-content\/uploads\/2016\/11\/maleta-minvucnca.jpg\",\"width\":1024,\"height\":681},{\"@type\":\"BreadcrumbList\",\"@id\":\"http:\/\/vientosur.top\/museo\/museo-violeta-parra-participa-en-lanzamiento-de-violeta-en-mi-barrio\/#breadcrumb\",\"itemListElement\":[{\"@type\":\"ListItem\",\"position\":1,\"name\":\"Portada\",\"item\":\"http:\/\/vientosur.top\/museo\/\"},{\"@type\":\"ListItem\",\"position\":2,\"name\":\"Museo Violeta Parra participa en lanzamiento de \u00abVioleta en mi barrio\u00bb\"}]},{\"@type\":\"WebSite\",\"@id\":\"http:\/\/vientosur.top\/museo\/#website\",\"url\":\"http:\/\/vientosur.top\/museo\/\",\"name\":\"Museo Violeta Parra\",\"description\":\"Espacio que alberga tanto la memoria y legado creativo de la artista\",\"potentialAction\":[{\"@type\":\"SearchAction\",\"target\":{\"@type\":\"EntryPoint\",\"urlTemplate\":\"http:\/\/vientosur.top\/museo\/?s={search_term_string}\"},\"query-input\":{\"@type\":\"PropertyValueSpecification\",\"valueRequired\":true,\"valueName\":\"search_term_string\"}}],\"inLanguage\":\"es\"},{\"@type\":\"Person\",\"@id\":\"http:\/\/vientosur.top\/museo\/#\/schema\/person\/20c79d3c38800971feec8c2693c3dd9c\",\"name\":\"admin\",\"image\":{\"@type\":\"ImageObject\",\"inLanguage\":\"es\",\"@id\":\"http:\/\/vientosur.top\/museo\/#\/schema\/person\/image\/\",\"url\":\"https:\/\/secure.gravatar.com\/avatar\/713677ece3ffa642287213a80e5b773bce9ab81c269dd6d95102a990951c922f?s=96&d=mm&r=g\",\"contentUrl\":\"https:\/\/secure.gravatar.com\/avatar\/713677ece3ffa642287213a80e5b773bce9ab81c269dd6d95102a990951c922f?s=96&d=mm&r=g\",\"caption\":\"admin\"},\"sameAs\":[\"http:\/\/vientosur.top\/museo\"],\"url\":\"http:\/\/vientosur.top\/museo\/author\/comunicacionesmvp\/\"}]}<\/script>\n<!-- \/ Yoast SEO plugin. -->","yoast_head_json":{"title":"Museo Violeta Parra participa en lanzamiento de \"Violeta en mi barrio\" - Museo Violeta Parra","robots":{"index":"index","follow":"follow","max-snippet":"max-snippet:-1","max-image-preview":"max-image-preview:large","max-video-preview":"max-video-preview:-1"},"canonical":"http:\/\/vientosur.top\/museo\/museo-violeta-parra-participa-en-lanzamiento-de-violeta-en-mi-barrio\/","og_locale":"es_ES","og_type":"article","og_title":"Museo Violeta Parra participa en lanzamiento de \"Violeta en mi barrio\" - Museo Violeta Parra","og_description":"El Museo Violeta Parra particip\u00f3 de la presentaci\u00f3n del programa \u00abVioleta en mi barrio\u00bb, del Ministerio de Vivienda y Urbanismo, en conjunto con el Consejo Nacional de la Cultura y las Artes.","og_url":"http:\/\/vientosur.top\/museo\/museo-violeta-parra-participa-en-lanzamiento-de-violeta-en-mi-barrio\/","og_site_name":"Museo Violeta Parra","article_published_time":"2016-11-16T16:02:55+00:00","og_image":[{"width":1024,"height":681,"url":"http:\/\/vientosur.top\/museo\/wp-content\/uploads\/2016\/11\/maleta-minvucnca.jpg","type":"image\/jpeg"}],"author":"admin","twitter_card":"summary_large_image","twitter_misc":{"Escrito por":"admin","Tiempo de lectura":"1 minuto"},"schema":{"@context":"https:\/\/schema.org","@graph":[{"@type":"WebPage","@id":"http:\/\/vientosur.top\/museo\/museo-violeta-parra-participa-en-lanzamiento-de-violeta-en-mi-barrio\/","url":"http:\/\/vientosur.top\/museo\/museo-violeta-parra-participa-en-lanzamiento-de-violeta-en-mi-barrio\/","name":"Museo Violeta Parra participa en lanzamiento de \"Violeta en mi barrio\" - Museo Violeta Parra","isPartOf":{"@id":"http:\/\/vientosur.top\/museo\/#website"},"primaryImageOfPage":{"@id":"http:\/\/vientosur.top\/museo\/museo-violeta-parra-participa-en-lanzamiento-de-violeta-en-mi-barrio\/#primaryimage"},"image":{"@id":"http:\/\/vientosur.top\/museo\/museo-violeta-parra-participa-en-lanzamiento-de-violeta-en-mi-barrio\/#primaryimage"},"thumbnailUrl":"http:\/\/vientosur.top\/museo\/wp-content\/uploads\/2016\/11\/maleta-minvucnca.jpg","datePublished":"2016-11-16T16:02:55+00:00","author":{"@id":"http:\/\/vientosur.top\/museo\/#\/schema\/person\/20c79d3c38800971feec8c2693c3dd9c"},"breadcrumb":{"@id":"http:\/\/vientosur.top\/museo\/museo-violeta-parra-participa-en-lanzamiento-de-violeta-en-mi-barrio\/#breadcrumb"},"inLanguage":"es","potentialAction":[{"@type":"ReadAction","target":["http:\/\/vientosur.top\/museo\/museo-violeta-parra-participa-en-lanzamiento-de-violeta-en-mi-barrio\/"]}]},{"@type":"ImageObject","inLanguage":"es","@id":"http:\/\/vientosur.top\/museo\/museo-violeta-parra-participa-en-lanzamiento-de-violeta-en-mi-barrio\/#primaryimage","url":"http:\/\/vientosur.top\/museo\/wp-content\/uploads\/2016\/11\/maleta-minvucnca.jpg","contentUrl":"http:\/\/vientosur.top\/museo\/wp-content\/uploads\/2016\/11\/maleta-minvucnca.jpg","width":1024,"height":681},{"@type":"BreadcrumbList","@id":"http:\/\/vientosur.top\/museo\/museo-violeta-parra-participa-en-lanzamiento-de-violeta-en-mi-barrio\/#breadcrumb","itemListElement":[{"@type":"ListItem","position":1,"name":"Portada","item":"http:\/\/vientosur.top\/museo\/"},{"@type":"ListItem","position":2,"name":"Museo Violeta Parra participa en lanzamiento de \u00abVioleta en mi barrio\u00bb"}]},{"@type":"WebSite","@id":"http:\/\/vientosur.top\/museo\/#website","url":"http:\/\/vientosur.top\/museo\/","name":"Museo Violeta Parra","description":"Espacio que alberga tanto la memoria y legado creativo de la artista","potentialAction":[{"@type":"SearchAction","target":{"@type":"EntryPoint","urlTemplate":"http:\/\/vientosur.top\/museo\/?s={search_term_string}"},"query-input":{"@type":"PropertyValueSpecification","valueRequired":true,"valueName":"search_term_string"}}],"inLanguage":"es"},{"@type":"Person","@id":"http:\/\/vientosur.top\/museo\/#\/schema\/person\/20c79d3c38800971feec8c2693c3dd9c","name":"admin","image":{"@type":"ImageObject","inLanguage":"es","@id":"http:\/\/vientosur.top\/museo\/#\/schema\/person\/image\/","url":"https:\/\/secure.gravatar.com\/avatar\/713677ece3ffa642287213a80e5b773bce9ab81c269dd6d95102a990951c922f?s=96&d=mm&r=g","contentUrl":"https:\/\/secure.gravatar.com\/avatar\/713677ece3ffa642287213a80e5b773bce9ab81c269dd6d95102a990951c922f?s=96&d=mm&r=g","caption":"admin"},"sameAs":["http:\/\/vientosur.top\/museo"],"url":"http:\/\/vientosur.top\/museo\/author\/comunicacionesmvp\/"}]}},"_links":{"self":[{"href":"http:\/\/vientosur.top\/museo\/wp-json\/wp\/v2\/posts\/2036","targetHints":{"allow":["GET"]}}],"collection":[{"href":"http:\/\/vientosur.top\/museo\/wp-json\/wp\/v2\/posts"}],"about":[{"href":"http:\/\/vientosur.top\/museo\/wp-json\/wp\/v2\/types\/post"}],"author":[{"embeddable":true,"href":"http:\/\/vientosur.top\/museo\/wp-json\/wp\/v2\/users\/5"}],"replies":[{"embeddable":true,"href":"http:\/\/vientosur.top\/museo\/wp-json\/wp\/v2\/comments?post=2036"}],"version-history":[{"count":0,"href":"http:\/\/vientosur.top\/museo\/wp-json\/wp\/v2\/posts\/2036\/revisions"}],"wp:featuredmedia":[{"embeddable":true,"href":"http:\/\/vientosur.top\/museo\/wp-json\/wp\/v2\/media\/2038"}],"wp:attachment":[{"href":"http:\/\/vientosur.top\/museo\/wp-json\/wp\/v2\/media?parent=2036"}],"wp:term":[{"taxonomy":"category","embeddable":true,"href":"http:\/\/vientosur.top\/museo\/wp-json\/wp\/v2\/categories?post=2036"},{"taxonomy":"post_tag","embeddable":true,"href":"http:\/\/vientosur.top\/museo\/wp-json\/wp\/v2\/tags?post=2036"}],"curies":[{"name":"wp","href":"https:\/\/api.w.org\/{rel}","templated":true}]}}