{"id":2107,"date":"2016-12-12T15:20:59","date_gmt":"2016-12-12T15:20:59","guid":{"rendered":"http:\/\/vientosur.top\/museo\/\/?p=2107"},"modified":"2016-12-12T15:20:59","modified_gmt":"2016-12-12T15:20:59","slug":"museo-violeta-parra-celebra-navidad-con-conciertos-gratuitos-de-angel-e-isabel-parra","status":"publish","type":"post","link":"http:\/\/vientosur.top\/museo\/museo-violeta-parra-celebra-navidad-con-conciertos-gratuitos-de-angel-e-isabel-parra\/","title":{"rendered":"Museo Violeta Parra celebra Navidad con conciertos gratuitos de \u00c1ngel e Isabel Parra"},"content":{"rendered":"<p><em>El s\u00e1bado 17 el museo le da la bienvenida a \u00c1ngel Parra, quien viaj\u00f3 desde Francia para presentarse junto a sus hijos Javiera y \u00c1ngel. El domingo ser\u00e1 el turno de Isabel Parra y Tita Parra con \u201cCantos de mujeres\u201d.<\/em><\/p>\n<p><em>\u00a0<\/em><\/p>\n<p><em>\u00a0<\/em><\/p>\n<p>Un regalo especial es el que ofrecer\u00e1 el Museo Violeta Parra para celebrar esta Navidad. Isabel y \u00c1ngel Parra repasar\u00e1n gran parte de su historia y vida musical en dos presentaciones que se realizar\u00e1n el s\u00e1bado y domingo, a partir de las 16:00 horas. La convocatoria tendr\u00e1 lugar en la explanada del recinto el d\u00eda s\u00e1bado y el domingo en el auditorio Antar, en la instituci\u00f3n ubicada en Vicu\u00f1a Mackenna 37.<\/p>\n<p>&nbsp;<\/p>\n<p><strong>\u00c1ngel e hijos en vivo<\/strong><\/p>\n<p>&nbsp;<\/p>\n<p>El primer recital estar\u00e1 encabezado el s\u00e1bado 17 por \u00c1ngel, quien compartir\u00e1 escenario con sus hijos Javiera y \u00c1ngel. El autor de \u201cCanci\u00f3n de amor\u201d repasar\u00e1 diversos momentos de su carrera junto a la l\u00edder de la banda Los Imposibles y al destacado m\u00fasico, quien se hiciera conocido junto a Los Tres.<\/p>\n<p>&nbsp;<\/p>\n<p>\u201cEl cancionero de Violeta \u2014mi madre y abuela de mis hijos\u2014 ha formado parte siempre de nuestro repertorio, con mayor raz\u00f3n ahora que conmemoramos el centenario. Nos da una tremenda alegr\u00eda poder ofrecer este regalo al p\u00fablico, sobre todo estar juntos los tres con Javiera y \u00c1ngel\u201d, adelanta el autor del libro\u00a0<em>Mi Nueva Canci\u00f3n Chilena<\/em>.<\/p>\n<p>&nbsp;<\/p>\n<p><strong>Tita e Isabel en \u201cCantos de mujeres\u201d<\/strong><\/p>\n<p>&nbsp;<\/p>\n<p>El domingo 18 ser\u00e1 el turno de las cantautoras Isabel Parra y su hija Tita Parra, quienes ofrecer\u00e1n un recital de fin de a\u00f1o en el que recorrer\u00e1n gran parte de su vida e historia musical con un invitado especial: Greco Acu\u00f1a. El evento se realizar\u00e1 a las 16:00 horas en el Auditorio Antar y los 99 cupos gratuitos se distribuir\u00e1n por orden de llegada.<\/p>\n<p>&nbsp;<\/p>\n<p>\u201cNosotras agregamos este repertorio al tema de la mujer autora, compositora e int\u00e9rprete. Cuando podemos con el canto decir lo que nos importa, lo que nos pasa y lo que ocurre es una fortaleza no s\u00f3lo para las mujeres, sino tambi\u00e9n para los hombres, los ni\u00f1os, las guaguas, los viejos y los j\u00f3venes. La voz femenina cantora es una presencia indispensable en nuestra historia\u201d, comenta Isabel Parra.<\/p>\n","protected":false},"excerpt":{"rendered":"<p>El s\u00e1bado 17 el museo le da la bienvenida a \u00c1ngel Parra, quien viaj\u00f3 desde Francia para presentarse junto a sus hijos Javiera y \u00c1ngel. El domingo ser\u00e1 el turno de Isabel Parra y Tita Parra con \u201cCantos de mujeres\u201d. \u00a0 \u00a0 Un regalo especial es el que ofrecer\u00e1 el Museo Violeta Parra para celebrar [&hellip;]<\/p>\n","protected":false},"author":5,"featured_media":2111,"comment_status":"open","ping_status":"open","sticky":false,"template":"","format":"standard","meta":{"site-sidebar-layout":"default","site-content-layout":"","ast-site-content-layout":"default","site-content-style":"default","site-sidebar-style":"default","ast-global-header-display":"","ast-banner-title-visibility":"","ast-main-header-display":"","ast-hfb-above-header-display":"","ast-hfb-below-header-display":"","ast-hfb-mobile-header-display":"","site-post-title":"","ast-breadcrumbs-content":"","ast-featured-img":"","footer-sml-layout":"","theme-transparent-header-meta":"","adv-header-id-meta":"","stick-header-meta":"","header-above-stick-meta":"","header-main-stick-meta":"","header-below-stick-meta":"","astra-migrate-meta-layouts":"default","ast-page-background-enabled":"default","ast-page-background-meta":{"desktop":{"background-color":"var(--ast-global-color-4)","background-image":"","background-repeat":"repeat","background-position":"center center","background-size":"auto","background-attachment":"scroll","background-type":"","background-media":"","overlay-type":"","overlay-color":"","overlay-opacity":"","overlay-gradient":""},"tablet":{"background-color":"","background-image":"","background-repeat":"repeat","background-position":"center center","background-size":"auto","background-attachment":"scroll","background-type":"","background-media":"","overlay-type":"","overlay-color":"","overlay-opacity":"","overlay-gradient":""},"mobile":{"background-color":"","background-image":"","background-repeat":"repeat","background-position":"center center","background-size":"auto","background-attachment":"scroll","background-type":"","background-media":"","overlay-type":"","overlay-color":"","overlay-opacity":"","overlay-gradient":""}},"ast-content-background-meta":{"desktop":{"background-color":"var(--ast-global-color-5)","background-image":"","background-repeat":"repeat","background-position":"center center","background-size":"auto","background-attachment":"scroll","background-type":"","background-media":"","overlay-type":"","overlay-color":"","overlay-opacity":"","overlay-gradient":""},"tablet":{"background-color":"var(--ast-global-color-5)","background-image":"","background-repeat":"repeat","background-position":"center center","background-size":"auto","background-attachment":"scroll","background-type":"","background-media":"","overlay-type":"","overlay-color":"","overlay-opacity":"","overlay-gradient":""},"mobile":{"background-color":"var(--ast-global-color-5)","background-image":"","background-repeat":"repeat","background-position":"center center","background-size":"auto","background-attachment":"scroll","background-type":"","background-media":"","overlay-type":"","overlay-color":"","overlay-opacity":"","overlay-gradient":""}},"footnotes":""},"categories":[59,8],"tags":[],"class_list":["post-2107","post","type-post","status-publish","format-standard","has-post-thumbnail","hentry","category-destacado-noticia","category-noticias"],"yoast_head":"<!-- This site is optimized with the Yoast SEO plugin v25.4 - https:\/\/yoast.com\/wordpress\/plugins\/seo\/ -->\n<title>Museo Violeta Parra celebra Navidad con conciertos gratuitos de \u00c1ngel e Isabel Parra - Museo Violeta Parra<\/title>\n<meta name=\"robots\" content=\"index, follow, max-snippet:-1, max-image-preview:large, max-video-preview:-1\" \/>\n<link rel=\"canonical\" href=\"http:\/\/vientosur.top\/museo\/museo-violeta-parra-celebra-navidad-con-conciertos-gratuitos-de-angel-e-isabel-parra\/\" \/>\n<meta property=\"og:locale\" content=\"es_ES\" \/>\n<meta property=\"og:type\" content=\"article\" \/>\n<meta property=\"og:title\" content=\"Museo Violeta Parra celebra Navidad con conciertos gratuitos de \u00c1ngel e Isabel Parra - Museo Violeta Parra\" \/>\n<meta property=\"og:description\" content=\"El s\u00e1bado 17 el museo le da la bienvenida a \u00c1ngel Parra, quien viaj\u00f3 desde Francia para presentarse junto a sus hijos Javiera y \u00c1ngel. El domingo ser\u00e1 el turno de Isabel Parra y Tita Parra con \u201cCantos de mujeres\u201d. \u00a0 \u00a0 Un regalo especial es el que ofrecer\u00e1 el Museo Violeta Parra para celebrar [&hellip;]\" \/>\n<meta property=\"og:url\" content=\"http:\/\/vientosur.top\/museo\/museo-violeta-parra-celebra-navidad-con-conciertos-gratuitos-de-angel-e-isabel-parra\/\" \/>\n<meta property=\"og:site_name\" content=\"Museo Violeta Parra\" \/>\n<meta property=\"article:published_time\" content=\"2016-12-12T15:20:59+00:00\" \/>\n<meta property=\"og:image\" content=\"http:\/\/vientosur.top\/museo\/wp-content\/uploads\/2016\/12\/imagen-destacada.jpg\" \/>\n\t<meta property=\"og:image:width\" content=\"1600\" \/>\n\t<meta property=\"og:image:height\" content=\"600\" \/>\n\t<meta property=\"og:image:type\" content=\"image\/jpeg\" \/>\n<meta name=\"author\" content=\"admin\" \/>\n<meta name=\"twitter:card\" content=\"summary_large_image\" \/>\n<meta name=\"twitter:label1\" content=\"Escrito por\" \/>\n\t<meta name=\"twitter:data1\" content=\"admin\" \/>\n\t<meta name=\"twitter:label2\" content=\"Tiempo de lectura\" \/>\n\t<meta name=\"twitter:data2\" content=\"2 minutos\" \/>\n<script type=\"application\/ld+json\" class=\"yoast-schema-graph\">{\"@context\":\"https:\/\/schema.org\",\"@graph\":[{\"@type\":\"WebPage\",\"@id\":\"http:\/\/vientosur.top\/museo\/museo-violeta-parra-celebra-navidad-con-conciertos-gratuitos-de-angel-e-isabel-parra\/\",\"url\":\"http:\/\/vientosur.top\/museo\/museo-violeta-parra-celebra-navidad-con-conciertos-gratuitos-de-angel-e-isabel-parra\/\",\"name\":\"Museo Violeta Parra celebra Navidad con conciertos gratuitos de \u00c1ngel e Isabel Parra - Museo Violeta Parra\",\"isPartOf\":{\"@id\":\"http:\/\/vientosur.top\/museo\/#website\"},\"primaryImageOfPage\":{\"@id\":\"http:\/\/vientosur.top\/museo\/museo-violeta-parra-celebra-navidad-con-conciertos-gratuitos-de-angel-e-isabel-parra\/#primaryimage\"},\"image\":{\"@id\":\"http:\/\/vientosur.top\/museo\/museo-violeta-parra-celebra-navidad-con-conciertos-gratuitos-de-angel-e-isabel-parra\/#primaryimage\"},\"thumbnailUrl\":\"http:\/\/vientosur.top\/museo\/wp-content\/uploads\/2016\/12\/imagen-destacada.jpg\",\"datePublished\":\"2016-12-12T15:20:59+00:00\",\"author\":{\"@id\":\"http:\/\/vientosur.top\/museo\/#\/schema\/person\/20c79d3c38800971feec8c2693c3dd9c\"},\"breadcrumb\":{\"@id\":\"http:\/\/vientosur.top\/museo\/museo-violeta-parra-celebra-navidad-con-conciertos-gratuitos-de-angel-e-isabel-parra\/#breadcrumb\"},\"inLanguage\":\"es\",\"potentialAction\":[{\"@type\":\"ReadAction\",\"target\":[\"http:\/\/vientosur.top\/museo\/museo-violeta-parra-celebra-navidad-con-conciertos-gratuitos-de-angel-e-isabel-parra\/\"]}]},{\"@type\":\"ImageObject\",\"inLanguage\":\"es\",\"@id\":\"http:\/\/vientosur.top\/museo\/museo-violeta-parra-celebra-navidad-con-conciertos-gratuitos-de-angel-e-isabel-parra\/#primaryimage\",\"url\":\"http:\/\/vientosur.top\/museo\/wp-content\/uploads\/2016\/12\/imagen-destacada.jpg\",\"contentUrl\":\"http:\/\/vientosur.top\/museo\/wp-content\/uploads\/2016\/12\/imagen-destacada.jpg\",\"width\":1600,\"height\":600},{\"@type\":\"BreadcrumbList\",\"@id\":\"http:\/\/vientosur.top\/museo\/museo-violeta-parra-celebra-navidad-con-conciertos-gratuitos-de-angel-e-isabel-parra\/#breadcrumb\",\"itemListElement\":[{\"@type\":\"ListItem\",\"position\":1,\"name\":\"Portada\",\"item\":\"http:\/\/vientosur.top\/museo\/\"},{\"@type\":\"ListItem\",\"position\":2,\"name\":\"Museo Violeta Parra celebra Navidad con conciertos gratuitos de \u00c1ngel e Isabel Parra\"}]},{\"@type\":\"WebSite\",\"@id\":\"http:\/\/vientosur.top\/museo\/#website\",\"url\":\"http:\/\/vientosur.top\/museo\/\",\"name\":\"Museo Violeta Parra\",\"description\":\"Espacio que alberga tanto la memoria y legado creativo de la artista\",\"potentialAction\":[{\"@type\":\"SearchAction\",\"target\":{\"@type\":\"EntryPoint\",\"urlTemplate\":\"http:\/\/vientosur.top\/museo\/?s={search_term_string}\"},\"query-input\":{\"@type\":\"PropertyValueSpecification\",\"valueRequired\":true,\"valueName\":\"search_term_string\"}}],\"inLanguage\":\"es\"},{\"@type\":\"Person\",\"@id\":\"http:\/\/vientosur.top\/museo\/#\/schema\/person\/20c79d3c38800971feec8c2693c3dd9c\",\"name\":\"admin\",\"image\":{\"@type\":\"ImageObject\",\"inLanguage\":\"es\",\"@id\":\"http:\/\/vientosur.top\/museo\/#\/schema\/person\/image\/\",\"url\":\"https:\/\/secure.gravatar.com\/avatar\/713677ece3ffa642287213a80e5b773bce9ab81c269dd6d95102a990951c922f?s=96&d=mm&r=g\",\"contentUrl\":\"https:\/\/secure.gravatar.com\/avatar\/713677ece3ffa642287213a80e5b773bce9ab81c269dd6d95102a990951c922f?s=96&d=mm&r=g\",\"caption\":\"admin\"},\"sameAs\":[\"http:\/\/vientosur.top\/museo\"],\"url\":\"http:\/\/vientosur.top\/museo\/author\/comunicacionesmvp\/\"}]}<\/script>\n<!-- \/ Yoast SEO plugin. -->","yoast_head_json":{"title":"Museo Violeta Parra celebra Navidad con conciertos gratuitos de \u00c1ngel e Isabel Parra - Museo Violeta Parra","robots":{"index":"index","follow":"follow","max-snippet":"max-snippet:-1","max-image-preview":"max-image-preview:large","max-video-preview":"max-video-preview:-1"},"canonical":"http:\/\/vientosur.top\/museo\/museo-violeta-parra-celebra-navidad-con-conciertos-gratuitos-de-angel-e-isabel-parra\/","og_locale":"es_ES","og_type":"article","og_title":"Museo Violeta Parra celebra Navidad con conciertos gratuitos de \u00c1ngel e Isabel Parra - Museo Violeta Parra","og_description":"El s\u00e1bado 17 el museo le da la bienvenida a \u00c1ngel Parra, quien viaj\u00f3 desde Francia para presentarse junto a sus hijos Javiera y \u00c1ngel. El domingo ser\u00e1 el turno de Isabel Parra y Tita Parra con \u201cCantos de mujeres\u201d. \u00a0 \u00a0 Un regalo especial es el que ofrecer\u00e1 el Museo Violeta Parra para celebrar [&hellip;]","og_url":"http:\/\/vientosur.top\/museo\/museo-violeta-parra-celebra-navidad-con-conciertos-gratuitos-de-angel-e-isabel-parra\/","og_site_name":"Museo Violeta Parra","article_published_time":"2016-12-12T15:20:59+00:00","og_image":[{"width":1600,"height":600,"url":"http:\/\/vientosur.top\/museo\/wp-content\/uploads\/2016\/12\/imagen-destacada.jpg","type":"image\/jpeg"}],"author":"admin","twitter_card":"summary_large_image","twitter_misc":{"Escrito por":"admin","Tiempo de lectura":"2 minutos"},"schema":{"@context":"https:\/\/schema.org","@graph":[{"@type":"WebPage","@id":"http:\/\/vientosur.top\/museo\/museo-violeta-parra-celebra-navidad-con-conciertos-gratuitos-de-angel-e-isabel-parra\/","url":"http:\/\/vientosur.top\/museo\/museo-violeta-parra-celebra-navidad-con-conciertos-gratuitos-de-angel-e-isabel-parra\/","name":"Museo Violeta Parra celebra Navidad con conciertos gratuitos de \u00c1ngel e Isabel Parra - Museo Violeta Parra","isPartOf":{"@id":"http:\/\/vientosur.top\/museo\/#website"},"primaryImageOfPage":{"@id":"http:\/\/vientosur.top\/museo\/museo-violeta-parra-celebra-navidad-con-conciertos-gratuitos-de-angel-e-isabel-parra\/#primaryimage"},"image":{"@id":"http:\/\/vientosur.top\/museo\/museo-violeta-parra-celebra-navidad-con-conciertos-gratuitos-de-angel-e-isabel-parra\/#primaryimage"},"thumbnailUrl":"http:\/\/vientosur.top\/museo\/wp-content\/uploads\/2016\/12\/imagen-destacada.jpg","datePublished":"2016-12-12T15:20:59+00:00","author":{"@id":"http:\/\/vientosur.top\/museo\/#\/schema\/person\/20c79d3c38800971feec8c2693c3dd9c"},"breadcrumb":{"@id":"http:\/\/vientosur.top\/museo\/museo-violeta-parra-celebra-navidad-con-conciertos-gratuitos-de-angel-e-isabel-parra\/#breadcrumb"},"inLanguage":"es","potentialAction":[{"@type":"ReadAction","target":["http:\/\/vientosur.top\/museo\/museo-violeta-parra-celebra-navidad-con-conciertos-gratuitos-de-angel-e-isabel-parra\/"]}]},{"@type":"ImageObject","inLanguage":"es","@id":"http:\/\/vientosur.top\/museo\/museo-violeta-parra-celebra-navidad-con-conciertos-gratuitos-de-angel-e-isabel-parra\/#primaryimage","url":"http:\/\/vientosur.top\/museo\/wp-content\/uploads\/2016\/12\/imagen-destacada.jpg","contentUrl":"http:\/\/vientosur.top\/museo\/wp-content\/uploads\/2016\/12\/imagen-destacada.jpg","width":1600,"height":600},{"@type":"BreadcrumbList","@id":"http:\/\/vientosur.top\/museo\/museo-violeta-parra-celebra-navidad-con-conciertos-gratuitos-de-angel-e-isabel-parra\/#breadcrumb","itemListElement":[{"@type":"ListItem","position":1,"name":"Portada","item":"http:\/\/vientosur.top\/museo\/"},{"@type":"ListItem","position":2,"name":"Museo Violeta Parra celebra Navidad con conciertos gratuitos de \u00c1ngel e Isabel Parra"}]},{"@type":"WebSite","@id":"http:\/\/vientosur.top\/museo\/#website","url":"http:\/\/vientosur.top\/museo\/","name":"Museo Violeta Parra","description":"Espacio que alberga tanto la memoria y legado creativo de la artista","potentialAction":[{"@type":"SearchAction","target":{"@type":"EntryPoint","urlTemplate":"http:\/\/vientosur.top\/museo\/?s={search_term_string}"},"query-input":{"@type":"PropertyValueSpecification","valueRequired":true,"valueName":"search_term_string"}}],"inLanguage":"es"},{"@type":"Person","@id":"http:\/\/vientosur.top\/museo\/#\/schema\/person\/20c79d3c38800971feec8c2693c3dd9c","name":"admin","image":{"@type":"ImageObject","inLanguage":"es","@id":"http:\/\/vientosur.top\/museo\/#\/schema\/person\/image\/","url":"https:\/\/secure.gravatar.com\/avatar\/713677ece3ffa642287213a80e5b773bce9ab81c269dd6d95102a990951c922f?s=96&d=mm&r=g","contentUrl":"https:\/\/secure.gravatar.com\/avatar\/713677ece3ffa642287213a80e5b773bce9ab81c269dd6d95102a990951c922f?s=96&d=mm&r=g","caption":"admin"},"sameAs":["http:\/\/vientosur.top\/museo"],"url":"http:\/\/vientosur.top\/museo\/author\/comunicacionesmvp\/"}]}},"_links":{"self":[{"href":"http:\/\/vientosur.top\/museo\/wp-json\/wp\/v2\/posts\/2107","targetHints":{"allow":["GET"]}}],"collection":[{"href":"http:\/\/vientosur.top\/museo\/wp-json\/wp\/v2\/posts"}],"about":[{"href":"http:\/\/vientosur.top\/museo\/wp-json\/wp\/v2\/types\/post"}],"author":[{"embeddable":true,"href":"http:\/\/vientosur.top\/museo\/wp-json\/wp\/v2\/users\/5"}],"replies":[{"embeddable":true,"href":"http:\/\/vientosur.top\/museo\/wp-json\/wp\/v2\/comments?post=2107"}],"version-history":[{"count":0,"href":"http:\/\/vientosur.top\/museo\/wp-json\/wp\/v2\/posts\/2107\/revisions"}],"wp:featuredmedia":[{"embeddable":true,"href":"http:\/\/vientosur.top\/museo\/wp-json\/wp\/v2\/media\/2111"}],"wp:attachment":[{"href":"http:\/\/vientosur.top\/museo\/wp-json\/wp\/v2\/media?parent=2107"}],"wp:term":[{"taxonomy":"category","embeddable":true,"href":"http:\/\/vientosur.top\/museo\/wp-json\/wp\/v2\/categories?post=2107"},{"taxonomy":"post_tag","embeddable":true,"href":"http:\/\/vientosur.top\/museo\/wp-json\/wp\/v2\/tags?post=2107"}],"curies":[{"name":"wp","href":"https:\/\/api.w.org\/{rel}","templated":true}]}}