{"id":2137,"date":"2016-12-14T18:23:33","date_gmt":"2016-12-14T18:23:33","guid":{"rendered":"http:\/\/vientosur.top\/museo\/\/?p=2137"},"modified":"2016-12-14T18:23:33","modified_gmt":"2016-12-14T18:23:33","slug":"anuncian-proyectos-ganadores-de-linea-de-celebracion-centenario-violeta-parra-de-los-fondos-de-cultura","status":"publish","type":"post","link":"http:\/\/vientosur.top\/museo\/anuncian-proyectos-ganadores-de-linea-de-celebracion-centenario-violeta-parra-de-los-fondos-de-cultura\/","title":{"rendered":"Anuncian proyectos ganadores de la \u201cL\u00ednea de Celebraci\u00f3n Centenario Violeta Parra\u201d de los Fondos de Cultura"},"content":{"rendered":"<p>El Museo Violeta Parra alberg\u00f3 la ceremonia en la que se dieron a conocer los resultados de los \u201cFondos Cultura 2017\u201d, otorgados por el Consejo Nacional de la Cultura y las Artes (CNCA). En la ocasi\u00f3n se anunciaron los ganadores de proyectos en las categor\u00edas de los fondos: del Libro, Audiovisual y de M\u00fasica, donde se incluyen las propuestas escogidas en la l\u00ednea especial dedicada a los 100 a\u00f1os de Violeta Parra.<\/p>\n<p>&nbsp;<\/p>\n<p>La ceremonia cont\u00f3 con la participaci\u00f3n del ministro presidente del CNCA, Ernesto Ottone y de los secretarios ejecutivos Paula Larra\u00edn, del Consejo Nacional del Libro; Cristi\u00e1n Z\u00fa\u00f1iga, del Consejo de Fomento a la M\u00fasica Nacional e Ignacio Aliaga del Consejo Nacional del Arte y la Industria Audiovisual.<\/p>\n<p>&nbsp;<\/p>\n<p>La llamada \u201cL\u00ednea de Celebraci\u00f3n Centenario Violeta Parra\u201d es una iniciativa de car\u00e1cter extraordinario para 2017, cuando se celebran los 100 a\u00f1os del nacimiento de la c\u00e9lebre artista. Los proyectos presentados fueron evaluados por un jurado compuesto por Mar\u00eda Antonieta Lucero, Micaela Navarrete y Guillermo Villalobos.<\/p>\n<p>&nbsp;<\/p>\n<p>Se adjudicaron proyectos en seis regiones a lo largo del pa\u00eds, los ganadores fueron:<\/p>\n<p>&nbsp;<\/p>\n<table style=\"height: 1040px;\" width=\"878\">\n<tbody>\n<tr>\n<td width=\"256\"><strong>Nombre<\/strong><\/td>\n<td width=\"172\"><strong>Proyecto<\/strong><\/td>\n<td width=\"104\"><strong>Regi\u00f3n <\/strong><\/td>\n<\/tr>\n<tr>\n<td width=\"256\">Rodrigo Salaz Gamboa<\/td>\n<td width=\"172\">\u201cFlorece Violeta en Atacama\u201d<\/td>\n<td width=\"104\">Atacama<\/td>\n<\/tr>\n<tr>\n<td width=\"256\">Emma Gajardo Schmidlin<\/td>\n<td width=\"172\">\u201cHomenaje Coral a Violeta Parra en su Centenario\u201d<\/td>\n<td width=\"104\">Regi\u00f3n de Coquimbo<\/td>\n<\/tr>\n<tr>\n<td width=\"256\">Daniela Sep\u00falveda Valdivieso<\/td>\n<td width=\"172\">\u201cRamillito de Violetas\u201d<\/td>\n<td width=\"104\">Regi\u00f3n de Valpara\u00edso<\/td>\n<\/tr>\n<tr>\n<td width=\"256\">Leonardo Gatica Ojeda<\/td>\n<td width=\"172\">\u201cVioleta en las voces corales\u201d<\/td>\n<td width=\"104\">Regi\u00f3n de Valpara\u00edso<\/td>\n<\/tr>\n<tr>\n<td width=\"256\">Milka L\u00e9pez Yurkovic<\/td>\n<td width=\"172\">\u201cSeis cantoras recrean cuecas recopiladas por Violeta Parra\u201d<\/td>\n<td width=\"104\">Regi\u00f3n del Bio-Bio<\/td>\n<\/tr>\n<tr>\n<td width=\"256\">Carola L\u00f3pez Araya<\/td>\n<td width=\"172\">\u201cCiclo de encuentros: Payadores por Violeta\u201d<\/td>\n<td width=\"104\">Regi\u00f3n Metropolitana de Santiago<\/td>\n<\/tr>\n<tr>\n<td width=\"256\">Leslie Becerra Reyes<\/td>\n<td width=\"172\">\u201cLa Violeta del futuro: homenaje underground a Violeta Parra\u201d<\/td>\n<td width=\"104\">Regi\u00f3n Metropolitana de Santiago<\/td>\n<\/tr>\n<tr>\n<td width=\"256\">Corporaci\u00f3n Cultural Universidad de Santiago de Chile<\/td>\n<td width=\"172\">\u201cVioleta despu\u00e9s de vivir un siglo\u201d<\/td>\n<td width=\"104\">Regi\u00f3n Metropolitana de Santiago<\/td>\n<\/tr>\n<tr>\n<td width=\"256\">Cristina Parra Cereceda<\/td>\n<td width=\"172\">\u201cVioleta tierna y eterna\u201d<\/td>\n<td width=\"104\">Regi\u00f3n Metropolitana de Santiago<\/td>\n<\/tr>\n<tr>\n<td width=\"256\">Fundaci\u00f3n Nacional de Orquestas Juveniles e Infantiles de Chile<\/td>\n<td width=\"172\">\u201cConcierto sinf\u00f3nico en homenaje a Violeta Parra\u201d<\/td>\n<td width=\"104\">Regi\u00f3n Metropolitana de Santiago<\/td>\n<\/tr>\n<tr>\n<td width=\"256\">Daygoro Ser\u00f3n Ramos<\/td>\n<td width=\"172\">\u201cVioleta en cuatro cuerdas\u201d<\/td>\n<td width=\"104\">Regi\u00f3n de los R\u00edos<\/td>\n<\/tr>\n<tr>\n<td width=\"256\">F\u00e1tima Aguilar Baltazar<\/td>\n<td width=\"172\">\u201cEncuentro de J\u00f3venes instrumentistas rinden homenaje a Violeta Parra\u201d<\/td>\n<td width=\"104\">Regi\u00f3n de los R\u00edos<\/td>\n<\/tr>\n<\/tbody>\n<\/table>\n<p>&nbsp;<\/p>\n","protected":false},"excerpt":{"rendered":"<p>El Museo Violeta Parra alberg\u00f3 la ceremonia en la que se dieron a conocer los resultados de los \u201cFondos Cultura 2017\u201d, otorgados por el Consejo Nacional de la Cultura y las Artes (CNCA). En la ocasi\u00f3n se anunciaron los ganadores de proyectos en las categor\u00edas de los fondos: del Libro, Audiovisual y de M\u00fasica, donde [&hellip;]<\/p>\n","protected":false},"author":5,"featured_media":2138,"comment_status":"open","ping_status":"open","sticky":false,"template":"","format":"standard","meta":{"site-sidebar-layout":"default","site-content-layout":"","ast-site-content-layout":"default","site-content-style":"default","site-sidebar-style":"default","ast-global-header-display":"","ast-banner-title-visibility":"","ast-main-header-display":"","ast-hfb-above-header-display":"","ast-hfb-below-header-display":"","ast-hfb-mobile-header-display":"","site-post-title":"","ast-breadcrumbs-content":"","ast-featured-img":"","footer-sml-layout":"","theme-transparent-header-meta":"","adv-header-id-meta":"","stick-header-meta":"","header-above-stick-meta":"","header-main-stick-meta":"","header-below-stick-meta":"","astra-migrate-meta-layouts":"default","ast-page-background-enabled":"default","ast-page-background-meta":{"desktop":{"background-color":"var(--ast-global-color-4)","background-image":"","background-repeat":"repeat","background-position":"center center","background-size":"auto","background-attachment":"scroll","background-type":"","background-media":"","overlay-type":"","overlay-color":"","overlay-opacity":"","overlay-gradient":""},"tablet":{"background-color":"","background-image":"","background-repeat":"repeat","background-position":"center center","background-size":"auto","background-attachment":"scroll","background-type":"","background-media":"","overlay-type":"","overlay-color":"","overlay-opacity":"","overlay-gradient":""},"mobile":{"background-color":"","background-image":"","background-repeat":"repeat","background-position":"center center","background-size":"auto","background-attachment":"scroll","background-type":"","background-media":"","overlay-type":"","overlay-color":"","overlay-opacity":"","overlay-gradient":""}},"ast-content-background-meta":{"desktop":{"background-color":"var(--ast-global-color-5)","background-image":"","background-repeat":"repeat","background-position":"center center","background-size":"auto","background-attachment":"scroll","background-type":"","background-media":"","overlay-type":"","overlay-color":"","overlay-opacity":"","overlay-gradient":""},"tablet":{"background-color":"var(--ast-global-color-5)","background-image":"","background-repeat":"repeat","background-position":"center center","background-size":"auto","background-attachment":"scroll","background-type":"","background-media":"","overlay-type":"","overlay-color":"","overlay-opacity":"","overlay-gradient":""},"mobile":{"background-color":"var(--ast-global-color-5)","background-image":"","background-repeat":"repeat","background-position":"center center","background-size":"auto","background-attachment":"scroll","background-type":"","background-media":"","overlay-type":"","overlay-color":"","overlay-opacity":"","overlay-gradient":""}},"footnotes":""},"categories":[59,8,61],"tags":[],"class_list":["post-2137","post","type-post","status-publish","format-standard","has-post-thumbnail","hentry","category-destacado-noticia","category-noticias","category-novedades"],"yoast_head":"<!-- This site is optimized with the Yoast SEO plugin v25.4 - https:\/\/yoast.com\/wordpress\/plugins\/seo\/ -->\n<title>Anuncian proyectos ganadores de la \u201cL\u00ednea de Celebraci\u00f3n Centenario Violeta Parra\u201d de los Fondos de Cultura - Museo Violeta Parra<\/title>\n<meta name=\"robots\" content=\"index, follow, max-snippet:-1, max-image-preview:large, max-video-preview:-1\" \/>\n<link rel=\"canonical\" href=\"http:\/\/vientosur.top\/museo\/anuncian-proyectos-ganadores-de-linea-de-celebracion-centenario-violeta-parra-de-los-fondos-de-cultura\/\" \/>\n<meta property=\"og:locale\" content=\"es_ES\" \/>\n<meta property=\"og:type\" content=\"article\" \/>\n<meta property=\"og:title\" content=\"Anuncian proyectos ganadores de la \u201cL\u00ednea de Celebraci\u00f3n Centenario Violeta Parra\u201d de los Fondos de Cultura - Museo Violeta Parra\" \/>\n<meta property=\"og:description\" content=\"El Museo Violeta Parra alberg\u00f3 la ceremonia en la que se dieron a conocer los resultados de los \u201cFondos Cultura 2017\u201d, otorgados por el Consejo Nacional de la Cultura y las Artes (CNCA). En la ocasi\u00f3n se anunciaron los ganadores de proyectos en las categor\u00edas de los fondos: del Libro, Audiovisual y de M\u00fasica, donde [&hellip;]\" \/>\n<meta property=\"og:url\" content=\"http:\/\/vientosur.top\/museo\/anuncian-proyectos-ganadores-de-linea-de-celebracion-centenario-violeta-parra-de-los-fondos-de-cultura\/\" \/>\n<meta property=\"og:site_name\" content=\"Museo Violeta Parra\" \/>\n<meta property=\"article:published_time\" content=\"2016-12-14T18:23:33+00:00\" \/>\n<meta property=\"og:image\" content=\"http:\/\/vientosur.top\/museo\/wp-content\/uploads\/2016\/12\/30815775773_a57fdd67ec_o-scaled.jpg\" \/>\n\t<meta property=\"og:image:width\" content=\"2560\" \/>\n\t<meta property=\"og:image:height\" content=\"1707\" \/>\n\t<meta property=\"og:image:type\" content=\"image\/jpeg\" \/>\n<meta name=\"author\" content=\"admin\" \/>\n<meta name=\"twitter:card\" content=\"summary_large_image\" \/>\n<meta name=\"twitter:label1\" content=\"Escrito por\" \/>\n\t<meta name=\"twitter:data1\" content=\"admin\" \/>\n\t<meta name=\"twitter:label2\" content=\"Tiempo de lectura\" \/>\n\t<meta name=\"twitter:data2\" content=\"2 minutos\" \/>\n<script type=\"application\/ld+json\" class=\"yoast-schema-graph\">{\"@context\":\"https:\/\/schema.org\",\"@graph\":[{\"@type\":\"WebPage\",\"@id\":\"http:\/\/vientosur.top\/museo\/anuncian-proyectos-ganadores-de-linea-de-celebracion-centenario-violeta-parra-de-los-fondos-de-cultura\/\",\"url\":\"http:\/\/vientosur.top\/museo\/anuncian-proyectos-ganadores-de-linea-de-celebracion-centenario-violeta-parra-de-los-fondos-de-cultura\/\",\"name\":\"Anuncian proyectos ganadores de la \u201cL\u00ednea de Celebraci\u00f3n Centenario Violeta Parra\u201d de los Fondos de Cultura - Museo Violeta Parra\",\"isPartOf\":{\"@id\":\"http:\/\/vientosur.top\/museo\/#website\"},\"primaryImageOfPage\":{\"@id\":\"http:\/\/vientosur.top\/museo\/anuncian-proyectos-ganadores-de-linea-de-celebracion-centenario-violeta-parra-de-los-fondos-de-cultura\/#primaryimage\"},\"image\":{\"@id\":\"http:\/\/vientosur.top\/museo\/anuncian-proyectos-ganadores-de-linea-de-celebracion-centenario-violeta-parra-de-los-fondos-de-cultura\/#primaryimage\"},\"thumbnailUrl\":\"http:\/\/vientosur.top\/museo\/wp-content\/uploads\/2016\/12\/30815775773_a57fdd67ec_o-scaled.jpg\",\"datePublished\":\"2016-12-14T18:23:33+00:00\",\"author\":{\"@id\":\"http:\/\/vientosur.top\/museo\/#\/schema\/person\/20c79d3c38800971feec8c2693c3dd9c\"},\"breadcrumb\":{\"@id\":\"http:\/\/vientosur.top\/museo\/anuncian-proyectos-ganadores-de-linea-de-celebracion-centenario-violeta-parra-de-los-fondos-de-cultura\/#breadcrumb\"},\"inLanguage\":\"es\",\"potentialAction\":[{\"@type\":\"ReadAction\",\"target\":[\"http:\/\/vientosur.top\/museo\/anuncian-proyectos-ganadores-de-linea-de-celebracion-centenario-violeta-parra-de-los-fondos-de-cultura\/\"]}]},{\"@type\":\"ImageObject\",\"inLanguage\":\"es\",\"@id\":\"http:\/\/vientosur.top\/museo\/anuncian-proyectos-ganadores-de-linea-de-celebracion-centenario-violeta-parra-de-los-fondos-de-cultura\/#primaryimage\",\"url\":\"http:\/\/vientosur.top\/museo\/wp-content\/uploads\/2016\/12\/30815775773_a57fdd67ec_o-scaled.jpg\",\"contentUrl\":\"http:\/\/vientosur.top\/museo\/wp-content\/uploads\/2016\/12\/30815775773_a57fdd67ec_o-scaled.jpg\",\"width\":2560,\"height\":1707,\"caption\":\"Fotograf\u00eda de Natalia Espina (CNCA)\"},{\"@type\":\"BreadcrumbList\",\"@id\":\"http:\/\/vientosur.top\/museo\/anuncian-proyectos-ganadores-de-linea-de-celebracion-centenario-violeta-parra-de-los-fondos-de-cultura\/#breadcrumb\",\"itemListElement\":[{\"@type\":\"ListItem\",\"position\":1,\"name\":\"Portada\",\"item\":\"http:\/\/vientosur.top\/museo\/\"},{\"@type\":\"ListItem\",\"position\":2,\"name\":\"Anuncian proyectos ganadores de la \u201cL\u00ednea de Celebraci\u00f3n Centenario Violeta Parra\u201d de los Fondos de Cultura\"}]},{\"@type\":\"WebSite\",\"@id\":\"http:\/\/vientosur.top\/museo\/#website\",\"url\":\"http:\/\/vientosur.top\/museo\/\",\"name\":\"Museo Violeta Parra\",\"description\":\"Espacio que alberga tanto la memoria y legado creativo de la artista\",\"potentialAction\":[{\"@type\":\"SearchAction\",\"target\":{\"@type\":\"EntryPoint\",\"urlTemplate\":\"http:\/\/vientosur.top\/museo\/?s={search_term_string}\"},\"query-input\":{\"@type\":\"PropertyValueSpecification\",\"valueRequired\":true,\"valueName\":\"search_term_string\"}}],\"inLanguage\":\"es\"},{\"@type\":\"Person\",\"@id\":\"http:\/\/vientosur.top\/museo\/#\/schema\/person\/20c79d3c38800971feec8c2693c3dd9c\",\"name\":\"admin\",\"image\":{\"@type\":\"ImageObject\",\"inLanguage\":\"es\",\"@id\":\"http:\/\/vientosur.top\/museo\/#\/schema\/person\/image\/\",\"url\":\"https:\/\/secure.gravatar.com\/avatar\/713677ece3ffa642287213a80e5b773bce9ab81c269dd6d95102a990951c922f?s=96&d=mm&r=g\",\"contentUrl\":\"https:\/\/secure.gravatar.com\/avatar\/713677ece3ffa642287213a80e5b773bce9ab81c269dd6d95102a990951c922f?s=96&d=mm&r=g\",\"caption\":\"admin\"},\"sameAs\":[\"http:\/\/vientosur.top\/museo\"],\"url\":\"http:\/\/vientosur.top\/museo\/author\/comunicacionesmvp\/\"}]}<\/script>\n<!-- \/ Yoast SEO plugin. -->","yoast_head_json":{"title":"Anuncian proyectos ganadores de la \u201cL\u00ednea de Celebraci\u00f3n Centenario Violeta Parra\u201d de los Fondos de Cultura - Museo Violeta Parra","robots":{"index":"index","follow":"follow","max-snippet":"max-snippet:-1","max-image-preview":"max-image-preview:large","max-video-preview":"max-video-preview:-1"},"canonical":"http:\/\/vientosur.top\/museo\/anuncian-proyectos-ganadores-de-linea-de-celebracion-centenario-violeta-parra-de-los-fondos-de-cultura\/","og_locale":"es_ES","og_type":"article","og_title":"Anuncian proyectos ganadores de la \u201cL\u00ednea de Celebraci\u00f3n Centenario Violeta Parra\u201d de los Fondos de Cultura - Museo Violeta Parra","og_description":"El Museo Violeta Parra alberg\u00f3 la ceremonia en la que se dieron a conocer los resultados de los \u201cFondos Cultura 2017\u201d, otorgados por el Consejo Nacional de la Cultura y las Artes (CNCA). En la ocasi\u00f3n se anunciaron los ganadores de proyectos en las categor\u00edas de los fondos: del Libro, Audiovisual y de M\u00fasica, donde [&hellip;]","og_url":"http:\/\/vientosur.top\/museo\/anuncian-proyectos-ganadores-de-linea-de-celebracion-centenario-violeta-parra-de-los-fondos-de-cultura\/","og_site_name":"Museo Violeta Parra","article_published_time":"2016-12-14T18:23:33+00:00","og_image":[{"width":2560,"height":1707,"url":"http:\/\/vientosur.top\/museo\/wp-content\/uploads\/2016\/12\/30815775773_a57fdd67ec_o-scaled.jpg","type":"image\/jpeg"}],"author":"admin","twitter_card":"summary_large_image","twitter_misc":{"Escrito por":"admin","Tiempo de lectura":"2 minutos"},"schema":{"@context":"https:\/\/schema.org","@graph":[{"@type":"WebPage","@id":"http:\/\/vientosur.top\/museo\/anuncian-proyectos-ganadores-de-linea-de-celebracion-centenario-violeta-parra-de-los-fondos-de-cultura\/","url":"http:\/\/vientosur.top\/museo\/anuncian-proyectos-ganadores-de-linea-de-celebracion-centenario-violeta-parra-de-los-fondos-de-cultura\/","name":"Anuncian proyectos ganadores de la \u201cL\u00ednea de Celebraci\u00f3n Centenario Violeta Parra\u201d de los Fondos de Cultura - Museo Violeta Parra","isPartOf":{"@id":"http:\/\/vientosur.top\/museo\/#website"},"primaryImageOfPage":{"@id":"http:\/\/vientosur.top\/museo\/anuncian-proyectos-ganadores-de-linea-de-celebracion-centenario-violeta-parra-de-los-fondos-de-cultura\/#primaryimage"},"image":{"@id":"http:\/\/vientosur.top\/museo\/anuncian-proyectos-ganadores-de-linea-de-celebracion-centenario-violeta-parra-de-los-fondos-de-cultura\/#primaryimage"},"thumbnailUrl":"http:\/\/vientosur.top\/museo\/wp-content\/uploads\/2016\/12\/30815775773_a57fdd67ec_o-scaled.jpg","datePublished":"2016-12-14T18:23:33+00:00","author":{"@id":"http:\/\/vientosur.top\/museo\/#\/schema\/person\/20c79d3c38800971feec8c2693c3dd9c"},"breadcrumb":{"@id":"http:\/\/vientosur.top\/museo\/anuncian-proyectos-ganadores-de-linea-de-celebracion-centenario-violeta-parra-de-los-fondos-de-cultura\/#breadcrumb"},"inLanguage":"es","potentialAction":[{"@type":"ReadAction","target":["http:\/\/vientosur.top\/museo\/anuncian-proyectos-ganadores-de-linea-de-celebracion-centenario-violeta-parra-de-los-fondos-de-cultura\/"]}]},{"@type":"ImageObject","inLanguage":"es","@id":"http:\/\/vientosur.top\/museo\/anuncian-proyectos-ganadores-de-linea-de-celebracion-centenario-violeta-parra-de-los-fondos-de-cultura\/#primaryimage","url":"http:\/\/vientosur.top\/museo\/wp-content\/uploads\/2016\/12\/30815775773_a57fdd67ec_o-scaled.jpg","contentUrl":"http:\/\/vientosur.top\/museo\/wp-content\/uploads\/2016\/12\/30815775773_a57fdd67ec_o-scaled.jpg","width":2560,"height":1707,"caption":"Fotograf\u00eda de Natalia Espina (CNCA)"},{"@type":"BreadcrumbList","@id":"http:\/\/vientosur.top\/museo\/anuncian-proyectos-ganadores-de-linea-de-celebracion-centenario-violeta-parra-de-los-fondos-de-cultura\/#breadcrumb","itemListElement":[{"@type":"ListItem","position":1,"name":"Portada","item":"http:\/\/vientosur.top\/museo\/"},{"@type":"ListItem","position":2,"name":"Anuncian proyectos ganadores de la \u201cL\u00ednea de Celebraci\u00f3n Centenario Violeta Parra\u201d de los Fondos de Cultura"}]},{"@type":"WebSite","@id":"http:\/\/vientosur.top\/museo\/#website","url":"http:\/\/vientosur.top\/museo\/","name":"Museo Violeta Parra","description":"Espacio que alberga tanto la memoria y legado creativo de la artista","potentialAction":[{"@type":"SearchAction","target":{"@type":"EntryPoint","urlTemplate":"http:\/\/vientosur.top\/museo\/?s={search_term_string}"},"query-input":{"@type":"PropertyValueSpecification","valueRequired":true,"valueName":"search_term_string"}}],"inLanguage":"es"},{"@type":"Person","@id":"http:\/\/vientosur.top\/museo\/#\/schema\/person\/20c79d3c38800971feec8c2693c3dd9c","name":"admin","image":{"@type":"ImageObject","inLanguage":"es","@id":"http:\/\/vientosur.top\/museo\/#\/schema\/person\/image\/","url":"https:\/\/secure.gravatar.com\/avatar\/713677ece3ffa642287213a80e5b773bce9ab81c269dd6d95102a990951c922f?s=96&d=mm&r=g","contentUrl":"https:\/\/secure.gravatar.com\/avatar\/713677ece3ffa642287213a80e5b773bce9ab81c269dd6d95102a990951c922f?s=96&d=mm&r=g","caption":"admin"},"sameAs":["http:\/\/vientosur.top\/museo"],"url":"http:\/\/vientosur.top\/museo\/author\/comunicacionesmvp\/"}]}},"_links":{"self":[{"href":"http:\/\/vientosur.top\/museo\/wp-json\/wp\/v2\/posts\/2137","targetHints":{"allow":["GET"]}}],"collection":[{"href":"http:\/\/vientosur.top\/museo\/wp-json\/wp\/v2\/posts"}],"about":[{"href":"http:\/\/vientosur.top\/museo\/wp-json\/wp\/v2\/types\/post"}],"author":[{"embeddable":true,"href":"http:\/\/vientosur.top\/museo\/wp-json\/wp\/v2\/users\/5"}],"replies":[{"embeddable":true,"href":"http:\/\/vientosur.top\/museo\/wp-json\/wp\/v2\/comments?post=2137"}],"version-history":[{"count":0,"href":"http:\/\/vientosur.top\/museo\/wp-json\/wp\/v2\/posts\/2137\/revisions"}],"wp:featuredmedia":[{"embeddable":true,"href":"http:\/\/vientosur.top\/museo\/wp-json\/wp\/v2\/media\/2138"}],"wp:attachment":[{"href":"http:\/\/vientosur.top\/museo\/wp-json\/wp\/v2\/media?parent=2137"}],"wp:term":[{"taxonomy":"category","embeddable":true,"href":"http:\/\/vientosur.top\/museo\/wp-json\/wp\/v2\/categories?post=2137"},{"taxonomy":"post_tag","embeddable":true,"href":"http:\/\/vientosur.top\/museo\/wp-json\/wp\/v2\/tags?post=2137"}],"curies":[{"name":"wp","href":"https:\/\/api.w.org\/{rel}","templated":true}]}}