{"id":2147,"date":"2016-12-14T20:17:09","date_gmt":"2016-12-14T20:17:09","guid":{"rendered":"http:\/\/vientosur.top\/museo\/\/?p=2147"},"modified":"2016-12-14T20:17:09","modified_gmt":"2016-12-14T20:17:09","slug":"profesionales-expusieron-sobre-arquitectura-publica-para-la-educacion-temprana-en-el-museo-violeta-parra","status":"publish","type":"post","link":"http:\/\/vientosur.top\/museo\/profesionales-expusieron-sobre-arquitectura-publica-para-la-educacion-temprana-en-el-museo-violeta-parra\/","title":{"rendered":"Profesionales expusieron sobre arquitectura p\u00fablica para la educaci\u00f3n temprana en el Museo Violeta Parra"},"content":{"rendered":"<p>El Museo Violeta Parra fue el lugar en el que se desarroll\u00f3 el seminario \u201cNueva arquitectura p\u00fablica para los jardines infantiles, experiencias en la educaci\u00f3n parvularia chilena\u201d, organizado por la Subsecretar\u00eda Educaci\u00f3n Parvularia el martes 13 de diciembre. El evento fue presidido por Mar\u00eda Isabel D\u00edaz, subsecretaria de Educaci\u00f3n Parvularia, quien dio inicio a la jornada.<\/p>\n<p>&nbsp;<\/p>\n<p>&nbsp;<\/p>\n<p>El objetivo de la jornada fue dar cuenta de los nuevos est\u00e1ndares en el dise\u00f1o y construcci\u00f3n de salas cuna y jardines infantiles p\u00fablicos. De igual forma, durante el seminario se reflexion\u00f3 acerca del rol innovador que puede tener el Estado en proyectos de infraestructura educacional.<br \/>\nEl encuentro cont\u00f3 con la participaci\u00f3n de los arquitectos Humberto Eliash, Rodolfo Jim\u00e9nez, Esteban Montenegro y Jadille Baza, junto a la educadora de p\u00e1rvulos Cynthia Adlerstein, quienes participaron en los paneles tem\u00e1ticos sobre identidad local, arquitectura, educaci\u00f3n e innovaci\u00f3n en los espacios educativos.<\/p>\n<p>&nbsp;<\/p>\n<p>Rodolfo Jim\u00e9nez, acad\u00e9mico de la Escuela de Arquitectura de la Universidad de Santiago, afirm\u00f3: \u201cLos arquitectos entendemos que tenemos que trabajar en equipo y\u00a0 que no es un problema de creatividad, tambi\u00e9n requiere otros tipos de conocimientos. Sin duda\u00a0es un programa ambicioso, con grandes desaf\u00edos en t\u00e9rminos de cobertura y esperamos que tenga un alto impacto en la formaci\u00f3n\u00a0de los ni\u00f1os y ni\u00f1as del pa\u00eds\u201d.<br \/>\nActualmente existen proyectos que contemplan los nuevos conocimientos y est\u00e1ndares en el dise\u00f1o arquitect\u00f3nico para recintos educacionales. El \u201cPlan de Aumento de Cobertura\u201d, coordinado por la Subsecretar\u00eda de Educaci\u00f3n Parvularia, ha implementado 500 nuevas salas cuna y jardines infantiles creados en funci\u00f3n de los procesos de aprendizaje que albergar\u00e1n.<\/p>\n<p><a href=\"https:\/\/www.facebook.com\/pg\/MuseoVioletaParra\/photos\/?tab=album&amp;album_id=1853416391568440\" target=\"_blank\" rel=\"noopener noreferrer\">Ver galer\u00eda de im\u00e1genes de la actividad<\/a><\/p>\n","protected":false},"excerpt":{"rendered":"<p>El Museo Violeta Parra fue el lugar en el que se desarroll\u00f3 el seminario \u201cNueva arquitectura p\u00fablica para los jardines infantiles, experiencias en la educaci\u00f3n parvularia chilena\u201d, organizado por la Subsecretar\u00eda Educaci\u00f3n Parvularia el martes 13 de diciembre. El evento fue presidido por Mar\u00eda Isabel D\u00edaz, subsecretaria de Educaci\u00f3n Parvularia, quien dio inicio a la [&hellip;]<\/p>\n","protected":false},"author":5,"featured_media":2148,"comment_status":"open","ping_status":"open","sticky":false,"template":"","format":"standard","meta":{"site-sidebar-layout":"default","site-content-layout":"","ast-site-content-layout":"default","site-content-style":"default","site-sidebar-style":"default","ast-global-header-display":"","ast-banner-title-visibility":"","ast-main-header-display":"","ast-hfb-above-header-display":"","ast-hfb-below-header-display":"","ast-hfb-mobile-header-display":"","site-post-title":"","ast-breadcrumbs-content":"","ast-featured-img":"","footer-sml-layout":"","theme-transparent-header-meta":"","adv-header-id-meta":"","stick-header-meta":"","header-above-stick-meta":"","header-main-stick-meta":"","header-below-stick-meta":"","astra-migrate-meta-layouts":"default","ast-page-background-enabled":"default","ast-page-background-meta":{"desktop":{"background-color":"var(--ast-global-color-4)","background-image":"","background-repeat":"repeat","background-position":"center center","background-size":"auto","background-attachment":"scroll","background-type":"","background-media":"","overlay-type":"","overlay-color":"","overlay-opacity":"","overlay-gradient":""},"tablet":{"background-color":"","background-image":"","background-repeat":"repeat","background-position":"center center","background-size":"auto","background-attachment":"scroll","background-type":"","background-media":"","overlay-type":"","overlay-color":"","overlay-opacity":"","overlay-gradient":""},"mobile":{"background-color":"","background-image":"","background-repeat":"repeat","background-position":"center center","background-size":"auto","background-attachment":"scroll","background-type":"","background-media":"","overlay-type":"","overlay-color":"","overlay-opacity":"","overlay-gradient":""}},"ast-content-background-meta":{"desktop":{"background-color":"var(--ast-global-color-5)","background-image":"","background-repeat":"repeat","background-position":"center center","background-size":"auto","background-attachment":"scroll","background-type":"","background-media":"","overlay-type":"","overlay-color":"","overlay-opacity":"","overlay-gradient":""},"tablet":{"background-color":"var(--ast-global-color-5)","background-image":"","background-repeat":"repeat","background-position":"center center","background-size":"auto","background-attachment":"scroll","background-type":"","background-media":"","overlay-type":"","overlay-color":"","overlay-opacity":"","overlay-gradient":""},"mobile":{"background-color":"var(--ast-global-color-5)","background-image":"","background-repeat":"repeat","background-position":"center center","background-size":"auto","background-attachment":"scroll","background-type":"","background-media":"","overlay-type":"","overlay-color":"","overlay-opacity":"","overlay-gradient":""}},"footnotes":""},"categories":[59,8,61],"tags":[],"class_list":["post-2147","post","type-post","status-publish","format-standard","has-post-thumbnail","hentry","category-destacado-noticia","category-noticias","category-novedades"],"yoast_head":"<!-- This site is optimized with the Yoast SEO plugin v25.4 - https:\/\/yoast.com\/wordpress\/plugins\/seo\/ -->\n<title>Profesionales expusieron sobre arquitectura p\u00fablica para la educaci\u00f3n temprana en el Museo Violeta Parra - Museo Violeta Parra<\/title>\n<meta name=\"robots\" content=\"index, follow, max-snippet:-1, max-image-preview:large, max-video-preview:-1\" \/>\n<link rel=\"canonical\" href=\"http:\/\/vientosur.top\/museo\/profesionales-expusieron-sobre-arquitectura-publica-para-la-educacion-temprana-en-el-museo-violeta-parra\/\" \/>\n<meta property=\"og:locale\" content=\"es_ES\" \/>\n<meta property=\"og:type\" content=\"article\" \/>\n<meta property=\"og:title\" content=\"Profesionales expusieron sobre arquitectura p\u00fablica para la educaci\u00f3n temprana en el Museo Violeta Parra - Museo Violeta Parra\" \/>\n<meta property=\"og:description\" content=\"El Museo Violeta Parra fue el lugar en el que se desarroll\u00f3 el seminario \u201cNueva arquitectura p\u00fablica para los jardines infantiles, experiencias en la educaci\u00f3n parvularia chilena\u201d, organizado por la Subsecretar\u00eda Educaci\u00f3n Parvularia el martes 13 de diciembre. El evento fue presidido por Mar\u00eda Isabel D\u00edaz, subsecretaria de Educaci\u00f3n Parvularia, quien dio inicio a la [&hellip;]\" \/>\n<meta property=\"og:url\" content=\"http:\/\/vientosur.top\/museo\/profesionales-expusieron-sobre-arquitectura-publica-para-la-educacion-temprana-en-el-museo-violeta-parra\/\" \/>\n<meta property=\"og:site_name\" content=\"Museo Violeta Parra\" \/>\n<meta property=\"article:published_time\" content=\"2016-12-14T20:17:09+00:00\" \/>\n<meta property=\"og:image\" content=\"http:\/\/vientosur.top\/museo\/wp-content\/uploads\/2016\/12\/IMG_4886.jpg\" \/>\n\t<meta property=\"og:image:width\" content=\"1280\" \/>\n\t<meta property=\"og:image:height\" content=\"852\" \/>\n\t<meta property=\"og:image:type\" content=\"image\/jpeg\" \/>\n<meta name=\"author\" content=\"admin\" \/>\n<meta name=\"twitter:card\" content=\"summary_large_image\" \/>\n<meta name=\"twitter:label1\" content=\"Escrito por\" \/>\n\t<meta name=\"twitter:data1\" content=\"admin\" \/>\n\t<meta name=\"twitter:label2\" content=\"Tiempo de lectura\" \/>\n\t<meta name=\"twitter:data2\" content=\"2 minutos\" \/>\n<script type=\"application\/ld+json\" class=\"yoast-schema-graph\">{\"@context\":\"https:\/\/schema.org\",\"@graph\":[{\"@type\":\"WebPage\",\"@id\":\"http:\/\/vientosur.top\/museo\/profesionales-expusieron-sobre-arquitectura-publica-para-la-educacion-temprana-en-el-museo-violeta-parra\/\",\"url\":\"http:\/\/vientosur.top\/museo\/profesionales-expusieron-sobre-arquitectura-publica-para-la-educacion-temprana-en-el-museo-violeta-parra\/\",\"name\":\"Profesionales expusieron sobre arquitectura p\u00fablica para la educaci\u00f3n temprana en el Museo Violeta Parra - Museo Violeta Parra\",\"isPartOf\":{\"@id\":\"http:\/\/vientosur.top\/museo\/#website\"},\"primaryImageOfPage\":{\"@id\":\"http:\/\/vientosur.top\/museo\/profesionales-expusieron-sobre-arquitectura-publica-para-la-educacion-temprana-en-el-museo-violeta-parra\/#primaryimage\"},\"image\":{\"@id\":\"http:\/\/vientosur.top\/museo\/profesionales-expusieron-sobre-arquitectura-publica-para-la-educacion-temprana-en-el-museo-violeta-parra\/#primaryimage\"},\"thumbnailUrl\":\"http:\/\/vientosur.top\/museo\/wp-content\/uploads\/2016\/12\/IMG_4886.jpg\",\"datePublished\":\"2016-12-14T20:17:09+00:00\",\"author\":{\"@id\":\"http:\/\/vientosur.top\/museo\/#\/schema\/person\/20c79d3c38800971feec8c2693c3dd9c\"},\"breadcrumb\":{\"@id\":\"http:\/\/vientosur.top\/museo\/profesionales-expusieron-sobre-arquitectura-publica-para-la-educacion-temprana-en-el-museo-violeta-parra\/#breadcrumb\"},\"inLanguage\":\"es\",\"potentialAction\":[{\"@type\":\"ReadAction\",\"target\":[\"http:\/\/vientosur.top\/museo\/profesionales-expusieron-sobre-arquitectura-publica-para-la-educacion-temprana-en-el-museo-violeta-parra\/\"]}]},{\"@type\":\"ImageObject\",\"inLanguage\":\"es\",\"@id\":\"http:\/\/vientosur.top\/museo\/profesionales-expusieron-sobre-arquitectura-publica-para-la-educacion-temprana-en-el-museo-violeta-parra\/#primaryimage\",\"url\":\"http:\/\/vientosur.top\/museo\/wp-content\/uploads\/2016\/12\/IMG_4886.jpg\",\"contentUrl\":\"http:\/\/vientosur.top\/museo\/wp-content\/uploads\/2016\/12\/IMG_4886.jpg\",\"width\":1280,\"height\":852},{\"@type\":\"BreadcrumbList\",\"@id\":\"http:\/\/vientosur.top\/museo\/profesionales-expusieron-sobre-arquitectura-publica-para-la-educacion-temprana-en-el-museo-violeta-parra\/#breadcrumb\",\"itemListElement\":[{\"@type\":\"ListItem\",\"position\":1,\"name\":\"Portada\",\"item\":\"http:\/\/vientosur.top\/museo\/\"},{\"@type\":\"ListItem\",\"position\":2,\"name\":\"Profesionales expusieron sobre arquitectura p\u00fablica para la educaci\u00f3n temprana en el Museo Violeta Parra\"}]},{\"@type\":\"WebSite\",\"@id\":\"http:\/\/vientosur.top\/museo\/#website\",\"url\":\"http:\/\/vientosur.top\/museo\/\",\"name\":\"Museo Violeta Parra\",\"description\":\"Espacio que alberga tanto la memoria y legado creativo de la artista\",\"potentialAction\":[{\"@type\":\"SearchAction\",\"target\":{\"@type\":\"EntryPoint\",\"urlTemplate\":\"http:\/\/vientosur.top\/museo\/?s={search_term_string}\"},\"query-input\":{\"@type\":\"PropertyValueSpecification\",\"valueRequired\":true,\"valueName\":\"search_term_string\"}}],\"inLanguage\":\"es\"},{\"@type\":\"Person\",\"@id\":\"http:\/\/vientosur.top\/museo\/#\/schema\/person\/20c79d3c38800971feec8c2693c3dd9c\",\"name\":\"admin\",\"image\":{\"@type\":\"ImageObject\",\"inLanguage\":\"es\",\"@id\":\"http:\/\/vientosur.top\/museo\/#\/schema\/person\/image\/\",\"url\":\"https:\/\/secure.gravatar.com\/avatar\/713677ece3ffa642287213a80e5b773bce9ab81c269dd6d95102a990951c922f?s=96&d=mm&r=g\",\"contentUrl\":\"https:\/\/secure.gravatar.com\/avatar\/713677ece3ffa642287213a80e5b773bce9ab81c269dd6d95102a990951c922f?s=96&d=mm&r=g\",\"caption\":\"admin\"},\"sameAs\":[\"http:\/\/vientosur.top\/museo\"],\"url\":\"http:\/\/vientosur.top\/museo\/author\/comunicacionesmvp\/\"}]}<\/script>\n<!-- \/ Yoast SEO plugin. -->","yoast_head_json":{"title":"Profesionales expusieron sobre arquitectura p\u00fablica para la educaci\u00f3n temprana en el Museo Violeta Parra - Museo Violeta Parra","robots":{"index":"index","follow":"follow","max-snippet":"max-snippet:-1","max-image-preview":"max-image-preview:large","max-video-preview":"max-video-preview:-1"},"canonical":"http:\/\/vientosur.top\/museo\/profesionales-expusieron-sobre-arquitectura-publica-para-la-educacion-temprana-en-el-museo-violeta-parra\/","og_locale":"es_ES","og_type":"article","og_title":"Profesionales expusieron sobre arquitectura p\u00fablica para la educaci\u00f3n temprana en el Museo Violeta Parra - Museo Violeta Parra","og_description":"El Museo Violeta Parra fue el lugar en el que se desarroll\u00f3 el seminario \u201cNueva arquitectura p\u00fablica para los jardines infantiles, experiencias en la educaci\u00f3n parvularia chilena\u201d, organizado por la Subsecretar\u00eda Educaci\u00f3n Parvularia el martes 13 de diciembre. El evento fue presidido por Mar\u00eda Isabel D\u00edaz, subsecretaria de Educaci\u00f3n Parvularia, quien dio inicio a la [&hellip;]","og_url":"http:\/\/vientosur.top\/museo\/profesionales-expusieron-sobre-arquitectura-publica-para-la-educacion-temprana-en-el-museo-violeta-parra\/","og_site_name":"Museo Violeta Parra","article_published_time":"2016-12-14T20:17:09+00:00","og_image":[{"width":1280,"height":852,"url":"http:\/\/vientosur.top\/museo\/wp-content\/uploads\/2016\/12\/IMG_4886.jpg","type":"image\/jpeg"}],"author":"admin","twitter_card":"summary_large_image","twitter_misc":{"Escrito por":"admin","Tiempo de lectura":"2 minutos"},"schema":{"@context":"https:\/\/schema.org","@graph":[{"@type":"WebPage","@id":"http:\/\/vientosur.top\/museo\/profesionales-expusieron-sobre-arquitectura-publica-para-la-educacion-temprana-en-el-museo-violeta-parra\/","url":"http:\/\/vientosur.top\/museo\/profesionales-expusieron-sobre-arquitectura-publica-para-la-educacion-temprana-en-el-museo-violeta-parra\/","name":"Profesionales expusieron sobre arquitectura p\u00fablica para la educaci\u00f3n temprana en el Museo Violeta Parra - Museo Violeta Parra","isPartOf":{"@id":"http:\/\/vientosur.top\/museo\/#website"},"primaryImageOfPage":{"@id":"http:\/\/vientosur.top\/museo\/profesionales-expusieron-sobre-arquitectura-publica-para-la-educacion-temprana-en-el-museo-violeta-parra\/#primaryimage"},"image":{"@id":"http:\/\/vientosur.top\/museo\/profesionales-expusieron-sobre-arquitectura-publica-para-la-educacion-temprana-en-el-museo-violeta-parra\/#primaryimage"},"thumbnailUrl":"http:\/\/vientosur.top\/museo\/wp-content\/uploads\/2016\/12\/IMG_4886.jpg","datePublished":"2016-12-14T20:17:09+00:00","author":{"@id":"http:\/\/vientosur.top\/museo\/#\/schema\/person\/20c79d3c38800971feec8c2693c3dd9c"},"breadcrumb":{"@id":"http:\/\/vientosur.top\/museo\/profesionales-expusieron-sobre-arquitectura-publica-para-la-educacion-temprana-en-el-museo-violeta-parra\/#breadcrumb"},"inLanguage":"es","potentialAction":[{"@type":"ReadAction","target":["http:\/\/vientosur.top\/museo\/profesionales-expusieron-sobre-arquitectura-publica-para-la-educacion-temprana-en-el-museo-violeta-parra\/"]}]},{"@type":"ImageObject","inLanguage":"es","@id":"http:\/\/vientosur.top\/museo\/profesionales-expusieron-sobre-arquitectura-publica-para-la-educacion-temprana-en-el-museo-violeta-parra\/#primaryimage","url":"http:\/\/vientosur.top\/museo\/wp-content\/uploads\/2016\/12\/IMG_4886.jpg","contentUrl":"http:\/\/vientosur.top\/museo\/wp-content\/uploads\/2016\/12\/IMG_4886.jpg","width":1280,"height":852},{"@type":"BreadcrumbList","@id":"http:\/\/vientosur.top\/museo\/profesionales-expusieron-sobre-arquitectura-publica-para-la-educacion-temprana-en-el-museo-violeta-parra\/#breadcrumb","itemListElement":[{"@type":"ListItem","position":1,"name":"Portada","item":"http:\/\/vientosur.top\/museo\/"},{"@type":"ListItem","position":2,"name":"Profesionales expusieron sobre arquitectura p\u00fablica para la educaci\u00f3n temprana en el Museo Violeta Parra"}]},{"@type":"WebSite","@id":"http:\/\/vientosur.top\/museo\/#website","url":"http:\/\/vientosur.top\/museo\/","name":"Museo Violeta Parra","description":"Espacio que alberga tanto la memoria y legado creativo de la artista","potentialAction":[{"@type":"SearchAction","target":{"@type":"EntryPoint","urlTemplate":"http:\/\/vientosur.top\/museo\/?s={search_term_string}"},"query-input":{"@type":"PropertyValueSpecification","valueRequired":true,"valueName":"search_term_string"}}],"inLanguage":"es"},{"@type":"Person","@id":"http:\/\/vientosur.top\/museo\/#\/schema\/person\/20c79d3c38800971feec8c2693c3dd9c","name":"admin","image":{"@type":"ImageObject","inLanguage":"es","@id":"http:\/\/vientosur.top\/museo\/#\/schema\/person\/image\/","url":"https:\/\/secure.gravatar.com\/avatar\/713677ece3ffa642287213a80e5b773bce9ab81c269dd6d95102a990951c922f?s=96&d=mm&r=g","contentUrl":"https:\/\/secure.gravatar.com\/avatar\/713677ece3ffa642287213a80e5b773bce9ab81c269dd6d95102a990951c922f?s=96&d=mm&r=g","caption":"admin"},"sameAs":["http:\/\/vientosur.top\/museo"],"url":"http:\/\/vientosur.top\/museo\/author\/comunicacionesmvp\/"}]}},"_links":{"self":[{"href":"http:\/\/vientosur.top\/museo\/wp-json\/wp\/v2\/posts\/2147","targetHints":{"allow":["GET"]}}],"collection":[{"href":"http:\/\/vientosur.top\/museo\/wp-json\/wp\/v2\/posts"}],"about":[{"href":"http:\/\/vientosur.top\/museo\/wp-json\/wp\/v2\/types\/post"}],"author":[{"embeddable":true,"href":"http:\/\/vientosur.top\/museo\/wp-json\/wp\/v2\/users\/5"}],"replies":[{"embeddable":true,"href":"http:\/\/vientosur.top\/museo\/wp-json\/wp\/v2\/comments?post=2147"}],"version-history":[{"count":0,"href":"http:\/\/vientosur.top\/museo\/wp-json\/wp\/v2\/posts\/2147\/revisions"}],"wp:featuredmedia":[{"embeddable":true,"href":"http:\/\/vientosur.top\/museo\/wp-json\/wp\/v2\/media\/2148"}],"wp:attachment":[{"href":"http:\/\/vientosur.top\/museo\/wp-json\/wp\/v2\/media?parent=2147"}],"wp:term":[{"taxonomy":"category","embeddable":true,"href":"http:\/\/vientosur.top\/museo\/wp-json\/wp\/v2\/categories?post=2147"},{"taxonomy":"post_tag","embeddable":true,"href":"http:\/\/vientosur.top\/museo\/wp-json\/wp\/v2\/tags?post=2147"}],"curies":[{"name":"wp","href":"https:\/\/api.w.org\/{rel}","templated":true}]}}