{"id":2172,"date":"2016-12-16T12:52:35","date_gmt":"2016-12-16T12:52:35","guid":{"rendered":"http:\/\/vientosur.top\/museo\/\/?p=2172"},"modified":"2016-12-16T12:52:35","modified_gmt":"2016-12-16T12:52:35","slug":"inti-illimani-presenta-gira-la-exiliada-del-sur-en-el-museo-violeta-parra","status":"publish","type":"post","link":"http:\/\/vientosur.top\/museo\/inti-illimani-presenta-gira-la-exiliada-del-sur-en-el-museo-violeta-parra\/","title":{"rendered":"Inti-Illimani presenta gira \u201cLa exiliada del sur\u201d en el Museo Violeta Parra"},"content":{"rendered":"<p>El conjunto de m\u00fasica de ra\u00edz Inti-Illimani dio inicio a la gira que conmemora sus 50 a\u00f1os de trayectoria, hito que coincide con la celebraci\u00f3n de los 100 a\u00f1os del nacimiento de Violeta Parra. El evento se llev\u00f3 a cabo en el auditorio Antar del museo, en donde los m\u00fasicos interpretaron una emotiva versi\u00f3n de \u201cArriba quemando el sol\u201d de Violeta Parra.<\/p>\n<p>La banda int\u00e9rpretes de \u201cSamba Land\u00f3\u201d realizar\u00e1 la gira \u201cLa exiliada del sur\u201d que los llevar\u00e1 a lo largo del pa\u00eds, contemplando paradas en: Los Lagos, Parral, Buin, San Vicente, Curacaut\u00edn, Maitencillo, Pelequ\u00e9n, Perquilauqu\u00e9n, San Rosendo, Quiriquina, Temuco, Graneros, San Sebasti\u00e1n, Chill\u00e1n, Cabrero, Itata, Nacimiento y Ri\u00f1ihue, localidades mencionadas en la emblem\u00e1tica canci\u00f3n de Patricio Manns dedicada a Violeta Parra. El itinerario culminar\u00e1 en Concepci\u00f3n con un evento televisado.<\/p>\n<p>Jorge Coulon, m\u00fasico fundador y l\u00edder de Inti-Illimani, coment\u00f3: \u201cEs muy importante llevar este espect\u00e1culo a estas localidades, que no siempre tienen acceso a recitales de este tipo, con una producci\u00f3n de primer nivel y con m\u00fasica que ha tocado el coraz\u00f3n de distintas generaciones. Para eso Violeta nos ayuda haciendo esta especie de gu\u00eda geogr\u00e1fica, que vamos a recorrer con mucho cari\u00f1o y entusiasmo\u201d.<\/p>\n","protected":false},"excerpt":{"rendered":"<p>El conjunto de m\u00fasica de ra\u00edz Inti-Illimani dio inicio a la gira que conmemora sus 50 a\u00f1os de trayectoria, hito que coincide con la celebraci\u00f3n de los 100 a\u00f1os del nacimiento de Violeta Parra. El evento se llev\u00f3 a cabo en el auditorio Antar del museo, en donde los m\u00fasicos interpretaron una emotiva versi\u00f3n de [&hellip;]<\/p>\n","protected":false},"author":5,"featured_media":2173,"comment_status":"open","ping_status":"open","sticky":false,"template":"","format":"standard","meta":{"site-sidebar-layout":"default","site-content-layout":"","ast-site-content-layout":"default","site-content-style":"default","site-sidebar-style":"default","ast-global-header-display":"","ast-banner-title-visibility":"","ast-main-header-display":"","ast-hfb-above-header-display":"","ast-hfb-below-header-display":"","ast-hfb-mobile-header-display":"","site-post-title":"","ast-breadcrumbs-content":"","ast-featured-img":"","footer-sml-layout":"","theme-transparent-header-meta":"","adv-header-id-meta":"","stick-header-meta":"","header-above-stick-meta":"","header-main-stick-meta":"","header-below-stick-meta":"","astra-migrate-meta-layouts":"default","ast-page-background-enabled":"default","ast-page-background-meta":{"desktop":{"background-color":"var(--ast-global-color-4)","background-image":"","background-repeat":"repeat","background-position":"center center","background-size":"auto","background-attachment":"scroll","background-type":"","background-media":"","overlay-type":"","overlay-color":"","overlay-opacity":"","overlay-gradient":""},"tablet":{"background-color":"","background-image":"","background-repeat":"repeat","background-position":"center center","background-size":"auto","background-attachment":"scroll","background-type":"","background-media":"","overlay-type":"","overlay-color":"","overlay-opacity":"","overlay-gradient":""},"mobile":{"background-color":"","background-image":"","background-repeat":"repeat","background-position":"center center","background-size":"auto","background-attachment":"scroll","background-type":"","background-media":"","overlay-type":"","overlay-color":"","overlay-opacity":"","overlay-gradient":""}},"ast-content-background-meta":{"desktop":{"background-color":"var(--ast-global-color-5)","background-image":"","background-repeat":"repeat","background-position":"center center","background-size":"auto","background-attachment":"scroll","background-type":"","background-media":"","overlay-type":"","overlay-color":"","overlay-opacity":"","overlay-gradient":""},"tablet":{"background-color":"var(--ast-global-color-5)","background-image":"","background-repeat":"repeat","background-position":"center center","background-size":"auto","background-attachment":"scroll","background-type":"","background-media":"","overlay-type":"","overlay-color":"","overlay-opacity":"","overlay-gradient":""},"mobile":{"background-color":"var(--ast-global-color-5)","background-image":"","background-repeat":"repeat","background-position":"center center","background-size":"auto","background-attachment":"scroll","background-type":"","background-media":"","overlay-type":"","overlay-color":"","overlay-opacity":"","overlay-gradient":""}},"footnotes":""},"categories":[59,8],"tags":[66,92],"class_list":["post-2172","post","type-post","status-publish","format-standard","has-post-thumbnail","hentry","category-destacado-noticia","category-noticias","tag-auditorio-antar","tag-inti-illimani"],"yoast_head":"<!-- This site is optimized with the Yoast SEO plugin v25.4 - https:\/\/yoast.com\/wordpress\/plugins\/seo\/ -->\n<title>Inti-Illimani presenta gira \u201cLa exiliada del sur\u201d en el Museo Violeta Parra - Museo Violeta Parra<\/title>\n<meta name=\"robots\" content=\"index, follow, max-snippet:-1, max-image-preview:large, max-video-preview:-1\" \/>\n<link rel=\"canonical\" href=\"http:\/\/vientosur.top\/museo\/inti-illimani-presenta-gira-la-exiliada-del-sur-en-el-museo-violeta-parra\/\" \/>\n<meta property=\"og:locale\" content=\"es_ES\" \/>\n<meta property=\"og:type\" content=\"article\" \/>\n<meta property=\"og:title\" content=\"Inti-Illimani presenta gira \u201cLa exiliada del sur\u201d en el Museo Violeta Parra - Museo Violeta Parra\" \/>\n<meta property=\"og:description\" content=\"El conjunto de m\u00fasica de ra\u00edz Inti-Illimani dio inicio a la gira que conmemora sus 50 a\u00f1os de trayectoria, hito que coincide con la celebraci\u00f3n de los 100 a\u00f1os del nacimiento de Violeta Parra. El evento se llev\u00f3 a cabo en el auditorio Antar del museo, en donde los m\u00fasicos interpretaron una emotiva versi\u00f3n de [&hellip;]\" \/>\n<meta property=\"og:url\" content=\"http:\/\/vientosur.top\/museo\/inti-illimani-presenta-gira-la-exiliada-del-sur-en-el-museo-violeta-parra\/\" \/>\n<meta property=\"og:site_name\" content=\"Museo Violeta Parra\" \/>\n<meta property=\"article:published_time\" content=\"2016-12-16T12:52:35+00:00\" \/>\n<meta property=\"og:image\" content=\"http:\/\/vientosur.top\/museo\/wp-content\/uploads\/2016\/12\/Inti-Illimani-Museo-Violeta-Parra.jpg\" \/>\n\t<meta property=\"og:image:width\" content=\"1925\" \/>\n\t<meta property=\"og:image:height\" content=\"1280\" \/>\n\t<meta property=\"og:image:type\" content=\"image\/jpeg\" \/>\n<meta name=\"author\" content=\"admin\" \/>\n<meta name=\"twitter:card\" content=\"summary_large_image\" \/>\n<meta name=\"twitter:label1\" content=\"Escrito por\" \/>\n\t<meta name=\"twitter:data1\" content=\"admin\" \/>\n\t<meta name=\"twitter:label2\" content=\"Tiempo de lectura\" \/>\n\t<meta name=\"twitter:data2\" content=\"1 minuto\" \/>\n<script type=\"application\/ld+json\" class=\"yoast-schema-graph\">{\"@context\":\"https:\/\/schema.org\",\"@graph\":[{\"@type\":\"WebPage\",\"@id\":\"http:\/\/vientosur.top\/museo\/inti-illimani-presenta-gira-la-exiliada-del-sur-en-el-museo-violeta-parra\/\",\"url\":\"http:\/\/vientosur.top\/museo\/inti-illimani-presenta-gira-la-exiliada-del-sur-en-el-museo-violeta-parra\/\",\"name\":\"Inti-Illimani presenta gira \u201cLa exiliada del sur\u201d en el Museo Violeta Parra - Museo Violeta Parra\",\"isPartOf\":{\"@id\":\"http:\/\/vientosur.top\/museo\/#website\"},\"primaryImageOfPage\":{\"@id\":\"http:\/\/vientosur.top\/museo\/inti-illimani-presenta-gira-la-exiliada-del-sur-en-el-museo-violeta-parra\/#primaryimage\"},\"image\":{\"@id\":\"http:\/\/vientosur.top\/museo\/inti-illimani-presenta-gira-la-exiliada-del-sur-en-el-museo-violeta-parra\/#primaryimage\"},\"thumbnailUrl\":\"http:\/\/vientosur.top\/museo\/wp-content\/uploads\/2016\/12\/Inti-Illimani-Museo-Violeta-Parra.jpg\",\"datePublished\":\"2016-12-16T12:52:35+00:00\",\"author\":{\"@id\":\"http:\/\/vientosur.top\/museo\/#\/schema\/person\/20c79d3c38800971feec8c2693c3dd9c\"},\"breadcrumb\":{\"@id\":\"http:\/\/vientosur.top\/museo\/inti-illimani-presenta-gira-la-exiliada-del-sur-en-el-museo-violeta-parra\/#breadcrumb\"},\"inLanguage\":\"es\",\"potentialAction\":[{\"@type\":\"ReadAction\",\"target\":[\"http:\/\/vientosur.top\/museo\/inti-illimani-presenta-gira-la-exiliada-del-sur-en-el-museo-violeta-parra\/\"]}]},{\"@type\":\"ImageObject\",\"inLanguage\":\"es\",\"@id\":\"http:\/\/vientosur.top\/museo\/inti-illimani-presenta-gira-la-exiliada-del-sur-en-el-museo-violeta-parra\/#primaryimage\",\"url\":\"http:\/\/vientosur.top\/museo\/wp-content\/uploads\/2016\/12\/Inti-Illimani-Museo-Violeta-Parra.jpg\",\"contentUrl\":\"http:\/\/vientosur.top\/museo\/wp-content\/uploads\/2016\/12\/Inti-Illimani-Museo-Violeta-Parra.jpg\",\"width\":1925,\"height\":1280},{\"@type\":\"BreadcrumbList\",\"@id\":\"http:\/\/vientosur.top\/museo\/inti-illimani-presenta-gira-la-exiliada-del-sur-en-el-museo-violeta-parra\/#breadcrumb\",\"itemListElement\":[{\"@type\":\"ListItem\",\"position\":1,\"name\":\"Portada\",\"item\":\"http:\/\/vientosur.top\/museo\/\"},{\"@type\":\"ListItem\",\"position\":2,\"name\":\"Inti-Illimani presenta gira \u201cLa exiliada del sur\u201d en el Museo Violeta Parra\"}]},{\"@type\":\"WebSite\",\"@id\":\"http:\/\/vientosur.top\/museo\/#website\",\"url\":\"http:\/\/vientosur.top\/museo\/\",\"name\":\"Museo Violeta Parra\",\"description\":\"Espacio que alberga tanto la memoria y legado creativo de la artista\",\"potentialAction\":[{\"@type\":\"SearchAction\",\"target\":{\"@type\":\"EntryPoint\",\"urlTemplate\":\"http:\/\/vientosur.top\/museo\/?s={search_term_string}\"},\"query-input\":{\"@type\":\"PropertyValueSpecification\",\"valueRequired\":true,\"valueName\":\"search_term_string\"}}],\"inLanguage\":\"es\"},{\"@type\":\"Person\",\"@id\":\"http:\/\/vientosur.top\/museo\/#\/schema\/person\/20c79d3c38800971feec8c2693c3dd9c\",\"name\":\"admin\",\"image\":{\"@type\":\"ImageObject\",\"inLanguage\":\"es\",\"@id\":\"http:\/\/vientosur.top\/museo\/#\/schema\/person\/image\/\",\"url\":\"https:\/\/secure.gravatar.com\/avatar\/713677ece3ffa642287213a80e5b773bce9ab81c269dd6d95102a990951c922f?s=96&d=mm&r=g\",\"contentUrl\":\"https:\/\/secure.gravatar.com\/avatar\/713677ece3ffa642287213a80e5b773bce9ab81c269dd6d95102a990951c922f?s=96&d=mm&r=g\",\"caption\":\"admin\"},\"sameAs\":[\"http:\/\/vientosur.top\/museo\"],\"url\":\"http:\/\/vientosur.top\/museo\/author\/comunicacionesmvp\/\"}]}<\/script>\n<!-- \/ Yoast SEO plugin. -->","yoast_head_json":{"title":"Inti-Illimani presenta gira \u201cLa exiliada del sur\u201d en el Museo Violeta Parra - Museo Violeta Parra","robots":{"index":"index","follow":"follow","max-snippet":"max-snippet:-1","max-image-preview":"max-image-preview:large","max-video-preview":"max-video-preview:-1"},"canonical":"http:\/\/vientosur.top\/museo\/inti-illimani-presenta-gira-la-exiliada-del-sur-en-el-museo-violeta-parra\/","og_locale":"es_ES","og_type":"article","og_title":"Inti-Illimani presenta gira \u201cLa exiliada del sur\u201d en el Museo Violeta Parra - Museo Violeta Parra","og_description":"El conjunto de m\u00fasica de ra\u00edz Inti-Illimani dio inicio a la gira que conmemora sus 50 a\u00f1os de trayectoria, hito que coincide con la celebraci\u00f3n de los 100 a\u00f1os del nacimiento de Violeta Parra. El evento se llev\u00f3 a cabo en el auditorio Antar del museo, en donde los m\u00fasicos interpretaron una emotiva versi\u00f3n de [&hellip;]","og_url":"http:\/\/vientosur.top\/museo\/inti-illimani-presenta-gira-la-exiliada-del-sur-en-el-museo-violeta-parra\/","og_site_name":"Museo Violeta Parra","article_published_time":"2016-12-16T12:52:35+00:00","og_image":[{"width":1925,"height":1280,"url":"http:\/\/vientosur.top\/museo\/wp-content\/uploads\/2016\/12\/Inti-Illimani-Museo-Violeta-Parra.jpg","type":"image\/jpeg"}],"author":"admin","twitter_card":"summary_large_image","twitter_misc":{"Escrito por":"admin","Tiempo de lectura":"1 minuto"},"schema":{"@context":"https:\/\/schema.org","@graph":[{"@type":"WebPage","@id":"http:\/\/vientosur.top\/museo\/inti-illimani-presenta-gira-la-exiliada-del-sur-en-el-museo-violeta-parra\/","url":"http:\/\/vientosur.top\/museo\/inti-illimani-presenta-gira-la-exiliada-del-sur-en-el-museo-violeta-parra\/","name":"Inti-Illimani presenta gira \u201cLa exiliada del sur\u201d en el Museo Violeta Parra - Museo Violeta Parra","isPartOf":{"@id":"http:\/\/vientosur.top\/museo\/#website"},"primaryImageOfPage":{"@id":"http:\/\/vientosur.top\/museo\/inti-illimani-presenta-gira-la-exiliada-del-sur-en-el-museo-violeta-parra\/#primaryimage"},"image":{"@id":"http:\/\/vientosur.top\/museo\/inti-illimani-presenta-gira-la-exiliada-del-sur-en-el-museo-violeta-parra\/#primaryimage"},"thumbnailUrl":"http:\/\/vientosur.top\/museo\/wp-content\/uploads\/2016\/12\/Inti-Illimani-Museo-Violeta-Parra.jpg","datePublished":"2016-12-16T12:52:35+00:00","author":{"@id":"http:\/\/vientosur.top\/museo\/#\/schema\/person\/20c79d3c38800971feec8c2693c3dd9c"},"breadcrumb":{"@id":"http:\/\/vientosur.top\/museo\/inti-illimani-presenta-gira-la-exiliada-del-sur-en-el-museo-violeta-parra\/#breadcrumb"},"inLanguage":"es","potentialAction":[{"@type":"ReadAction","target":["http:\/\/vientosur.top\/museo\/inti-illimani-presenta-gira-la-exiliada-del-sur-en-el-museo-violeta-parra\/"]}]},{"@type":"ImageObject","inLanguage":"es","@id":"http:\/\/vientosur.top\/museo\/inti-illimani-presenta-gira-la-exiliada-del-sur-en-el-museo-violeta-parra\/#primaryimage","url":"http:\/\/vientosur.top\/museo\/wp-content\/uploads\/2016\/12\/Inti-Illimani-Museo-Violeta-Parra.jpg","contentUrl":"http:\/\/vientosur.top\/museo\/wp-content\/uploads\/2016\/12\/Inti-Illimani-Museo-Violeta-Parra.jpg","width":1925,"height":1280},{"@type":"BreadcrumbList","@id":"http:\/\/vientosur.top\/museo\/inti-illimani-presenta-gira-la-exiliada-del-sur-en-el-museo-violeta-parra\/#breadcrumb","itemListElement":[{"@type":"ListItem","position":1,"name":"Portada","item":"http:\/\/vientosur.top\/museo\/"},{"@type":"ListItem","position":2,"name":"Inti-Illimani presenta gira \u201cLa exiliada del sur\u201d en el Museo Violeta Parra"}]},{"@type":"WebSite","@id":"http:\/\/vientosur.top\/museo\/#website","url":"http:\/\/vientosur.top\/museo\/","name":"Museo Violeta Parra","description":"Espacio que alberga tanto la memoria y legado creativo de la artista","potentialAction":[{"@type":"SearchAction","target":{"@type":"EntryPoint","urlTemplate":"http:\/\/vientosur.top\/museo\/?s={search_term_string}"},"query-input":{"@type":"PropertyValueSpecification","valueRequired":true,"valueName":"search_term_string"}}],"inLanguage":"es"},{"@type":"Person","@id":"http:\/\/vientosur.top\/museo\/#\/schema\/person\/20c79d3c38800971feec8c2693c3dd9c","name":"admin","image":{"@type":"ImageObject","inLanguage":"es","@id":"http:\/\/vientosur.top\/museo\/#\/schema\/person\/image\/","url":"https:\/\/secure.gravatar.com\/avatar\/713677ece3ffa642287213a80e5b773bce9ab81c269dd6d95102a990951c922f?s=96&d=mm&r=g","contentUrl":"https:\/\/secure.gravatar.com\/avatar\/713677ece3ffa642287213a80e5b773bce9ab81c269dd6d95102a990951c922f?s=96&d=mm&r=g","caption":"admin"},"sameAs":["http:\/\/vientosur.top\/museo"],"url":"http:\/\/vientosur.top\/museo\/author\/comunicacionesmvp\/"}]}},"_links":{"self":[{"href":"http:\/\/vientosur.top\/museo\/wp-json\/wp\/v2\/posts\/2172","targetHints":{"allow":["GET"]}}],"collection":[{"href":"http:\/\/vientosur.top\/museo\/wp-json\/wp\/v2\/posts"}],"about":[{"href":"http:\/\/vientosur.top\/museo\/wp-json\/wp\/v2\/types\/post"}],"author":[{"embeddable":true,"href":"http:\/\/vientosur.top\/museo\/wp-json\/wp\/v2\/users\/5"}],"replies":[{"embeddable":true,"href":"http:\/\/vientosur.top\/museo\/wp-json\/wp\/v2\/comments?post=2172"}],"version-history":[{"count":0,"href":"http:\/\/vientosur.top\/museo\/wp-json\/wp\/v2\/posts\/2172\/revisions"}],"wp:featuredmedia":[{"embeddable":true,"href":"http:\/\/vientosur.top\/museo\/wp-json\/wp\/v2\/media\/2173"}],"wp:attachment":[{"href":"http:\/\/vientosur.top\/museo\/wp-json\/wp\/v2\/media?parent=2172"}],"wp:term":[{"taxonomy":"category","embeddable":true,"href":"http:\/\/vientosur.top\/museo\/wp-json\/wp\/v2\/categories?post=2172"},{"taxonomy":"post_tag","embeddable":true,"href":"http:\/\/vientosur.top\/museo\/wp-json\/wp\/v2\/tags?post=2172"}],"curies":[{"name":"wp","href":"https:\/\/api.w.org\/{rel}","templated":true}]}}