{"id":2204,"date":"2016-12-21T15:00:47","date_gmt":"2016-12-21T15:00:47","guid":{"rendered":"http:\/\/vientosur.top\/museo\/\/?p=2204"},"modified":"2016-12-21T15:00:47","modified_gmt":"2016-12-21T15:00:47","slug":"grupo-de-escolares-realiza-declamacion-poetica-en-homenaje-a-violeta-parra","status":"publish","type":"post","link":"http:\/\/vientosur.top\/museo\/grupo-de-escolares-realiza-declamacion-poetica-en-homenaje-a-violeta-parra\/","title":{"rendered":"Grupo de escolares realiza declamaci\u00f3n po\u00e9tica en homenaje a Violeta Parra"},"content":{"rendered":"<p>Alrededor de 20 estudiantes de Betterland School visitaron ayer el Museo Violeta Parra y realizaron una declamaci\u00f3n po\u00e9tica inspirada en la obra de Violeta. La actividad se realiz\u00f3 en el marco del taller extra program\u00e1tico de Coro Po\u00e9tico escolar.<\/p>\n<p>Los participantes, que cursaban entre quinto b\u00e1sico y segundo a\u00f1o de educaci\u00f3n media, recitaron de principio a fin las obras \u201cCanto para una semilla\u201d, con textos de las d\u00e9cimas de Violeta musicalizadas por Luis Advis, y \u201cLa muerte\u201d, escrita por la autora de \u201cGracias a la vida\u201d.<\/p>\n<p>Fernanda Parada, profesora de lenguaje encargada del grupo, comenta que el objetivo del proyecto es que los estudiantes asignen valor al patrimonio cultural del pa\u00eds: \u201cHace cinco a\u00f1os trabajamos en la formaci\u00f3n de coros po\u00e9ticos para que los estudiantes conozcan la obra de diversos poetas chilenos\u201d.<\/p>\n<p>&nbsp;<\/p>\n<div class=\"ast-oembed-container \" style=\"height: 100%;\"><iframe title=\"Visita de Colegio Betterland 20 diciembre de 2016\" width=\"500\" height=\"281\" src=\"https:\/\/www.youtube.com\/embed\/Cfo_95YKO7w?feature=oembed\" frameborder=\"0\" allow=\"accelerometer; autoplay; clipboard-write; encrypted-media; gyroscope; picture-in-picture; web-share\" referrerpolicy=\"strict-origin-when-cross-origin\" allowfullscreen><\/iframe><\/div>\n<p>&nbsp;<\/p>\n","protected":false},"excerpt":{"rendered":"<p>Alrededor de 20 estudiantes de Betterland School visitaron ayer el Museo Violeta Parra y realizaron una declamaci\u00f3n po\u00e9tica inspirada en la obra de Violeta. La actividad se realiz\u00f3 en el marco del taller extra program\u00e1tico de Coro Po\u00e9tico escolar. Los participantes, que cursaban entre quinto b\u00e1sico y segundo a\u00f1o de educaci\u00f3n media, recitaron de principio [&hellip;]<\/p>\n","protected":false},"author":5,"featured_media":2207,"comment_status":"open","ping_status":"open","sticky":false,"template":"","format":"standard","meta":{"site-sidebar-layout":"default","site-content-layout":"","ast-site-content-layout":"default","site-content-style":"default","site-sidebar-style":"default","ast-global-header-display":"","ast-banner-title-visibility":"","ast-main-header-display":"","ast-hfb-above-header-display":"","ast-hfb-below-header-display":"","ast-hfb-mobile-header-display":"","site-post-title":"","ast-breadcrumbs-content":"","ast-featured-img":"","footer-sml-layout":"","theme-transparent-header-meta":"","adv-header-id-meta":"","stick-header-meta":"","header-above-stick-meta":"","header-main-stick-meta":"","header-below-stick-meta":"","astra-migrate-meta-layouts":"default","ast-page-background-enabled":"default","ast-page-background-meta":{"desktop":{"background-color":"var(--ast-global-color-4)","background-image":"","background-repeat":"repeat","background-position":"center center","background-size":"auto","background-attachment":"scroll","background-type":"","background-media":"","overlay-type":"","overlay-color":"","overlay-opacity":"","overlay-gradient":""},"tablet":{"background-color":"","background-image":"","background-repeat":"repeat","background-position":"center center","background-size":"auto","background-attachment":"scroll","background-type":"","background-media":"","overlay-type":"","overlay-color":"","overlay-opacity":"","overlay-gradient":""},"mobile":{"background-color":"","background-image":"","background-repeat":"repeat","background-position":"center center","background-size":"auto","background-attachment":"scroll","background-type":"","background-media":"","overlay-type":"","overlay-color":"","overlay-opacity":"","overlay-gradient":""}},"ast-content-background-meta":{"desktop":{"background-color":"var(--ast-global-color-5)","background-image":"","background-repeat":"repeat","background-position":"center center","background-size":"auto","background-attachment":"scroll","background-type":"","background-media":"","overlay-type":"","overlay-color":"","overlay-opacity":"","overlay-gradient":""},"tablet":{"background-color":"var(--ast-global-color-5)","background-image":"","background-repeat":"repeat","background-position":"center center","background-size":"auto","background-attachment":"scroll","background-type":"","background-media":"","overlay-type":"","overlay-color":"","overlay-opacity":"","overlay-gradient":""},"mobile":{"background-color":"var(--ast-global-color-5)","background-image":"","background-repeat":"repeat","background-position":"center center","background-size":"auto","background-attachment":"scroll","background-type":"","background-media":"","overlay-type":"","overlay-color":"","overlay-opacity":"","overlay-gradient":""}},"footnotes":""},"categories":[59,8],"tags":[],"class_list":["post-2204","post","type-post","status-publish","format-standard","has-post-thumbnail","hentry","category-destacado-noticia","category-noticias"],"yoast_head":"<!-- This site is optimized with the Yoast SEO plugin v25.4 - https:\/\/yoast.com\/wordpress\/plugins\/seo\/ -->\n<title>Grupo de escolares realiza declamaci\u00f3n po\u00e9tica en homenaje a Violeta Parra - Museo Violeta Parra<\/title>\n<meta name=\"robots\" content=\"index, follow, max-snippet:-1, max-image-preview:large, max-video-preview:-1\" \/>\n<link rel=\"canonical\" href=\"http:\/\/vientosur.top\/museo\/grupo-de-escolares-realiza-declamacion-poetica-en-homenaje-a-violeta-parra\/\" \/>\n<meta property=\"og:locale\" content=\"es_ES\" \/>\n<meta property=\"og:type\" content=\"article\" \/>\n<meta property=\"og:title\" content=\"Grupo de escolares realiza declamaci\u00f3n po\u00e9tica en homenaje a Violeta Parra - Museo Violeta Parra\" \/>\n<meta property=\"og:description\" content=\"Alrededor de 20 estudiantes de Betterland School visitaron ayer el Museo Violeta Parra y realizaron una declamaci\u00f3n po\u00e9tica inspirada en la obra de Violeta. La actividad se realiz\u00f3 en el marco del taller extra program\u00e1tico de Coro Po\u00e9tico escolar. Los participantes, que cursaban entre quinto b\u00e1sico y segundo a\u00f1o de educaci\u00f3n media, recitaron de principio [&hellip;]\" \/>\n<meta property=\"og:url\" content=\"http:\/\/vientosur.top\/museo\/grupo-de-escolares-realiza-declamacion-poetica-en-homenaje-a-violeta-parra\/\" \/>\n<meta property=\"og:site_name\" content=\"Museo Violeta Parra\" \/>\n<meta property=\"article:published_time\" content=\"2016-12-21T15:00:47+00:00\" \/>\n<meta property=\"og:image\" content=\"http:\/\/vientosur.top\/museo\/wp-content\/uploads\/2016\/12\/Colegio-Betterland-Museo-Violeta-Parra-3.jpg\" \/>\n\t<meta property=\"og:image:width\" content=\"1925\" \/>\n\t<meta property=\"og:image:height\" content=\"1280\" \/>\n\t<meta property=\"og:image:type\" content=\"image\/jpeg\" \/>\n<meta name=\"author\" content=\"admin\" \/>\n<meta name=\"twitter:card\" content=\"summary_large_image\" \/>\n<meta name=\"twitter:label1\" content=\"Escrito por\" \/>\n\t<meta name=\"twitter:data1\" content=\"admin\" \/>\n\t<meta name=\"twitter:label2\" content=\"Tiempo de lectura\" \/>\n\t<meta name=\"twitter:data2\" content=\"1 minuto\" \/>\n<script type=\"application\/ld+json\" class=\"yoast-schema-graph\">{\"@context\":\"https:\/\/schema.org\",\"@graph\":[{\"@type\":\"WebPage\",\"@id\":\"http:\/\/vientosur.top\/museo\/grupo-de-escolares-realiza-declamacion-poetica-en-homenaje-a-violeta-parra\/\",\"url\":\"http:\/\/vientosur.top\/museo\/grupo-de-escolares-realiza-declamacion-poetica-en-homenaje-a-violeta-parra\/\",\"name\":\"Grupo de escolares realiza declamaci\u00f3n po\u00e9tica en homenaje a Violeta Parra - Museo Violeta Parra\",\"isPartOf\":{\"@id\":\"http:\/\/vientosur.top\/museo\/#website\"},\"primaryImageOfPage\":{\"@id\":\"http:\/\/vientosur.top\/museo\/grupo-de-escolares-realiza-declamacion-poetica-en-homenaje-a-violeta-parra\/#primaryimage\"},\"image\":{\"@id\":\"http:\/\/vientosur.top\/museo\/grupo-de-escolares-realiza-declamacion-poetica-en-homenaje-a-violeta-parra\/#primaryimage\"},\"thumbnailUrl\":\"http:\/\/vientosur.top\/museo\/wp-content\/uploads\/2016\/12\/Colegio-Betterland-Museo-Violeta-Parra-3.jpg\",\"datePublished\":\"2016-12-21T15:00:47+00:00\",\"author\":{\"@id\":\"http:\/\/vientosur.top\/museo\/#\/schema\/person\/20c79d3c38800971feec8c2693c3dd9c\"},\"breadcrumb\":{\"@id\":\"http:\/\/vientosur.top\/museo\/grupo-de-escolares-realiza-declamacion-poetica-en-homenaje-a-violeta-parra\/#breadcrumb\"},\"inLanguage\":\"es\",\"potentialAction\":[{\"@type\":\"ReadAction\",\"target\":[\"http:\/\/vientosur.top\/museo\/grupo-de-escolares-realiza-declamacion-poetica-en-homenaje-a-violeta-parra\/\"]}]},{\"@type\":\"ImageObject\",\"inLanguage\":\"es\",\"@id\":\"http:\/\/vientosur.top\/museo\/grupo-de-escolares-realiza-declamacion-poetica-en-homenaje-a-violeta-parra\/#primaryimage\",\"url\":\"http:\/\/vientosur.top\/museo\/wp-content\/uploads\/2016\/12\/Colegio-Betterland-Museo-Violeta-Parra-3.jpg\",\"contentUrl\":\"http:\/\/vientosur.top\/museo\/wp-content\/uploads\/2016\/12\/Colegio-Betterland-Museo-Violeta-Parra-3.jpg\",\"width\":1925,\"height\":1280,\"caption\":\"Colegio Betterland Museo Violeta Parra\"},{\"@type\":\"BreadcrumbList\",\"@id\":\"http:\/\/vientosur.top\/museo\/grupo-de-escolares-realiza-declamacion-poetica-en-homenaje-a-violeta-parra\/#breadcrumb\",\"itemListElement\":[{\"@type\":\"ListItem\",\"position\":1,\"name\":\"Portada\",\"item\":\"http:\/\/vientosur.top\/museo\/\"},{\"@type\":\"ListItem\",\"position\":2,\"name\":\"Grupo de escolares realiza declamaci\u00f3n po\u00e9tica en homenaje a Violeta Parra\"}]},{\"@type\":\"WebSite\",\"@id\":\"http:\/\/vientosur.top\/museo\/#website\",\"url\":\"http:\/\/vientosur.top\/museo\/\",\"name\":\"Museo Violeta Parra\",\"description\":\"Espacio que alberga tanto la memoria y legado creativo de la artista\",\"potentialAction\":[{\"@type\":\"SearchAction\",\"target\":{\"@type\":\"EntryPoint\",\"urlTemplate\":\"http:\/\/vientosur.top\/museo\/?s={search_term_string}\"},\"query-input\":{\"@type\":\"PropertyValueSpecification\",\"valueRequired\":true,\"valueName\":\"search_term_string\"}}],\"inLanguage\":\"es\"},{\"@type\":\"Person\",\"@id\":\"http:\/\/vientosur.top\/museo\/#\/schema\/person\/20c79d3c38800971feec8c2693c3dd9c\",\"name\":\"admin\",\"image\":{\"@type\":\"ImageObject\",\"inLanguage\":\"es\",\"@id\":\"http:\/\/vientosur.top\/museo\/#\/schema\/person\/image\/\",\"url\":\"https:\/\/secure.gravatar.com\/avatar\/713677ece3ffa642287213a80e5b773bce9ab81c269dd6d95102a990951c922f?s=96&d=mm&r=g\",\"contentUrl\":\"https:\/\/secure.gravatar.com\/avatar\/713677ece3ffa642287213a80e5b773bce9ab81c269dd6d95102a990951c922f?s=96&d=mm&r=g\",\"caption\":\"admin\"},\"sameAs\":[\"http:\/\/vientosur.top\/museo\"],\"url\":\"http:\/\/vientosur.top\/museo\/author\/comunicacionesmvp\/\"}]}<\/script>\n<!-- \/ Yoast SEO plugin. -->","yoast_head_json":{"title":"Grupo de escolares realiza declamaci\u00f3n po\u00e9tica en homenaje a Violeta Parra - Museo Violeta Parra","robots":{"index":"index","follow":"follow","max-snippet":"max-snippet:-1","max-image-preview":"max-image-preview:large","max-video-preview":"max-video-preview:-1"},"canonical":"http:\/\/vientosur.top\/museo\/grupo-de-escolares-realiza-declamacion-poetica-en-homenaje-a-violeta-parra\/","og_locale":"es_ES","og_type":"article","og_title":"Grupo de escolares realiza declamaci\u00f3n po\u00e9tica en homenaje a Violeta Parra - Museo Violeta Parra","og_description":"Alrededor de 20 estudiantes de Betterland School visitaron ayer el Museo Violeta Parra y realizaron una declamaci\u00f3n po\u00e9tica inspirada en la obra de Violeta. La actividad se realiz\u00f3 en el marco del taller extra program\u00e1tico de Coro Po\u00e9tico escolar. Los participantes, que cursaban entre quinto b\u00e1sico y segundo a\u00f1o de educaci\u00f3n media, recitaron de principio [&hellip;]","og_url":"http:\/\/vientosur.top\/museo\/grupo-de-escolares-realiza-declamacion-poetica-en-homenaje-a-violeta-parra\/","og_site_name":"Museo Violeta Parra","article_published_time":"2016-12-21T15:00:47+00:00","og_image":[{"width":1925,"height":1280,"url":"http:\/\/vientosur.top\/museo\/wp-content\/uploads\/2016\/12\/Colegio-Betterland-Museo-Violeta-Parra-3.jpg","type":"image\/jpeg"}],"author":"admin","twitter_card":"summary_large_image","twitter_misc":{"Escrito por":"admin","Tiempo de lectura":"1 minuto"},"schema":{"@context":"https:\/\/schema.org","@graph":[{"@type":"WebPage","@id":"http:\/\/vientosur.top\/museo\/grupo-de-escolares-realiza-declamacion-poetica-en-homenaje-a-violeta-parra\/","url":"http:\/\/vientosur.top\/museo\/grupo-de-escolares-realiza-declamacion-poetica-en-homenaje-a-violeta-parra\/","name":"Grupo de escolares realiza declamaci\u00f3n po\u00e9tica en homenaje a Violeta Parra - Museo Violeta Parra","isPartOf":{"@id":"http:\/\/vientosur.top\/museo\/#website"},"primaryImageOfPage":{"@id":"http:\/\/vientosur.top\/museo\/grupo-de-escolares-realiza-declamacion-poetica-en-homenaje-a-violeta-parra\/#primaryimage"},"image":{"@id":"http:\/\/vientosur.top\/museo\/grupo-de-escolares-realiza-declamacion-poetica-en-homenaje-a-violeta-parra\/#primaryimage"},"thumbnailUrl":"http:\/\/vientosur.top\/museo\/wp-content\/uploads\/2016\/12\/Colegio-Betterland-Museo-Violeta-Parra-3.jpg","datePublished":"2016-12-21T15:00:47+00:00","author":{"@id":"http:\/\/vientosur.top\/museo\/#\/schema\/person\/20c79d3c38800971feec8c2693c3dd9c"},"breadcrumb":{"@id":"http:\/\/vientosur.top\/museo\/grupo-de-escolares-realiza-declamacion-poetica-en-homenaje-a-violeta-parra\/#breadcrumb"},"inLanguage":"es","potentialAction":[{"@type":"ReadAction","target":["http:\/\/vientosur.top\/museo\/grupo-de-escolares-realiza-declamacion-poetica-en-homenaje-a-violeta-parra\/"]}]},{"@type":"ImageObject","inLanguage":"es","@id":"http:\/\/vientosur.top\/museo\/grupo-de-escolares-realiza-declamacion-poetica-en-homenaje-a-violeta-parra\/#primaryimage","url":"http:\/\/vientosur.top\/museo\/wp-content\/uploads\/2016\/12\/Colegio-Betterland-Museo-Violeta-Parra-3.jpg","contentUrl":"http:\/\/vientosur.top\/museo\/wp-content\/uploads\/2016\/12\/Colegio-Betterland-Museo-Violeta-Parra-3.jpg","width":1925,"height":1280,"caption":"Colegio Betterland Museo Violeta Parra"},{"@type":"BreadcrumbList","@id":"http:\/\/vientosur.top\/museo\/grupo-de-escolares-realiza-declamacion-poetica-en-homenaje-a-violeta-parra\/#breadcrumb","itemListElement":[{"@type":"ListItem","position":1,"name":"Portada","item":"http:\/\/vientosur.top\/museo\/"},{"@type":"ListItem","position":2,"name":"Grupo de escolares realiza declamaci\u00f3n po\u00e9tica en homenaje a Violeta Parra"}]},{"@type":"WebSite","@id":"http:\/\/vientosur.top\/museo\/#website","url":"http:\/\/vientosur.top\/museo\/","name":"Museo Violeta Parra","description":"Espacio que alberga tanto la memoria y legado creativo de la artista","potentialAction":[{"@type":"SearchAction","target":{"@type":"EntryPoint","urlTemplate":"http:\/\/vientosur.top\/museo\/?s={search_term_string}"},"query-input":{"@type":"PropertyValueSpecification","valueRequired":true,"valueName":"search_term_string"}}],"inLanguage":"es"},{"@type":"Person","@id":"http:\/\/vientosur.top\/museo\/#\/schema\/person\/20c79d3c38800971feec8c2693c3dd9c","name":"admin","image":{"@type":"ImageObject","inLanguage":"es","@id":"http:\/\/vientosur.top\/museo\/#\/schema\/person\/image\/","url":"https:\/\/secure.gravatar.com\/avatar\/713677ece3ffa642287213a80e5b773bce9ab81c269dd6d95102a990951c922f?s=96&d=mm&r=g","contentUrl":"https:\/\/secure.gravatar.com\/avatar\/713677ece3ffa642287213a80e5b773bce9ab81c269dd6d95102a990951c922f?s=96&d=mm&r=g","caption":"admin"},"sameAs":["http:\/\/vientosur.top\/museo"],"url":"http:\/\/vientosur.top\/museo\/author\/comunicacionesmvp\/"}]}},"_links":{"self":[{"href":"http:\/\/vientosur.top\/museo\/wp-json\/wp\/v2\/posts\/2204","targetHints":{"allow":["GET"]}}],"collection":[{"href":"http:\/\/vientosur.top\/museo\/wp-json\/wp\/v2\/posts"}],"about":[{"href":"http:\/\/vientosur.top\/museo\/wp-json\/wp\/v2\/types\/post"}],"author":[{"embeddable":true,"href":"http:\/\/vientosur.top\/museo\/wp-json\/wp\/v2\/users\/5"}],"replies":[{"embeddable":true,"href":"http:\/\/vientosur.top\/museo\/wp-json\/wp\/v2\/comments?post=2204"}],"version-history":[{"count":0,"href":"http:\/\/vientosur.top\/museo\/wp-json\/wp\/v2\/posts\/2204\/revisions"}],"wp:featuredmedia":[{"embeddable":true,"href":"http:\/\/vientosur.top\/museo\/wp-json\/wp\/v2\/media\/2207"}],"wp:attachment":[{"href":"http:\/\/vientosur.top\/museo\/wp-json\/wp\/v2\/media?parent=2204"}],"wp:term":[{"taxonomy":"category","embeddable":true,"href":"http:\/\/vientosur.top\/museo\/wp-json\/wp\/v2\/categories?post=2204"},{"taxonomy":"post_tag","embeddable":true,"href":"http:\/\/vientosur.top\/museo\/wp-json\/wp\/v2\/tags?post=2204"}],"curies":[{"name":"wp","href":"https:\/\/api.w.org\/{rel}","templated":true}]}}